{"id":10552,"date":"2026-04-27T11:01:16","date_gmt":"2026-04-27T14:01:16","guid":{"rendered":"https:\/\/sinditextilsp.org.br\/home\/?p=10552"},"modified":"2026-04-27T11:02:20","modified_gmt":"2026-04-27T14:02:20","slug":"reuniao-do-sinditextil-sp-discute-linhas-de-financiamento","status":"publish","type":"post","link":"https:\/\/sinditextilsp.org.br\/home\/2026\/04\/reuniao-do-sinditextil-sp-discute-linhas-de-financiamento\/","title":{"rendered":"Reuni\u00e3o do Sindit\u00eaxtil-SP discute linhas de financiamento"},"content":{"rendered":"\n<p>O Sindit\u00eaxtil-SP realizou na \u00faltima quinta-feira (23) na sede da entidade, sua reuni\u00e3o mensal de Diretoria e Conselho Consultivo.<\/p>\n\n\n\n<p>Na ocasi\u00e3o, o presidente Luiz Arthur Pacheco fez um balan\u00e7o das a\u00e7\u00f5es do m\u00eas, como o Projeto Ch\u00e3o de F\u00e1brica, em que foi <a href=\"https:\/\/sinditextilsp.org.br\/home\/2026\/04\/projeto-chao-de-fabrica-sinditextil-sp-visita-fabrica-da-dini-textil\/\">visitada a Dini T\u00eaxtil<\/a>, sua presen\u00e7a \u00e0 <a href=\"https:\/\/sinditextilsp.org.br\/home\/2026\/04\/sinditextil-sp-prestigia-a-8a-edicao-da-agreste-tex-em-caruaru\/\">Agreste TEX,<\/a> em Caruaru (PE), divulgou a agenda de pr\u00f3ximos eventos e agradeceu o empenho da equipe de colaboradores na organiza\u00e7\u00e3o do evento de posse da nova diretoria e conselhos do sindicato (link).<\/p>\n\n\n\n<p>O executivo anunciou ainda que no dia 18 de junho ocorrer\u00e1 um workshop sobre representa\u00e7\u00e3o comercial para buscar atualiza\u00e7\u00e3o de jurisprud\u00eancia. \u201cEsse \u00e9 um tema que temos que manter aceso, que as empresas sempre procuram mitigar os seus riscos trabalhistas e, hoje em dia, civis tamb\u00e9m, atrav\u00e9s da elabora\u00e7\u00e3o de contratos juridicamente seguros e inteligentes\u201d, afirmou Pacheco.<\/p>\n\n\n\n<p>Al\u00e9m disso, informou que o tema do novo epis\u00f3dio do Fio de Prosa, podcast do Sindit\u00eaxtil-SP, a ser gravado no dia 29 de abril, ir\u00e1 abordar economia do Brasil e do mundo e seus impactos globais. Para essa edi\u00e7\u00e3o, foram convidados Roberto Padovani, economista-chefe no banco BV, e Wilson de Mello, ex-presidente da InvestSP, Ag\u00eancia Paulista de Promo\u00e7\u00e3o de Investimentos e Competitividade do governo paulista.<\/p>\n\n\n\n<p>Em seguida, Vinicius Silvestrini Peres, consultor de Neg\u00f3cios na Desenvolve SP,<a href=\"https:\/\/s3.sa-east-1.amazonaws.com\/sindi-files.sinditextilsp.org.br\/site\/documentos\/Desenvolve+SP+Apresenta%C3%A7%C3%A3o+Institucional.pdf\"> apresentou<\/a> o papel da ag\u00eancia, das linhas de financiamento para cada fase dos neg\u00f3cios e esclareceu d\u00favidas, sobretudo para projetos sustent\u00e1veis, na linha da economia verde, mulheres e inova\u00e7\u00e3o, entre outros.<\/p>\n\n\n\n<p>Ap\u00f3s a fala de Peres, Haroldo Silva, economista do Sindit\u00eaxtil-SP, exibiu dados do setor t\u00eaxtil \u2013 proje\u00e7\u00f5es, saldo de empregos e resultados de 2025 e 2026 (veja quadros abaixo).<\/p>\n\n\n\n<figure class=\"wp-block-gallery has-nested-images columns-default is-cropped wp-block-gallery-1 is-layout-flex wp-block-gallery-is-layout-flex\">\n<figure class=\"wp-block-image size-large\"><img loading=\"lazy\" decoding=\"async\" width=\"400\" height=\"234\" data-id=\"10555\" src=\"https:\/\/sinditextilsp.org.br\/home\/wp-content\/uploads\/2026\/04\/haroldoabril2026b2.jpg\" alt=\"\" class=\"wp-image-10555\" srcset=\"https:\/\/sinditextilsp.org.br\/home\/wp-content\/uploads\/2026\/04\/haroldoabril2026b2.jpg 400w, https:\/\/sinditextilsp.org.br\/home\/wp-content\/uploads\/2026\/04\/haroldoabril2026b2-367x215.jpg 367w\" sizes=\"auto, (max-width: 400px) 100vw, 400px\" \/><\/figure>\n\n\n\n<figure class=\"wp-block-image size-large\"><img loading=\"lazy\" decoding=\"async\" width=\"400\" height=\"246\" data-id=\"10556\" src=\"https:\/\/sinditextilsp.org.br\/home\/wp-content\/uploads\/2026\/04\/haroldoabril20262-1.jpg\" alt=\"\" class=\"wp-image-10556\" srcset=\"https:\/\/sinditextilsp.org.br\/home\/wp-content\/uploads\/2026\/04\/haroldoabril20262-1.jpg 400w, https:\/\/sinditextilsp.org.br\/home\/wp-content\/uploads\/2026\/04\/haroldoabril20262-1-367x226.jpg 367w\" sizes=\"auto, (max-width: 400px) 100vw, 400px\" \/><\/figure>\n<\/figure>\n\n\n\n<p>Ademais, o economista tratou de baixa rotatividade nas empresas (46%), vagas n\u00e3o preenchidas por mais de 30 dias (62%) e compet\u00eancias t\u00e9cnicas e comportamentais mais exigidas na contrata\u00e7\u00e3o (comprometimento, opera\u00e7\u00e3o de m\u00e1quinas, assiduidade e trabalho em equipe, por exemplo).<\/p>\n\n\n\n<p>No encontro, o diretor-superintendente da Abit, Fernando Pimentel, falou sobre a taxa das blusinhas e do fim da escala 6 x 1. Na avalia\u00e7\u00e3o dele, \u201cmesmo os parlamentares que est\u00e3o do nosso lado t\u00eam argumentado o seguinte: essa \u00e9 uma agenda na qual ser\u00e1 muito dif\u00edcil jogar contra, em raz\u00e3o da elei\u00e7\u00e3o. N\u00e3o vejo como esse assunto ser barrado\u201d.<\/p>\n\n\n\n<p>Pimentel contou que tem trabalhado em conjunto com parlamentares para sugerir emendas e abrir espa\u00e7os para flexibiliza\u00e7\u00f5es futuras no pr\u00f3ximo governo. O Sindit\u00eaxtil SP tem participado ativamente de diversas agendas e debates sobre o tema com a ABIT e outras entidades.<\/p>\n\n\n\n<p>Por fim, F\u00e1bio Abranches Pupo, S\u00f3cio Diretor no Hondatar Advogados, abordou o ass\u00e9dio pol\u00edtico e eleitoral no ambiente de trabalho, assunto que dever\u00e1 ser tratado com muita aten\u00e7\u00e3o pelas empresas, principalmente nos pr\u00f3ximos meses em raz\u00e3o do calend\u00e1rio eleitoral de 2026.<\/p>\n","protected":false},"excerpt":{"rendered":"<p>O Sindit\u00eaxtil-SP realizou na \u00faltima quinta-feira (23) na sede da entidade, sua reuni\u00e3o mensal de Diretoria e Conselho Consultivo. Na ocasi\u00e3o, o presidente Luiz Arthur Pacheco fez um balan\u00e7o das a\u00e7\u00f5es do m\u00eas, como o Projeto Ch\u00e3o de F\u00e1brica, em que foi visitada a Dini T\u00eaxtil, sua presen\u00e7a \u00e0 Agreste TEX, em Caruaru (PE), divulgou [&hellip;]<\/p>\n","protected":false},"author":22,"featured_media":10557,"comment_status":"open","ping_status":"open","sticky":false,"template":"","format":"standard","meta":{"footnotes":""},"categories":[56,16],"tags":[],"class_list":["post-10552","post","type-post","status-publish","format-standard","has-post-thumbnail","hentry","category-destaques","category-noticias"],"yoast_head":"<!-- This site is optimized with the Yoast SEO plugin v22.8 - https:\/\/yoast.com\/wordpress\/plugins\/seo\/ -->\n<title>Reuni\u00e3o do Sindit\u00eaxtil-SP discute linhas de financiamento - Sindit\u00eaxtil-SP<\/title>\n<meta name=\"robots\" content=\"index, follow, max-snippet:-1, max-image-preview:large, max-video-preview:-1\" \/>\n<link rel=\"canonical\" href=\"https:\/\/sinditextilsp.org.br\/home\/2026\/04\/reuniao-do-sinditextil-sp-discute-linhas-de-financiamento\/\" \/>\n<meta property=\"og:locale\" content=\"pt_BR\" \/>\n<meta property=\"og:type\" content=\"article\" \/>\n<meta property=\"og:title\" content=\"Reuni\u00e3o do Sindit\u00eaxtil-SP discute linhas de financiamento - Sindit\u00eaxtil-SP\" \/>\n<meta property=\"og:description\" content=\"O Sindit\u00eaxtil-SP realizou na \u00faltima quinta-feira (23) na sede da entidade, sua reuni\u00e3o mensal de Diretoria e Conselho Consultivo. Na ocasi\u00e3o, o presidente Luiz Arthur Pacheco fez um balan\u00e7o das a\u00e7\u00f5es do m\u00eas, como o Projeto Ch\u00e3o de F\u00e1brica, em que foi visitada a Dini T\u00eaxtil, sua presen\u00e7a \u00e0 Agreste TEX, em Caruaru (PE), divulgou [&hellip;]\" \/>\n<meta property=\"og:url\" content=\"https:\/\/sinditextilsp.org.br\/home\/2026\/04\/reuniao-do-sinditextil-sp-discute-linhas-de-financiamento\/\" \/>\n<meta property=\"og:site_name\" content=\"Sindit\u00eaxtil-SP\" \/>\n<meta property=\"article:publisher\" content=\"https:\/\/www.facebook.com\/sinditextilsp\" \/>\n<meta property=\"article:published_time\" content=\"2026-04-27T14:01:16+00:00\" \/>\n<meta property=\"article:modified_time\" content=\"2026-04-27T14:02:20+00:00\" \/>\n<meta property=\"og:image\" content=\"https:\/\/sinditextilsp.org.br\/home\/wp-content\/uploads\/2026\/04\/reuniaodiretoriasindiabril2.jpg\" \/>\n\t<meta property=\"og:image:width\" content=\"548\" \/>\n\t<meta property=\"og:image:height\" content=\"274\" \/>\n\t<meta property=\"og:image:type\" content=\"image\/jpeg\" \/>\n<meta name=\"author\" content=\"Luciana Elia\" \/>\n<meta name=\"twitter:card\" content=\"summary_large_image\" \/>\n<meta name=\"twitter:creator\" content=\"@SinditextilSP\" \/>\n<meta name=\"twitter:site\" content=\"@SinditextilSP\" \/>\n<meta name=\"twitter:label1\" content=\"Escrito por\" \/>\n\t<meta name=\"twitter:data1\" content=\"Luciana Elia\" \/>\n\t<meta name=\"twitter:label2\" content=\"Est. tempo de leitura\" \/>\n\t<meta name=\"twitter:data2\" content=\"4 minutos\" \/>\n<script type=\"application\/ld+json\" class=\"yoast-schema-graph\">{\"@context\":\"https:\/\/schema.org\",\"@graph\":[{\"@type\":\"WebPage\",\"@id\":\"https:\/\/sinditextilsp.org.br\/home\/2026\/04\/reuniao-do-sinditextil-sp-discute-linhas-de-financiamento\/\",\"url\":\"https:\/\/sinditextilsp.org.br\/home\/2026\/04\/reuniao-do-sinditextil-sp-discute-linhas-de-financiamento\/\",\"name\":\"Reuni\u00e3o do Sindit\u00eaxtil-SP discute linhas de financiamento - Sindit\u00eaxtil-SP\",\"isPartOf\":{\"@id\":\"https:\/\/sinditextilsp.org.br\/home\/#website\"},\"primaryImageOfPage\":{\"@id\":\"https:\/\/sinditextilsp.org.br\/home\/2026\/04\/reuniao-do-sinditextil-sp-discute-linhas-de-financiamento\/#primaryimage\"},\"image\":{\"@id\":\"https:\/\/sinditextilsp.org.br\/home\/2026\/04\/reuniao-do-sinditextil-sp-discute-linhas-de-financiamento\/#primaryimage\"},\"thumbnailUrl\":\"https:\/\/sinditextilsp.org.br\/home\/wp-content\/uploads\/2026\/04\/reuniaodiretoriasindiabril2.jpg\",\"datePublished\":\"2026-04-27T14:01:16+00:00\",\"dateModified\":\"2026-04-27T14:02:20+00:00\",\"author\":{\"@id\":\"https:\/\/sinditextilsp.org.br\/home\/#\/schema\/person\/4164031b7de0e4c770f34055b129f847\"},\"breadcrumb\":{\"@id\":\"https:\/\/sinditextilsp.org.br\/home\/2026\/04\/reuniao-do-sinditextil-sp-discute-linhas-de-financiamento\/#breadcrumb\"},\"inLanguage\":\"pt-BR\",\"potentialAction\":[{\"@type\":\"ReadAction\",\"target\":[\"https:\/\/sinditextilsp.org.br\/home\/2026\/04\/reuniao-do-sinditextil-sp-discute-linhas-de-financiamento\/\"]}]},{\"@type\":\"ImageObject\",\"inLanguage\":\"pt-BR\",\"@id\":\"https:\/\/sinditextilsp.org.br\/home\/2026\/04\/reuniao-do-sinditextil-sp-discute-linhas-de-financiamento\/#primaryimage\",\"url\":\"https:\/\/sinditextilsp.org.br\/home\/wp-content\/uploads\/2026\/04\/reuniaodiretoriasindiabril2.jpg\",\"contentUrl\":\"https:\/\/sinditextilsp.org.br\/home\/wp-content\/uploads\/2026\/04\/reuniaodiretoriasindiabril2.jpg\",\"width\":548,\"height\":274},{\"@type\":\"BreadcrumbList\",\"@id\":\"https:\/\/sinditextilsp.org.br\/home\/2026\/04\/reuniao-do-sinditextil-sp-discute-linhas-de-financiamento\/#breadcrumb\",\"itemListElement\":[{\"@type\":\"ListItem\",\"position\":1,\"name\":\"In\u00edcio\",\"item\":\"https:\/\/sinditextilsp.org.br\/home\/\"},{\"@type\":\"ListItem\",\"position\":2,\"name\":\"Reuni\u00e3o do Sindit\u00eaxtil-SP discute linhas de financiamento\"}]},{\"@type\":\"WebSite\",\"@id\":\"https:\/\/sinditextilsp.org.br\/home\/#website\",\"url\":\"https:\/\/sinditextilsp.org.br\/home\/\",\"name\":\"Sindit\u00eaxtil-SP\",\"description\":\"Sindicato T\u00eaxtil de S\u00e3o Paulo\",\"potentialAction\":[{\"@type\":\"SearchAction\",\"target\":{\"@type\":\"EntryPoint\",\"urlTemplate\":\"https:\/\/sinditextilsp.org.br\/home\/?s={search_term_string}\"},\"query-input\":\"required name=search_term_string\"}],\"inLanguage\":\"pt-BR\"},{\"@type\":\"Person\",\"@id\":\"https:\/\/sinditextilsp.org.br\/home\/#\/schema\/person\/4164031b7de0e4c770f34055b129f847\",\"name\":\"Luciana Elia\",\"image\":{\"@type\":\"ImageObject\",\"inLanguage\":\"pt-BR\",\"@id\":\"https:\/\/sinditextilsp.org.br\/home\/#\/schema\/person\/image\/\",\"url\":\"https:\/\/secure.gravatar.com\/avatar\/4d98001e650f9ba042f28aac5faa934b8ce0d21bfd29f26941eb2cef732ef8fa?s=96&d=mm&r=g\",\"contentUrl\":\"https:\/\/secure.gravatar.com\/avatar\/4d98001e650f9ba042f28aac5faa934b8ce0d21bfd29f26941eb2cef732ef8fa?s=96&d=mm&r=g\",\"caption\":\"Luciana Elia\"},\"url\":\"https:\/\/sinditextilsp.org.br\/home\/author\/luciana-elia\/\"}]}<\/script>\n<!-- \/ Yoast SEO plugin. -->","yoast_head_json":{"title":"Reuni\u00e3o do Sindit\u00eaxtil-SP discute linhas de financiamento - Sindit\u00eaxtil-SP","robots":{"index":"index","follow":"follow","max-snippet":"max-snippet:-1","max-image-preview":"max-image-preview:large","max-video-preview":"max-video-preview:-1"},"canonical":"https:\/\/sinditextilsp.org.br\/home\/2026\/04\/reuniao-do-sinditextil-sp-discute-linhas-de-financiamento\/","og_locale":"pt_BR","og_type":"article","og_title":"Reuni\u00e3o do Sindit\u00eaxtil-SP discute linhas de financiamento - Sindit\u00eaxtil-SP","og_description":"O Sindit\u00eaxtil-SP realizou na \u00faltima quinta-feira (23) na sede da entidade, sua reuni\u00e3o mensal de Diretoria e Conselho Consultivo. Na ocasi\u00e3o, o presidente Luiz Arthur Pacheco fez um balan\u00e7o das a\u00e7\u00f5es do m\u00eas, como o Projeto Ch\u00e3o de F\u00e1brica, em que foi visitada a Dini T\u00eaxtil, sua presen\u00e7a \u00e0 Agreste TEX, em Caruaru (PE), divulgou [&hellip;]","og_url":"https:\/\/sinditextilsp.org.br\/home\/2026\/04\/reuniao-do-sinditextil-sp-discute-linhas-de-financiamento\/","og_site_name":"Sindit\u00eaxtil-SP","article_publisher":"https:\/\/www.facebook.com\/sinditextilsp","article_published_time":"2026-04-27T14:01:16+00:00","article_modified_time":"2026-04-27T14:02:20+00:00","og_image":[{"width":548,"height":274,"url":"https:\/\/sinditextilsp.org.br\/home\/wp-content\/uploads\/2026\/04\/reuniaodiretoriasindiabril2.jpg","type":"image\/jpeg"}],"author":"Luciana Elia","twitter_card":"summary_large_image","twitter_creator":"@SinditextilSP","twitter_site":"@SinditextilSP","twitter_misc":{"Escrito por":"Luciana Elia","Est. tempo de leitura":"4 minutos"},"schema":{"@context":"https:\/\/schema.org","@graph":[{"@type":"WebPage","@id":"https:\/\/sinditextilsp.org.br\/home\/2026\/04\/reuniao-do-sinditextil-sp-discute-linhas-de-financiamento\/","url":"https:\/\/sinditextilsp.org.br\/home\/2026\/04\/reuniao-do-sinditextil-sp-discute-linhas-de-financiamento\/","name":"Reuni\u00e3o do Sindit\u00eaxtil-SP discute linhas de financiamento - Sindit\u00eaxtil-SP","isPartOf":{"@id":"https:\/\/sinditextilsp.org.br\/home\/#website"},"primaryImageOfPage":{"@id":"https:\/\/sinditextilsp.org.br\/home\/2026\/04\/reuniao-do-sinditextil-sp-discute-linhas-de-financiamento\/#primaryimage"},"image":{"@id":"https:\/\/sinditextilsp.org.br\/home\/2026\/04\/reuniao-do-sinditextil-sp-discute-linhas-de-financiamento\/#primaryimage"},"thumbnailUrl":"https:\/\/sinditextilsp.org.br\/home\/wp-content\/uploads\/2026\/04\/reuniaodiretoriasindiabril2.jpg","datePublished":"2026-04-27T14:01:16+00:00","dateModified":"2026-04-27T14:02:20+00:00","author":{"@id":"https:\/\/sinditextilsp.org.br\/home\/#\/schema\/person\/4164031b7de0e4c770f34055b129f847"},"breadcrumb":{"@id":"https:\/\/sinditextilsp.org.br\/home\/2026\/04\/reuniao-do-sinditextil-sp-discute-linhas-de-financiamento\/#breadcrumb"},"inLanguage":"pt-BR","potentialAction":[{"@type":"ReadAction","target":["https:\/\/sinditextilsp.org.br\/home\/2026\/04\/reuniao-do-sinditextil-sp-discute-linhas-de-financiamento\/"]}]},{"@type":"ImageObject","inLanguage":"pt-BR","@id":"https:\/\/sinditextilsp.org.br\/home\/2026\/04\/reuniao-do-sinditextil-sp-discute-linhas-de-financiamento\/#primaryimage","url":"https:\/\/sinditextilsp.org.br\/home\/wp-content\/uploads\/2026\/04\/reuniaodiretoriasindiabril2.jpg","contentUrl":"https:\/\/sinditextilsp.org.br\/home\/wp-content\/uploads\/2026\/04\/reuniaodiretoriasindiabril2.jpg","width":548,"height":274},{"@type":"BreadcrumbList","@id":"https:\/\/sinditextilsp.org.br\/home\/2026\/04\/reuniao-do-sinditextil-sp-discute-linhas-de-financiamento\/#breadcrumb","itemListElement":[{"@type":"ListItem","position":1,"name":"In\u00edcio","item":"https:\/\/sinditextilsp.org.br\/home\/"},{"@type":"ListItem","position":2,"name":"Reuni\u00e3o do Sindit\u00eaxtil-SP discute linhas de financiamento"}]},{"@type":"WebSite","@id":"https:\/\/sinditextilsp.org.br\/home\/#website","url":"https:\/\/sinditextilsp.org.br\/home\/","name":"Sindit\u00eaxtil-SP","description":"Sindicato T\u00eaxtil de S\u00e3o Paulo","potentialAction":[{"@type":"SearchAction","target":{"@type":"EntryPoint","urlTemplate":"https:\/\/sinditextilsp.org.br\/home\/?s={search_term_string}"},"query-input":"required name=search_term_string"}],"inLanguage":"pt-BR"},{"@type":"Person","@id":"https:\/\/sinditextilsp.org.br\/home\/#\/schema\/person\/4164031b7de0e4c770f34055b129f847","name":"Luciana Elia","image":{"@type":"ImageObject","inLanguage":"pt-BR","@id":"https:\/\/sinditextilsp.org.br\/home\/#\/schema\/person\/image\/","url":"https:\/\/secure.gravatar.com\/avatar\/4d98001e650f9ba042f28aac5faa934b8ce0d21bfd29f26941eb2cef732ef8fa?s=96&d=mm&r=g","contentUrl":"https:\/\/secure.gravatar.com\/avatar\/4d98001e650f9ba042f28aac5faa934b8ce0d21bfd29f26941eb2cef732ef8fa?s=96&d=mm&r=g","caption":"Luciana Elia"},"url":"https:\/\/sinditextilsp.org.br\/home\/author\/luciana-elia\/"}]}},"_links":{"self":[{"href":"https:\/\/sinditextilsp.org.br\/home\/wp-json\/wp\/v2\/posts\/10552","targetHints":{"allow":["GET"]}}],"collection":[{"href":"https:\/\/sinditextilsp.org.br\/home\/wp-json\/wp\/v2\/posts"}],"about":[{"href":"https:\/\/sinditextilsp.org.br\/home\/wp-json\/wp\/v2\/types\/post"}],"author":[{"embeddable":true,"href":"https:\/\/sinditextilsp.org.br\/home\/wp-json\/wp\/v2\/users\/22"}],"replies":[{"embeddable":true,"href":"https:\/\/sinditextilsp.org.br\/home\/wp-json\/wp\/v2\/comments?post=10552"}],"version-history":[{"count":2,"href":"https:\/\/sinditextilsp.org.br\/home\/wp-json\/wp\/v2\/posts\/10552\/revisions"}],"predecessor-version":[{"id":10559,"href":"https:\/\/sinditextilsp.org.br\/home\/wp-json\/wp\/v2\/posts\/10552\/revisions\/10559"}],"wp:featuredmedia":[{"embeddable":true,"href":"https:\/\/sinditextilsp.org.br\/home\/wp-json\/wp\/v2\/media\/10557"}],"wp:attachment":[{"href":"https:\/\/sinditextilsp.org.br\/home\/wp-json\/wp\/v2\/media?parent=10552"}],"wp:term":[{"taxonomy":"category","embeddable":true,"href":"https:\/\/sinditextilsp.org.br\/home\/wp-json\/wp\/v2\/categories?post=10552"},{"taxonomy":"post_tag","embeddable":true,"href":"https:\/\/sinditextilsp.org.br\/home\/wp-json\/wp\/v2\/tags?post=10552"}],"curies":[{"name":"wp","href":"https:\/\/api.w.org\/{rel}","templated":true}]}}