{"id":10574,"date":"2026-04-30T09:23:32","date_gmt":"2026-04-30T12:23:32","guid":{"rendered":"https:\/\/sinditextilsp.org.br\/home\/?p=10574"},"modified":"2026-04-30T09:23:34","modified_gmt":"2026-04-30T12:23:34","slug":"pnad-continua-taxa-de-desocupacao-e-de-61-mostra-ibge","status":"publish","type":"post","link":"https:\/\/sinditextilsp.org.br\/home\/2026\/04\/pnad-continua-taxa-de-desocupacao-e-de-61-mostra-ibge\/","title":{"rendered":"PNAD Cont\u00ednua: taxa de desocupa\u00e7\u00e3o \u00e9 de 6,1%, mostra IBGE"},"content":{"rendered":"\n<p>A taxa de desocupa\u00e7\u00e3o (6,1%) no trimestre encerrado em mar\u00e7o de 2026 cresceu um ponto percentual (p.p.) frente ao trimestre encerrado em dezembro de 2025, mas ficou 0,9 p.p. abaixo da taxa do trimestre encerrado em mar\u00e7o de 2025. Essa foi a menor taxa para um trimestre encerrado em mar\u00e7o na s\u00e9rie hist\u00f3rica da PNAD Cont\u00ednua, iniciada em 2012, mostra<a href=\"https:\/\/agenciadenoticias.ibge.gov.br\/agencia-sala-de-imprensa\/2013-agencia-de-noticias\/releases\/46502-pnad-continua-taxa-de-desocupacao-e-de-6-1-e-taxa-de-subutilizacao-e-de-14-3-no-trimestre-encerrado-em-marco\"> levantamento<\/a> do IBGE (Instituto Brasileiro de Geografia e Estat\u00edstica) divulgado nesta quinta-feira, 30.<\/p>\n\n\n\n<figure class=\"wp-block-image size-full\"><img loading=\"lazy\" decoding=\"async\" width=\"944\" height=\"472\" src=\"https:\/\/sinditextilsp.org.br\/home\/wp-content\/uploads\/2026\/04\/pnad-tab1-287398.png\" alt=\"\" class=\"wp-image-10575\" srcset=\"https:\/\/sinditextilsp.org.br\/home\/wp-content\/uploads\/2026\/04\/pnad-tab1-287398.png 944w, https:\/\/sinditextilsp.org.br\/home\/wp-content\/uploads\/2026\/04\/pnad-tab1-287398-768x384.png 768w, https:\/\/sinditextilsp.org.br\/home\/wp-content\/uploads\/2026\/04\/pnad-tab1-287398-640x320.png 640w, https:\/\/sinditextilsp.org.br\/home\/wp-content\/uploads\/2026\/04\/pnad-tab1-287398-400x200.png 400w, https:\/\/sinditextilsp.org.br\/home\/wp-content\/uploads\/2026\/04\/pnad-tab1-287398-367x184.png 367w\" sizes=\"auto, (max-width: 944px) 100vw, 944px\" \/><\/figure>\n\n\n\n<p><\/p>\n","protected":false},"excerpt":{"rendered":"<p>A taxa de desocupa\u00e7\u00e3o (6,1%) no trimestre encerrado em mar\u00e7o de 2026 cresceu um ponto percentual (p.p.) frente ao trimestre encerrado em dezembro de 2025, mas ficou 0,9 p.p. abaixo da taxa do trimestre encerrado em mar\u00e7o de 2025. Essa foi a menor taxa para um trimestre encerrado em mar\u00e7o na s\u00e9rie hist\u00f3rica da PNAD [&hellip;]<\/p>\n","protected":false},"author":22,"featured_media":8933,"comment_status":"open","ping_status":"open","sticky":false,"template":"","format":"standard","meta":{"footnotes":""},"categories":[98],"tags":[],"class_list":["post-10574","post","type-post","status-publish","format-standard","has-post-thumbnail","hentry","category-tendencias-de-mercado"],"yoast_head":"<!-- This site is optimized with the Yoast SEO plugin v22.8 - https:\/\/yoast.com\/wordpress\/plugins\/seo\/ -->\n<title>PNAD Cont\u00ednua: taxa de desocupa\u00e7\u00e3o \u00e9 de 6,1%, mostra IBGE - Sindit\u00eaxtil-SP<\/title>\n<meta name=\"robots\" content=\"index, follow, max-snippet:-1, max-image-preview:large, max-video-preview:-1\" \/>\n<link rel=\"canonical\" href=\"https:\/\/sinditextilsp.org.br\/home\/2026\/04\/pnad-continua-taxa-de-desocupacao-e-de-61-mostra-ibge\/\" \/>\n<meta property=\"og:locale\" content=\"pt_BR\" \/>\n<meta property=\"og:type\" content=\"article\" \/>\n<meta property=\"og:title\" content=\"PNAD Cont\u00ednua: taxa de desocupa\u00e7\u00e3o \u00e9 de 6,1%, mostra IBGE - Sindit\u00eaxtil-SP\" \/>\n<meta property=\"og:description\" content=\"A taxa de desocupa\u00e7\u00e3o (6,1%) no trimestre encerrado em mar\u00e7o de 2026 cresceu um ponto percentual (p.p.) frente ao trimestre encerrado em dezembro de 2025, mas ficou 0,9 p.p. abaixo da taxa do trimestre encerrado em mar\u00e7o de 2025. Essa foi a menor taxa para um trimestre encerrado em mar\u00e7o na s\u00e9rie hist\u00f3rica da PNAD [&hellip;]\" \/>\n<meta property=\"og:url\" content=\"https:\/\/sinditextilsp.org.br\/home\/2026\/04\/pnad-continua-taxa-de-desocupacao-e-de-61-mostra-ibge\/\" \/>\n<meta property=\"og:site_name\" content=\"Sindit\u00eaxtil-SP\" \/>\n<meta property=\"article:publisher\" content=\"https:\/\/www.facebook.com\/sinditextilsp\" \/>\n<meta property=\"article:published_time\" content=\"2026-04-30T12:23:32+00:00\" \/>\n<meta property=\"article:modified_time\" content=\"2026-04-30T12:23:34+00:00\" \/>\n<meta property=\"og:image\" content=\"https:\/\/sinditextilsp.org.br\/home\/wp-content\/uploads\/2025\/09\/industria.jpg\" \/>\n\t<meta property=\"og:image:width\" content=\"640\" \/>\n\t<meta property=\"og:image:height\" content=\"360\" \/>\n\t<meta property=\"og:image:type\" content=\"image\/jpeg\" \/>\n<meta name=\"author\" content=\"Luciana Elia\" \/>\n<meta name=\"twitter:card\" content=\"summary_large_image\" \/>\n<meta name=\"twitter:creator\" content=\"@SinditextilSP\" \/>\n<meta name=\"twitter:site\" content=\"@SinditextilSP\" \/>\n<meta name=\"twitter:label1\" content=\"Escrito por\" \/>\n\t<meta name=\"twitter:data1\" content=\"Luciana Elia\" \/>\n\t<meta name=\"twitter:label2\" content=\"Est. tempo de leitura\" \/>\n\t<meta name=\"twitter:data2\" content=\"1 minuto\" \/>\n<script type=\"application\/ld+json\" class=\"yoast-schema-graph\">{\"@context\":\"https:\/\/schema.org\",\"@graph\":[{\"@type\":\"WebPage\",\"@id\":\"https:\/\/sinditextilsp.org.br\/home\/2026\/04\/pnad-continua-taxa-de-desocupacao-e-de-61-mostra-ibge\/\",\"url\":\"https:\/\/sinditextilsp.org.br\/home\/2026\/04\/pnad-continua-taxa-de-desocupacao-e-de-61-mostra-ibge\/\",\"name\":\"PNAD Cont\u00ednua: taxa de desocupa\u00e7\u00e3o \u00e9 de 6,1%, mostra IBGE - Sindit\u00eaxtil-SP\",\"isPartOf\":{\"@id\":\"https:\/\/sinditextilsp.org.br\/home\/#website\"},\"primaryImageOfPage\":{\"@id\":\"https:\/\/sinditextilsp.org.br\/home\/2026\/04\/pnad-continua-taxa-de-desocupacao-e-de-61-mostra-ibge\/#primaryimage\"},\"image\":{\"@id\":\"https:\/\/sinditextilsp.org.br\/home\/2026\/04\/pnad-continua-taxa-de-desocupacao-e-de-61-mostra-ibge\/#primaryimage\"},\"thumbnailUrl\":\"https:\/\/sinditextilsp.org.br\/home\/wp-content\/uploads\/2025\/09\/industria.jpg\",\"datePublished\":\"2026-04-30T12:23:32+00:00\",\"dateModified\":\"2026-04-30T12:23:34+00:00\",\"author\":{\"@id\":\"https:\/\/sinditextilsp.org.br\/home\/#\/schema\/person\/4164031b7de0e4c770f34055b129f847\"},\"breadcrumb\":{\"@id\":\"https:\/\/sinditextilsp.org.br\/home\/2026\/04\/pnad-continua-taxa-de-desocupacao-e-de-61-mostra-ibge\/#breadcrumb\"},\"inLanguage\":\"pt-BR\",\"potentialAction\":[{\"@type\":\"ReadAction\",\"target\":[\"https:\/\/sinditextilsp.org.br\/home\/2026\/04\/pnad-continua-taxa-de-desocupacao-e-de-61-mostra-ibge\/\"]}]},{\"@type\":\"ImageObject\",\"inLanguage\":\"pt-BR\",\"@id\":\"https:\/\/sinditextilsp.org.br\/home\/2026\/04\/pnad-continua-taxa-de-desocupacao-e-de-61-mostra-ibge\/#primaryimage\",\"url\":\"https:\/\/sinditextilsp.org.br\/home\/wp-content\/uploads\/2025\/09\/industria.jpg\",\"contentUrl\":\"https:\/\/sinditextilsp.org.br\/home\/wp-content\/uploads\/2025\/09\/industria.jpg\",\"width\":640,\"height\":360},{\"@type\":\"BreadcrumbList\",\"@id\":\"https:\/\/sinditextilsp.org.br\/home\/2026\/04\/pnad-continua-taxa-de-desocupacao-e-de-61-mostra-ibge\/#breadcrumb\",\"itemListElement\":[{\"@type\":\"ListItem\",\"position\":1,\"name\":\"In\u00edcio\",\"item\":\"https:\/\/sinditextilsp.org.br\/home\/\"},{\"@type\":\"ListItem\",\"position\":2,\"name\":\"PNAD Cont\u00ednua: taxa de desocupa\u00e7\u00e3o \u00e9 de 6,1%, mostra IBGE\"}]},{\"@type\":\"WebSite\",\"@id\":\"https:\/\/sinditextilsp.org.br\/home\/#website\",\"url\":\"https:\/\/sinditextilsp.org.br\/home\/\",\"name\":\"Sindit\u00eaxtil-SP\",\"description\":\"Sindicato T\u00eaxtil de S\u00e3o Paulo\",\"potentialAction\":[{\"@type\":\"SearchAction\",\"target\":{\"@type\":\"EntryPoint\",\"urlTemplate\":\"https:\/\/sinditextilsp.org.br\/home\/?s={search_term_string}\"},\"query-input\":\"required name=search_term_string\"}],\"inLanguage\":\"pt-BR\"},{\"@type\":\"Person\",\"@id\":\"https:\/\/sinditextilsp.org.br\/home\/#\/schema\/person\/4164031b7de0e4c770f34055b129f847\",\"name\":\"Luciana Elia\",\"image\":{\"@type\":\"ImageObject\",\"inLanguage\":\"pt-BR\",\"@id\":\"https:\/\/sinditextilsp.org.br\/home\/#\/schema\/person\/image\/\",\"url\":\"https:\/\/secure.gravatar.com\/avatar\/4d98001e650f9ba042f28aac5faa934b8ce0d21bfd29f26941eb2cef732ef8fa?s=96&d=mm&r=g\",\"contentUrl\":\"https:\/\/secure.gravatar.com\/avatar\/4d98001e650f9ba042f28aac5faa934b8ce0d21bfd29f26941eb2cef732ef8fa?s=96&d=mm&r=g\",\"caption\":\"Luciana Elia\"},\"url\":\"https:\/\/sinditextilsp.org.br\/home\/author\/luciana-elia\/\"}]}<\/script>\n<!-- \/ Yoast SEO plugin. -->","yoast_head_json":{"title":"PNAD Cont\u00ednua: taxa de desocupa\u00e7\u00e3o \u00e9 de 6,1%, mostra IBGE - Sindit\u00eaxtil-SP","robots":{"index":"index","follow":"follow","max-snippet":"max-snippet:-1","max-image-preview":"max-image-preview:large","max-video-preview":"max-video-preview:-1"},"canonical":"https:\/\/sinditextilsp.org.br\/home\/2026\/04\/pnad-continua-taxa-de-desocupacao-e-de-61-mostra-ibge\/","og_locale":"pt_BR","og_type":"article","og_title":"PNAD Cont\u00ednua: taxa de desocupa\u00e7\u00e3o \u00e9 de 6,1%, mostra IBGE - Sindit\u00eaxtil-SP","og_description":"A taxa de desocupa\u00e7\u00e3o (6,1%) no trimestre encerrado em mar\u00e7o de 2026 cresceu um ponto percentual (p.p.) frente ao trimestre encerrado em dezembro de 2025, mas ficou 0,9 p.p. abaixo da taxa do trimestre encerrado em mar\u00e7o de 2025. Essa foi a menor taxa para um trimestre encerrado em mar\u00e7o na s\u00e9rie hist\u00f3rica da PNAD [&hellip;]","og_url":"https:\/\/sinditextilsp.org.br\/home\/2026\/04\/pnad-continua-taxa-de-desocupacao-e-de-61-mostra-ibge\/","og_site_name":"Sindit\u00eaxtil-SP","article_publisher":"https:\/\/www.facebook.com\/sinditextilsp","article_published_time":"2026-04-30T12:23:32+00:00","article_modified_time":"2026-04-30T12:23:34+00:00","og_image":[{"width":640,"height":360,"url":"https:\/\/sinditextilsp.org.br\/home\/wp-content\/uploads\/2025\/09\/industria.jpg","type":"image\/jpeg"}],"author":"Luciana Elia","twitter_card":"summary_large_image","twitter_creator":"@SinditextilSP","twitter_site":"@SinditextilSP","twitter_misc":{"Escrito por":"Luciana Elia","Est. tempo de leitura":"1 minuto"},"schema":{"@context":"https:\/\/schema.org","@graph":[{"@type":"WebPage","@id":"https:\/\/sinditextilsp.org.br\/home\/2026\/04\/pnad-continua-taxa-de-desocupacao-e-de-61-mostra-ibge\/","url":"https:\/\/sinditextilsp.org.br\/home\/2026\/04\/pnad-continua-taxa-de-desocupacao-e-de-61-mostra-ibge\/","name":"PNAD Cont\u00ednua: taxa de desocupa\u00e7\u00e3o \u00e9 de 6,1%, mostra IBGE - Sindit\u00eaxtil-SP","isPartOf":{"@id":"https:\/\/sinditextilsp.org.br\/home\/#website"},"primaryImageOfPage":{"@id":"https:\/\/sinditextilsp.org.br\/home\/2026\/04\/pnad-continua-taxa-de-desocupacao-e-de-61-mostra-ibge\/#primaryimage"},"image":{"@id":"https:\/\/sinditextilsp.org.br\/home\/2026\/04\/pnad-continua-taxa-de-desocupacao-e-de-61-mostra-ibge\/#primaryimage"},"thumbnailUrl":"https:\/\/sinditextilsp.org.br\/home\/wp-content\/uploads\/2025\/09\/industria.jpg","datePublished":"2026-04-30T12:23:32+00:00","dateModified":"2026-04-30T12:23:34+00:00","author":{"@id":"https:\/\/sinditextilsp.org.br\/home\/#\/schema\/person\/4164031b7de0e4c770f34055b129f847"},"breadcrumb":{"@id":"https:\/\/sinditextilsp.org.br\/home\/2026\/04\/pnad-continua-taxa-de-desocupacao-e-de-61-mostra-ibge\/#breadcrumb"},"inLanguage":"pt-BR","potentialAction":[{"@type":"ReadAction","target":["https:\/\/sinditextilsp.org.br\/home\/2026\/04\/pnad-continua-taxa-de-desocupacao-e-de-61-mostra-ibge\/"]}]},{"@type":"ImageObject","inLanguage":"pt-BR","@id":"https:\/\/sinditextilsp.org.br\/home\/2026\/04\/pnad-continua-taxa-de-desocupacao-e-de-61-mostra-ibge\/#primaryimage","url":"https:\/\/sinditextilsp.org.br\/home\/wp-content\/uploads\/2025\/09\/industria.jpg","contentUrl":"https:\/\/sinditextilsp.org.br\/home\/wp-content\/uploads\/2025\/09\/industria.jpg","width":640,"height":360},{"@type":"BreadcrumbList","@id":"https:\/\/sinditextilsp.org.br\/home\/2026\/04\/pnad-continua-taxa-de-desocupacao-e-de-61-mostra-ibge\/#breadcrumb","itemListElement":[{"@type":"ListItem","position":1,"name":"In\u00edcio","item":"https:\/\/sinditextilsp.org.br\/home\/"},{"@type":"ListItem","position":2,"name":"PNAD Cont\u00ednua: taxa de desocupa\u00e7\u00e3o \u00e9 de 6,1%, mostra IBGE"}]},{"@type":"WebSite","@id":"https:\/\/sinditextilsp.org.br\/home\/#website","url":"https:\/\/sinditextilsp.org.br\/home\/","name":"Sindit\u00eaxtil-SP","description":"Sindicato T\u00eaxtil de S\u00e3o Paulo","potentialAction":[{"@type":"SearchAction","target":{"@type":"EntryPoint","urlTemplate":"https:\/\/sinditextilsp.org.br\/home\/?s={search_term_string}"},"query-input":"required name=search_term_string"}],"inLanguage":"pt-BR"},{"@type":"Person","@id":"https:\/\/sinditextilsp.org.br\/home\/#\/schema\/person\/4164031b7de0e4c770f34055b129f847","name":"Luciana Elia","image":{"@type":"ImageObject","inLanguage":"pt-BR","@id":"https:\/\/sinditextilsp.org.br\/home\/#\/schema\/person\/image\/","url":"https:\/\/secure.gravatar.com\/avatar\/4d98001e650f9ba042f28aac5faa934b8ce0d21bfd29f26941eb2cef732ef8fa?s=96&d=mm&r=g","contentUrl":"https:\/\/secure.gravatar.com\/avatar\/4d98001e650f9ba042f28aac5faa934b8ce0d21bfd29f26941eb2cef732ef8fa?s=96&d=mm&r=g","caption":"Luciana Elia"},"url":"https:\/\/sinditextilsp.org.br\/home\/author\/luciana-elia\/"}]}},"_links":{"self":[{"href":"https:\/\/sinditextilsp.org.br\/home\/wp-json\/wp\/v2\/posts\/10574","targetHints":{"allow":["GET"]}}],"collection":[{"href":"https:\/\/sinditextilsp.org.br\/home\/wp-json\/wp\/v2\/posts"}],"about":[{"href":"https:\/\/sinditextilsp.org.br\/home\/wp-json\/wp\/v2\/types\/post"}],"author":[{"embeddable":true,"href":"https:\/\/sinditextilsp.org.br\/home\/wp-json\/wp\/v2\/users\/22"}],"replies":[{"embeddable":true,"href":"https:\/\/sinditextilsp.org.br\/home\/wp-json\/wp\/v2\/comments?post=10574"}],"version-history":[{"count":1,"href":"https:\/\/sinditextilsp.org.br\/home\/wp-json\/wp\/v2\/posts\/10574\/revisions"}],"predecessor-version":[{"id":10576,"href":"https:\/\/sinditextilsp.org.br\/home\/wp-json\/wp\/v2\/posts\/10574\/revisions\/10576"}],"wp:featuredmedia":[{"embeddable":true,"href":"https:\/\/sinditextilsp.org.br\/home\/wp-json\/wp\/v2\/media\/8933"}],"wp:attachment":[{"href":"https:\/\/sinditextilsp.org.br\/home\/wp-json\/wp\/v2\/media?parent=10574"}],"wp:term":[{"taxonomy":"category","embeddable":true,"href":"https:\/\/sinditextilsp.org.br\/home\/wp-json\/wp\/v2\/categories?post=10574"},{"taxonomy":"post_tag","embeddable":true,"href":"https:\/\/sinditextilsp.org.br\/home\/wp-json\/wp\/v2\/tags?post=10574"}],"curies":[{"name":"wp","href":"https:\/\/api.w.org\/{rel}","templated":true}]}}