{"id":10577,"date":"2026-04-30T17:38:32","date_gmt":"2026-04-30T20:38:32","guid":{"rendered":"https:\/\/sinditextilsp.org.br\/home\/?p=10577"},"modified":"2026-04-30T18:27:09","modified_gmt":"2026-04-30T21:27:09","slug":"setor-textil-faz-protesto-silencioso-contra-desigualdade-tributaria-no-e-commerce","status":"publish","type":"post","link":"https:\/\/sinditextilsp.org.br\/home\/2026\/04\/setor-textil-faz-protesto-silencioso-contra-desigualdade-tributaria-no-e-commerce\/","title":{"rendered":"Ind\u00fastria e varejo e sindicatos dos trabalhadores realizam protesto silencioso contra desigualdade tribut\u00e1ria no e-commerce"},"content":{"rendered":"\n<p>Representantes da ind\u00fastria, do varejo nacional e sindicatos patronais realizam nesta quinta-feira, 30, um protesto silencioso para chamar aten\u00e7\u00e3o para o que classificam como uma crescente desigualdade tribut\u00e1ria no com\u00e9rcio eletr\u00f4nico brasileiro. A iniciativa, representada pela Coaliz\u00e3o Prospera Brasil e liderada pela Associa\u00e7\u00e3o Brasileira do Varejo T\u00eaxtil (ABVTEX), busca trazer visibilidade para a falta de interlocu\u00e7\u00e3o com parte do governo federal e de setores do Congresso Nacional diante de um setor respons\u00e1vel por mais de 18 milh\u00f5es de empregos no pa\u00eds.<\/p>\n\n\n\n<p>Para o ato, uma camiseta de 70x90m ser\u00e1 estendida na Esplanada dos Minist\u00e9rios, em Bras\u00edlia, com os dizeres &#8220;Se baixar imposto para estrangeiro, tem que baixar para brasileiro\u201d. A frase faz refer\u00eancia \u00e0 falta de isonomia de impostos, criando um ambiente de concorr\u00eancia desigual que penaliza a ind\u00fastria e o varejo nacionais. Hoje, o Brasil abre m\u00e3o de crescimento, arrecada\u00e7\u00e3o e empregos ao manter um sistema que favorece plataformas internacionais e penaliza diretamente quem produz no pa\u00eds.<\/p>\n\n\n\n<p>A manifesta\u00e7\u00e3o ocorre em meio ao debate sobre o poss\u00edvel retrocesso na chamada \u201ctaxa das blusinhas\u201d, que instituiu a cobran\u00e7a de imposto sobre produtos importados vendidos por plataformas internacionais. Segundo representantes do setor, a medida ajudou a reduzir parcialmente a concorr\u00eancia desigual e contribuiu para a gera\u00e7\u00e3o de aproximadamente 3 milh\u00f5es de empregos diretos e indiretos, entre varejo e ind\u00fastria, contribuindo, diretamente, para o menor desemprego da hist\u00f3ria do Pa\u00eds: 5,1%, ao final de 2025. Segundo Edmundo Lima, diretor executivo da ABVTEX, \u201cEnquanto empresas brasileiras enfrentam uma carga tribut\u00e1ria sobre o custo da mercadoria que pode chegar a 90% ao longo da cadeia, plataformas estrangeiras operam com cerca de 45%, mesmo ap\u00f3s a implementa\u00e7\u00e3o da taxa\u201d.<\/p>\n\n\n\n<p>A medida tamb\u00e9m teve efeitos relevantes na arrecada\u00e7\u00e3o e no crescimento da economia. Com a redu\u00e7\u00e3o da concorr\u00eancia considerada desleal, o varejo registrou crescimento e aumento na contribui\u00e7\u00e3o tribut\u00e1ria, gerando R$ 5 bilh\u00f5es adicionais em receitas para o pa\u00eds, apenas em 2025. As entidades refor\u00e7am que n\u00e3o defendem aumento de impostos, mas sim igualdade de condi\u00e7\u00f5es. \u201cSe houver redu\u00e7\u00e3o de tributos, que ela seja aplicada de forma equilibrada para todos os agentes do mercado\u201d, defende Lima, antes de concluir, \u201cal\u00e9m de colocar em risco a sa\u00fade e seguran\u00e7a dos consumidores brasileiros, uma vez que, diferentemente do que ocorre com os produtos fabricados e vendidos no Brasil, n\u00e3o h\u00e1 fiscaliza\u00e7\u00e3o sobre as mercadorias importadas por essas plataformas, por parte de \u00f3rg\u00e3os como Anvisa e INMETRO, por exemplo\u201d.<\/p>\n\n\n\n<p>O protesto tamb\u00e9m chama aten\u00e7\u00e3o para o fato de que a tributa\u00e7\u00e3o de plataformas internacionais n\u00e3o \u00e9 uma exclusividade brasileira. Pa\u00edses como Estados Unidos, M\u00e9xico, Turquia e membros da Uni\u00e3o Europeia j\u00e1 adotaram medidas semelhantes para equilibrar a concorr\u00eancia e proteger suas economias locais.<\/p>\n\n\n\n<p><\/p>\n","protected":false},"excerpt":{"rendered":"<p>Representantes da ind\u00fastria, do varejo nacional e sindicatos patronais realizam nesta quinta-feira, 30, um protesto silencioso para chamar aten\u00e7\u00e3o para o que classificam como uma crescente desigualdade tribut\u00e1ria no com\u00e9rcio eletr\u00f4nico brasileiro. A iniciativa, representada pela Coaliz\u00e3o Prospera Brasil e liderada pela Associa\u00e7\u00e3o Brasileira do Varejo T\u00eaxtil (ABVTEX), busca trazer visibilidade para a falta de [&hellip;]<\/p>\n","protected":false},"author":22,"featured_media":10578,"comment_status":"open","ping_status":"open","sticky":false,"template":"","format":"standard","meta":{"footnotes":""},"categories":[56,16],"tags":[],"class_list":["post-10577","post","type-post","status-publish","format-standard","has-post-thumbnail","hentry","category-destaques","category-noticias"],"yoast_head":"<!-- This site is optimized with the Yoast SEO plugin v22.8 - https:\/\/yoast.com\/wordpress\/plugins\/seo\/ -->\n<title>Ind\u00fastria e varejo e sindicatos dos trabalhadores realizam protesto silencioso contra desigualdade tribut\u00e1ria no e-commerce - Sindit\u00eaxtil-SP<\/title>\n<meta name=\"robots\" content=\"index, follow, max-snippet:-1, max-image-preview:large, max-video-preview:-1\" \/>\n<link rel=\"canonical\" href=\"https:\/\/sinditextilsp.org.br\/home\/2026\/04\/setor-textil-faz-protesto-silencioso-contra-desigualdade-tributaria-no-e-commerce\/\" \/>\n<meta property=\"og:locale\" content=\"pt_BR\" \/>\n<meta property=\"og:type\" content=\"article\" \/>\n<meta property=\"og:title\" content=\"Ind\u00fastria e varejo e sindicatos dos trabalhadores realizam protesto silencioso contra desigualdade tribut\u00e1ria no e-commerce - Sindit\u00eaxtil-SP\" \/>\n<meta property=\"og:description\" content=\"Representantes da ind\u00fastria, do varejo nacional e sindicatos patronais realizam nesta quinta-feira, 30, um protesto silencioso para chamar aten\u00e7\u00e3o para o que classificam como uma crescente desigualdade tribut\u00e1ria no com\u00e9rcio eletr\u00f4nico brasileiro. A iniciativa, representada pela Coaliz\u00e3o Prospera Brasil e liderada pela Associa\u00e7\u00e3o Brasileira do Varejo T\u00eaxtil (ABVTEX), busca trazer visibilidade para a falta de [&hellip;]\" \/>\n<meta property=\"og:url\" content=\"https:\/\/sinditextilsp.org.br\/home\/2026\/04\/setor-textil-faz-protesto-silencioso-contra-desigualdade-tributaria-no-e-commerce\/\" \/>\n<meta property=\"og:site_name\" content=\"Sindit\u00eaxtil-SP\" \/>\n<meta property=\"article:publisher\" content=\"https:\/\/www.facebook.com\/sinditextilsp\" \/>\n<meta property=\"article:published_time\" content=\"2026-04-30T20:38:32+00:00\" \/>\n<meta property=\"article:modified_time\" content=\"2026-04-30T21:27:09+00:00\" \/>\n<meta property=\"og:image\" content=\"https:\/\/sinditextilsp.org.br\/home\/wp-content\/uploads\/2026\/04\/protestoBSB.jpg\" \/>\n\t<meta property=\"og:image:width\" content=\"400\" \/>\n\t<meta property=\"og:image:height\" content=\"225\" \/>\n\t<meta property=\"og:image:type\" content=\"image\/jpeg\" \/>\n<meta name=\"author\" content=\"Luciana Elia\" \/>\n<meta name=\"twitter:card\" content=\"summary_large_image\" \/>\n<meta name=\"twitter:creator\" content=\"@SinditextilSP\" \/>\n<meta name=\"twitter:site\" content=\"@SinditextilSP\" \/>\n<meta name=\"twitter:label1\" content=\"Escrito por\" \/>\n\t<meta name=\"twitter:data1\" content=\"Luciana Elia\" \/>\n\t<meta name=\"twitter:label2\" content=\"Est. tempo de leitura\" \/>\n\t<meta name=\"twitter:data2\" content=\"3 minutos\" \/>\n<script type=\"application\/ld+json\" class=\"yoast-schema-graph\">{\"@context\":\"https:\/\/schema.org\",\"@graph\":[{\"@type\":\"WebPage\",\"@id\":\"https:\/\/sinditextilsp.org.br\/home\/2026\/04\/setor-textil-faz-protesto-silencioso-contra-desigualdade-tributaria-no-e-commerce\/\",\"url\":\"https:\/\/sinditextilsp.org.br\/home\/2026\/04\/setor-textil-faz-protesto-silencioso-contra-desigualdade-tributaria-no-e-commerce\/\",\"name\":\"Ind\u00fastria e varejo e sindicatos dos trabalhadores realizam protesto silencioso contra desigualdade tribut\u00e1ria no e-commerce - Sindit\u00eaxtil-SP\",\"isPartOf\":{\"@id\":\"https:\/\/sinditextilsp.org.br\/home\/#website\"},\"primaryImageOfPage\":{\"@id\":\"https:\/\/sinditextilsp.org.br\/home\/2026\/04\/setor-textil-faz-protesto-silencioso-contra-desigualdade-tributaria-no-e-commerce\/#primaryimage\"},\"image\":{\"@id\":\"https:\/\/sinditextilsp.org.br\/home\/2026\/04\/setor-textil-faz-protesto-silencioso-contra-desigualdade-tributaria-no-e-commerce\/#primaryimage\"},\"thumbnailUrl\":\"https:\/\/sinditextilsp.org.br\/home\/wp-content\/uploads\/2026\/04\/protestoBSB.jpg\",\"datePublished\":\"2026-04-30T20:38:32+00:00\",\"dateModified\":\"2026-04-30T21:27:09+00:00\",\"author\":{\"@id\":\"https:\/\/sinditextilsp.org.br\/home\/#\/schema\/person\/4164031b7de0e4c770f34055b129f847\"},\"breadcrumb\":{\"@id\":\"https:\/\/sinditextilsp.org.br\/home\/2026\/04\/setor-textil-faz-protesto-silencioso-contra-desigualdade-tributaria-no-e-commerce\/#breadcrumb\"},\"inLanguage\":\"pt-BR\",\"potentialAction\":[{\"@type\":\"ReadAction\",\"target\":[\"https:\/\/sinditextilsp.org.br\/home\/2026\/04\/setor-textil-faz-protesto-silencioso-contra-desigualdade-tributaria-no-e-commerce\/\"]}]},{\"@type\":\"ImageObject\",\"inLanguage\":\"pt-BR\",\"@id\":\"https:\/\/sinditextilsp.org.br\/home\/2026\/04\/setor-textil-faz-protesto-silencioso-contra-desigualdade-tributaria-no-e-commerce\/#primaryimage\",\"url\":\"https:\/\/sinditextilsp.org.br\/home\/wp-content\/uploads\/2026\/04\/protestoBSB.jpg\",\"contentUrl\":\"https:\/\/sinditextilsp.org.br\/home\/wp-content\/uploads\/2026\/04\/protestoBSB.jpg\",\"width\":400,\"height\":225,\"caption\":\"DCIM100MEDIADJI_0191.JPG\"},{\"@type\":\"BreadcrumbList\",\"@id\":\"https:\/\/sinditextilsp.org.br\/home\/2026\/04\/setor-textil-faz-protesto-silencioso-contra-desigualdade-tributaria-no-e-commerce\/#breadcrumb\",\"itemListElement\":[{\"@type\":\"ListItem\",\"position\":1,\"name\":\"In\u00edcio\",\"item\":\"https:\/\/sinditextilsp.org.br\/home\/\"},{\"@type\":\"ListItem\",\"position\":2,\"name\":\"Ind\u00fastria e varejo e sindicatos dos trabalhadores realizam protesto silencioso contra desigualdade tribut\u00e1ria no e-commerce\"}]},{\"@type\":\"WebSite\",\"@id\":\"https:\/\/sinditextilsp.org.br\/home\/#website\",\"url\":\"https:\/\/sinditextilsp.org.br\/home\/\",\"name\":\"Sindit\u00eaxtil-SP\",\"description\":\"Sindicato T\u00eaxtil de S\u00e3o Paulo\",\"potentialAction\":[{\"@type\":\"SearchAction\",\"target\":{\"@type\":\"EntryPoint\",\"urlTemplate\":\"https:\/\/sinditextilsp.org.br\/home\/?s={search_term_string}\"},\"query-input\":\"required name=search_term_string\"}],\"inLanguage\":\"pt-BR\"},{\"@type\":\"Person\",\"@id\":\"https:\/\/sinditextilsp.org.br\/home\/#\/schema\/person\/4164031b7de0e4c770f34055b129f847\",\"name\":\"Luciana Elia\",\"image\":{\"@type\":\"ImageObject\",\"inLanguage\":\"pt-BR\",\"@id\":\"https:\/\/sinditextilsp.org.br\/home\/#\/schema\/person\/image\/\",\"url\":\"https:\/\/secure.gravatar.com\/avatar\/4d98001e650f9ba042f28aac5faa934b8ce0d21bfd29f26941eb2cef732ef8fa?s=96&d=mm&r=g\",\"contentUrl\":\"https:\/\/secure.gravatar.com\/avatar\/4d98001e650f9ba042f28aac5faa934b8ce0d21bfd29f26941eb2cef732ef8fa?s=96&d=mm&r=g\",\"caption\":\"Luciana Elia\"},\"url\":\"https:\/\/sinditextilsp.org.br\/home\/author\/luciana-elia\/\"}]}<\/script>\n<!-- \/ Yoast SEO plugin. -->","yoast_head_json":{"title":"Ind\u00fastria e varejo e sindicatos dos trabalhadores realizam protesto silencioso contra desigualdade tribut\u00e1ria no e-commerce - Sindit\u00eaxtil-SP","robots":{"index":"index","follow":"follow","max-snippet":"max-snippet:-1","max-image-preview":"max-image-preview:large","max-video-preview":"max-video-preview:-1"},"canonical":"https:\/\/sinditextilsp.org.br\/home\/2026\/04\/setor-textil-faz-protesto-silencioso-contra-desigualdade-tributaria-no-e-commerce\/","og_locale":"pt_BR","og_type":"article","og_title":"Ind\u00fastria e varejo e sindicatos dos trabalhadores realizam protesto silencioso contra desigualdade tribut\u00e1ria no e-commerce - Sindit\u00eaxtil-SP","og_description":"Representantes da ind\u00fastria, do varejo nacional e sindicatos patronais realizam nesta quinta-feira, 30, um protesto silencioso para chamar aten\u00e7\u00e3o para o que classificam como uma crescente desigualdade tribut\u00e1ria no com\u00e9rcio eletr\u00f4nico brasileiro. A iniciativa, representada pela Coaliz\u00e3o Prospera Brasil e liderada pela Associa\u00e7\u00e3o Brasileira do Varejo T\u00eaxtil (ABVTEX), busca trazer visibilidade para a falta de [&hellip;]","og_url":"https:\/\/sinditextilsp.org.br\/home\/2026\/04\/setor-textil-faz-protesto-silencioso-contra-desigualdade-tributaria-no-e-commerce\/","og_site_name":"Sindit\u00eaxtil-SP","article_publisher":"https:\/\/www.facebook.com\/sinditextilsp","article_published_time":"2026-04-30T20:38:32+00:00","article_modified_time":"2026-04-30T21:27:09+00:00","og_image":[{"width":400,"height":225,"url":"https:\/\/sinditextilsp.org.br\/home\/wp-content\/uploads\/2026\/04\/protestoBSB.jpg","type":"image\/jpeg"}],"author":"Luciana Elia","twitter_card":"summary_large_image","twitter_creator":"@SinditextilSP","twitter_site":"@SinditextilSP","twitter_misc":{"Escrito por":"Luciana Elia","Est. tempo de leitura":"3 minutos"},"schema":{"@context":"https:\/\/schema.org","@graph":[{"@type":"WebPage","@id":"https:\/\/sinditextilsp.org.br\/home\/2026\/04\/setor-textil-faz-protesto-silencioso-contra-desigualdade-tributaria-no-e-commerce\/","url":"https:\/\/sinditextilsp.org.br\/home\/2026\/04\/setor-textil-faz-protesto-silencioso-contra-desigualdade-tributaria-no-e-commerce\/","name":"Ind\u00fastria e varejo e sindicatos dos trabalhadores realizam protesto silencioso contra desigualdade tribut\u00e1ria no e-commerce - Sindit\u00eaxtil-SP","isPartOf":{"@id":"https:\/\/sinditextilsp.org.br\/home\/#website"},"primaryImageOfPage":{"@id":"https:\/\/sinditextilsp.org.br\/home\/2026\/04\/setor-textil-faz-protesto-silencioso-contra-desigualdade-tributaria-no-e-commerce\/#primaryimage"},"image":{"@id":"https:\/\/sinditextilsp.org.br\/home\/2026\/04\/setor-textil-faz-protesto-silencioso-contra-desigualdade-tributaria-no-e-commerce\/#primaryimage"},"thumbnailUrl":"https:\/\/sinditextilsp.org.br\/home\/wp-content\/uploads\/2026\/04\/protestoBSB.jpg","datePublished":"2026-04-30T20:38:32+00:00","dateModified":"2026-04-30T21:27:09+00:00","author":{"@id":"https:\/\/sinditextilsp.org.br\/home\/#\/schema\/person\/4164031b7de0e4c770f34055b129f847"},"breadcrumb":{"@id":"https:\/\/sinditextilsp.org.br\/home\/2026\/04\/setor-textil-faz-protesto-silencioso-contra-desigualdade-tributaria-no-e-commerce\/#breadcrumb"},"inLanguage":"pt-BR","potentialAction":[{"@type":"ReadAction","target":["https:\/\/sinditextilsp.org.br\/home\/2026\/04\/setor-textil-faz-protesto-silencioso-contra-desigualdade-tributaria-no-e-commerce\/"]}]},{"@type":"ImageObject","inLanguage":"pt-BR","@id":"https:\/\/sinditextilsp.org.br\/home\/2026\/04\/setor-textil-faz-protesto-silencioso-contra-desigualdade-tributaria-no-e-commerce\/#primaryimage","url":"https:\/\/sinditextilsp.org.br\/home\/wp-content\/uploads\/2026\/04\/protestoBSB.jpg","contentUrl":"https:\/\/sinditextilsp.org.br\/home\/wp-content\/uploads\/2026\/04\/protestoBSB.jpg","width":400,"height":225,"caption":"DCIM100MEDIADJI_0191.JPG"},{"@type":"BreadcrumbList","@id":"https:\/\/sinditextilsp.org.br\/home\/2026\/04\/setor-textil-faz-protesto-silencioso-contra-desigualdade-tributaria-no-e-commerce\/#breadcrumb","itemListElement":[{"@type":"ListItem","position":1,"name":"In\u00edcio","item":"https:\/\/sinditextilsp.org.br\/home\/"},{"@type":"ListItem","position":2,"name":"Ind\u00fastria e varejo e sindicatos dos trabalhadores realizam protesto silencioso contra desigualdade tribut\u00e1ria no e-commerce"}]},{"@type":"WebSite","@id":"https:\/\/sinditextilsp.org.br\/home\/#website","url":"https:\/\/sinditextilsp.org.br\/home\/","name":"Sindit\u00eaxtil-SP","description":"Sindicato T\u00eaxtil de S\u00e3o Paulo","potentialAction":[{"@type":"SearchAction","target":{"@type":"EntryPoint","urlTemplate":"https:\/\/sinditextilsp.org.br\/home\/?s={search_term_string}"},"query-input":"required name=search_term_string"}],"inLanguage":"pt-BR"},{"@type":"Person","@id":"https:\/\/sinditextilsp.org.br\/home\/#\/schema\/person\/4164031b7de0e4c770f34055b129f847","name":"Luciana Elia","image":{"@type":"ImageObject","inLanguage":"pt-BR","@id":"https:\/\/sinditextilsp.org.br\/home\/#\/schema\/person\/image\/","url":"https:\/\/secure.gravatar.com\/avatar\/4d98001e650f9ba042f28aac5faa934b8ce0d21bfd29f26941eb2cef732ef8fa?s=96&d=mm&r=g","contentUrl":"https:\/\/secure.gravatar.com\/avatar\/4d98001e650f9ba042f28aac5faa934b8ce0d21bfd29f26941eb2cef732ef8fa?s=96&d=mm&r=g","caption":"Luciana Elia"},"url":"https:\/\/sinditextilsp.org.br\/home\/author\/luciana-elia\/"}]}},"_links":{"self":[{"href":"https:\/\/sinditextilsp.org.br\/home\/wp-json\/wp\/v2\/posts\/10577","targetHints":{"allow":["GET"]}}],"collection":[{"href":"https:\/\/sinditextilsp.org.br\/home\/wp-json\/wp\/v2\/posts"}],"about":[{"href":"https:\/\/sinditextilsp.org.br\/home\/wp-json\/wp\/v2\/types\/post"}],"author":[{"embeddable":true,"href":"https:\/\/sinditextilsp.org.br\/home\/wp-json\/wp\/v2\/users\/22"}],"replies":[{"embeddable":true,"href":"https:\/\/sinditextilsp.org.br\/home\/wp-json\/wp\/v2\/comments?post=10577"}],"version-history":[{"count":3,"href":"https:\/\/sinditextilsp.org.br\/home\/wp-json\/wp\/v2\/posts\/10577\/revisions"}],"predecessor-version":[{"id":10582,"href":"https:\/\/sinditextilsp.org.br\/home\/wp-json\/wp\/v2\/posts\/10577\/revisions\/10582"}],"wp:featuredmedia":[{"embeddable":true,"href":"https:\/\/sinditextilsp.org.br\/home\/wp-json\/wp\/v2\/media\/10578"}],"wp:attachment":[{"href":"https:\/\/sinditextilsp.org.br\/home\/wp-json\/wp\/v2\/media?parent=10577"}],"wp:term":[{"taxonomy":"category","embeddable":true,"href":"https:\/\/sinditextilsp.org.br\/home\/wp-json\/wp\/v2\/categories?post=10577"},{"taxonomy":"post_tag","embeddable":true,"href":"https:\/\/sinditextilsp.org.br\/home\/wp-json\/wp\/v2\/tags?post=10577"}],"curies":[{"name":"wp","href":"https:\/\/api.w.org\/{rel}","templated":true}]}}