{"id":10584,"date":"2026-05-01T10:08:37","date_gmt":"2026-05-01T13:08:37","guid":{"rendered":"https:\/\/sinditextilsp.org.br\/home\/?p=10584"},"modified":"2026-05-01T10:08:39","modified_gmt":"2026-05-01T13:08:39","slug":"acordo-mercosul-uniao-europeia-entra-em-vigor","status":"publish","type":"post","link":"https:\/\/sinditextilsp.org.br\/home\/2026\/05\/acordo-mercosul-uniao-europeia-entra-em-vigor\/","title":{"rendered":"Acordo Mercosul\u2013Uni\u00e3o Europeia entra em vigor"},"content":{"rendered":"\n<p><\/p>\n\n\n\n<p>O governo brasileiro assinou, dia 28 de abril, o&nbsp;<a href=\"https:\/\/www.planalto.gov.br\/ccivil_03\/_ato2023-2026\/2026\/decreto\/d12953.htm#:~:text=DECRETO%20N%C2%BA%2012.953%2C%20DE%2028,17%20de%20janeiro%20de%202026.\" target=\"_blank\" rel=\"noreferrer noopener\">decreto presidencial&nbsp;<\/a>que permite a aplica\u00e7\u00e3o imediata do Acordo de Com\u00e9rcio entre o Mercosul e a Uni\u00e3o Europeia no Brasil, viabilizando sua entrada em vigor no dia 1\u00ba de maio.<\/p>\n\n\n\n<p>Com a entrada em vigor da parte comercial, mesmo que provis\u00f3ria, o acordo prev\u00ea: redu\u00e7\u00e3o gradual de tarifas; elimina\u00e7\u00e3o de barreiras comerciais e maior previsibilidade regulat\u00f3ria.<\/p>\n\n\n\n<p>Para a ind\u00fastria t\u00eaxtil e de confec\u00e7\u00e3o o acordo traz a oportunidade de que empresas do Mercosul tenham mais acesso a um mercado que importa cerca de 115 bilh\u00f5es de euros anualmente.<\/p>\n\n\n\n<p>A redu\u00e7\u00e3o do imposto de importa\u00e7\u00e3o prevista no acordo ser\u00e1 gradual para a maioria dos produtos t\u00eaxteis e confeccionados e pode ser consultada no&nbsp;<a href=\"https:\/\/www.gov.br\/siscomex\/pt-br\/acordos-comerciais\/mercosul-uniao-europeia?utm_medium=email&amp;utm_campaign=2603_abit_online_-_modelo&amp;utm_source=RD+Station\" target=\"_blank\" rel=\"noreferrer noopener\">texto oficial&nbsp;<\/a>do acordo (Anexo 10).<\/p>\n\n\n\n<p>Tamb\u00e9m \u00e9 poss\u00edvel consultar as regras de origem que precisar\u00e3o ser seguidas no processo produtivo para que os bens tenham acesso \u00e0s prefer\u00eancias tarif\u00e1rias do acordo (Anexos 11-A e 11-B).<\/p>\n\n\n\n<p>Confira algumas&nbsp;<a href=\"https:\/\/www.gov.br\/mdic\/pt-br\/assuntos\/noticias\/2026\/abril\/brasil-conclui-etapa-final-para-entrada-em-vigor-do-acordo-mercosul2013ue\/28_04_2026_FAQ_ENTRADAEMVIGORMERCOSUL_UE.pdf\/view\" target=\"_blank\" rel=\"noreferrer noopener\">perguntas e respostas<\/a>&nbsp;divulgados pelo governo a respeito da vig\u00eancia do acordo e como utiliz\u00e1-lo na pr\u00e1tica.<\/p>\n\n\n\n<p>Abit e Euratex, em conjunto com demais associa\u00e7\u00f5es do setor no Mercosul, AICP e FITA criaram o EU-Mercosur Free Trade Agreement &#8211; Textile and Apparel Dialogue. A iniciativa tem como objetivo fornecer uma estrutura organizada para a coopera\u00e7\u00e3o cont\u00ednua entre as ind\u00fastrias do setor t\u00eaxtil e de confec\u00e7\u00e3o de ambos os lados do Atl\u00e2ntico.<\/p>\n\n\n\n<p>Para esclarecer eventuais d\u00favidas sobre o acordo, sobre as regras de origem ou o cronograma de prefer\u00eancias tarif\u00e1rias, entrar em contato com patricia@sinditextilsp.org.br.<\/p>\n","protected":false},"excerpt":{"rendered":"<p>O governo brasileiro assinou, dia 28 de abril, o&nbsp;decreto presidencial&nbsp;que permite a aplica\u00e7\u00e3o imediata do Acordo de Com\u00e9rcio entre o Mercosul e a Uni\u00e3o Europeia no Brasil, viabilizando sua entrada em vigor no dia 1\u00ba de maio. Com a entrada em vigor da parte comercial, mesmo que provis\u00f3ria, o acordo prev\u00ea: redu\u00e7\u00e3o gradual de tarifas; [&hellip;]<\/p>\n","protected":false},"author":7,"featured_media":10585,"comment_status":"open","ping_status":"open","sticky":false,"template":"","format":"standard","meta":{"footnotes":""},"categories":[472,56,16],"tags":[],"class_list":["post-10584","post","type-post","status-publish","format-standard","has-post-thumbnail","hentry","category-conteudo-para-associados","category-destaques","category-noticias"],"yoast_head":"<!-- This site is optimized with the Yoast SEO plugin v22.8 - https:\/\/yoast.com\/wordpress\/plugins\/seo\/ -->\n<title>Acordo Mercosul\u2013Uni\u00e3o Europeia entra em vigor - Sindit\u00eaxtil-SP<\/title>\n<meta name=\"robots\" content=\"index, follow, max-snippet:-1, max-image-preview:large, max-video-preview:-1\" \/>\n<link rel=\"canonical\" href=\"https:\/\/sinditextilsp.org.br\/home\/2026\/05\/acordo-mercosul-uniao-europeia-entra-em-vigor\/\" \/>\n<meta property=\"og:locale\" content=\"pt_BR\" \/>\n<meta property=\"og:type\" content=\"article\" \/>\n<meta property=\"og:title\" content=\"Acordo Mercosul\u2013Uni\u00e3o Europeia entra em vigor - Sindit\u00eaxtil-SP\" \/>\n<meta property=\"og:description\" content=\"O governo brasileiro assinou, dia 28 de abril, o&nbsp;decreto presidencial&nbsp;que permite a aplica\u00e7\u00e3o imediata do Acordo de Com\u00e9rcio entre o Mercosul e a Uni\u00e3o Europeia no Brasil, viabilizando sua entrada em vigor no dia 1\u00ba de maio. Com a entrada em vigor da parte comercial, mesmo que provis\u00f3ria, o acordo prev\u00ea: redu\u00e7\u00e3o gradual de tarifas; [&hellip;]\" \/>\n<meta property=\"og:url\" content=\"https:\/\/sinditextilsp.org.br\/home\/2026\/05\/acordo-mercosul-uniao-europeia-entra-em-vigor\/\" \/>\n<meta property=\"og:site_name\" content=\"Sindit\u00eaxtil-SP\" \/>\n<meta property=\"article:publisher\" content=\"https:\/\/www.facebook.com\/sinditextilsp\" \/>\n<meta property=\"article:published_time\" content=\"2026-05-01T13:08:37+00:00\" \/>\n<meta property=\"article:modified_time\" content=\"2026-05-01T13:08:39+00:00\" \/>\n<meta property=\"og:image\" content=\"https:\/\/sinditextilsp.org.br\/home\/wp-content\/uploads\/2026\/05\/Gemini_Generated_Image_xr6zstxr6zstxr6z-1024x1024.png\" \/>\n\t<meta property=\"og:image:width\" content=\"1024\" \/>\n\t<meta property=\"og:image:height\" content=\"1024\" \/>\n\t<meta property=\"og:image:type\" content=\"image\/png\" \/>\n<meta name=\"author\" content=\"Roberto Lima\" \/>\n<meta name=\"twitter:card\" content=\"summary_large_image\" \/>\n<meta name=\"twitter:creator\" content=\"@SinditextilSP\" \/>\n<meta name=\"twitter:site\" content=\"@SinditextilSP\" \/>\n<meta name=\"twitter:label1\" content=\"Escrito por\" \/>\n\t<meta name=\"twitter:data1\" content=\"Roberto Lima\" \/>\n\t<meta name=\"twitter:label2\" content=\"Est. tempo de leitura\" \/>\n\t<meta name=\"twitter:data2\" content=\"2 minutos\" \/>\n<script type=\"application\/ld+json\" class=\"yoast-schema-graph\">{\"@context\":\"https:\/\/schema.org\",\"@graph\":[{\"@type\":\"WebPage\",\"@id\":\"https:\/\/sinditextilsp.org.br\/home\/2026\/05\/acordo-mercosul-uniao-europeia-entra-em-vigor\/\",\"url\":\"https:\/\/sinditextilsp.org.br\/home\/2026\/05\/acordo-mercosul-uniao-europeia-entra-em-vigor\/\",\"name\":\"Acordo Mercosul\u2013Uni\u00e3o Europeia entra em vigor - Sindit\u00eaxtil-SP\",\"isPartOf\":{\"@id\":\"https:\/\/sinditextilsp.org.br\/home\/#website\"},\"primaryImageOfPage\":{\"@id\":\"https:\/\/sinditextilsp.org.br\/home\/2026\/05\/acordo-mercosul-uniao-europeia-entra-em-vigor\/#primaryimage\"},\"image\":{\"@id\":\"https:\/\/sinditextilsp.org.br\/home\/2026\/05\/acordo-mercosul-uniao-europeia-entra-em-vigor\/#primaryimage\"},\"thumbnailUrl\":\"https:\/\/sinditextilsp.org.br\/home\/wp-content\/uploads\/2026\/05\/Gemini_Generated_Image_xr6zstxr6zstxr6z.png\",\"datePublished\":\"2026-05-01T13:08:37+00:00\",\"dateModified\":\"2026-05-01T13:08:39+00:00\",\"author\":{\"@id\":\"https:\/\/sinditextilsp.org.br\/home\/#\/schema\/person\/f2652ee75ed0db87c6a4c63cfba51dd9\"},\"breadcrumb\":{\"@id\":\"https:\/\/sinditextilsp.org.br\/home\/2026\/05\/acordo-mercosul-uniao-europeia-entra-em-vigor\/#breadcrumb\"},\"inLanguage\":\"pt-BR\",\"potentialAction\":[{\"@type\":\"ReadAction\",\"target\":[\"https:\/\/sinditextilsp.org.br\/home\/2026\/05\/acordo-mercosul-uniao-europeia-entra-em-vigor\/\"]}]},{\"@type\":\"ImageObject\",\"inLanguage\":\"pt-BR\",\"@id\":\"https:\/\/sinditextilsp.org.br\/home\/2026\/05\/acordo-mercosul-uniao-europeia-entra-em-vigor\/#primaryimage\",\"url\":\"https:\/\/sinditextilsp.org.br\/home\/wp-content\/uploads\/2026\/05\/Gemini_Generated_Image_xr6zstxr6zstxr6z.png\",\"contentUrl\":\"https:\/\/sinditextilsp.org.br\/home\/wp-content\/uploads\/2026\/05\/Gemini_Generated_Image_xr6zstxr6zstxr6z.png\",\"width\":2048,\"height\":2048},{\"@type\":\"BreadcrumbList\",\"@id\":\"https:\/\/sinditextilsp.org.br\/home\/2026\/05\/acordo-mercosul-uniao-europeia-entra-em-vigor\/#breadcrumb\",\"itemListElement\":[{\"@type\":\"ListItem\",\"position\":1,\"name\":\"In\u00edcio\",\"item\":\"https:\/\/sinditextilsp.org.br\/home\/\"},{\"@type\":\"ListItem\",\"position\":2,\"name\":\"Acordo Mercosul\u2013Uni\u00e3o Europeia entra em vigor\"}]},{\"@type\":\"WebSite\",\"@id\":\"https:\/\/sinditextilsp.org.br\/home\/#website\",\"url\":\"https:\/\/sinditextilsp.org.br\/home\/\",\"name\":\"Sindit\u00eaxtil-SP\",\"description\":\"Sindicato T\u00eaxtil de S\u00e3o Paulo\",\"potentialAction\":[{\"@type\":\"SearchAction\",\"target\":{\"@type\":\"EntryPoint\",\"urlTemplate\":\"https:\/\/sinditextilsp.org.br\/home\/?s={search_term_string}\"},\"query-input\":\"required name=search_term_string\"}],\"inLanguage\":\"pt-BR\"},{\"@type\":\"Person\",\"@id\":\"https:\/\/sinditextilsp.org.br\/home\/#\/schema\/person\/f2652ee75ed0db87c6a4c63cfba51dd9\",\"name\":\"Roberto Lima\",\"image\":{\"@type\":\"ImageObject\",\"inLanguage\":\"pt-BR\",\"@id\":\"https:\/\/sinditextilsp.org.br\/home\/#\/schema\/person\/image\/\",\"url\":\"https:\/\/secure.gravatar.com\/avatar\/e5e9ded7ca9297005415a6263122555b6a112c409111396e3416a952302fb1bf?s=96&d=mm&r=g\",\"contentUrl\":\"https:\/\/secure.gravatar.com\/avatar\/e5e9ded7ca9297005415a6263122555b6a112c409111396e3416a952302fb1bf?s=96&d=mm&r=g\",\"caption\":\"Roberto Lima\"},\"url\":\"https:\/\/sinditextilsp.org.br\/home\/author\/roberto-lima\/\"}]}<\/script>\n<!-- \/ Yoast SEO plugin. -->","yoast_head_json":{"title":"Acordo Mercosul\u2013Uni\u00e3o Europeia entra em vigor - Sindit\u00eaxtil-SP","robots":{"index":"index","follow":"follow","max-snippet":"max-snippet:-1","max-image-preview":"max-image-preview:large","max-video-preview":"max-video-preview:-1"},"canonical":"https:\/\/sinditextilsp.org.br\/home\/2026\/05\/acordo-mercosul-uniao-europeia-entra-em-vigor\/","og_locale":"pt_BR","og_type":"article","og_title":"Acordo Mercosul\u2013Uni\u00e3o Europeia entra em vigor - Sindit\u00eaxtil-SP","og_description":"O governo brasileiro assinou, dia 28 de abril, o&nbsp;decreto presidencial&nbsp;que permite a aplica\u00e7\u00e3o imediata do Acordo de Com\u00e9rcio entre o Mercosul e a Uni\u00e3o Europeia no Brasil, viabilizando sua entrada em vigor no dia 1\u00ba de maio. Com a entrada em vigor da parte comercial, mesmo que provis\u00f3ria, o acordo prev\u00ea: redu\u00e7\u00e3o gradual de tarifas; [&hellip;]","og_url":"https:\/\/sinditextilsp.org.br\/home\/2026\/05\/acordo-mercosul-uniao-europeia-entra-em-vigor\/","og_site_name":"Sindit\u00eaxtil-SP","article_publisher":"https:\/\/www.facebook.com\/sinditextilsp","article_published_time":"2026-05-01T13:08:37+00:00","article_modified_time":"2026-05-01T13:08:39+00:00","og_image":[{"width":1024,"height":1024,"url":"https:\/\/sinditextilsp.org.br\/home\/wp-content\/uploads\/2026\/05\/Gemini_Generated_Image_xr6zstxr6zstxr6z-1024x1024.png","type":"image\/png"}],"author":"Roberto Lima","twitter_card":"summary_large_image","twitter_creator":"@SinditextilSP","twitter_site":"@SinditextilSP","twitter_misc":{"Escrito por":"Roberto Lima","Est. tempo de leitura":"2 minutos"},"schema":{"@context":"https:\/\/schema.org","@graph":[{"@type":"WebPage","@id":"https:\/\/sinditextilsp.org.br\/home\/2026\/05\/acordo-mercosul-uniao-europeia-entra-em-vigor\/","url":"https:\/\/sinditextilsp.org.br\/home\/2026\/05\/acordo-mercosul-uniao-europeia-entra-em-vigor\/","name":"Acordo Mercosul\u2013Uni\u00e3o Europeia entra em vigor - Sindit\u00eaxtil-SP","isPartOf":{"@id":"https:\/\/sinditextilsp.org.br\/home\/#website"},"primaryImageOfPage":{"@id":"https:\/\/sinditextilsp.org.br\/home\/2026\/05\/acordo-mercosul-uniao-europeia-entra-em-vigor\/#primaryimage"},"image":{"@id":"https:\/\/sinditextilsp.org.br\/home\/2026\/05\/acordo-mercosul-uniao-europeia-entra-em-vigor\/#primaryimage"},"thumbnailUrl":"https:\/\/sinditextilsp.org.br\/home\/wp-content\/uploads\/2026\/05\/Gemini_Generated_Image_xr6zstxr6zstxr6z.png","datePublished":"2026-05-01T13:08:37+00:00","dateModified":"2026-05-01T13:08:39+00:00","author":{"@id":"https:\/\/sinditextilsp.org.br\/home\/#\/schema\/person\/f2652ee75ed0db87c6a4c63cfba51dd9"},"breadcrumb":{"@id":"https:\/\/sinditextilsp.org.br\/home\/2026\/05\/acordo-mercosul-uniao-europeia-entra-em-vigor\/#breadcrumb"},"inLanguage":"pt-BR","potentialAction":[{"@type":"ReadAction","target":["https:\/\/sinditextilsp.org.br\/home\/2026\/05\/acordo-mercosul-uniao-europeia-entra-em-vigor\/"]}]},{"@type":"ImageObject","inLanguage":"pt-BR","@id":"https:\/\/sinditextilsp.org.br\/home\/2026\/05\/acordo-mercosul-uniao-europeia-entra-em-vigor\/#primaryimage","url":"https:\/\/sinditextilsp.org.br\/home\/wp-content\/uploads\/2026\/05\/Gemini_Generated_Image_xr6zstxr6zstxr6z.png","contentUrl":"https:\/\/sinditextilsp.org.br\/home\/wp-content\/uploads\/2026\/05\/Gemini_Generated_Image_xr6zstxr6zstxr6z.png","width":2048,"height":2048},{"@type":"BreadcrumbList","@id":"https:\/\/sinditextilsp.org.br\/home\/2026\/05\/acordo-mercosul-uniao-europeia-entra-em-vigor\/#breadcrumb","itemListElement":[{"@type":"ListItem","position":1,"name":"In\u00edcio","item":"https:\/\/sinditextilsp.org.br\/home\/"},{"@type":"ListItem","position":2,"name":"Acordo Mercosul\u2013Uni\u00e3o Europeia entra em vigor"}]},{"@type":"WebSite","@id":"https:\/\/sinditextilsp.org.br\/home\/#website","url":"https:\/\/sinditextilsp.org.br\/home\/","name":"Sindit\u00eaxtil-SP","description":"Sindicato T\u00eaxtil de S\u00e3o Paulo","potentialAction":[{"@type":"SearchAction","target":{"@type":"EntryPoint","urlTemplate":"https:\/\/sinditextilsp.org.br\/home\/?s={search_term_string}"},"query-input":"required name=search_term_string"}],"inLanguage":"pt-BR"},{"@type":"Person","@id":"https:\/\/sinditextilsp.org.br\/home\/#\/schema\/person\/f2652ee75ed0db87c6a4c63cfba51dd9","name":"Roberto Lima","image":{"@type":"ImageObject","inLanguage":"pt-BR","@id":"https:\/\/sinditextilsp.org.br\/home\/#\/schema\/person\/image\/","url":"https:\/\/secure.gravatar.com\/avatar\/e5e9ded7ca9297005415a6263122555b6a112c409111396e3416a952302fb1bf?s=96&d=mm&r=g","contentUrl":"https:\/\/secure.gravatar.com\/avatar\/e5e9ded7ca9297005415a6263122555b6a112c409111396e3416a952302fb1bf?s=96&d=mm&r=g","caption":"Roberto Lima"},"url":"https:\/\/sinditextilsp.org.br\/home\/author\/roberto-lima\/"}]}},"_links":{"self":[{"href":"https:\/\/sinditextilsp.org.br\/home\/wp-json\/wp\/v2\/posts\/10584","targetHints":{"allow":["GET"]}}],"collection":[{"href":"https:\/\/sinditextilsp.org.br\/home\/wp-json\/wp\/v2\/posts"}],"about":[{"href":"https:\/\/sinditextilsp.org.br\/home\/wp-json\/wp\/v2\/types\/post"}],"author":[{"embeddable":true,"href":"https:\/\/sinditextilsp.org.br\/home\/wp-json\/wp\/v2\/users\/7"}],"replies":[{"embeddable":true,"href":"https:\/\/sinditextilsp.org.br\/home\/wp-json\/wp\/v2\/comments?post=10584"}],"version-history":[{"count":1,"href":"https:\/\/sinditextilsp.org.br\/home\/wp-json\/wp\/v2\/posts\/10584\/revisions"}],"predecessor-version":[{"id":10586,"href":"https:\/\/sinditextilsp.org.br\/home\/wp-json\/wp\/v2\/posts\/10584\/revisions\/10586"}],"wp:featuredmedia":[{"embeddable":true,"href":"https:\/\/sinditextilsp.org.br\/home\/wp-json\/wp\/v2\/media\/10585"}],"wp:attachment":[{"href":"https:\/\/sinditextilsp.org.br\/home\/wp-json\/wp\/v2\/media?parent=10584"}],"wp:term":[{"taxonomy":"category","embeddable":true,"href":"https:\/\/sinditextilsp.org.br\/home\/wp-json\/wp\/v2\/categories?post=10584"},{"taxonomy":"post_tag","embeddable":true,"href":"https:\/\/sinditextilsp.org.br\/home\/wp-json\/wp\/v2\/tags?post=10584"}],"curies":[{"name":"wp","href":"https:\/\/api.w.org\/{rel}","templated":true}]}}