{"id":11406,"date":"2026-09-01T10:32:50","date_gmt":"2026-09-01T13:32:50","guid":{"rendered":"https:\/\/sinditextilsp.org.br\/home\/?p=11406"},"modified":"2026-09-01T10:32:52","modified_gmt":"2026-09-01T13:32:52","slug":"vendas-reais-da-industria-paulista-cresceram-21-em-julho","status":"publish","type":"post","link":"https:\/\/sinditextilsp.org.br\/home\/2026\/09\/vendas-reais-da-industria-paulista-cresceram-21-em-julho\/","title":{"rendered":"Vendas reais da ind\u00fastria paulista cresceram 2,1% em julho"},"content":{"rendered":"\n<p class=\"wp-block-paragraph\">As vendas reais da ind\u00fastria paulista cresceram 2,1% em julho de 2026, segundo a pesquisa Levantamento de Conjuntura, divulgada pela Fiesp (Federa\u00e7\u00e3o das Ind\u00fastrias do Estado de S\u00e3o Paulo). A varia\u00e7\u00e3o da taxa compensou o m\u00eas de junho, quando houve um recuo de 2,1%.<\/p>\n\n\n\n<p class=\"wp-block-paragraph\">A pesquisa tamb\u00e9m apontou um aumento das horas trabalhadas na produ\u00e7\u00e3o cresceram 0,2%. J\u00e1 os sal\u00e1rios reais m\u00e9dios recuaram 1,4%. Nesse cen\u00e1rio, a Fiesp projeta estabilidade (0,0%) para a produ\u00e7\u00e3o da ind\u00fastria de transforma\u00e7\u00e3o brasileira em 2026.<\/p>\n\n\n\n<p class=\"wp-block-paragraph\">Confira a pesquisa na <a href=\"https:\/\/www.fiesp.com.br\/noticias\/vendas-reais-da-industria-paulista-avancaram-21-em-julho-segundo-fiesp\/\">\u00edntegra<\/a>.<\/p>\n","protected":false},"excerpt":{"rendered":"<p>As vendas reais da ind\u00fastria paulista cresceram 2,1% em julho de 2026, segundo a pesquisa Levantamento de Conjuntura, divulgada pela Fiesp (Federa\u00e7\u00e3o das Ind\u00fastrias do Estado de S\u00e3o Paulo). A varia\u00e7\u00e3o da taxa compensou o m\u00eas de junho, quando houve um recuo de 2,1%. A pesquisa tamb\u00e9m apontou um aumento das horas trabalhadas na produ\u00e7\u00e3o [&hellip;]<\/p>\n","protected":false},"author":24,"featured_media":11407,"comment_status":"open","ping_status":"open","sticky":false,"template":"","format":"standard","meta":{"footnotes":""},"categories":[56,16],"tags":[],"class_list":["post-11406","post","type-post","status-publish","format-standard","has-post-thumbnail","hentry","category-destaques","category-noticias"],"yoast_head":"<!-- This site is optimized with the Yoast SEO plugin v22.8 - https:\/\/yoast.com\/wordpress\/plugins\/seo\/ -->\n<title>Vendas reais da ind\u00fastria paulista cresceram 2,1% em julho - Sindit\u00eaxtil-SP<\/title>\n<meta name=\"robots\" content=\"index, follow, max-snippet:-1, max-image-preview:large, max-video-preview:-1\" \/>\n<link rel=\"canonical\" href=\"https:\/\/sinditextilsp.org.br\/home\/2026\/09\/vendas-reais-da-industria-paulista-cresceram-21-em-julho\/\" \/>\n<meta property=\"og:locale\" content=\"pt_BR\" \/>\n<meta property=\"og:type\" content=\"article\" \/>\n<meta property=\"og:title\" content=\"Vendas reais da ind\u00fastria paulista cresceram 2,1% em julho - Sindit\u00eaxtil-SP\" \/>\n<meta property=\"og:description\" content=\"As vendas reais da ind\u00fastria paulista cresceram 2,1% em julho de 2026, segundo a pesquisa Levantamento de Conjuntura, divulgada pela Fiesp (Federa\u00e7\u00e3o das Ind\u00fastrias do Estado de S\u00e3o Paulo). A varia\u00e7\u00e3o da taxa compensou o m\u00eas de junho, quando houve um recuo de 2,1%. A pesquisa tamb\u00e9m apontou um aumento das horas trabalhadas na produ\u00e7\u00e3o [&hellip;]\" \/>\n<meta property=\"og:url\" content=\"https:\/\/sinditextilsp.org.br\/home\/2026\/09\/vendas-reais-da-industria-paulista-cresceram-21-em-julho\/\" \/>\n<meta property=\"og:site_name\" content=\"Sindit\u00eaxtil-SP\" \/>\n<meta property=\"article:publisher\" content=\"https:\/\/www.facebook.com\/sinditextilsp\" \/>\n<meta property=\"article:published_time\" content=\"2026-09-01T13:32:50+00:00\" \/>\n<meta property=\"article:modified_time\" content=\"2026-09-01T13:32:52+00:00\" \/>\n<meta property=\"og:image\" content=\"https:\/\/sinditextilsp.org.br\/home\/wp-content\/uploads\/2026\/09\/N0_textil_M.jpg\" \/>\n\t<meta property=\"og:image:width\" content=\"1688\" \/>\n\t<meta property=\"og:image:height\" content=\"1125\" \/>\n\t<meta property=\"og:image:type\" content=\"image\/jpeg\" \/>\n<meta name=\"author\" content=\"Lucas Marques\" \/>\n<meta name=\"twitter:card\" content=\"summary_large_image\" \/>\n<meta name=\"twitter:creator\" content=\"@SinditextilSP\" \/>\n<meta name=\"twitter:site\" content=\"@SinditextilSP\" \/>\n<meta name=\"twitter:label1\" content=\"Escrito por\" \/>\n\t<meta name=\"twitter:data1\" content=\"Lucas Marques\" \/>\n\t<meta name=\"twitter:label2\" content=\"Est. tempo de leitura\" \/>\n\t<meta name=\"twitter:data2\" content=\"1 minuto\" \/>\n<script type=\"application\/ld+json\" class=\"yoast-schema-graph\">{\"@context\":\"https:\/\/schema.org\",\"@graph\":[{\"@type\":\"WebPage\",\"@id\":\"https:\/\/sinditextilsp.org.br\/home\/2026\/09\/vendas-reais-da-industria-paulista-cresceram-21-em-julho\/\",\"url\":\"https:\/\/sinditextilsp.org.br\/home\/2026\/09\/vendas-reais-da-industria-paulista-cresceram-21-em-julho\/\",\"name\":\"Vendas reais da ind\u00fastria paulista cresceram 2,1% em julho - Sindit\u00eaxtil-SP\",\"isPartOf\":{\"@id\":\"https:\/\/sinditextilsp.org.br\/home\/#website\"},\"primaryImageOfPage\":{\"@id\":\"https:\/\/sinditextilsp.org.br\/home\/2026\/09\/vendas-reais-da-industria-paulista-cresceram-21-em-julho\/#primaryimage\"},\"image\":{\"@id\":\"https:\/\/sinditextilsp.org.br\/home\/2026\/09\/vendas-reais-da-industria-paulista-cresceram-21-em-julho\/#primaryimage\"},\"thumbnailUrl\":\"https:\/\/sinditextilsp.org.br\/home\/wp-content\/uploads\/2026\/09\/N0_textil_M.jpg\",\"datePublished\":\"2026-09-01T13:32:50+00:00\",\"dateModified\":\"2026-09-01T13:32:52+00:00\",\"author\":{\"@id\":\"https:\/\/sinditextilsp.org.br\/home\/#\/schema\/person\/4e65c054740af54f8797412c61600d37\"},\"breadcrumb\":{\"@id\":\"https:\/\/sinditextilsp.org.br\/home\/2026\/09\/vendas-reais-da-industria-paulista-cresceram-21-em-julho\/#breadcrumb\"},\"inLanguage\":\"pt-BR\",\"potentialAction\":[{\"@type\":\"ReadAction\",\"target\":[\"https:\/\/sinditextilsp.org.br\/home\/2026\/09\/vendas-reais-da-industria-paulista-cresceram-21-em-julho\/\"]}]},{\"@type\":\"ImageObject\",\"inLanguage\":\"pt-BR\",\"@id\":\"https:\/\/sinditextilsp.org.br\/home\/2026\/09\/vendas-reais-da-industria-paulista-cresceram-21-em-julho\/#primaryimage\",\"url\":\"https:\/\/sinditextilsp.org.br\/home\/wp-content\/uploads\/2026\/09\/N0_textil_M.jpg\",\"contentUrl\":\"https:\/\/sinditextilsp.org.br\/home\/wp-content\/uploads\/2026\/09\/N0_textil_M.jpg\",\"width\":1688,\"height\":1125,\"caption\":\"Vendas reais da ind\u00fastria paulista cresceram 2,1% em julho\"},{\"@type\":\"BreadcrumbList\",\"@id\":\"https:\/\/sinditextilsp.org.br\/home\/2026\/09\/vendas-reais-da-industria-paulista-cresceram-21-em-julho\/#breadcrumb\",\"itemListElement\":[{\"@type\":\"ListItem\",\"position\":1,\"name\":\"In\u00edcio\",\"item\":\"https:\/\/sinditextilsp.org.br\/home\/\"},{\"@type\":\"ListItem\",\"position\":2,\"name\":\"Vendas reais da ind\u00fastria paulista cresceram 2,1% em julho\"}]},{\"@type\":\"WebSite\",\"@id\":\"https:\/\/sinditextilsp.org.br\/home\/#website\",\"url\":\"https:\/\/sinditextilsp.org.br\/home\/\",\"name\":\"Sindit\u00eaxtil-SP\",\"description\":\"Sindicato T\u00eaxtil de S\u00e3o Paulo\",\"potentialAction\":[{\"@type\":\"SearchAction\",\"target\":{\"@type\":\"EntryPoint\",\"urlTemplate\":\"https:\/\/sinditextilsp.org.br\/home\/?s={search_term_string}\"},\"query-input\":\"required name=search_term_string\"}],\"inLanguage\":\"pt-BR\"},{\"@type\":\"Person\",\"@id\":\"https:\/\/sinditextilsp.org.br\/home\/#\/schema\/person\/4e65c054740af54f8797412c61600d37\",\"name\":\"Lucas Marques\",\"image\":{\"@type\":\"ImageObject\",\"inLanguage\":\"pt-BR\",\"@id\":\"https:\/\/sinditextilsp.org.br\/home\/#\/schema\/person\/image\/\",\"url\":\"https:\/\/secure.gravatar.com\/avatar\/43f88c5a094ee2b7dc2dd89ee6d58d520b2b89aa468efd2984b4cf4f143811d2?s=96&d=mm&r=g\",\"contentUrl\":\"https:\/\/secure.gravatar.com\/avatar\/43f88c5a094ee2b7dc2dd89ee6d58d520b2b89aa468efd2984b4cf4f143811d2?s=96&d=mm&r=g\",\"caption\":\"Lucas Marques\"},\"url\":\"https:\/\/sinditextilsp.org.br\/home\/author\/redator\/\"}]}<\/script>\n<!-- \/ Yoast SEO plugin. -->","yoast_head_json":{"title":"Vendas reais da ind\u00fastria paulista cresceram 2,1% em julho - Sindit\u00eaxtil-SP","robots":{"index":"index","follow":"follow","max-snippet":"max-snippet:-1","max-image-preview":"max-image-preview:large","max-video-preview":"max-video-preview:-1"},"canonical":"https:\/\/sinditextilsp.org.br\/home\/2026\/09\/vendas-reais-da-industria-paulista-cresceram-21-em-julho\/","og_locale":"pt_BR","og_type":"article","og_title":"Vendas reais da ind\u00fastria paulista cresceram 2,1% em julho - Sindit\u00eaxtil-SP","og_description":"As vendas reais da ind\u00fastria paulista cresceram 2,1% em julho de 2026, segundo a pesquisa Levantamento de Conjuntura, divulgada pela Fiesp (Federa\u00e7\u00e3o das Ind\u00fastrias do Estado de S\u00e3o Paulo). A varia\u00e7\u00e3o da taxa compensou o m\u00eas de junho, quando houve um recuo de 2,1%. A pesquisa tamb\u00e9m apontou um aumento das horas trabalhadas na produ\u00e7\u00e3o [&hellip;]","og_url":"https:\/\/sinditextilsp.org.br\/home\/2026\/09\/vendas-reais-da-industria-paulista-cresceram-21-em-julho\/","og_site_name":"Sindit\u00eaxtil-SP","article_publisher":"https:\/\/www.facebook.com\/sinditextilsp","article_published_time":"2026-09-01T13:32:50+00:00","article_modified_time":"2026-09-01T13:32:52+00:00","og_image":[{"width":1688,"height":1125,"url":"https:\/\/sinditextilsp.org.br\/home\/wp-content\/uploads\/2026\/09\/N0_textil_M.jpg","type":"image\/jpeg"}],"author":"Lucas Marques","twitter_card":"summary_large_image","twitter_creator":"@SinditextilSP","twitter_site":"@SinditextilSP","twitter_misc":{"Escrito por":"Lucas Marques","Est. tempo de leitura":"1 minuto"},"schema":{"@context":"https:\/\/schema.org","@graph":[{"@type":"WebPage","@id":"https:\/\/sinditextilsp.org.br\/home\/2026\/09\/vendas-reais-da-industria-paulista-cresceram-21-em-julho\/","url":"https:\/\/sinditextilsp.org.br\/home\/2026\/09\/vendas-reais-da-industria-paulista-cresceram-21-em-julho\/","name":"Vendas reais da ind\u00fastria paulista cresceram 2,1% em julho - Sindit\u00eaxtil-SP","isPartOf":{"@id":"https:\/\/sinditextilsp.org.br\/home\/#website"},"primaryImageOfPage":{"@id":"https:\/\/sinditextilsp.org.br\/home\/2026\/09\/vendas-reais-da-industria-paulista-cresceram-21-em-julho\/#primaryimage"},"image":{"@id":"https:\/\/sinditextilsp.org.br\/home\/2026\/09\/vendas-reais-da-industria-paulista-cresceram-21-em-julho\/#primaryimage"},"thumbnailUrl":"https:\/\/sinditextilsp.org.br\/home\/wp-content\/uploads\/2026\/09\/N0_textil_M.jpg","datePublished":"2026-09-01T13:32:50+00:00","dateModified":"2026-09-01T13:32:52+00:00","author":{"@id":"https:\/\/sinditextilsp.org.br\/home\/#\/schema\/person\/4e65c054740af54f8797412c61600d37"},"breadcrumb":{"@id":"https:\/\/sinditextilsp.org.br\/home\/2026\/09\/vendas-reais-da-industria-paulista-cresceram-21-em-julho\/#breadcrumb"},"inLanguage":"pt-BR","potentialAction":[{"@type":"ReadAction","target":["https:\/\/sinditextilsp.org.br\/home\/2026\/09\/vendas-reais-da-industria-paulista-cresceram-21-em-julho\/"]}]},{"@type":"ImageObject","inLanguage":"pt-BR","@id":"https:\/\/sinditextilsp.org.br\/home\/2026\/09\/vendas-reais-da-industria-paulista-cresceram-21-em-julho\/#primaryimage","url":"https:\/\/sinditextilsp.org.br\/home\/wp-content\/uploads\/2026\/09\/N0_textil_M.jpg","contentUrl":"https:\/\/sinditextilsp.org.br\/home\/wp-content\/uploads\/2026\/09\/N0_textil_M.jpg","width":1688,"height":1125,"caption":"Vendas reais da ind\u00fastria paulista cresceram 2,1% em julho"},{"@type":"BreadcrumbList","@id":"https:\/\/sinditextilsp.org.br\/home\/2026\/09\/vendas-reais-da-industria-paulista-cresceram-21-em-julho\/#breadcrumb","itemListElement":[{"@type":"ListItem","position":1,"name":"In\u00edcio","item":"https:\/\/sinditextilsp.org.br\/home\/"},{"@type":"ListItem","position":2,"name":"Vendas reais da ind\u00fastria paulista cresceram 2,1% em julho"}]},{"@type":"WebSite","@id":"https:\/\/sinditextilsp.org.br\/home\/#website","url":"https:\/\/sinditextilsp.org.br\/home\/","name":"Sindit\u00eaxtil-SP","description":"Sindicato T\u00eaxtil de S\u00e3o Paulo","potentialAction":[{"@type":"SearchAction","target":{"@type":"EntryPoint","urlTemplate":"https:\/\/sinditextilsp.org.br\/home\/?s={search_term_string}"},"query-input":"required name=search_term_string"}],"inLanguage":"pt-BR"},{"@type":"Person","@id":"https:\/\/sinditextilsp.org.br\/home\/#\/schema\/person\/4e65c054740af54f8797412c61600d37","name":"Lucas Marques","image":{"@type":"ImageObject","inLanguage":"pt-BR","@id":"https:\/\/sinditextilsp.org.br\/home\/#\/schema\/person\/image\/","url":"https:\/\/secure.gravatar.com\/avatar\/43f88c5a094ee2b7dc2dd89ee6d58d520b2b89aa468efd2984b4cf4f143811d2?s=96&d=mm&r=g","contentUrl":"https:\/\/secure.gravatar.com\/avatar\/43f88c5a094ee2b7dc2dd89ee6d58d520b2b89aa468efd2984b4cf4f143811d2?s=96&d=mm&r=g","caption":"Lucas Marques"},"url":"https:\/\/sinditextilsp.org.br\/home\/author\/redator\/"}]}},"_links":{"self":[{"href":"https:\/\/sinditextilsp.org.br\/home\/wp-json\/wp\/v2\/posts\/11406","targetHints":{"allow":["GET"]}}],"collection":[{"href":"https:\/\/sinditextilsp.org.br\/home\/wp-json\/wp\/v2\/posts"}],"about":[{"href":"https:\/\/sinditextilsp.org.br\/home\/wp-json\/wp\/v2\/types\/post"}],"author":[{"embeddable":true,"href":"https:\/\/sinditextilsp.org.br\/home\/wp-json\/wp\/v2\/users\/24"}],"replies":[{"embeddable":true,"href":"https:\/\/sinditextilsp.org.br\/home\/wp-json\/wp\/v2\/comments?post=11406"}],"version-history":[{"count":1,"href":"https:\/\/sinditextilsp.org.br\/home\/wp-json\/wp\/v2\/posts\/11406\/revisions"}],"predecessor-version":[{"id":11408,"href":"https:\/\/sinditextilsp.org.br\/home\/wp-json\/wp\/v2\/posts\/11406\/revisions\/11408"}],"wp:featuredmedia":[{"embeddable":true,"href":"https:\/\/sinditextilsp.org.br\/home\/wp-json\/wp\/v2\/media\/11407"}],"wp:attachment":[{"href":"https:\/\/sinditextilsp.org.br\/home\/wp-json\/wp\/v2\/media?parent=11406"}],"wp:term":[{"taxonomy":"category","embeddable":true,"href":"https:\/\/sinditextilsp.org.br\/home\/wp-json\/wp\/v2\/categories?post=11406"},{"taxonomy":"post_tag","embeddable":true,"href":"https:\/\/sinditextilsp.org.br\/home\/wp-json\/wp\/v2\/tags?post=11406"}],"curies":[{"name":"wp","href":"https:\/\/api.w.org\/{rel}","templated":true}]}}