{"id":11436,"date":"2026-09-02T12:14:15","date_gmt":"2026-09-02T15:14:15","guid":{"rendered":"https:\/\/sinditextilsp.org.br\/home\/?p=11436"},"modified":"2026-09-02T12:14:18","modified_gmt":"2026-09-02T15:14:18","slug":"bangladesh-e-holanda-assinam-entendimento-a-favor-da-economia-circular","status":"publish","type":"post","link":"https:\/\/sinditextilsp.org.br\/home\/2026\/09\/bangladesh-e-holanda-assinam-entendimento-a-favor-da-economia-circular\/","title":{"rendered":"Bangladesh e Holanda assinam entendimento a favor da economia circular"},"content":{"rendered":"\n<p class=\"wp-block-paragraph\"><em>Cr\u00e9ditos da foto: Minist\u00e9rio da Economia e do Clima da Holanda<\/em><\/p>\n\n\n\n<p class=\"wp-block-paragraph\">Em 17 de agosto, Bangladesh e Holanda assinaram um memorando de entendimento para promover pr\u00e1ticas de economia circular na ind\u00fastria t\u00eaxtil e de vestu\u00e1rio.&nbsp;<\/p>\n\n\n\n<p class=\"wp-block-paragraph\">O documento estabelece a coopera\u00e7\u00e3o dos pa\u00edses para promover efici\u00eancia na utiliza\u00e7\u00e3o de recursos, reciclagem, redu\u00e7\u00e3o de res\u00edduos, produ\u00e7\u00e3o sustent\u00e1vel e industrializa\u00e7\u00e3o verde.<\/p>\n\n\n\n<p class=\"wp-block-paragraph\">Segundo o site <a href=\"https:\/\/portugaltextil.com\/paises-baixos-e-bangladesh-unidos-na-economia-circular\/\">Portugal T\u00eaxtil<\/a>, o memorando foi assinado pela ministra para o Clima e o Crescimento Verde da Holanda, Stientje van Veldhoven, e pelo ministro do Com\u00e9rcio de Bangladesh, Khandakar Abdul Muktadi.<\/p>\n\n\n\n<p class=\"wp-block-paragraph\">O documento integra uma s\u00e9rie de pr\u00e1ticas da Holanda para alcan\u00e7ar uma economia totalmente circular at\u00e9 2050. Bangladesh entende tamb\u00e9m que o memorando auxilia no objetivo de tornar o setor t\u00eaxtil do pa\u00eds mais resiliente \u00e0s altera\u00e7\u00f5es clim\u00e1ticas e preparado para o com\u00e9rcio global.<\/p>\n\n\n\n<p class=\"wp-block-paragraph\"><\/p>\n","protected":false},"excerpt":{"rendered":"<p>Cr\u00e9ditos da foto: Minist\u00e9rio da Economia e do Clima da Holanda Em 17 de agosto, Bangladesh e Holanda assinaram um memorando de entendimento para promover pr\u00e1ticas de economia circular na ind\u00fastria t\u00eaxtil e de vestu\u00e1rio.&nbsp; O documento estabelece a coopera\u00e7\u00e3o dos pa\u00edses para promover efici\u00eancia na utiliza\u00e7\u00e3o de recursos, reciclagem, redu\u00e7\u00e3o de res\u00edduos, produ\u00e7\u00e3o sustent\u00e1vel [&hellip;]<\/p>\n","protected":false},"author":24,"featured_media":11437,"comment_status":"open","ping_status":"open","sticky":false,"template":"","format":"standard","meta":{"footnotes":""},"categories":[56,16],"tags":[],"class_list":["post-11436","post","type-post","status-publish","format-standard","has-post-thumbnail","hentry","category-destaques","category-noticias"],"yoast_head":"<!-- This site is optimized with the Yoast SEO plugin v22.8 - https:\/\/yoast.com\/wordpress\/plugins\/seo\/ -->\n<title>Bangladesh e Holanda assinam entendimento a favor da economia circular - Sindit\u00eaxtil-SP<\/title>\n<meta name=\"robots\" content=\"index, follow, max-snippet:-1, max-image-preview:large, max-video-preview:-1\" \/>\n<link rel=\"canonical\" href=\"https:\/\/sinditextilsp.org.br\/home\/2026\/09\/bangladesh-e-holanda-assinam-entendimento-a-favor-da-economia-circular\/\" \/>\n<meta property=\"og:locale\" content=\"pt_BR\" \/>\n<meta property=\"og:type\" content=\"article\" \/>\n<meta property=\"og:title\" content=\"Bangladesh e Holanda assinam entendimento a favor da economia circular - Sindit\u00eaxtil-SP\" \/>\n<meta property=\"og:description\" content=\"Cr\u00e9ditos da foto: Minist\u00e9rio da Economia e do Clima da Holanda Em 17 de agosto, Bangladesh e Holanda assinaram um memorando de entendimento para promover pr\u00e1ticas de economia circular na ind\u00fastria t\u00eaxtil e de vestu\u00e1rio.&nbsp; O documento estabelece a coopera\u00e7\u00e3o dos pa\u00edses para promover efici\u00eancia na utiliza\u00e7\u00e3o de recursos, reciclagem, redu\u00e7\u00e3o de res\u00edduos, produ\u00e7\u00e3o sustent\u00e1vel [&hellip;]\" \/>\n<meta property=\"og:url\" content=\"https:\/\/sinditextilsp.org.br\/home\/2026\/09\/bangladesh-e-holanda-assinam-entendimento-a-favor-da-economia-circular\/\" \/>\n<meta property=\"og:site_name\" content=\"Sindit\u00eaxtil-SP\" \/>\n<meta property=\"article:publisher\" content=\"https:\/\/www.facebook.com\/sinditextilsp\" \/>\n<meta property=\"article:published_time\" content=\"2026-09-02T15:14:15+00:00\" \/>\n<meta property=\"article:modified_time\" content=\"2026-09-02T15:14:18+00:00\" \/>\n<meta property=\"og:image\" content=\"https:\/\/sinditextilsp.org.br\/home\/wp-content\/uploads\/2026\/09\/Bangladesh_1setembro2026_Faiyaz-Murshid-Kazi-e-Stientje-van-Veldhoven\u00a9Ministerio-da-Economia-e-do-Clima-dos-Paises-Baixos-696x464-1.jpg\" \/>\n\t<meta property=\"og:image:width\" content=\"696\" \/>\n\t<meta property=\"og:image:height\" content=\"464\" \/>\n\t<meta property=\"og:image:type\" content=\"image\/jpeg\" \/>\n<meta name=\"author\" content=\"Lucas Marques\" \/>\n<meta name=\"twitter:card\" content=\"summary_large_image\" \/>\n<meta name=\"twitter:creator\" content=\"@SinditextilSP\" \/>\n<meta name=\"twitter:site\" content=\"@SinditextilSP\" \/>\n<meta name=\"twitter:label1\" content=\"Escrito por\" \/>\n\t<meta name=\"twitter:data1\" content=\"Lucas Marques\" \/>\n\t<meta name=\"twitter:label2\" content=\"Est. tempo de leitura\" \/>\n\t<meta name=\"twitter:data2\" content=\"1 minuto\" \/>\n<script type=\"application\/ld+json\" class=\"yoast-schema-graph\">{\"@context\":\"https:\/\/schema.org\",\"@graph\":[{\"@type\":\"WebPage\",\"@id\":\"https:\/\/sinditextilsp.org.br\/home\/2026\/09\/bangladesh-e-holanda-assinam-entendimento-a-favor-da-economia-circular\/\",\"url\":\"https:\/\/sinditextilsp.org.br\/home\/2026\/09\/bangladesh-e-holanda-assinam-entendimento-a-favor-da-economia-circular\/\",\"name\":\"Bangladesh e Holanda assinam entendimento a favor da economia circular - Sindit\u00eaxtil-SP\",\"isPartOf\":{\"@id\":\"https:\/\/sinditextilsp.org.br\/home\/#website\"},\"primaryImageOfPage\":{\"@id\":\"https:\/\/sinditextilsp.org.br\/home\/2026\/09\/bangladesh-e-holanda-assinam-entendimento-a-favor-da-economia-circular\/#primaryimage\"},\"image\":{\"@id\":\"https:\/\/sinditextilsp.org.br\/home\/2026\/09\/bangladesh-e-holanda-assinam-entendimento-a-favor-da-economia-circular\/#primaryimage\"},\"thumbnailUrl\":\"https:\/\/sinditextilsp.org.br\/home\/wp-content\/uploads\/2026\/09\/Bangladesh_1setembro2026_Faiyaz-Murshid-Kazi-e-Stientje-van-Veldhoven\u00a9Ministerio-da-Economia-e-do-Clima-dos-Paises-Baixos-696x464-1.jpg\",\"datePublished\":\"2026-09-02T15:14:15+00:00\",\"dateModified\":\"2026-09-02T15:14:18+00:00\",\"author\":{\"@id\":\"https:\/\/sinditextilsp.org.br\/home\/#\/schema\/person\/4e65c054740af54f8797412c61600d37\"},\"breadcrumb\":{\"@id\":\"https:\/\/sinditextilsp.org.br\/home\/2026\/09\/bangladesh-e-holanda-assinam-entendimento-a-favor-da-economia-circular\/#breadcrumb\"},\"inLanguage\":\"pt-BR\",\"potentialAction\":[{\"@type\":\"ReadAction\",\"target\":[\"https:\/\/sinditextilsp.org.br\/home\/2026\/09\/bangladesh-e-holanda-assinam-entendimento-a-favor-da-economia-circular\/\"]}]},{\"@type\":\"ImageObject\",\"inLanguage\":\"pt-BR\",\"@id\":\"https:\/\/sinditextilsp.org.br\/home\/2026\/09\/bangladesh-e-holanda-assinam-entendimento-a-favor-da-economia-circular\/#primaryimage\",\"url\":\"https:\/\/sinditextilsp.org.br\/home\/wp-content\/uploads\/2026\/09\/Bangladesh_1setembro2026_Faiyaz-Murshid-Kazi-e-Stientje-van-Veldhoven\u00a9Ministerio-da-Economia-e-do-Clima-dos-Paises-Baixos-696x464-1.jpg\",\"contentUrl\":\"https:\/\/sinditextilsp.org.br\/home\/wp-content\/uploads\/2026\/09\/Bangladesh_1setembro2026_Faiyaz-Murshid-Kazi-e-Stientje-van-Veldhoven\u00a9Ministerio-da-Economia-e-do-Clima-dos-Paises-Baixos-696x464-1.jpg\",\"width\":696,\"height\":464},{\"@type\":\"BreadcrumbList\",\"@id\":\"https:\/\/sinditextilsp.org.br\/home\/2026\/09\/bangladesh-e-holanda-assinam-entendimento-a-favor-da-economia-circular\/#breadcrumb\",\"itemListElement\":[{\"@type\":\"ListItem\",\"position\":1,\"name\":\"In\u00edcio\",\"item\":\"https:\/\/sinditextilsp.org.br\/home\/\"},{\"@type\":\"ListItem\",\"position\":2,\"name\":\"Bangladesh e Holanda assinam entendimento a favor da economia circular\"}]},{\"@type\":\"WebSite\",\"@id\":\"https:\/\/sinditextilsp.org.br\/home\/#website\",\"url\":\"https:\/\/sinditextilsp.org.br\/home\/\",\"name\":\"Sindit\u00eaxtil-SP\",\"description\":\"Sindicato T\u00eaxtil de S\u00e3o Paulo\",\"potentialAction\":[{\"@type\":\"SearchAction\",\"target\":{\"@type\":\"EntryPoint\",\"urlTemplate\":\"https:\/\/sinditextilsp.org.br\/home\/?s={search_term_string}\"},\"query-input\":\"required name=search_term_string\"}],\"inLanguage\":\"pt-BR\"},{\"@type\":\"Person\",\"@id\":\"https:\/\/sinditextilsp.org.br\/home\/#\/schema\/person\/4e65c054740af54f8797412c61600d37\",\"name\":\"Lucas Marques\",\"image\":{\"@type\":\"ImageObject\",\"inLanguage\":\"pt-BR\",\"@id\":\"https:\/\/sinditextilsp.org.br\/home\/#\/schema\/person\/image\/\",\"url\":\"https:\/\/secure.gravatar.com\/avatar\/43f88c5a094ee2b7dc2dd89ee6d58d520b2b89aa468efd2984b4cf4f143811d2?s=96&d=mm&r=g\",\"contentUrl\":\"https:\/\/secure.gravatar.com\/avatar\/43f88c5a094ee2b7dc2dd89ee6d58d520b2b89aa468efd2984b4cf4f143811d2?s=96&d=mm&r=g\",\"caption\":\"Lucas Marques\"},\"url\":\"https:\/\/sinditextilsp.org.br\/home\/author\/redator\/\"}]}<\/script>\n<!-- \/ Yoast SEO plugin. -->","yoast_head_json":{"title":"Bangladesh e Holanda assinam entendimento a favor da economia circular - Sindit\u00eaxtil-SP","robots":{"index":"index","follow":"follow","max-snippet":"max-snippet:-1","max-image-preview":"max-image-preview:large","max-video-preview":"max-video-preview:-1"},"canonical":"https:\/\/sinditextilsp.org.br\/home\/2026\/09\/bangladesh-e-holanda-assinam-entendimento-a-favor-da-economia-circular\/","og_locale":"pt_BR","og_type":"article","og_title":"Bangladesh e Holanda assinam entendimento a favor da economia circular - Sindit\u00eaxtil-SP","og_description":"Cr\u00e9ditos da foto: Minist\u00e9rio da Economia e do Clima da Holanda Em 17 de agosto, Bangladesh e Holanda assinaram um memorando de entendimento para promover pr\u00e1ticas de economia circular na ind\u00fastria t\u00eaxtil e de vestu\u00e1rio.&nbsp; O documento estabelece a coopera\u00e7\u00e3o dos pa\u00edses para promover efici\u00eancia na utiliza\u00e7\u00e3o de recursos, reciclagem, redu\u00e7\u00e3o de res\u00edduos, produ\u00e7\u00e3o sustent\u00e1vel [&hellip;]","og_url":"https:\/\/sinditextilsp.org.br\/home\/2026\/09\/bangladesh-e-holanda-assinam-entendimento-a-favor-da-economia-circular\/","og_site_name":"Sindit\u00eaxtil-SP","article_publisher":"https:\/\/www.facebook.com\/sinditextilsp","article_published_time":"2026-09-02T15:14:15+00:00","article_modified_time":"2026-09-02T15:14:18+00:00","og_image":[{"width":696,"height":464,"url":"https:\/\/sinditextilsp.org.br\/home\/wp-content\/uploads\/2026\/09\/Bangladesh_1setembro2026_Faiyaz-Murshid-Kazi-e-Stientje-van-Veldhoven\u00a9Ministerio-da-Economia-e-do-Clima-dos-Paises-Baixos-696x464-1.jpg","type":"image\/jpeg"}],"author":"Lucas Marques","twitter_card":"summary_large_image","twitter_creator":"@SinditextilSP","twitter_site":"@SinditextilSP","twitter_misc":{"Escrito por":"Lucas Marques","Est. tempo de leitura":"1 minuto"},"schema":{"@context":"https:\/\/schema.org","@graph":[{"@type":"WebPage","@id":"https:\/\/sinditextilsp.org.br\/home\/2026\/09\/bangladesh-e-holanda-assinam-entendimento-a-favor-da-economia-circular\/","url":"https:\/\/sinditextilsp.org.br\/home\/2026\/09\/bangladesh-e-holanda-assinam-entendimento-a-favor-da-economia-circular\/","name":"Bangladesh e Holanda assinam entendimento a favor da economia circular - Sindit\u00eaxtil-SP","isPartOf":{"@id":"https:\/\/sinditextilsp.org.br\/home\/#website"},"primaryImageOfPage":{"@id":"https:\/\/sinditextilsp.org.br\/home\/2026\/09\/bangladesh-e-holanda-assinam-entendimento-a-favor-da-economia-circular\/#primaryimage"},"image":{"@id":"https:\/\/sinditextilsp.org.br\/home\/2026\/09\/bangladesh-e-holanda-assinam-entendimento-a-favor-da-economia-circular\/#primaryimage"},"thumbnailUrl":"https:\/\/sinditextilsp.org.br\/home\/wp-content\/uploads\/2026\/09\/Bangladesh_1setembro2026_Faiyaz-Murshid-Kazi-e-Stientje-van-Veldhoven\u00a9Ministerio-da-Economia-e-do-Clima-dos-Paises-Baixos-696x464-1.jpg","datePublished":"2026-09-02T15:14:15+00:00","dateModified":"2026-09-02T15:14:18+00:00","author":{"@id":"https:\/\/sinditextilsp.org.br\/home\/#\/schema\/person\/4e65c054740af54f8797412c61600d37"},"breadcrumb":{"@id":"https:\/\/sinditextilsp.org.br\/home\/2026\/09\/bangladesh-e-holanda-assinam-entendimento-a-favor-da-economia-circular\/#breadcrumb"},"inLanguage":"pt-BR","potentialAction":[{"@type":"ReadAction","target":["https:\/\/sinditextilsp.org.br\/home\/2026\/09\/bangladesh-e-holanda-assinam-entendimento-a-favor-da-economia-circular\/"]}]},{"@type":"ImageObject","inLanguage":"pt-BR","@id":"https:\/\/sinditextilsp.org.br\/home\/2026\/09\/bangladesh-e-holanda-assinam-entendimento-a-favor-da-economia-circular\/#primaryimage","url":"https:\/\/sinditextilsp.org.br\/home\/wp-content\/uploads\/2026\/09\/Bangladesh_1setembro2026_Faiyaz-Murshid-Kazi-e-Stientje-van-Veldhoven\u00a9Ministerio-da-Economia-e-do-Clima-dos-Paises-Baixos-696x464-1.jpg","contentUrl":"https:\/\/sinditextilsp.org.br\/home\/wp-content\/uploads\/2026\/09\/Bangladesh_1setembro2026_Faiyaz-Murshid-Kazi-e-Stientje-van-Veldhoven\u00a9Ministerio-da-Economia-e-do-Clima-dos-Paises-Baixos-696x464-1.jpg","width":696,"height":464},{"@type":"BreadcrumbList","@id":"https:\/\/sinditextilsp.org.br\/home\/2026\/09\/bangladesh-e-holanda-assinam-entendimento-a-favor-da-economia-circular\/#breadcrumb","itemListElement":[{"@type":"ListItem","position":1,"name":"In\u00edcio","item":"https:\/\/sinditextilsp.org.br\/home\/"},{"@type":"ListItem","position":2,"name":"Bangladesh e Holanda assinam entendimento a favor da economia circular"}]},{"@type":"WebSite","@id":"https:\/\/sinditextilsp.org.br\/home\/#website","url":"https:\/\/sinditextilsp.org.br\/home\/","name":"Sindit\u00eaxtil-SP","description":"Sindicato T\u00eaxtil de S\u00e3o Paulo","potentialAction":[{"@type":"SearchAction","target":{"@type":"EntryPoint","urlTemplate":"https:\/\/sinditextilsp.org.br\/home\/?s={search_term_string}"},"query-input":"required name=search_term_string"}],"inLanguage":"pt-BR"},{"@type":"Person","@id":"https:\/\/sinditextilsp.org.br\/home\/#\/schema\/person\/4e65c054740af54f8797412c61600d37","name":"Lucas Marques","image":{"@type":"ImageObject","inLanguage":"pt-BR","@id":"https:\/\/sinditextilsp.org.br\/home\/#\/schema\/person\/image\/","url":"https:\/\/secure.gravatar.com\/avatar\/43f88c5a094ee2b7dc2dd89ee6d58d520b2b89aa468efd2984b4cf4f143811d2?s=96&d=mm&r=g","contentUrl":"https:\/\/secure.gravatar.com\/avatar\/43f88c5a094ee2b7dc2dd89ee6d58d520b2b89aa468efd2984b4cf4f143811d2?s=96&d=mm&r=g","caption":"Lucas Marques"},"url":"https:\/\/sinditextilsp.org.br\/home\/author\/redator\/"}]}},"_links":{"self":[{"href":"https:\/\/sinditextilsp.org.br\/home\/wp-json\/wp\/v2\/posts\/11436","targetHints":{"allow":["GET"]}}],"collection":[{"href":"https:\/\/sinditextilsp.org.br\/home\/wp-json\/wp\/v2\/posts"}],"about":[{"href":"https:\/\/sinditextilsp.org.br\/home\/wp-json\/wp\/v2\/types\/post"}],"author":[{"embeddable":true,"href":"https:\/\/sinditextilsp.org.br\/home\/wp-json\/wp\/v2\/users\/24"}],"replies":[{"embeddable":true,"href":"https:\/\/sinditextilsp.org.br\/home\/wp-json\/wp\/v2\/comments?post=11436"}],"version-history":[{"count":1,"href":"https:\/\/sinditextilsp.org.br\/home\/wp-json\/wp\/v2\/posts\/11436\/revisions"}],"predecessor-version":[{"id":11438,"href":"https:\/\/sinditextilsp.org.br\/home\/wp-json\/wp\/v2\/posts\/11436\/revisions\/11438"}],"wp:featuredmedia":[{"embeddable":true,"href":"https:\/\/sinditextilsp.org.br\/home\/wp-json\/wp\/v2\/media\/11437"}],"wp:attachment":[{"href":"https:\/\/sinditextilsp.org.br\/home\/wp-json\/wp\/v2\/media?parent=11436"}],"wp:term":[{"taxonomy":"category","embeddable":true,"href":"https:\/\/sinditextilsp.org.br\/home\/wp-json\/wp\/v2\/categories?post=11436"},{"taxonomy":"post_tag","embeddable":true,"href":"https:\/\/sinditextilsp.org.br\/home\/wp-json\/wp\/v2\/tags?post=11436"}],"curies":[{"name":"wp","href":"https:\/\/api.w.org\/{rel}","templated":true}]}}