{"id":11439,"date":"2026-09-04T08:23:14","date_gmt":"2026-09-04T11:23:14","guid":{"rendered":"https:\/\/sinditextilsp.org.br\/home\/?p=11439"},"modified":"2026-09-04T08:24:31","modified_gmt":"2026-09-04T11:24:31","slug":"sinditextil-sp-reune-sindicatos-de-trabalhadores-no-forum-sindical","status":"publish","type":"post","link":"https:\/\/sinditextilsp.org.br\/home\/2026\/09\/sinditextil-sp-reune-sindicatos-de-trabalhadores-no-forum-sindical\/","title":{"rendered":"Sindit\u00eaxtil-SP re\u00fane sindicatos de trabalhadores no F\u00f3rum Sindical"},"content":{"rendered":"\n<p class=\"wp-block-paragraph\">O Sindit\u00eaxtil-SP realizou, no dia 3 de setembro, o F\u00f3rum Sindical, em sua sede, na capital paulista.<\/p>\n\n\n\n<p class=\"wp-block-paragraph\">Luiz Arthur Pacheco, presidente do Sindit\u00eaxtil-SP, abriu a reuni\u00e3o e Julio Scudeler, presidente em\u00e9rito, coordenou o encontro. O F\u00f3rum contou com a participa\u00e7\u00e3o dos representantes da Federa\u00e7\u00e3o dos Trabalhadores nas Ind\u00fastrias de Fia\u00e7\u00e3o e Tecelagem do Estado de S\u00e3o Paulo (FEDTEX), do Sindicato dos Trabalhadores de Atibaia, Guaratinguet\u00e1, Guarulhos, Jacare\u00ed, Jundia\u00ed, Mogi das Cruzes, Santa B\u00e1rbara, S\u00e3o Roque, S\u00e3o Paulo, Taubat\u00e9, e o Sindicato dos Mestres e Contra-Mestres da Ind\u00fastria T\u00eaxtil. A assembleia tamb\u00e9m foi integrada por representantes das empresas Santista, Rama Consultoria e Rhodia.<\/p>\n\n\n<div class=\"wp-block-image\">\n<figure class=\"aligncenter size-large\"><img loading=\"lazy\" decoding=\"async\" width=\"1024\" height=\"577\" src=\"https:\/\/sinditextilsp.org.br\/home\/wp-content\/uploads\/2026\/09\/20260903_100800-1024x577.jpg\" alt=\"\" class=\"wp-image-11441\" srcset=\"https:\/\/sinditextilsp.org.br\/home\/wp-content\/uploads\/2026\/09\/20260903_100800-1024x577.jpg 1024w, https:\/\/sinditextilsp.org.br\/home\/wp-content\/uploads\/2026\/09\/20260903_100800-767x432.jpg 767w, https:\/\/sinditextilsp.org.br\/home\/wp-content\/uploads\/2026\/09\/20260903_100800-640x360.jpg 640w, https:\/\/sinditextilsp.org.br\/home\/wp-content\/uploads\/2026\/09\/20260903_100800-400x225.jpg 400w, https:\/\/sinditextilsp.org.br\/home\/wp-content\/uploads\/2026\/09\/20260903_100800-367x207.jpg 367w\" sizes=\"auto, (max-width: 1024px) 100vw, 1024px\" \/><figcaption class=\"wp-element-caption\"><em>Da esquerda para a direita: Julio Scudeler e Luiz Arthur Pacheco<\/em><\/figcaption><\/figure>\n<\/div>\n\n\n<p class=\"wp-block-paragraph\">Na abertura, Pacheco destacou os desafios atuais da ind\u00fastria, como as movimenta\u00e7\u00f5es pelo fim da al\u00edquota do Imposto de Importa\u00e7\u00e3o sobre produtos importados de at\u00e9 US$ 50, e ressaltou as negocia\u00e7\u00f5es pela prorroga\u00e7\u00e3o do cr\u00e9dito outorgado do ICMS. Depois, Scudeler orientou as discuss\u00f5es da assembleia.<\/p>\n\n\n\n<p class=\"wp-block-paragraph\">Durante a reuni\u00e3o, o economista do Sindit\u00eaxtil-SP, Haroldo Silva, apresentou os dados do setor t\u00eaxtil e de confec\u00e7\u00e3o em 2026. A exibi\u00e7\u00e3o evidenciou o aumento das importa\u00e7\u00f5es no mercado brasileiro.<\/p>\n\n\n\n<figure class=\"wp-block-embed aligncenter is-type-video is-provider-youtube wp-block-embed-youtube wp-embed-aspect-9-16 wp-has-aspect-ratio\"><div class=\"wp-block-embed__wrapper\">\n<iframe loading=\"lazy\" title=\"Sindit\u00eaxtil-SP re\u00fane sindicatos paulistas no F\u00f3rum Sindical\" width=\"563\" height=\"1000\" src=\"https:\/\/www.youtube.com\/embed\/XQIgoZj-pzA?feature=oembed\" frameborder=\"0\" allow=\"accelerometer; autoplay; clipboard-write; encrypted-media; gyroscope; picture-in-picture; web-share\" referrerpolicy=\"strict-origin-when-cross-origin\" allowfullscreen><\/iframe>\n<\/div><\/figure>\n","protected":false},"excerpt":{"rendered":"<p>O Sindit\u00eaxtil-SP realizou, no dia 3 de setembro, o F\u00f3rum Sindical, em sua sede, na capital paulista. Luiz Arthur Pacheco, presidente do Sindit\u00eaxtil-SP, abriu a reuni\u00e3o e Julio Scudeler, presidente em\u00e9rito, coordenou o encontro. O F\u00f3rum contou com a participa\u00e7\u00e3o dos representantes da Federa\u00e7\u00e3o dos Trabalhadores nas Ind\u00fastrias de Fia\u00e7\u00e3o e Tecelagem do Estado de [&hellip;]<\/p>\n","protected":false},"author":24,"featured_media":11440,"comment_status":"open","ping_status":"open","sticky":false,"template":"","format":"standard","meta":{"footnotes":""},"categories":[56,16],"tags":[],"class_list":["post-11439","post","type-post","status-publish","format-standard","has-post-thumbnail","hentry","category-destaques","category-noticias"],"yoast_head":"<!-- This site is optimized with the Yoast SEO plugin v22.8 - https:\/\/yoast.com\/wordpress\/plugins\/seo\/ -->\n<title>Sindit\u00eaxtil-SP re\u00fane sindicatos de trabalhadores no F\u00f3rum Sindical - Sindit\u00eaxtil-SP<\/title>\n<meta name=\"robots\" content=\"index, follow, max-snippet:-1, max-image-preview:large, max-video-preview:-1\" \/>\n<link rel=\"canonical\" href=\"https:\/\/sinditextilsp.org.br\/home\/2026\/09\/sinditextil-sp-reune-sindicatos-de-trabalhadores-no-forum-sindical\/\" \/>\n<meta property=\"og:locale\" content=\"pt_BR\" \/>\n<meta property=\"og:type\" content=\"article\" \/>\n<meta property=\"og:title\" content=\"Sindit\u00eaxtil-SP re\u00fane sindicatos de trabalhadores no F\u00f3rum Sindical - Sindit\u00eaxtil-SP\" \/>\n<meta property=\"og:description\" content=\"O Sindit\u00eaxtil-SP realizou, no dia 3 de setembro, o F\u00f3rum Sindical, em sua sede, na capital paulista. Luiz Arthur Pacheco, presidente do Sindit\u00eaxtil-SP, abriu a reuni\u00e3o e Julio Scudeler, presidente em\u00e9rito, coordenou o encontro. O F\u00f3rum contou com a participa\u00e7\u00e3o dos representantes da Federa\u00e7\u00e3o dos Trabalhadores nas Ind\u00fastrias de Fia\u00e7\u00e3o e Tecelagem do Estado de [&hellip;]\" \/>\n<meta property=\"og:url\" content=\"https:\/\/sinditextilsp.org.br\/home\/2026\/09\/sinditextil-sp-reune-sindicatos-de-trabalhadores-no-forum-sindical\/\" \/>\n<meta property=\"og:site_name\" content=\"Sindit\u00eaxtil-SP\" \/>\n<meta property=\"article:publisher\" content=\"https:\/\/www.facebook.com\/sinditextilsp\" \/>\n<meta property=\"article:published_time\" content=\"2026-09-04T11:23:14+00:00\" \/>\n<meta property=\"article:modified_time\" content=\"2026-09-04T11:24:31+00:00\" \/>\n<meta property=\"og:image\" content=\"https:\/\/sinditextilsp.org.br\/home\/wp-content\/uploads\/2026\/09\/sinditexil-forum-1-1024x576.png\" \/>\n\t<meta property=\"og:image:width\" content=\"1024\" \/>\n\t<meta property=\"og:image:height\" content=\"576\" \/>\n\t<meta property=\"og:image:type\" content=\"image\/png\" \/>\n<meta name=\"author\" content=\"Lucas Marques\" \/>\n<meta name=\"twitter:card\" content=\"summary_large_image\" \/>\n<meta name=\"twitter:creator\" content=\"@SinditextilSP\" \/>\n<meta name=\"twitter:site\" content=\"@SinditextilSP\" \/>\n<meta name=\"twitter:label1\" content=\"Escrito por\" \/>\n\t<meta name=\"twitter:data1\" content=\"Lucas Marques\" \/>\n\t<meta name=\"twitter:label2\" content=\"Est. tempo de leitura\" \/>\n\t<meta name=\"twitter:data2\" content=\"2 minutos\" \/>\n<script type=\"application\/ld+json\" class=\"yoast-schema-graph\">{\"@context\":\"https:\/\/schema.org\",\"@graph\":[{\"@type\":\"WebPage\",\"@id\":\"https:\/\/sinditextilsp.org.br\/home\/2026\/09\/sinditextil-sp-reune-sindicatos-de-trabalhadores-no-forum-sindical\/\",\"url\":\"https:\/\/sinditextilsp.org.br\/home\/2026\/09\/sinditextil-sp-reune-sindicatos-de-trabalhadores-no-forum-sindical\/\",\"name\":\"Sindit\u00eaxtil-SP re\u00fane sindicatos de trabalhadores no F\u00f3rum Sindical - Sindit\u00eaxtil-SP\",\"isPartOf\":{\"@id\":\"https:\/\/sinditextilsp.org.br\/home\/#website\"},\"primaryImageOfPage\":{\"@id\":\"https:\/\/sinditextilsp.org.br\/home\/2026\/09\/sinditextil-sp-reune-sindicatos-de-trabalhadores-no-forum-sindical\/#primaryimage\"},\"image\":{\"@id\":\"https:\/\/sinditextilsp.org.br\/home\/2026\/09\/sinditextil-sp-reune-sindicatos-de-trabalhadores-no-forum-sindical\/#primaryimage\"},\"thumbnailUrl\":\"https:\/\/sinditextilsp.org.br\/home\/wp-content\/uploads\/2026\/09\/sinditexil-forum-1-scaled.png\",\"datePublished\":\"2026-09-04T11:23:14+00:00\",\"dateModified\":\"2026-09-04T11:24:31+00:00\",\"author\":{\"@id\":\"https:\/\/sinditextilsp.org.br\/home\/#\/schema\/person\/4e65c054740af54f8797412c61600d37\"},\"breadcrumb\":{\"@id\":\"https:\/\/sinditextilsp.org.br\/home\/2026\/09\/sinditextil-sp-reune-sindicatos-de-trabalhadores-no-forum-sindical\/#breadcrumb\"},\"inLanguage\":\"pt-BR\",\"potentialAction\":[{\"@type\":\"ReadAction\",\"target\":[\"https:\/\/sinditextilsp.org.br\/home\/2026\/09\/sinditextil-sp-reune-sindicatos-de-trabalhadores-no-forum-sindical\/\"]}]},{\"@type\":\"ImageObject\",\"inLanguage\":\"pt-BR\",\"@id\":\"https:\/\/sinditextilsp.org.br\/home\/2026\/09\/sinditextil-sp-reune-sindicatos-de-trabalhadores-no-forum-sindical\/#primaryimage\",\"url\":\"https:\/\/sinditextilsp.org.br\/home\/wp-content\/uploads\/2026\/09\/sinditexil-forum-1-scaled.png\",\"contentUrl\":\"https:\/\/sinditextilsp.org.br\/home\/wp-content\/uploads\/2026\/09\/sinditexil-forum-1-scaled.png\",\"width\":2560,\"height\":1441},{\"@type\":\"BreadcrumbList\",\"@id\":\"https:\/\/sinditextilsp.org.br\/home\/2026\/09\/sinditextil-sp-reune-sindicatos-de-trabalhadores-no-forum-sindical\/#breadcrumb\",\"itemListElement\":[{\"@type\":\"ListItem\",\"position\":1,\"name\":\"In\u00edcio\",\"item\":\"https:\/\/sinditextilsp.org.br\/home\/\"},{\"@type\":\"ListItem\",\"position\":2,\"name\":\"Sindit\u00eaxtil-SP re\u00fane sindicatos de trabalhadores no F\u00f3rum Sindical\"}]},{\"@type\":\"WebSite\",\"@id\":\"https:\/\/sinditextilsp.org.br\/home\/#website\",\"url\":\"https:\/\/sinditextilsp.org.br\/home\/\",\"name\":\"Sindit\u00eaxtil-SP\",\"description\":\"Sindicato T\u00eaxtil de S\u00e3o Paulo\",\"potentialAction\":[{\"@type\":\"SearchAction\",\"target\":{\"@type\":\"EntryPoint\",\"urlTemplate\":\"https:\/\/sinditextilsp.org.br\/home\/?s={search_term_string}\"},\"query-input\":\"required name=search_term_string\"}],\"inLanguage\":\"pt-BR\"},{\"@type\":\"Person\",\"@id\":\"https:\/\/sinditextilsp.org.br\/home\/#\/schema\/person\/4e65c054740af54f8797412c61600d37\",\"name\":\"Lucas Marques\",\"image\":{\"@type\":\"ImageObject\",\"inLanguage\":\"pt-BR\",\"@id\":\"https:\/\/sinditextilsp.org.br\/home\/#\/schema\/person\/image\/\",\"url\":\"https:\/\/secure.gravatar.com\/avatar\/43f88c5a094ee2b7dc2dd89ee6d58d520b2b89aa468efd2984b4cf4f143811d2?s=96&d=mm&r=g\",\"contentUrl\":\"https:\/\/secure.gravatar.com\/avatar\/43f88c5a094ee2b7dc2dd89ee6d58d520b2b89aa468efd2984b4cf4f143811d2?s=96&d=mm&r=g\",\"caption\":\"Lucas Marques\"},\"url\":\"https:\/\/sinditextilsp.org.br\/home\/author\/redator\/\"}]}<\/script>\n<!-- \/ Yoast SEO plugin. -->","yoast_head_json":{"title":"Sindit\u00eaxtil-SP re\u00fane sindicatos de trabalhadores no F\u00f3rum Sindical - Sindit\u00eaxtil-SP","robots":{"index":"index","follow":"follow","max-snippet":"max-snippet:-1","max-image-preview":"max-image-preview:large","max-video-preview":"max-video-preview:-1"},"canonical":"https:\/\/sinditextilsp.org.br\/home\/2026\/09\/sinditextil-sp-reune-sindicatos-de-trabalhadores-no-forum-sindical\/","og_locale":"pt_BR","og_type":"article","og_title":"Sindit\u00eaxtil-SP re\u00fane sindicatos de trabalhadores no F\u00f3rum Sindical - Sindit\u00eaxtil-SP","og_description":"O Sindit\u00eaxtil-SP realizou, no dia 3 de setembro, o F\u00f3rum Sindical, em sua sede, na capital paulista. Luiz Arthur Pacheco, presidente do Sindit\u00eaxtil-SP, abriu a reuni\u00e3o e Julio Scudeler, presidente em\u00e9rito, coordenou o encontro. O F\u00f3rum contou com a participa\u00e7\u00e3o dos representantes da Federa\u00e7\u00e3o dos Trabalhadores nas Ind\u00fastrias de Fia\u00e7\u00e3o e Tecelagem do Estado de [&hellip;]","og_url":"https:\/\/sinditextilsp.org.br\/home\/2026\/09\/sinditextil-sp-reune-sindicatos-de-trabalhadores-no-forum-sindical\/","og_site_name":"Sindit\u00eaxtil-SP","article_publisher":"https:\/\/www.facebook.com\/sinditextilsp","article_published_time":"2026-09-04T11:23:14+00:00","article_modified_time":"2026-09-04T11:24:31+00:00","og_image":[{"width":1024,"height":576,"url":"https:\/\/sinditextilsp.org.br\/home\/wp-content\/uploads\/2026\/09\/sinditexil-forum-1-1024x576.png","type":"image\/png"}],"author":"Lucas Marques","twitter_card":"summary_large_image","twitter_creator":"@SinditextilSP","twitter_site":"@SinditextilSP","twitter_misc":{"Escrito por":"Lucas Marques","Est. tempo de leitura":"2 minutos"},"schema":{"@context":"https:\/\/schema.org","@graph":[{"@type":"WebPage","@id":"https:\/\/sinditextilsp.org.br\/home\/2026\/09\/sinditextil-sp-reune-sindicatos-de-trabalhadores-no-forum-sindical\/","url":"https:\/\/sinditextilsp.org.br\/home\/2026\/09\/sinditextil-sp-reune-sindicatos-de-trabalhadores-no-forum-sindical\/","name":"Sindit\u00eaxtil-SP re\u00fane sindicatos de trabalhadores no F\u00f3rum Sindical - Sindit\u00eaxtil-SP","isPartOf":{"@id":"https:\/\/sinditextilsp.org.br\/home\/#website"},"primaryImageOfPage":{"@id":"https:\/\/sinditextilsp.org.br\/home\/2026\/09\/sinditextil-sp-reune-sindicatos-de-trabalhadores-no-forum-sindical\/#primaryimage"},"image":{"@id":"https:\/\/sinditextilsp.org.br\/home\/2026\/09\/sinditextil-sp-reune-sindicatos-de-trabalhadores-no-forum-sindical\/#primaryimage"},"thumbnailUrl":"https:\/\/sinditextilsp.org.br\/home\/wp-content\/uploads\/2026\/09\/sinditexil-forum-1-scaled.png","datePublished":"2026-09-04T11:23:14+00:00","dateModified":"2026-09-04T11:24:31+00:00","author":{"@id":"https:\/\/sinditextilsp.org.br\/home\/#\/schema\/person\/4e65c054740af54f8797412c61600d37"},"breadcrumb":{"@id":"https:\/\/sinditextilsp.org.br\/home\/2026\/09\/sinditextil-sp-reune-sindicatos-de-trabalhadores-no-forum-sindical\/#breadcrumb"},"inLanguage":"pt-BR","potentialAction":[{"@type":"ReadAction","target":["https:\/\/sinditextilsp.org.br\/home\/2026\/09\/sinditextil-sp-reune-sindicatos-de-trabalhadores-no-forum-sindical\/"]}]},{"@type":"ImageObject","inLanguage":"pt-BR","@id":"https:\/\/sinditextilsp.org.br\/home\/2026\/09\/sinditextil-sp-reune-sindicatos-de-trabalhadores-no-forum-sindical\/#primaryimage","url":"https:\/\/sinditextilsp.org.br\/home\/wp-content\/uploads\/2026\/09\/sinditexil-forum-1-scaled.png","contentUrl":"https:\/\/sinditextilsp.org.br\/home\/wp-content\/uploads\/2026\/09\/sinditexil-forum-1-scaled.png","width":2560,"height":1441},{"@type":"BreadcrumbList","@id":"https:\/\/sinditextilsp.org.br\/home\/2026\/09\/sinditextil-sp-reune-sindicatos-de-trabalhadores-no-forum-sindical\/#breadcrumb","itemListElement":[{"@type":"ListItem","position":1,"name":"In\u00edcio","item":"https:\/\/sinditextilsp.org.br\/home\/"},{"@type":"ListItem","position":2,"name":"Sindit\u00eaxtil-SP re\u00fane sindicatos de trabalhadores no F\u00f3rum Sindical"}]},{"@type":"WebSite","@id":"https:\/\/sinditextilsp.org.br\/home\/#website","url":"https:\/\/sinditextilsp.org.br\/home\/","name":"Sindit\u00eaxtil-SP","description":"Sindicato T\u00eaxtil de S\u00e3o Paulo","potentialAction":[{"@type":"SearchAction","target":{"@type":"EntryPoint","urlTemplate":"https:\/\/sinditextilsp.org.br\/home\/?s={search_term_string}"},"query-input":"required name=search_term_string"}],"inLanguage":"pt-BR"},{"@type":"Person","@id":"https:\/\/sinditextilsp.org.br\/home\/#\/schema\/person\/4e65c054740af54f8797412c61600d37","name":"Lucas Marques","image":{"@type":"ImageObject","inLanguage":"pt-BR","@id":"https:\/\/sinditextilsp.org.br\/home\/#\/schema\/person\/image\/","url":"https:\/\/secure.gravatar.com\/avatar\/43f88c5a094ee2b7dc2dd89ee6d58d520b2b89aa468efd2984b4cf4f143811d2?s=96&d=mm&r=g","contentUrl":"https:\/\/secure.gravatar.com\/avatar\/43f88c5a094ee2b7dc2dd89ee6d58d520b2b89aa468efd2984b4cf4f143811d2?s=96&d=mm&r=g","caption":"Lucas Marques"},"url":"https:\/\/sinditextilsp.org.br\/home\/author\/redator\/"}]}},"_links":{"self":[{"href":"https:\/\/sinditextilsp.org.br\/home\/wp-json\/wp\/v2\/posts\/11439","targetHints":{"allow":["GET"]}}],"collection":[{"href":"https:\/\/sinditextilsp.org.br\/home\/wp-json\/wp\/v2\/posts"}],"about":[{"href":"https:\/\/sinditextilsp.org.br\/home\/wp-json\/wp\/v2\/types\/post"}],"author":[{"embeddable":true,"href":"https:\/\/sinditextilsp.org.br\/home\/wp-json\/wp\/v2\/users\/24"}],"replies":[{"embeddable":true,"href":"https:\/\/sinditextilsp.org.br\/home\/wp-json\/wp\/v2\/comments?post=11439"}],"version-history":[{"count":2,"href":"https:\/\/sinditextilsp.org.br\/home\/wp-json\/wp\/v2\/posts\/11439\/revisions"}],"predecessor-version":[{"id":11443,"href":"https:\/\/sinditextilsp.org.br\/home\/wp-json\/wp\/v2\/posts\/11439\/revisions\/11443"}],"wp:featuredmedia":[{"embeddable":true,"href":"https:\/\/sinditextilsp.org.br\/home\/wp-json\/wp\/v2\/media\/11440"}],"wp:attachment":[{"href":"https:\/\/sinditextilsp.org.br\/home\/wp-json\/wp\/v2\/media?parent=11439"}],"wp:term":[{"taxonomy":"category","embeddable":true,"href":"https:\/\/sinditextilsp.org.br\/home\/wp-json\/wp\/v2\/categories?post=11439"},{"taxonomy":"post_tag","embeddable":true,"href":"https:\/\/sinditextilsp.org.br\/home\/wp-json\/wp\/v2\/tags?post=11439"}],"curies":[{"name":"wp","href":"https:\/\/api.w.org\/{rel}","templated":true}]}}