{"id":11444,"date":"2026-09-04T10:21:17","date_gmt":"2026-09-04T13:21:17","guid":{"rendered":"https:\/\/sinditextilsp.org.br\/home\/?p=11444"},"modified":"2026-09-04T10:21:20","modified_gmt":"2026-09-04T13:21:20","slug":"manifesto-ao-brasil-nao-ha-consumo-sustentavel-sem-emprego-e-renda","status":"publish","type":"post","link":"https:\/\/sinditextilsp.org.br\/home\/2026\/09\/manifesto-ao-brasil-nao-ha-consumo-sustentavel-sem-emprego-e-renda\/","title":{"rendered":"MANIFESTO AO BRASIL \u2014 N\u00e3o h\u00e1 consumo sustent\u00e1vel sem emprego e renda"},"content":{"rendered":"\n<p class=\"wp-block-paragraph\">A Coaliz\u00e3o Prospera Brasil lamenta profundamente a aprova\u00e7\u00e3o, pelo Congresso Nacional, da MP n\u00ba 1.357\/2026, que mant\u00e9m o tratamento tribut\u00e1rio favorecido para compras internacionais de at\u00e9 US$ 50 feitas por meio de plataformas estrangeiras, sem estabelecer uma contrapartida imediata que garanta condi\u00e7\u00f5es mais justas para a produ\u00e7\u00e3o e o com\u00e9rcio brasileiros.<\/p>\n\n\n\n<p class=\"wp-block-paragraph\">N\u00e3o foi por falta de busca pelo di\u00e1logo. Nas \u00faltimas semanas, representantes da ind\u00fastria, do varejo e dos trabalhadores se empenharam intensamente em construir uma solu\u00e7\u00e3o conjunta. Foram apresentados dados, estudos e propostas concretas para que os consumidores seguissem adquirindo bens a pre\u00e7os competitivos sem sacrificar empregos, investimentos, arrecada\u00e7\u00e3o e produ\u00e7\u00e3o nacional.<\/p>\n\n\n\n<p class=\"wp-block-paragraph\">Apesar dos esfor\u00e7os realizados e de alguns avan\u00e7os incorporados durante as negocia\u00e7\u00f5es, a vota\u00e7\u00e3o da MP foi realizada \u00e0s pressas, e o problema central permaneceu sem solu\u00e7\u00e3o: produtos importados continuar\u00e3o contando com vantagens tribut\u00e1rias e regulat\u00f3rias que n\u00e3o s\u00e3o concedidas aos produtos fabricados e comercializados no Brasil.<\/p>\n\n\n\n<p class=\"wp-block-paragraph\">Essa n\u00e3o \u00e9 uma discuss\u00e3o entre quem \u00e9 favor\u00e1vel ou contr\u00e1rio \u00e0s plataformas internacionais. Tamb\u00e9m n\u00e3o se trata de defender aumento de impostos para o consumidor. Trata-se de garantir igualdade de condi\u00e7\u00f5es, princ\u00edpio b\u00e1sico de qualquer democracia.<\/p>\n\n\n\n<p class=\"wp-block-paragraph\">Quem produz e comercializa no Brasil cumpre obriga\u00e7\u00f5es tribut\u00e1rias, trabalhistas, ambientais e regulat\u00f3rias. Investe no Pa\u00eds, gera renda, cria e mant\u00e9m empregos e contribui para o financiamento dos servi\u00e7os p\u00fablicos. N\u00e3o \u00e9 razo\u00e1vel que empresas brasileiras, em sua maioria pequenos e m\u00e9dios neg\u00f3cios, sejam submetidas a condi\u00e7\u00f5es mais onerosas do que grandes plataformas internacionais que vendem diretamente ao consumidor brasileiro.<\/p>\n\n\n\n<p class=\"wp-block-paragraph\">Os dados mais recentes do IBGE mostram a deteriora\u00e7\u00e3o de setores particularmente expostos \u00e0 concorr\u00eancia internacional. Em julho, na compara\u00e7\u00e3o com o mesmo m\u00eas de 2025, a produ\u00e7\u00e3o t\u00eaxtil caiu 6,8% e a de vestu\u00e1rio recuou 8,2%. No acumulado do ano, as retra\u00e7\u00f5es chegaram a 3,9% e 6,8%, respectivamente. J\u00e1 a produ\u00e7\u00e3o de cal\u00e7ados, caiu 5,3% e, no acumulado do ano, 5,5%.<\/p>\n\n\n\n<p class=\"wp-block-paragraph\">As consequ\u00eancias dessa diferen\u00e7a n\u00e3o aparecer\u00e3o apenas nos balan\u00e7os das empresas. Afetar\u00e3o os trabalhadores e fam\u00edlias brasileiras. Estudos indicam que at\u00e9 800 mil empregos poder\u00e3o ser colocados em risco nos setores mais expostos, com impacto especialmente grave sobre as mulheres, que t\u00eam forte presen\u00e7a na ind\u00fastria, no com\u00e9rcio e em atividades atingidas pelo crescimento das remessas internacionais.<\/p>\n\n\n\n<p class=\"wp-block-paragraph\">Tamb\u00e9m preocupa o efeito sobre as contas p\u00fablicas. Ao deslocar produ\u00e7\u00e3o, vendas e empregos para outros pa\u00edses, a medida tende a reduzir a arrecada\u00e7\u00e3o gerada pela atividade econ\u00f4mica dom\u00e9stica, justamente quando o equil\u00edbrio fiscal representa um dos maiores desafios nacionais.<\/p>\n\n\n\n<p class=\"wp-block-paragraph\">Os mecanismos de monitoramento, avalia\u00e7\u00e3o e revis\u00e3o peri\u00f3dica incorporados ao texto s\u00e3o necess\u00e1rios, mas n\u00e3o corrigem a desigualdade competitiva. N\u00e3o \u00e9 aceit\u00e1vel esperar que empregos sejam eliminados, empresas fechem, investimentos sejam cancelados e a arrecada\u00e7\u00e3o diminua para somente depois examinar os danos provocados.<\/p>\n\n\n\n<p class=\"wp-block-paragraph\">H\u00e1, ainda, uma dimens\u00e3o essencial de prote\u00e7\u00e3o ao consumidor. O extraordin\u00e1rio crescimento das remessas internacionais exige fiscaliza\u00e7\u00e3o proporcional ao seu volume, capaz de combater o subfaturamento, a falsifica\u00e7\u00e3o, o com\u00e9rcio de produtos il\u00edcitos e a entrada de mercadorias que n\u00e3o atendam \u00e0s normas exigidas no mercado brasileiro. Isonomia tamb\u00e9m significa igualdade de regras, controles e responsabilidades.<\/p>\n\n\n\n<p class=\"wp-block-paragraph\">N\u00e3o se pode apresentar como benef\u00edcio ao consumidor uma pol\u00edtica que amea\u00e7a destruir empregos e renda. Uma mercadoria aparentemente mais barata n\u00e3o compensar\u00e1 a perda do trabalho, do sal\u00e1rio e da capacidade de consumo das fam\u00edlias.<\/p>\n\n\n\n<p class=\"wp-block-paragraph\">Ao aprovar a MP n\u00ba 1.357\/2026, o Congresso Nacional consolidou um desequil\u00edbrio que penaliza quem produz, investe, comercializa e gera empregos no Pa\u00eds.<\/p>\n\n\n\n<p class=\"wp-block-paragraph\">O Brasil n\u00e3o precisa escolher entre o consumidor e o trabalhador, porque s\u00e3o a mesma pessoa. \u00c9 poss\u00edvel assegurar pre\u00e7os competitivos, com\u00e9rcio eletr\u00f4nico e acesso \u00e0s importa\u00e7\u00f5es sem discriminar as empresas, os empreendedores e os trabalhadores brasileiros.<\/p>\n\n\n\n<p class=\"wp-block-paragraph\">A Coaliz\u00e3o Prospera Brasil continuar\u00e1 acompanhando os efeitos da medida, cobrando transpar\u00eancia nos mecanismos de avalia\u00e7\u00e3o e defendendo medidas imediatas para restabelecer a isonomia tribut\u00e1ria e regulat\u00f3ria.<\/p>\n\n\n\n<p class=\"wp-block-paragraph\">Concorr\u00eancia, sim. Desigualdade de regras, n\u00e3o.<\/p>\n\n\n\n<p class=\"wp-block-paragraph\"><strong>Coaliz\u00e3o Prospera Brasil<\/strong><\/p>\n\n\n\n<p class=\"wp-block-paragraph\"><\/p>\n","protected":false},"excerpt":{"rendered":"<p>A Coaliz\u00e3o Prospera Brasil lamenta profundamente a aprova\u00e7\u00e3o, pelo Congresso Nacional, da MP n\u00ba 1.357\/2026, que mant\u00e9m o tratamento tribut\u00e1rio favorecido para compras internacionais de at\u00e9 US$ 50 feitas por meio de plataformas estrangeiras, sem estabelecer uma contrapartida imediata que garanta condi\u00e7\u00f5es mais justas para a produ\u00e7\u00e3o e o com\u00e9rcio brasileiros. N\u00e3o foi por falta [&hellip;]<\/p>\n","protected":false},"author":2,"featured_media":11445,"comment_status":"open","ping_status":"open","sticky":false,"template":"","format":"standard","meta":{"footnotes":""},"categories":[56,16],"tags":[],"class_list":["post-11444","post","type-post","status-publish","format-standard","has-post-thumbnail","hentry","category-destaques","category-noticias"],"yoast_head":"<!-- This site is optimized with the Yoast SEO plugin v22.8 - https:\/\/yoast.com\/wordpress\/plugins\/seo\/ -->\n<title>MANIFESTO AO BRASIL \u2014 N\u00e3o h\u00e1 consumo sustent\u00e1vel sem emprego e renda - Sindit\u00eaxtil-SP<\/title>\n<meta name=\"robots\" content=\"index, follow, max-snippet:-1, max-image-preview:large, max-video-preview:-1\" \/>\n<link rel=\"canonical\" href=\"https:\/\/sinditextilsp.org.br\/home\/2026\/09\/manifesto-ao-brasil-nao-ha-consumo-sustentavel-sem-emprego-e-renda\/\" \/>\n<meta property=\"og:locale\" content=\"pt_BR\" \/>\n<meta property=\"og:type\" content=\"article\" \/>\n<meta property=\"og:title\" content=\"MANIFESTO AO BRASIL \u2014 N\u00e3o h\u00e1 consumo sustent\u00e1vel sem emprego e renda - Sindit\u00eaxtil-SP\" \/>\n<meta property=\"og:description\" content=\"A Coaliz\u00e3o Prospera Brasil lamenta profundamente a aprova\u00e7\u00e3o, pelo Congresso Nacional, da MP n\u00ba 1.357\/2026, que mant\u00e9m o tratamento tribut\u00e1rio favorecido para compras internacionais de at\u00e9 US$ 50 feitas por meio de plataformas estrangeiras, sem estabelecer uma contrapartida imediata que garanta condi\u00e7\u00f5es mais justas para a produ\u00e7\u00e3o e o com\u00e9rcio brasileiros. N\u00e3o foi por falta [&hellip;]\" \/>\n<meta property=\"og:url\" content=\"https:\/\/sinditextilsp.org.br\/home\/2026\/09\/manifesto-ao-brasil-nao-ha-consumo-sustentavel-sem-emprego-e-renda\/\" \/>\n<meta property=\"og:site_name\" content=\"Sindit\u00eaxtil-SP\" \/>\n<meta property=\"article:publisher\" content=\"https:\/\/www.facebook.com\/sinditextilsp\" \/>\n<meta property=\"article:published_time\" content=\"2026-09-04T13:21:17+00:00\" \/>\n<meta property=\"article:modified_time\" content=\"2026-09-04T13:21:20+00:00\" \/>\n<meta property=\"og:image\" content=\"https:\/\/sinditextilsp.org.br\/home\/wp-content\/uploads\/2026\/09\/AdobeStock_603695545-1-scaled.jpeg\" \/>\n\t<meta property=\"og:image:width\" content=\"2560\" \/>\n\t<meta property=\"og:image:height\" content=\"1920\" \/>\n\t<meta property=\"og:image:type\" content=\"image\/jpeg\" \/>\n<meta name=\"author\" content=\"Sindit\u00eaxtil-SP\" \/>\n<meta name=\"twitter:card\" content=\"summary_large_image\" \/>\n<meta name=\"twitter:creator\" content=\"@SinditextilSP\" \/>\n<meta name=\"twitter:site\" content=\"@SinditextilSP\" \/>\n<meta name=\"twitter:label1\" content=\"Escrito por\" \/>\n\t<meta name=\"twitter:data1\" content=\"Sindit\u00eaxtil-SP\" \/>\n\t<meta name=\"twitter:label2\" content=\"Est. tempo de leitura\" \/>\n\t<meta name=\"twitter:data2\" content=\"4 minutos\" \/>\n<script type=\"application\/ld+json\" class=\"yoast-schema-graph\">{\"@context\":\"https:\/\/schema.org\",\"@graph\":[{\"@type\":\"WebPage\",\"@id\":\"https:\/\/sinditextilsp.org.br\/home\/2026\/09\/manifesto-ao-brasil-nao-ha-consumo-sustentavel-sem-emprego-e-renda\/\",\"url\":\"https:\/\/sinditextilsp.org.br\/home\/2026\/09\/manifesto-ao-brasil-nao-ha-consumo-sustentavel-sem-emprego-e-renda\/\",\"name\":\"MANIFESTO AO BRASIL \u2014 N\u00e3o h\u00e1 consumo sustent\u00e1vel sem emprego e renda - Sindit\u00eaxtil-SP\",\"isPartOf\":{\"@id\":\"https:\/\/sinditextilsp.org.br\/home\/#website\"},\"primaryImageOfPage\":{\"@id\":\"https:\/\/sinditextilsp.org.br\/home\/2026\/09\/manifesto-ao-brasil-nao-ha-consumo-sustentavel-sem-emprego-e-renda\/#primaryimage\"},\"image\":{\"@id\":\"https:\/\/sinditextilsp.org.br\/home\/2026\/09\/manifesto-ao-brasil-nao-ha-consumo-sustentavel-sem-emprego-e-renda\/#primaryimage\"},\"thumbnailUrl\":\"https:\/\/sinditextilsp.org.br\/home\/wp-content\/uploads\/2026\/09\/AdobeStock_603695545-1-scaled.jpeg\",\"datePublished\":\"2026-09-04T13:21:17+00:00\",\"dateModified\":\"2026-09-04T13:21:20+00:00\",\"author\":{\"@id\":\"https:\/\/sinditextilsp.org.br\/home\/#\/schema\/person\/ceca3861f277dc1806d31199f1604264\"},\"breadcrumb\":{\"@id\":\"https:\/\/sinditextilsp.org.br\/home\/2026\/09\/manifesto-ao-brasil-nao-ha-consumo-sustentavel-sem-emprego-e-renda\/#breadcrumb\"},\"inLanguage\":\"pt-BR\",\"potentialAction\":[{\"@type\":\"ReadAction\",\"target\":[\"https:\/\/sinditextilsp.org.br\/home\/2026\/09\/manifesto-ao-brasil-nao-ha-consumo-sustentavel-sem-emprego-e-renda\/\"]}]},{\"@type\":\"ImageObject\",\"inLanguage\":\"pt-BR\",\"@id\":\"https:\/\/sinditextilsp.org.br\/home\/2026\/09\/manifesto-ao-brasil-nao-ha-consumo-sustentavel-sem-emprego-e-renda\/#primaryimage\",\"url\":\"https:\/\/sinditextilsp.org.br\/home\/wp-content\/uploads\/2026\/09\/AdobeStock_603695545-1-scaled.jpeg\",\"contentUrl\":\"https:\/\/sinditextilsp.org.br\/home\/wp-content\/uploads\/2026\/09\/AdobeStock_603695545-1-scaled.jpeg\",\"width\":2560,\"height\":1920},{\"@type\":\"BreadcrumbList\",\"@id\":\"https:\/\/sinditextilsp.org.br\/home\/2026\/09\/manifesto-ao-brasil-nao-ha-consumo-sustentavel-sem-emprego-e-renda\/#breadcrumb\",\"itemListElement\":[{\"@type\":\"ListItem\",\"position\":1,\"name\":\"In\u00edcio\",\"item\":\"https:\/\/sinditextilsp.org.br\/home\/\"},{\"@type\":\"ListItem\",\"position\":2,\"name\":\"MANIFESTO AO BRASIL \u2014 N\u00e3o h\u00e1 consumo sustent\u00e1vel sem emprego e renda\"}]},{\"@type\":\"WebSite\",\"@id\":\"https:\/\/sinditextilsp.org.br\/home\/#website\",\"url\":\"https:\/\/sinditextilsp.org.br\/home\/\",\"name\":\"Sindit\u00eaxtil-SP\",\"description\":\"Sindicato T\u00eaxtil de S\u00e3o Paulo\",\"potentialAction\":[{\"@type\":\"SearchAction\",\"target\":{\"@type\":\"EntryPoint\",\"urlTemplate\":\"https:\/\/sinditextilsp.org.br\/home\/?s={search_term_string}\"},\"query-input\":\"required name=search_term_string\"}],\"inLanguage\":\"pt-BR\"},{\"@type\":\"Person\",\"@id\":\"https:\/\/sinditextilsp.org.br\/home\/#\/schema\/person\/ceca3861f277dc1806d31199f1604264\",\"name\":\"Sindit\u00eaxtil-SP\",\"image\":{\"@type\":\"ImageObject\",\"inLanguage\":\"pt-BR\",\"@id\":\"https:\/\/sinditextilsp.org.br\/home\/#\/schema\/person\/image\/\",\"url\":\"https:\/\/secure.gravatar.com\/avatar\/1004e4f7c56213ad977aba92436bc447272b6a4743534ef04a82f43c866dd0e0?s=96&d=mm&r=g\",\"contentUrl\":\"https:\/\/secure.gravatar.com\/avatar\/1004e4f7c56213ad977aba92436bc447272b6a4743534ef04a82f43c866dd0e0?s=96&d=mm&r=g\",\"caption\":\"Sindit\u00eaxtil-SP\"},\"url\":\"https:\/\/sinditextilsp.org.br\/home\/author\/sinditextilsp\/\"}]}<\/script>\n<!-- \/ Yoast SEO plugin. -->","yoast_head_json":{"title":"MANIFESTO AO BRASIL \u2014 N\u00e3o h\u00e1 consumo sustent\u00e1vel sem emprego e renda - Sindit\u00eaxtil-SP","robots":{"index":"index","follow":"follow","max-snippet":"max-snippet:-1","max-image-preview":"max-image-preview:large","max-video-preview":"max-video-preview:-1"},"canonical":"https:\/\/sinditextilsp.org.br\/home\/2026\/09\/manifesto-ao-brasil-nao-ha-consumo-sustentavel-sem-emprego-e-renda\/","og_locale":"pt_BR","og_type":"article","og_title":"MANIFESTO AO BRASIL \u2014 N\u00e3o h\u00e1 consumo sustent\u00e1vel sem emprego e renda - Sindit\u00eaxtil-SP","og_description":"A Coaliz\u00e3o Prospera Brasil lamenta profundamente a aprova\u00e7\u00e3o, pelo Congresso Nacional, da MP n\u00ba 1.357\/2026, que mant\u00e9m o tratamento tribut\u00e1rio favorecido para compras internacionais de at\u00e9 US$ 50 feitas por meio de plataformas estrangeiras, sem estabelecer uma contrapartida imediata que garanta condi\u00e7\u00f5es mais justas para a produ\u00e7\u00e3o e o com\u00e9rcio brasileiros. N\u00e3o foi por falta [&hellip;]","og_url":"https:\/\/sinditextilsp.org.br\/home\/2026\/09\/manifesto-ao-brasil-nao-ha-consumo-sustentavel-sem-emprego-e-renda\/","og_site_name":"Sindit\u00eaxtil-SP","article_publisher":"https:\/\/www.facebook.com\/sinditextilsp","article_published_time":"2026-09-04T13:21:17+00:00","article_modified_time":"2026-09-04T13:21:20+00:00","og_image":[{"width":2560,"height":1920,"url":"https:\/\/sinditextilsp.org.br\/home\/wp-content\/uploads\/2026\/09\/AdobeStock_603695545-1-scaled.jpeg","type":"image\/jpeg"}],"author":"Sindit\u00eaxtil-SP","twitter_card":"summary_large_image","twitter_creator":"@SinditextilSP","twitter_site":"@SinditextilSP","twitter_misc":{"Escrito por":"Sindit\u00eaxtil-SP","Est. tempo de leitura":"4 minutos"},"schema":{"@context":"https:\/\/schema.org","@graph":[{"@type":"WebPage","@id":"https:\/\/sinditextilsp.org.br\/home\/2026\/09\/manifesto-ao-brasil-nao-ha-consumo-sustentavel-sem-emprego-e-renda\/","url":"https:\/\/sinditextilsp.org.br\/home\/2026\/09\/manifesto-ao-brasil-nao-ha-consumo-sustentavel-sem-emprego-e-renda\/","name":"MANIFESTO AO BRASIL \u2014 N\u00e3o h\u00e1 consumo sustent\u00e1vel sem emprego e renda - Sindit\u00eaxtil-SP","isPartOf":{"@id":"https:\/\/sinditextilsp.org.br\/home\/#website"},"primaryImageOfPage":{"@id":"https:\/\/sinditextilsp.org.br\/home\/2026\/09\/manifesto-ao-brasil-nao-ha-consumo-sustentavel-sem-emprego-e-renda\/#primaryimage"},"image":{"@id":"https:\/\/sinditextilsp.org.br\/home\/2026\/09\/manifesto-ao-brasil-nao-ha-consumo-sustentavel-sem-emprego-e-renda\/#primaryimage"},"thumbnailUrl":"https:\/\/sinditextilsp.org.br\/home\/wp-content\/uploads\/2026\/09\/AdobeStock_603695545-1-scaled.jpeg","datePublished":"2026-09-04T13:21:17+00:00","dateModified":"2026-09-04T13:21:20+00:00","author":{"@id":"https:\/\/sinditextilsp.org.br\/home\/#\/schema\/person\/ceca3861f277dc1806d31199f1604264"},"breadcrumb":{"@id":"https:\/\/sinditextilsp.org.br\/home\/2026\/09\/manifesto-ao-brasil-nao-ha-consumo-sustentavel-sem-emprego-e-renda\/#breadcrumb"},"inLanguage":"pt-BR","potentialAction":[{"@type":"ReadAction","target":["https:\/\/sinditextilsp.org.br\/home\/2026\/09\/manifesto-ao-brasil-nao-ha-consumo-sustentavel-sem-emprego-e-renda\/"]}]},{"@type":"ImageObject","inLanguage":"pt-BR","@id":"https:\/\/sinditextilsp.org.br\/home\/2026\/09\/manifesto-ao-brasil-nao-ha-consumo-sustentavel-sem-emprego-e-renda\/#primaryimage","url":"https:\/\/sinditextilsp.org.br\/home\/wp-content\/uploads\/2026\/09\/AdobeStock_603695545-1-scaled.jpeg","contentUrl":"https:\/\/sinditextilsp.org.br\/home\/wp-content\/uploads\/2026\/09\/AdobeStock_603695545-1-scaled.jpeg","width":2560,"height":1920},{"@type":"BreadcrumbList","@id":"https:\/\/sinditextilsp.org.br\/home\/2026\/09\/manifesto-ao-brasil-nao-ha-consumo-sustentavel-sem-emprego-e-renda\/#breadcrumb","itemListElement":[{"@type":"ListItem","position":1,"name":"In\u00edcio","item":"https:\/\/sinditextilsp.org.br\/home\/"},{"@type":"ListItem","position":2,"name":"MANIFESTO AO BRASIL \u2014 N\u00e3o h\u00e1 consumo sustent\u00e1vel sem emprego e renda"}]},{"@type":"WebSite","@id":"https:\/\/sinditextilsp.org.br\/home\/#website","url":"https:\/\/sinditextilsp.org.br\/home\/","name":"Sindit\u00eaxtil-SP","description":"Sindicato T\u00eaxtil de S\u00e3o Paulo","potentialAction":[{"@type":"SearchAction","target":{"@type":"EntryPoint","urlTemplate":"https:\/\/sinditextilsp.org.br\/home\/?s={search_term_string}"},"query-input":"required name=search_term_string"}],"inLanguage":"pt-BR"},{"@type":"Person","@id":"https:\/\/sinditextilsp.org.br\/home\/#\/schema\/person\/ceca3861f277dc1806d31199f1604264","name":"Sindit\u00eaxtil-SP","image":{"@type":"ImageObject","inLanguage":"pt-BR","@id":"https:\/\/sinditextilsp.org.br\/home\/#\/schema\/person\/image\/","url":"https:\/\/secure.gravatar.com\/avatar\/1004e4f7c56213ad977aba92436bc447272b6a4743534ef04a82f43c866dd0e0?s=96&d=mm&r=g","contentUrl":"https:\/\/secure.gravatar.com\/avatar\/1004e4f7c56213ad977aba92436bc447272b6a4743534ef04a82f43c866dd0e0?s=96&d=mm&r=g","caption":"Sindit\u00eaxtil-SP"},"url":"https:\/\/sinditextilsp.org.br\/home\/author\/sinditextilsp\/"}]}},"_links":{"self":[{"href":"https:\/\/sinditextilsp.org.br\/home\/wp-json\/wp\/v2\/posts\/11444","targetHints":{"allow":["GET"]}}],"collection":[{"href":"https:\/\/sinditextilsp.org.br\/home\/wp-json\/wp\/v2\/posts"}],"about":[{"href":"https:\/\/sinditextilsp.org.br\/home\/wp-json\/wp\/v2\/types\/post"}],"author":[{"embeddable":true,"href":"https:\/\/sinditextilsp.org.br\/home\/wp-json\/wp\/v2\/users\/2"}],"replies":[{"embeddable":true,"href":"https:\/\/sinditextilsp.org.br\/home\/wp-json\/wp\/v2\/comments?post=11444"}],"version-history":[{"count":1,"href":"https:\/\/sinditextilsp.org.br\/home\/wp-json\/wp\/v2\/posts\/11444\/revisions"}],"predecessor-version":[{"id":11446,"href":"https:\/\/sinditextilsp.org.br\/home\/wp-json\/wp\/v2\/posts\/11444\/revisions\/11446"}],"wp:featuredmedia":[{"embeddable":true,"href":"https:\/\/sinditextilsp.org.br\/home\/wp-json\/wp\/v2\/media\/11445"}],"wp:attachment":[{"href":"https:\/\/sinditextilsp.org.br\/home\/wp-json\/wp\/v2\/media?parent=11444"}],"wp:term":[{"taxonomy":"category","embeddable":true,"href":"https:\/\/sinditextilsp.org.br\/home\/wp-json\/wp\/v2\/categories?post=11444"},{"taxonomy":"post_tag","embeddable":true,"href":"https:\/\/sinditextilsp.org.br\/home\/wp-json\/wp\/v2\/tags?post=11444"}],"curies":[{"name":"wp","href":"https:\/\/api.w.org\/{rel}","templated":true}]}}