{"id":1249,"date":"2021-10-25T18:26:47","date_gmt":"2021-10-25T21:26:47","guid":{"rendered":"https:\/\/sinditextilsp.org.br\/home\/?p=1249"},"modified":"2021-10-25T18:26:47","modified_gmt":"2021-10-25T21:26:47","slug":"primeiro-jeans-de-canhamo-do-brasil-e-lancado-pela-vicunha","status":"publish","type":"post","link":"https:\/\/sinditextilsp.org.br\/home\/2021\/10\/primeiro-jeans-de-canhamo-do-brasil-e-lancado-pela-vicunha\/","title":{"rendered":"Primeiro jeans de c\u00e2nhamo do Brasil \u00e9 lan\u00e7ado pela Vicunha"},"content":{"rendered":"<p>Cada vez mais, o mundo e os consumidores demandam por servi\u00e7os, produtos e iniciativas mais limpas e sustent\u00e1veis das grandes empresas. Na moda, isso n\u00e3o \u00e9 diferente. Por isso, a Vicunha, multinacional de jeanswear, est\u00e1 ampliando seu inovador portf\u00f3lio de produtos trazendo, entre seus lan\u00e7amentos, tecidos em denim e sarja feitos a partir do c\u00e2nhamo, uma das fibras mais vers\u00e1teis e sustent\u00e1veis do mundo. A empresa \u00e9 a primeira t\u00eaxtil brasileira a investir na fabrica\u00e7\u00e3o de tecidos jeanswear com este insumo no Pa\u00eds. Os lan\u00e7amentos est\u00e3o sendo apresentados publicamente esta semana, durante o V.2, semana de lan\u00e7amentos da companhia.<\/p>\n<p>&nbsp;<\/p>\n<p>Entre as novidades produzidas com a mistura entre algod\u00e3o e c\u00e2nhamo, a empresa anuncia quatro produtos: Hemp e Hemp Light (no denim) e Itacar\u00e9 e Maragogi (na sarja). Os lan\u00e7amentos integram a linha de produtos V.Eco da Vicunha, j\u00e1 conhecida por apresentar tecnologias inovadoras e com grande valor sustent\u00e1vel agregado. \u00c9 o exemplo do Absolut Eco, produzido a partir de processos que permitem uma redu\u00e7\u00e3o de at\u00e9 95% no consumo de \u00e1gua e at\u00e9 90% no consumo de qu\u00edmicos, al\u00e9m de contar com algod\u00e3o reciclado obtido a partir de res\u00edduos do processo de fia\u00e7\u00e3o.<\/p>\n<p style=\"text-align: center;\"><strong>Mat\u00e9ria-prima sustent\u00e1vel<\/strong><\/p>\n<p>O c\u00e2nhamo \u00e9 uma cultura de alto rendimento e um recurso renov\u00e1vel. Isto significa que ele produz muito mais fibra por acre comparado a outras mat\u00e9rias-primas, requerendo, inclusive, menos \u00e1gua e menos terra em sua planta\u00e7\u00e3o. Al\u00e9m disso, ele \u00e9 uma planta de crescimento r\u00e1pido (leva apenas de 90 a 100 dias para ser cultivado da semente \u00e0 colheita) e f\u00e1cil (cresce em diversos tipos de solo e condi\u00e7\u00f5es clim\u00e1ticas).<\/p>\n<p>O c\u00e2nhamo tamb\u00e9m \u00e9 uma das culturas menos agressivas para o meio ambiente e mais seguras em termos de plantio. Isso porque ele \u00e9 naturalmente resistente \u00e0 maioria dos insetos e doen\u00e7as e fornece seus pr\u00f3prios nutrientes ao solo, o que rep\u00f5e sua fertilidade.<\/p>\n<p>\u201cN\u00f3s estamos numa busca constante por inova\u00e7\u00f5es e solu\u00e7\u00f5es sustent\u00e1veis que promovam economia de recursos e redu\u00e7\u00e3o do impacto no meio ambiente. \u00c9 o nosso dever, como uma das maiores fabricantes jeanswear do mundo e a maior do Brasil, experimentar novas tecnologias dentro da ind\u00fastria que possibilitem uma produ\u00e7\u00e3o mais limpa e consciente, al\u00e9m de oferecer as \u00faltimas tend\u00eancias ao consumidor. E vimos no c\u00e2nhamo essa oportunidade, de entregar ao mercado um produto sustent\u00e1vel, de alta qualidade e baixo impacto ambiental\u201d, destaca Renata Guarniero, gerente de marketing da Vicunha.<\/p>\n<p style=\"text-align: center;\"><strong>As fibras de C\u00e2nhamo<\/strong><\/p>\n<p>\u201cAl\u00e9m de ser uma fibra ambientalmente segura, a fibra do C\u00e2nhamo na produ\u00e7\u00e3o do jeans proporciona \u00e0s pe\u00e7as uma textura semelhante \u00e0 do linho, al\u00e9m de torn\u00e1-lo mais macio a cada uso e lavagem\u201d, afirma Guarniero.<\/p>\n<p>Mas as vantagens do material v\u00e3o al\u00e9m do conforto e da praticidade adicionados \u00e0s pe\u00e7as. A fibra de c\u00e2nhamo tamb\u00e9m \u00e9:<\/p>\n<ul>\n<li><strong>Dur\u00e1vel<\/strong>: com alta resist\u00eancia \u00e0 tra\u00e7\u00e3o, \u00e9 uma das mais fortes e mais dur\u00e1veis entre todas as fibras naturais.<\/li>\n<li><strong>Respir\u00e1vel<\/strong>: isto significa que a fibra n\u00e3o ret\u00e9m a umidade, al\u00e9m de impedir o crescimento de mofo e bolor.<\/li>\n<li><strong>Antibacteriana<\/strong>:\u00a0 inibe o desenvolvimento de micro-organismos e respira perfeitamente evitando odores;<\/li>\n<li><strong>Biodegrad\u00e1vel<\/strong>: quando as roupas de c\u00e2nhamo chegam ao fim de sua vida \u00fatil, as fibras se biodegradam facilmente em nutrientes do solo;<\/li>\n<li><strong>Hipoalerg\u00eanica<\/strong>.<\/li>\n<\/ul>\n<p style=\"text-align: center;\"><strong>Afinal, C\u00e2nhamo \u00e9 Maconha?<\/strong><\/p>\n<p>N\u00e3o! Apesar de serem da mesma esp\u00e9cie &#8211; a Cannabis sativa &#8211; o que difere o c\u00e2nhamo da maconha \u00e9 o perfil qu\u00edmico de cada planta. Para ser classificada como c\u00e2nhamo, a planta precisa ter menos de 0,3% de THC, o principal composto psicoativo da planta, em peso. Se o valor de THC estiver acima desse n\u00edvel, a planta \u00e9 considerada maconha.<\/p>\n","protected":false},"excerpt":{"rendered":"<p>Cada vez mais, o mundo e os consumidores demandam por servi\u00e7os, produtos e iniciativas mais limpas e sustent\u00e1veis das grandes empresas. Na moda, isso n\u00e3o \u00e9 diferente. Por isso, a Vicunha, multinacional de jeanswear, est\u00e1 ampliando seu inovador portf\u00f3lio de produtos trazendo, entre seus lan\u00e7amentos, tecidos em denim e sarja feitos a partir do c\u00e2nhamo, [&hellip;]<\/p>\n","protected":false},"author":2,"featured_media":1250,"comment_status":"open","ping_status":"open","sticky":false,"template":"","format":"standard","meta":{"footnotes":""},"categories":[56,16],"tags":[],"class_list":["post-1249","post","type-post","status-publish","format-standard","has-post-thumbnail","hentry","category-destaques","category-noticias"],"yoast_head":"<!-- This site is optimized with the Yoast SEO plugin v22.8 - https:\/\/yoast.com\/wordpress\/plugins\/seo\/ -->\n<title>Primeiro jeans de c\u00e2nhamo do Brasil \u00e9 lan\u00e7ado pela Vicunha - Sindit\u00eaxtil-SP<\/title>\n<meta name=\"robots\" content=\"index, follow, max-snippet:-1, max-image-preview:large, max-video-preview:-1\" \/>\n<link rel=\"canonical\" href=\"https:\/\/sinditextilsp.org.br\/home\/2021\/10\/primeiro-jeans-de-canhamo-do-brasil-e-lancado-pela-vicunha\/\" \/>\n<meta property=\"og:locale\" content=\"pt_BR\" \/>\n<meta property=\"og:type\" content=\"article\" \/>\n<meta property=\"og:title\" content=\"Primeiro jeans de c\u00e2nhamo do Brasil \u00e9 lan\u00e7ado pela Vicunha - Sindit\u00eaxtil-SP\" \/>\n<meta property=\"og:description\" content=\"Cada vez mais, o mundo e os consumidores demandam por servi\u00e7os, produtos e iniciativas mais limpas e sustent\u00e1veis das grandes empresas. Na moda, isso n\u00e3o \u00e9 diferente. Por isso, a Vicunha, multinacional de jeanswear, est\u00e1 ampliando seu inovador portf\u00f3lio de produtos trazendo, entre seus lan\u00e7amentos, tecidos em denim e sarja feitos a partir do c\u00e2nhamo, [&hellip;]\" \/>\n<meta property=\"og:url\" content=\"https:\/\/sinditextilsp.org.br\/home\/2021\/10\/primeiro-jeans-de-canhamo-do-brasil-e-lancado-pela-vicunha\/\" \/>\n<meta property=\"og:site_name\" content=\"Sindit\u00eaxtil-SP\" \/>\n<meta property=\"article:publisher\" content=\"https:\/\/www.facebook.com\/sinditextilsp\" \/>\n<meta property=\"article:published_time\" content=\"2021-10-25T21:26:47+00:00\" \/>\n<meta property=\"og:image\" content=\"https:\/\/sinditextilsp.org.br\/home\/wp-content\/uploads\/2021\/10\/N0_VICUNHA-HEMP.png\" \/>\n\t<meta property=\"og:image:width\" content=\"895\" \/>\n\t<meta property=\"og:image:height\" content=\"882\" \/>\n\t<meta property=\"og:image:type\" content=\"image\/png\" \/>\n<meta name=\"author\" content=\"Sindit\u00eaxtil-SP\" \/>\n<meta name=\"twitter:card\" content=\"summary_large_image\" \/>\n<meta name=\"twitter:creator\" content=\"@SinditextilSP\" \/>\n<meta name=\"twitter:site\" content=\"@SinditextilSP\" \/>\n<meta name=\"twitter:label1\" content=\"Escrito por\" \/>\n\t<meta name=\"twitter:data1\" content=\"Sindit\u00eaxtil-SP\" \/>\n\t<meta name=\"twitter:label2\" content=\"Est. tempo de leitura\" \/>\n\t<meta name=\"twitter:data2\" content=\"3 minutos\" \/>\n<script type=\"application\/ld+json\" class=\"yoast-schema-graph\">{\"@context\":\"https:\/\/schema.org\",\"@graph\":[{\"@type\":\"WebPage\",\"@id\":\"https:\/\/sinditextilsp.org.br\/home\/2021\/10\/primeiro-jeans-de-canhamo-do-brasil-e-lancado-pela-vicunha\/\",\"url\":\"https:\/\/sinditextilsp.org.br\/home\/2021\/10\/primeiro-jeans-de-canhamo-do-brasil-e-lancado-pela-vicunha\/\",\"name\":\"Primeiro jeans de c\u00e2nhamo do Brasil \u00e9 lan\u00e7ado pela Vicunha - Sindit\u00eaxtil-SP\",\"isPartOf\":{\"@id\":\"https:\/\/sinditextilsp.org.br\/home\/#website\"},\"primaryImageOfPage\":{\"@id\":\"https:\/\/sinditextilsp.org.br\/home\/2021\/10\/primeiro-jeans-de-canhamo-do-brasil-e-lancado-pela-vicunha\/#primaryimage\"},\"image\":{\"@id\":\"https:\/\/sinditextilsp.org.br\/home\/2021\/10\/primeiro-jeans-de-canhamo-do-brasil-e-lancado-pela-vicunha\/#primaryimage\"},\"thumbnailUrl\":\"https:\/\/sinditextilsp.org.br\/home\/wp-content\/uploads\/2021\/10\/N0_VICUNHA-HEMP.png\",\"datePublished\":\"2021-10-25T21:26:47+00:00\",\"dateModified\":\"2021-10-25T21:26:47+00:00\",\"author\":{\"@id\":\"https:\/\/sinditextilsp.org.br\/home\/#\/schema\/person\/ceca3861f277dc1806d31199f1604264\"},\"breadcrumb\":{\"@id\":\"https:\/\/sinditextilsp.org.br\/home\/2021\/10\/primeiro-jeans-de-canhamo-do-brasil-e-lancado-pela-vicunha\/#breadcrumb\"},\"inLanguage\":\"pt-BR\",\"potentialAction\":[{\"@type\":\"ReadAction\",\"target\":[\"https:\/\/sinditextilsp.org.br\/home\/2021\/10\/primeiro-jeans-de-canhamo-do-brasil-e-lancado-pela-vicunha\/\"]}]},{\"@type\":\"ImageObject\",\"inLanguage\":\"pt-BR\",\"@id\":\"https:\/\/sinditextilsp.org.br\/home\/2021\/10\/primeiro-jeans-de-canhamo-do-brasil-e-lancado-pela-vicunha\/#primaryimage\",\"url\":\"https:\/\/sinditextilsp.org.br\/home\/wp-content\/uploads\/2021\/10\/N0_VICUNHA-HEMP.png\",\"contentUrl\":\"https:\/\/sinditextilsp.org.br\/home\/wp-content\/uploads\/2021\/10\/N0_VICUNHA-HEMP.png\",\"width\":895,\"height\":882},{\"@type\":\"BreadcrumbList\",\"@id\":\"https:\/\/sinditextilsp.org.br\/home\/2021\/10\/primeiro-jeans-de-canhamo-do-brasil-e-lancado-pela-vicunha\/#breadcrumb\",\"itemListElement\":[{\"@type\":\"ListItem\",\"position\":1,\"name\":\"In\u00edcio\",\"item\":\"https:\/\/sinditextilsp.org.br\/home\/\"},{\"@type\":\"ListItem\",\"position\":2,\"name\":\"Primeiro jeans de c\u00e2nhamo do Brasil \u00e9 lan\u00e7ado pela Vicunha\"}]},{\"@type\":\"WebSite\",\"@id\":\"https:\/\/sinditextilsp.org.br\/home\/#website\",\"url\":\"https:\/\/sinditextilsp.org.br\/home\/\",\"name\":\"Sindit\u00eaxtil-SP\",\"description\":\"Sindicato T\u00eaxtil de S\u00e3o Paulo\",\"potentialAction\":[{\"@type\":\"SearchAction\",\"target\":{\"@type\":\"EntryPoint\",\"urlTemplate\":\"https:\/\/sinditextilsp.org.br\/home\/?s={search_term_string}\"},\"query-input\":\"required name=search_term_string\"}],\"inLanguage\":\"pt-BR\"},{\"@type\":\"Person\",\"@id\":\"https:\/\/sinditextilsp.org.br\/home\/#\/schema\/person\/ceca3861f277dc1806d31199f1604264\",\"name\":\"Sindit\u00eaxtil-SP\",\"image\":{\"@type\":\"ImageObject\",\"inLanguage\":\"pt-BR\",\"@id\":\"https:\/\/sinditextilsp.org.br\/home\/#\/schema\/person\/image\/\",\"url\":\"https:\/\/secure.gravatar.com\/avatar\/1004e4f7c56213ad977aba92436bc447272b6a4743534ef04a82f43c866dd0e0?s=96&d=mm&r=g\",\"contentUrl\":\"https:\/\/secure.gravatar.com\/avatar\/1004e4f7c56213ad977aba92436bc447272b6a4743534ef04a82f43c866dd0e0?s=96&d=mm&r=g\",\"caption\":\"Sindit\u00eaxtil-SP\"},\"url\":\"https:\/\/sinditextilsp.org.br\/home\/author\/sinditextilsp\/\"}]}<\/script>\n<!-- \/ Yoast SEO plugin. -->","yoast_head_json":{"title":"Primeiro jeans de c\u00e2nhamo do Brasil \u00e9 lan\u00e7ado pela Vicunha - Sindit\u00eaxtil-SP","robots":{"index":"index","follow":"follow","max-snippet":"max-snippet:-1","max-image-preview":"max-image-preview:large","max-video-preview":"max-video-preview:-1"},"canonical":"https:\/\/sinditextilsp.org.br\/home\/2021\/10\/primeiro-jeans-de-canhamo-do-brasil-e-lancado-pela-vicunha\/","og_locale":"pt_BR","og_type":"article","og_title":"Primeiro jeans de c\u00e2nhamo do Brasil \u00e9 lan\u00e7ado pela Vicunha - Sindit\u00eaxtil-SP","og_description":"Cada vez mais, o mundo e os consumidores demandam por servi\u00e7os, produtos e iniciativas mais limpas e sustent\u00e1veis das grandes empresas. Na moda, isso n\u00e3o \u00e9 diferente. Por isso, a Vicunha, multinacional de jeanswear, est\u00e1 ampliando seu inovador portf\u00f3lio de produtos trazendo, entre seus lan\u00e7amentos, tecidos em denim e sarja feitos a partir do c\u00e2nhamo, [&hellip;]","og_url":"https:\/\/sinditextilsp.org.br\/home\/2021\/10\/primeiro-jeans-de-canhamo-do-brasil-e-lancado-pela-vicunha\/","og_site_name":"Sindit\u00eaxtil-SP","article_publisher":"https:\/\/www.facebook.com\/sinditextilsp","article_published_time":"2021-10-25T21:26:47+00:00","og_image":[{"width":895,"height":882,"url":"https:\/\/sinditextilsp.org.br\/home\/wp-content\/uploads\/2021\/10\/N0_VICUNHA-HEMP.png","type":"image\/png"}],"author":"Sindit\u00eaxtil-SP","twitter_card":"summary_large_image","twitter_creator":"@SinditextilSP","twitter_site":"@SinditextilSP","twitter_misc":{"Escrito por":"Sindit\u00eaxtil-SP","Est. tempo de leitura":"3 minutos"},"schema":{"@context":"https:\/\/schema.org","@graph":[{"@type":"WebPage","@id":"https:\/\/sinditextilsp.org.br\/home\/2021\/10\/primeiro-jeans-de-canhamo-do-brasil-e-lancado-pela-vicunha\/","url":"https:\/\/sinditextilsp.org.br\/home\/2021\/10\/primeiro-jeans-de-canhamo-do-brasil-e-lancado-pela-vicunha\/","name":"Primeiro jeans de c\u00e2nhamo do Brasil \u00e9 lan\u00e7ado pela Vicunha - Sindit\u00eaxtil-SP","isPartOf":{"@id":"https:\/\/sinditextilsp.org.br\/home\/#website"},"primaryImageOfPage":{"@id":"https:\/\/sinditextilsp.org.br\/home\/2021\/10\/primeiro-jeans-de-canhamo-do-brasil-e-lancado-pela-vicunha\/#primaryimage"},"image":{"@id":"https:\/\/sinditextilsp.org.br\/home\/2021\/10\/primeiro-jeans-de-canhamo-do-brasil-e-lancado-pela-vicunha\/#primaryimage"},"thumbnailUrl":"https:\/\/sinditextilsp.org.br\/home\/wp-content\/uploads\/2021\/10\/N0_VICUNHA-HEMP.png","datePublished":"2021-10-25T21:26:47+00:00","dateModified":"2021-10-25T21:26:47+00:00","author":{"@id":"https:\/\/sinditextilsp.org.br\/home\/#\/schema\/person\/ceca3861f277dc1806d31199f1604264"},"breadcrumb":{"@id":"https:\/\/sinditextilsp.org.br\/home\/2021\/10\/primeiro-jeans-de-canhamo-do-brasil-e-lancado-pela-vicunha\/#breadcrumb"},"inLanguage":"pt-BR","potentialAction":[{"@type":"ReadAction","target":["https:\/\/sinditextilsp.org.br\/home\/2021\/10\/primeiro-jeans-de-canhamo-do-brasil-e-lancado-pela-vicunha\/"]}]},{"@type":"ImageObject","inLanguage":"pt-BR","@id":"https:\/\/sinditextilsp.org.br\/home\/2021\/10\/primeiro-jeans-de-canhamo-do-brasil-e-lancado-pela-vicunha\/#primaryimage","url":"https:\/\/sinditextilsp.org.br\/home\/wp-content\/uploads\/2021\/10\/N0_VICUNHA-HEMP.png","contentUrl":"https:\/\/sinditextilsp.org.br\/home\/wp-content\/uploads\/2021\/10\/N0_VICUNHA-HEMP.png","width":895,"height":882},{"@type":"BreadcrumbList","@id":"https:\/\/sinditextilsp.org.br\/home\/2021\/10\/primeiro-jeans-de-canhamo-do-brasil-e-lancado-pela-vicunha\/#breadcrumb","itemListElement":[{"@type":"ListItem","position":1,"name":"In\u00edcio","item":"https:\/\/sinditextilsp.org.br\/home\/"},{"@type":"ListItem","position":2,"name":"Primeiro jeans de c\u00e2nhamo do Brasil \u00e9 lan\u00e7ado pela Vicunha"}]},{"@type":"WebSite","@id":"https:\/\/sinditextilsp.org.br\/home\/#website","url":"https:\/\/sinditextilsp.org.br\/home\/","name":"Sindit\u00eaxtil-SP","description":"Sindicato T\u00eaxtil de S\u00e3o Paulo","potentialAction":[{"@type":"SearchAction","target":{"@type":"EntryPoint","urlTemplate":"https:\/\/sinditextilsp.org.br\/home\/?s={search_term_string}"},"query-input":"required name=search_term_string"}],"inLanguage":"pt-BR"},{"@type":"Person","@id":"https:\/\/sinditextilsp.org.br\/home\/#\/schema\/person\/ceca3861f277dc1806d31199f1604264","name":"Sindit\u00eaxtil-SP","image":{"@type":"ImageObject","inLanguage":"pt-BR","@id":"https:\/\/sinditextilsp.org.br\/home\/#\/schema\/person\/image\/","url":"https:\/\/secure.gravatar.com\/avatar\/1004e4f7c56213ad977aba92436bc447272b6a4743534ef04a82f43c866dd0e0?s=96&d=mm&r=g","contentUrl":"https:\/\/secure.gravatar.com\/avatar\/1004e4f7c56213ad977aba92436bc447272b6a4743534ef04a82f43c866dd0e0?s=96&d=mm&r=g","caption":"Sindit\u00eaxtil-SP"},"url":"https:\/\/sinditextilsp.org.br\/home\/author\/sinditextilsp\/"}]}},"_links":{"self":[{"href":"https:\/\/sinditextilsp.org.br\/home\/wp-json\/wp\/v2\/posts\/1249","targetHints":{"allow":["GET"]}}],"collection":[{"href":"https:\/\/sinditextilsp.org.br\/home\/wp-json\/wp\/v2\/posts"}],"about":[{"href":"https:\/\/sinditextilsp.org.br\/home\/wp-json\/wp\/v2\/types\/post"}],"author":[{"embeddable":true,"href":"https:\/\/sinditextilsp.org.br\/home\/wp-json\/wp\/v2\/users\/2"}],"replies":[{"embeddable":true,"href":"https:\/\/sinditextilsp.org.br\/home\/wp-json\/wp\/v2\/comments?post=1249"}],"version-history":[{"count":1,"href":"https:\/\/sinditextilsp.org.br\/home\/wp-json\/wp\/v2\/posts\/1249\/revisions"}],"predecessor-version":[{"id":1251,"href":"https:\/\/sinditextilsp.org.br\/home\/wp-json\/wp\/v2\/posts\/1249\/revisions\/1251"}],"wp:featuredmedia":[{"embeddable":true,"href":"https:\/\/sinditextilsp.org.br\/home\/wp-json\/wp\/v2\/media\/1250"}],"wp:attachment":[{"href":"https:\/\/sinditextilsp.org.br\/home\/wp-json\/wp\/v2\/media?parent=1249"}],"wp:term":[{"taxonomy":"category","embeddable":true,"href":"https:\/\/sinditextilsp.org.br\/home\/wp-json\/wp\/v2\/categories?post=1249"},{"taxonomy":"post_tag","embeddable":true,"href":"https:\/\/sinditextilsp.org.br\/home\/wp-json\/wp\/v2\/tags?post=1249"}],"curies":[{"name":"wp","href":"https:\/\/api.w.org\/{rel}","templated":true}]}}