{"id":1263,"date":"2021-10-29T14:59:26","date_gmt":"2021-10-29T17:59:26","guid":{"rendered":"https:\/\/sinditextilsp.org.br\/home\/?p=1263"},"modified":"2021-10-29T15:09:28","modified_gmt":"2021-10-29T18:09:28","slug":"santista-jeanswear-apresenta-as-tendencias-para-o-verao-2023","status":"publish","type":"post","link":"https:\/\/sinditextilsp.org.br\/home\/2021\/10\/santista-jeanswear-apresenta-as-tendencias-para-o-verao-2023\/","title":{"rendered":"Santista Jeanswear apresenta as tend\u00eancias para o ver\u00e3o 2023"},"content":{"rendered":"<p class=\"x_MsoListParagraphCxSpFirst\">A Santista Jeanswear, marca refer\u00eancia em denim na Am\u00e9rica Latina, apresentou ontem (26), sua nova cole\u00e7\u00e3o de ver\u00e3o 2023, no Denim City S\u00e3o Paulo. Entre as novidades est\u00e3o uma cole\u00e7\u00e3o c\u00e1psula com tecidos Super Premium que incluem mistura com modal, excelente toque, conforto e com tingimento Lazuli, proporcionando o azul mais intenso do marcado. Al\u00e9m de novidades em artigos Super Stretch e 100% algod\u00e3o.<\/p>\n<p class=\"x_MsoListParagraphCxSpMiddle\">Ainda no audit\u00f3rio do Denim City S\u00e3o Paulo aconteceu o talk com Sueli Pereira,\u00a0gerente de Comunica\u00e7\u00e3o e Moda, sobre JEANSenvolvimento &#8211; Comportamento e Tend\u00eancia, onde foi abordado a pesquisa que a marca est\u00e1 desenvolvimento para entender mais sobre o comportamento e os desejos dos consumidores.<\/p>\n<p class=\"x_MsoListParagraphCxSpMiddle\">A cole\u00e7\u00e3o foi dividida em tr\u00eas linhas: os Phydital Ravers, Criadores Coletivos e os Exploradores Enraizados, cada uma com hist\u00f3rias e cores pr\u00f3prias que auxiliam a entender mais sobre as tend\u00eancias para a pr\u00f3xima esta\u00e7\u00e3o.<\/p>\n<p class=\"x_MsoListParagraphCxSpMiddle\">Entre as tend\u00eancias \u201cPhydital Ravers\u201d retrata cen\u00e1rio futur\u00edstico altamente tecnol\u00f3gico e inclusivo, com est\u00e9tica de festivais e paleta de cor que expressa o otimismo em tons vibrantes, cinzas, darks e cores \u00e1cidas.<\/p>\n<p><img loading=\"lazy\" decoding=\"async\" class=\"aligncenter wp-image-1265 size-full\" src=\"https:\/\/sinditextilsp.org.br\/home\/wp-content\/uploads\/2021\/10\/N2_santista-ravers.jpg\" alt=\"\" width=\"886\" height=\"591\" srcset=\"https:\/\/sinditextilsp.org.br\/home\/wp-content\/uploads\/2021\/10\/N2_santista-ravers.jpg 886w, https:\/\/sinditextilsp.org.br\/home\/wp-content\/uploads\/2021\/10\/N2_santista-ravers-768x512.jpg 768w, https:\/\/sinditextilsp.org.br\/home\/wp-content\/uploads\/2021\/10\/N2_santista-ravers-640x427.jpg 640w, https:\/\/sinditextilsp.org.br\/home\/wp-content\/uploads\/2021\/10\/N2_santista-ravers-400x267.jpg 400w, https:\/\/sinditextilsp.org.br\/home\/wp-content\/uploads\/2021\/10\/N2_santista-ravers-367x245.jpg 367w\" sizes=\"auto, (max-width: 886px) 100vw, 886px\" \/><\/p>\n<p>No direcionamento \u201cCriadores Coletivos\u201d uma fuga no conforto do passado, tempo de nostalgia e reinven\u00e7\u00e3o por meio de cores e padr\u00f5es l\u00fadicos, que traz uma cartela com tons suaves compondo com tons mais intensos.<\/p>\n<p><img loading=\"lazy\" decoding=\"async\" class=\"aligncenter wp-image-1266 size-full\" src=\"https:\/\/sinditextilsp.org.br\/home\/wp-content\/uploads\/2021\/10\/N2_santista-criadores-coletivos-1.jpg\" alt=\"\" width=\"591\" height=\"886\" srcset=\"https:\/\/sinditextilsp.org.br\/home\/wp-content\/uploads\/2021\/10\/N2_santista-criadores-coletivos-1.jpg 591w, https:\/\/sinditextilsp.org.br\/home\/wp-content\/uploads\/2021\/10\/N2_santista-criadores-coletivos-1-400x600.jpg 400w, https:\/\/sinditextilsp.org.br\/home\/wp-content\/uploads\/2021\/10\/N2_santista-criadores-coletivos-1-367x550.jpg 367w\" sizes=\"auto, (max-width: 591px) 100vw, 591px\" \/><\/p>\n<p>&nbsp;<\/p>\n<p>J\u00e1 os \u201cExploradores Enraizados\u201d traduzem o isolamento na natureza que inspira um novo estilo de vida, escolhendo um produto que contribua para o nosso bem-estar e do planeta, com tons mais naturais.<\/p>\n<p><img loading=\"lazy\" decoding=\"async\" class=\"aligncenter wp-image-1267 size-full\" src=\"https:\/\/sinditextilsp.org.br\/home\/wp-content\/uploads\/2021\/10\/N2_santista-exploradores.jpg\" alt=\"\" width=\"886\" height=\"591\" srcset=\"https:\/\/sinditextilsp.org.br\/home\/wp-content\/uploads\/2021\/10\/N2_santista-exploradores.jpg 886w, https:\/\/sinditextilsp.org.br\/home\/wp-content\/uploads\/2021\/10\/N2_santista-exploradores-768x512.jpg 768w, https:\/\/sinditextilsp.org.br\/home\/wp-content\/uploads\/2021\/10\/N2_santista-exploradores-640x427.jpg 640w, https:\/\/sinditextilsp.org.br\/home\/wp-content\/uploads\/2021\/10\/N2_santista-exploradores-400x267.jpg 400w, https:\/\/sinditextilsp.org.br\/home\/wp-content\/uploads\/2021\/10\/N2_santista-exploradores-367x245.jpg 367w\" sizes=\"auto, (max-width: 886px) 100vw, 886px\" \/><\/p>\n<p>Essa \u00e9 uma cole\u00e7\u00e3o para atender todos os gostos, idades, g\u00eaneros e gera\u00e7\u00f5es. A Santista Jeanswear convidou os parceiros ELLIAS KALEB, HELOISA FARIA, CARLOS CASTRO, JORGE FEITOSA e TOM MARTINS para interpretarem suas cria\u00e7\u00f5es com os lan\u00e7amentos da marca nas linhas Icon (100% algod\u00e3o), Flats (sarjas) e Free (tecidos com stretch).<\/p>\n","protected":false},"excerpt":{"rendered":"<p>A Santista Jeanswear, marca refer\u00eancia em denim na Am\u00e9rica Latina, apresentou ontem (26), sua nova cole\u00e7\u00e3o de ver\u00e3o 2023, no Denim City S\u00e3o Paulo. Entre as novidades est\u00e3o uma cole\u00e7\u00e3o c\u00e1psula com tecidos Super Premium que incluem mistura com modal, excelente toque, conforto e com tingimento Lazuli, proporcionando o azul mais intenso do marcado. Al\u00e9m [&hellip;]<\/p>\n","protected":false},"author":7,"featured_media":1265,"comment_status":"open","ping_status":"open","sticky":false,"template":"","format":"standard","meta":{"footnotes":""},"categories":[56,16],"tags":[],"class_list":["post-1263","post","type-post","status-publish","format-standard","has-post-thumbnail","hentry","category-destaques","category-noticias"],"yoast_head":"<!-- This site is optimized with the Yoast SEO plugin v22.8 - https:\/\/yoast.com\/wordpress\/plugins\/seo\/ -->\n<title>Santista Jeanswear apresenta as tend\u00eancias para o ver\u00e3o 2023 - Sindit\u00eaxtil-SP<\/title>\n<meta name=\"robots\" content=\"index, follow, max-snippet:-1, max-image-preview:large, max-video-preview:-1\" \/>\n<link rel=\"canonical\" href=\"https:\/\/sinditextilsp.org.br\/home\/2021\/10\/santista-jeanswear-apresenta-as-tendencias-para-o-verao-2023\/\" \/>\n<meta property=\"og:locale\" content=\"pt_BR\" \/>\n<meta property=\"og:type\" content=\"article\" \/>\n<meta property=\"og:title\" content=\"Santista Jeanswear apresenta as tend\u00eancias para o ver\u00e3o 2023 - Sindit\u00eaxtil-SP\" \/>\n<meta property=\"og:description\" content=\"A Santista Jeanswear, marca refer\u00eancia em denim na Am\u00e9rica Latina, apresentou ontem (26), sua nova cole\u00e7\u00e3o de ver\u00e3o 2023, no Denim City S\u00e3o Paulo. Entre as novidades est\u00e3o uma cole\u00e7\u00e3o c\u00e1psula com tecidos Super Premium que incluem mistura com modal, excelente toque, conforto e com tingimento Lazuli, proporcionando o azul mais intenso do marcado. Al\u00e9m [&hellip;]\" \/>\n<meta property=\"og:url\" content=\"https:\/\/sinditextilsp.org.br\/home\/2021\/10\/santista-jeanswear-apresenta-as-tendencias-para-o-verao-2023\/\" \/>\n<meta property=\"og:site_name\" content=\"Sindit\u00eaxtil-SP\" \/>\n<meta property=\"article:publisher\" content=\"https:\/\/www.facebook.com\/sinditextilsp\" \/>\n<meta property=\"article:published_time\" content=\"2021-10-29T17:59:26+00:00\" \/>\n<meta property=\"article:modified_time\" content=\"2021-10-29T18:09:28+00:00\" \/>\n<meta property=\"og:image\" content=\"https:\/\/sinditextilsp.org.br\/home\/wp-content\/uploads\/2021\/10\/N2_santista-ravers.jpg\" \/>\n\t<meta property=\"og:image:width\" content=\"886\" \/>\n\t<meta property=\"og:image:height\" content=\"591\" \/>\n\t<meta property=\"og:image:type\" content=\"image\/jpeg\" \/>\n<meta name=\"author\" content=\"Roberto Lima\" \/>\n<meta name=\"twitter:card\" content=\"summary_large_image\" \/>\n<meta name=\"twitter:creator\" content=\"@SinditextilSP\" \/>\n<meta name=\"twitter:site\" content=\"@SinditextilSP\" \/>\n<meta name=\"twitter:label1\" content=\"Escrito por\" \/>\n\t<meta name=\"twitter:data1\" content=\"Roberto Lima\" \/>\n\t<meta name=\"twitter:label2\" content=\"Est. tempo de leitura\" \/>\n\t<meta name=\"twitter:data2\" content=\"2 minutos\" \/>\n<script type=\"application\/ld+json\" class=\"yoast-schema-graph\">{\"@context\":\"https:\/\/schema.org\",\"@graph\":[{\"@type\":\"WebPage\",\"@id\":\"https:\/\/sinditextilsp.org.br\/home\/2021\/10\/santista-jeanswear-apresenta-as-tendencias-para-o-verao-2023\/\",\"url\":\"https:\/\/sinditextilsp.org.br\/home\/2021\/10\/santista-jeanswear-apresenta-as-tendencias-para-o-verao-2023\/\",\"name\":\"Santista Jeanswear apresenta as tend\u00eancias para o ver\u00e3o 2023 - Sindit\u00eaxtil-SP\",\"isPartOf\":{\"@id\":\"https:\/\/sinditextilsp.org.br\/home\/#website\"},\"primaryImageOfPage\":{\"@id\":\"https:\/\/sinditextilsp.org.br\/home\/2021\/10\/santista-jeanswear-apresenta-as-tendencias-para-o-verao-2023\/#primaryimage\"},\"image\":{\"@id\":\"https:\/\/sinditextilsp.org.br\/home\/2021\/10\/santista-jeanswear-apresenta-as-tendencias-para-o-verao-2023\/#primaryimage\"},\"thumbnailUrl\":\"https:\/\/sinditextilsp.org.br\/home\/wp-content\/uploads\/2021\/10\/N2_santista-ravers.jpg\",\"datePublished\":\"2021-10-29T17:59:26+00:00\",\"dateModified\":\"2021-10-29T18:09:28+00:00\",\"author\":{\"@id\":\"https:\/\/sinditextilsp.org.br\/home\/#\/schema\/person\/f2652ee75ed0db87c6a4c63cfba51dd9\"},\"breadcrumb\":{\"@id\":\"https:\/\/sinditextilsp.org.br\/home\/2021\/10\/santista-jeanswear-apresenta-as-tendencias-para-o-verao-2023\/#breadcrumb\"},\"inLanguage\":\"pt-BR\",\"potentialAction\":[{\"@type\":\"ReadAction\",\"target\":[\"https:\/\/sinditextilsp.org.br\/home\/2021\/10\/santista-jeanswear-apresenta-as-tendencias-para-o-verao-2023\/\"]}]},{\"@type\":\"ImageObject\",\"inLanguage\":\"pt-BR\",\"@id\":\"https:\/\/sinditextilsp.org.br\/home\/2021\/10\/santista-jeanswear-apresenta-as-tendencias-para-o-verao-2023\/#primaryimage\",\"url\":\"https:\/\/sinditextilsp.org.br\/home\/wp-content\/uploads\/2021\/10\/N2_santista-ravers.jpg\",\"contentUrl\":\"https:\/\/sinditextilsp.org.br\/home\/wp-content\/uploads\/2021\/10\/N2_santista-ravers.jpg\",\"width\":886,\"height\":591},{\"@type\":\"BreadcrumbList\",\"@id\":\"https:\/\/sinditextilsp.org.br\/home\/2021\/10\/santista-jeanswear-apresenta-as-tendencias-para-o-verao-2023\/#breadcrumb\",\"itemListElement\":[{\"@type\":\"ListItem\",\"position\":1,\"name\":\"In\u00edcio\",\"item\":\"https:\/\/sinditextilsp.org.br\/home\/\"},{\"@type\":\"ListItem\",\"position\":2,\"name\":\"Santista Jeanswear apresenta as tend\u00eancias para o ver\u00e3o 2023\"}]},{\"@type\":\"WebSite\",\"@id\":\"https:\/\/sinditextilsp.org.br\/home\/#website\",\"url\":\"https:\/\/sinditextilsp.org.br\/home\/\",\"name\":\"Sindit\u00eaxtil-SP\",\"description\":\"Sindicato T\u00eaxtil de S\u00e3o Paulo\",\"potentialAction\":[{\"@type\":\"SearchAction\",\"target\":{\"@type\":\"EntryPoint\",\"urlTemplate\":\"https:\/\/sinditextilsp.org.br\/home\/?s={search_term_string}\"},\"query-input\":\"required name=search_term_string\"}],\"inLanguage\":\"pt-BR\"},{\"@type\":\"Person\",\"@id\":\"https:\/\/sinditextilsp.org.br\/home\/#\/schema\/person\/f2652ee75ed0db87c6a4c63cfba51dd9\",\"name\":\"Roberto Lima\",\"image\":{\"@type\":\"ImageObject\",\"inLanguage\":\"pt-BR\",\"@id\":\"https:\/\/sinditextilsp.org.br\/home\/#\/schema\/person\/image\/\",\"url\":\"https:\/\/secure.gravatar.com\/avatar\/e5e9ded7ca9297005415a6263122555b6a112c409111396e3416a952302fb1bf?s=96&d=mm&r=g\",\"contentUrl\":\"https:\/\/secure.gravatar.com\/avatar\/e5e9ded7ca9297005415a6263122555b6a112c409111396e3416a952302fb1bf?s=96&d=mm&r=g\",\"caption\":\"Roberto Lima\"},\"url\":\"https:\/\/sinditextilsp.org.br\/home\/author\/roberto-lima\/\"}]}<\/script>\n<!-- \/ Yoast SEO plugin. -->","yoast_head_json":{"title":"Santista Jeanswear apresenta as tend\u00eancias para o ver\u00e3o 2023 - Sindit\u00eaxtil-SP","robots":{"index":"index","follow":"follow","max-snippet":"max-snippet:-1","max-image-preview":"max-image-preview:large","max-video-preview":"max-video-preview:-1"},"canonical":"https:\/\/sinditextilsp.org.br\/home\/2021\/10\/santista-jeanswear-apresenta-as-tendencias-para-o-verao-2023\/","og_locale":"pt_BR","og_type":"article","og_title":"Santista Jeanswear apresenta as tend\u00eancias para o ver\u00e3o 2023 - Sindit\u00eaxtil-SP","og_description":"A Santista Jeanswear, marca refer\u00eancia em denim na Am\u00e9rica Latina, apresentou ontem (26), sua nova cole\u00e7\u00e3o de ver\u00e3o 2023, no Denim City S\u00e3o Paulo. Entre as novidades est\u00e3o uma cole\u00e7\u00e3o c\u00e1psula com tecidos Super Premium que incluem mistura com modal, excelente toque, conforto e com tingimento Lazuli, proporcionando o azul mais intenso do marcado. Al\u00e9m [&hellip;]","og_url":"https:\/\/sinditextilsp.org.br\/home\/2021\/10\/santista-jeanswear-apresenta-as-tendencias-para-o-verao-2023\/","og_site_name":"Sindit\u00eaxtil-SP","article_publisher":"https:\/\/www.facebook.com\/sinditextilsp","article_published_time":"2021-10-29T17:59:26+00:00","article_modified_time":"2021-10-29T18:09:28+00:00","og_image":[{"width":886,"height":591,"url":"https:\/\/sinditextilsp.org.br\/home\/wp-content\/uploads\/2021\/10\/N2_santista-ravers.jpg","type":"image\/jpeg"}],"author":"Roberto Lima","twitter_card":"summary_large_image","twitter_creator":"@SinditextilSP","twitter_site":"@SinditextilSP","twitter_misc":{"Escrito por":"Roberto Lima","Est. tempo de leitura":"2 minutos"},"schema":{"@context":"https:\/\/schema.org","@graph":[{"@type":"WebPage","@id":"https:\/\/sinditextilsp.org.br\/home\/2021\/10\/santista-jeanswear-apresenta-as-tendencias-para-o-verao-2023\/","url":"https:\/\/sinditextilsp.org.br\/home\/2021\/10\/santista-jeanswear-apresenta-as-tendencias-para-o-verao-2023\/","name":"Santista Jeanswear apresenta as tend\u00eancias para o ver\u00e3o 2023 - Sindit\u00eaxtil-SP","isPartOf":{"@id":"https:\/\/sinditextilsp.org.br\/home\/#website"},"primaryImageOfPage":{"@id":"https:\/\/sinditextilsp.org.br\/home\/2021\/10\/santista-jeanswear-apresenta-as-tendencias-para-o-verao-2023\/#primaryimage"},"image":{"@id":"https:\/\/sinditextilsp.org.br\/home\/2021\/10\/santista-jeanswear-apresenta-as-tendencias-para-o-verao-2023\/#primaryimage"},"thumbnailUrl":"https:\/\/sinditextilsp.org.br\/home\/wp-content\/uploads\/2021\/10\/N2_santista-ravers.jpg","datePublished":"2021-10-29T17:59:26+00:00","dateModified":"2021-10-29T18:09:28+00:00","author":{"@id":"https:\/\/sinditextilsp.org.br\/home\/#\/schema\/person\/f2652ee75ed0db87c6a4c63cfba51dd9"},"breadcrumb":{"@id":"https:\/\/sinditextilsp.org.br\/home\/2021\/10\/santista-jeanswear-apresenta-as-tendencias-para-o-verao-2023\/#breadcrumb"},"inLanguage":"pt-BR","potentialAction":[{"@type":"ReadAction","target":["https:\/\/sinditextilsp.org.br\/home\/2021\/10\/santista-jeanswear-apresenta-as-tendencias-para-o-verao-2023\/"]}]},{"@type":"ImageObject","inLanguage":"pt-BR","@id":"https:\/\/sinditextilsp.org.br\/home\/2021\/10\/santista-jeanswear-apresenta-as-tendencias-para-o-verao-2023\/#primaryimage","url":"https:\/\/sinditextilsp.org.br\/home\/wp-content\/uploads\/2021\/10\/N2_santista-ravers.jpg","contentUrl":"https:\/\/sinditextilsp.org.br\/home\/wp-content\/uploads\/2021\/10\/N2_santista-ravers.jpg","width":886,"height":591},{"@type":"BreadcrumbList","@id":"https:\/\/sinditextilsp.org.br\/home\/2021\/10\/santista-jeanswear-apresenta-as-tendencias-para-o-verao-2023\/#breadcrumb","itemListElement":[{"@type":"ListItem","position":1,"name":"In\u00edcio","item":"https:\/\/sinditextilsp.org.br\/home\/"},{"@type":"ListItem","position":2,"name":"Santista Jeanswear apresenta as tend\u00eancias para o ver\u00e3o 2023"}]},{"@type":"WebSite","@id":"https:\/\/sinditextilsp.org.br\/home\/#website","url":"https:\/\/sinditextilsp.org.br\/home\/","name":"Sindit\u00eaxtil-SP","description":"Sindicato T\u00eaxtil de S\u00e3o Paulo","potentialAction":[{"@type":"SearchAction","target":{"@type":"EntryPoint","urlTemplate":"https:\/\/sinditextilsp.org.br\/home\/?s={search_term_string}"},"query-input":"required name=search_term_string"}],"inLanguage":"pt-BR"},{"@type":"Person","@id":"https:\/\/sinditextilsp.org.br\/home\/#\/schema\/person\/f2652ee75ed0db87c6a4c63cfba51dd9","name":"Roberto Lima","image":{"@type":"ImageObject","inLanguage":"pt-BR","@id":"https:\/\/sinditextilsp.org.br\/home\/#\/schema\/person\/image\/","url":"https:\/\/secure.gravatar.com\/avatar\/e5e9ded7ca9297005415a6263122555b6a112c409111396e3416a952302fb1bf?s=96&d=mm&r=g","contentUrl":"https:\/\/secure.gravatar.com\/avatar\/e5e9ded7ca9297005415a6263122555b6a112c409111396e3416a952302fb1bf?s=96&d=mm&r=g","caption":"Roberto Lima"},"url":"https:\/\/sinditextilsp.org.br\/home\/author\/roberto-lima\/"}]}},"_links":{"self":[{"href":"https:\/\/sinditextilsp.org.br\/home\/wp-json\/wp\/v2\/posts\/1263","targetHints":{"allow":["GET"]}}],"collection":[{"href":"https:\/\/sinditextilsp.org.br\/home\/wp-json\/wp\/v2\/posts"}],"about":[{"href":"https:\/\/sinditextilsp.org.br\/home\/wp-json\/wp\/v2\/types\/post"}],"author":[{"embeddable":true,"href":"https:\/\/sinditextilsp.org.br\/home\/wp-json\/wp\/v2\/users\/7"}],"replies":[{"embeddable":true,"href":"https:\/\/sinditextilsp.org.br\/home\/wp-json\/wp\/v2\/comments?post=1263"}],"version-history":[{"count":3,"href":"https:\/\/sinditextilsp.org.br\/home\/wp-json\/wp\/v2\/posts\/1263\/revisions"}],"predecessor-version":[{"id":1271,"href":"https:\/\/sinditextilsp.org.br\/home\/wp-json\/wp\/v2\/posts\/1263\/revisions\/1271"}],"wp:featuredmedia":[{"embeddable":true,"href":"https:\/\/sinditextilsp.org.br\/home\/wp-json\/wp\/v2\/media\/1265"}],"wp:attachment":[{"href":"https:\/\/sinditextilsp.org.br\/home\/wp-json\/wp\/v2\/media?parent=1263"}],"wp:term":[{"taxonomy":"category","embeddable":true,"href":"https:\/\/sinditextilsp.org.br\/home\/wp-json\/wp\/v2\/categories?post=1263"},{"taxonomy":"post_tag","embeddable":true,"href":"https:\/\/sinditextilsp.org.br\/home\/wp-json\/wp\/v2\/tags?post=1263"}],"curies":[{"name":"wp","href":"https:\/\/api.w.org\/{rel}","templated":true}]}}