{"id":1378,"date":"2021-11-19T18:26:32","date_gmt":"2021-11-19T20:26:32","guid":{"rendered":"https:\/\/sinditextilsp.org.br\/home\/?p=1378"},"modified":"2021-11-19T18:26:32","modified_gmt":"2021-11-19T20:26:32","slug":"workshop-abordara-a-moda-em-momento-de-transicao-pandemica","status":"publish","type":"post","link":"https:\/\/sinditextilsp.org.br\/home\/2021\/11\/workshop-abordara-a-moda-em-momento-de-transicao-pandemica\/","title":{"rendered":"Workshop abordar\u00e1 a moda em momento de transi\u00e7\u00e3o pand\u00eamica"},"content":{"rendered":"<p>Em um mundo de pandemia, todos est\u00e3o trabalhando muito para conviver com uma nova realidade pautada em paradoxos, desenvolver novas mentalidades e conhecer outras sensa\u00e7\u00f5es.\u00a0 Mas como encontrar um equil\u00edbrio em meio a tantas mudan\u00e7as?<\/p>\n<p>Para ajudar na reflex\u00e3o sobre esse tema, Sindit\u00eaxtil-SP, a Abit, , IMD., Senai Cetiqt e SENAI promovem o Workshop \u201cVer\u00e3o 22\/23: novas perspectivas para uma moda em transi\u00e7\u00e3o\u201d.\u00a0 O evento acontece no dia 30 de novembro, das 10h\u00e0s 11h30, de maneira online.<\/p>\n<p>A palestra apresentar\u00e1 uma vis\u00e3o global sobre as principais influ\u00eancias do comportamento dos consumidores que t\u00eam impactado a moda e a forma de fazer neg\u00f3cios.<\/p>\n<p>O painel ser\u00e1 apresentado por Angelica Coelho Lima, consultora T\u00e9cnica na \u00e1rea de Design e Moda Fashion Lab do Instituto SENAI de Tecnologia em T\u00eaxtil e Confec\u00e7\u00e3o.<\/p>\n<p>As inscri\u00e7\u00f5es para associados custam R$ 60, j\u00e1 associados indiretos, integrantes do Texbrasil e Programa de Certifica\u00e7\u00e3o Abvtex t\u00eam o custo de R$ 100. Para as empresas n\u00e3o associadas o valor \u00e9 de R$ 160 para participar.<\/p>\n<p>Para mais informa\u00e7\u00f5es e inscri\u00e7\u00f5es, <a href=\"https:\/\/bit.ly\/workshop2223-Abit\" target=\"_blank\" rel=\"noopener\"><strong>clique aqui.<\/strong><\/a><\/p>\n","protected":false},"excerpt":{"rendered":"<p>Em um mundo de pandemia, todos est\u00e3o trabalhando muito para conviver com uma nova realidade pautada em paradoxos, desenvolver novas mentalidades e conhecer outras sensa\u00e7\u00f5es.\u00a0 Mas como encontrar um equil\u00edbrio em meio a tantas mudan\u00e7as? Para ajudar na reflex\u00e3o sobre esse tema, Sindit\u00eaxtil-SP, a Abit, , IMD., Senai Cetiqt e SENAI promovem o Workshop \u201cVer\u00e3o [&hellip;]<\/p>\n","protected":false},"author":2,"featured_media":1379,"comment_status":"open","ping_status":"open","sticky":false,"template":"","format":"standard","meta":{"footnotes":""},"categories":[56,16],"tags":[],"class_list":["post-1378","post","type-post","status-publish","format-standard","has-post-thumbnail","hentry","category-destaques","category-noticias"],"yoast_head":"<!-- This site is optimized with the Yoast SEO plugin v22.8 - https:\/\/yoast.com\/wordpress\/plugins\/seo\/ -->\n<title>Workshop abordar\u00e1 a moda em momento de transi\u00e7\u00e3o pand\u00eamica - Sindit\u00eaxtil-SP<\/title>\n<meta name=\"robots\" content=\"index, follow, max-snippet:-1, max-image-preview:large, max-video-preview:-1\" \/>\n<link rel=\"canonical\" href=\"https:\/\/sinditextilsp.org.br\/home\/2021\/11\/workshop-abordara-a-moda-em-momento-de-transicao-pandemica\/\" \/>\n<meta property=\"og:locale\" content=\"pt_BR\" \/>\n<meta property=\"og:type\" content=\"article\" \/>\n<meta property=\"og:title\" content=\"Workshop abordar\u00e1 a moda em momento de transi\u00e7\u00e3o pand\u00eamica - Sindit\u00eaxtil-SP\" \/>\n<meta property=\"og:description\" content=\"Em um mundo de pandemia, todos est\u00e3o trabalhando muito para conviver com uma nova realidade pautada em paradoxos, desenvolver novas mentalidades e conhecer outras sensa\u00e7\u00f5es.\u00a0 Mas como encontrar um equil\u00edbrio em meio a tantas mudan\u00e7as? Para ajudar na reflex\u00e3o sobre esse tema, Sindit\u00eaxtil-SP, a Abit, , IMD., Senai Cetiqt e SENAI promovem o Workshop \u201cVer\u00e3o [&hellip;]\" \/>\n<meta property=\"og:url\" content=\"https:\/\/sinditextilsp.org.br\/home\/2021\/11\/workshop-abordara-a-moda-em-momento-de-transicao-pandemica\/\" \/>\n<meta property=\"og:site_name\" content=\"Sindit\u00eaxtil-SP\" \/>\n<meta property=\"article:publisher\" content=\"https:\/\/www.facebook.com\/sinditextilsp\" \/>\n<meta property=\"article:published_time\" content=\"2021-11-19T20:26:32+00:00\" \/>\n<meta property=\"og:image\" content=\"https:\/\/sinditextilsp.org.br\/home\/wp-content\/uploads\/2021\/11\/divulgacao_workshop_verao22-23_Instagram-e1637353557388-1024x880.png\" \/>\n\t<meta property=\"og:image:width\" content=\"1024\" \/>\n\t<meta property=\"og:image:height\" content=\"880\" \/>\n\t<meta property=\"og:image:type\" content=\"image\/png\" \/>\n<meta name=\"author\" content=\"Sindit\u00eaxtil-SP\" \/>\n<meta name=\"twitter:card\" content=\"summary_large_image\" \/>\n<meta name=\"twitter:creator\" content=\"@SinditextilSP\" \/>\n<meta name=\"twitter:site\" content=\"@SinditextilSP\" \/>\n<meta name=\"twitter:label1\" content=\"Escrito por\" \/>\n\t<meta name=\"twitter:data1\" content=\"Sindit\u00eaxtil-SP\" \/>\n\t<meta name=\"twitter:label2\" content=\"Est. tempo de leitura\" \/>\n\t<meta name=\"twitter:data2\" content=\"1 minuto\" \/>\n<script type=\"application\/ld+json\" class=\"yoast-schema-graph\">{\"@context\":\"https:\/\/schema.org\",\"@graph\":[{\"@type\":\"WebPage\",\"@id\":\"https:\/\/sinditextilsp.org.br\/home\/2021\/11\/workshop-abordara-a-moda-em-momento-de-transicao-pandemica\/\",\"url\":\"https:\/\/sinditextilsp.org.br\/home\/2021\/11\/workshop-abordara-a-moda-em-momento-de-transicao-pandemica\/\",\"name\":\"Workshop abordar\u00e1 a moda em momento de transi\u00e7\u00e3o pand\u00eamica - Sindit\u00eaxtil-SP\",\"isPartOf\":{\"@id\":\"https:\/\/sinditextilsp.org.br\/home\/#website\"},\"primaryImageOfPage\":{\"@id\":\"https:\/\/sinditextilsp.org.br\/home\/2021\/11\/workshop-abordara-a-moda-em-momento-de-transicao-pandemica\/#primaryimage\"},\"image\":{\"@id\":\"https:\/\/sinditextilsp.org.br\/home\/2021\/11\/workshop-abordara-a-moda-em-momento-de-transicao-pandemica\/#primaryimage\"},\"thumbnailUrl\":\"https:\/\/sinditextilsp.org.br\/home\/wp-content\/uploads\/2021\/11\/divulgacao_workshop_verao22-23_Instagram-e1637353557388.png\",\"datePublished\":\"2021-11-19T20:26:32+00:00\",\"dateModified\":\"2021-11-19T20:26:32+00:00\",\"author\":{\"@id\":\"https:\/\/sinditextilsp.org.br\/home\/#\/schema\/person\/ceca3861f277dc1806d31199f1604264\"},\"breadcrumb\":{\"@id\":\"https:\/\/sinditextilsp.org.br\/home\/2021\/11\/workshop-abordara-a-moda-em-momento-de-transicao-pandemica\/#breadcrumb\"},\"inLanguage\":\"pt-BR\",\"potentialAction\":[{\"@type\":\"ReadAction\",\"target\":[\"https:\/\/sinditextilsp.org.br\/home\/2021\/11\/workshop-abordara-a-moda-em-momento-de-transicao-pandemica\/\"]}]},{\"@type\":\"ImageObject\",\"inLanguage\":\"pt-BR\",\"@id\":\"https:\/\/sinditextilsp.org.br\/home\/2021\/11\/workshop-abordara-a-moda-em-momento-de-transicao-pandemica\/#primaryimage\",\"url\":\"https:\/\/sinditextilsp.org.br\/home\/wp-content\/uploads\/2021\/11\/divulgacao_workshop_verao22-23_Instagram-e1637353557388.png\",\"contentUrl\":\"https:\/\/sinditextilsp.org.br\/home\/wp-content\/uploads\/2021\/11\/divulgacao_workshop_verao22-23_Instagram-e1637353557388.png\",\"width\":2251,\"height\":1935},{\"@type\":\"BreadcrumbList\",\"@id\":\"https:\/\/sinditextilsp.org.br\/home\/2021\/11\/workshop-abordara-a-moda-em-momento-de-transicao-pandemica\/#breadcrumb\",\"itemListElement\":[{\"@type\":\"ListItem\",\"position\":1,\"name\":\"In\u00edcio\",\"item\":\"https:\/\/sinditextilsp.org.br\/home\/\"},{\"@type\":\"ListItem\",\"position\":2,\"name\":\"Workshop abordar\u00e1 a moda em momento de transi\u00e7\u00e3o pand\u00eamica\"}]},{\"@type\":\"WebSite\",\"@id\":\"https:\/\/sinditextilsp.org.br\/home\/#website\",\"url\":\"https:\/\/sinditextilsp.org.br\/home\/\",\"name\":\"Sindit\u00eaxtil-SP\",\"description\":\"Sindicato T\u00eaxtil de S\u00e3o Paulo\",\"potentialAction\":[{\"@type\":\"SearchAction\",\"target\":{\"@type\":\"EntryPoint\",\"urlTemplate\":\"https:\/\/sinditextilsp.org.br\/home\/?s={search_term_string}\"},\"query-input\":\"required name=search_term_string\"}],\"inLanguage\":\"pt-BR\"},{\"@type\":\"Person\",\"@id\":\"https:\/\/sinditextilsp.org.br\/home\/#\/schema\/person\/ceca3861f277dc1806d31199f1604264\",\"name\":\"Sindit\u00eaxtil-SP\",\"image\":{\"@type\":\"ImageObject\",\"inLanguage\":\"pt-BR\",\"@id\":\"https:\/\/sinditextilsp.org.br\/home\/#\/schema\/person\/image\/\",\"url\":\"https:\/\/secure.gravatar.com\/avatar\/1004e4f7c56213ad977aba92436bc447272b6a4743534ef04a82f43c866dd0e0?s=96&d=mm&r=g\",\"contentUrl\":\"https:\/\/secure.gravatar.com\/avatar\/1004e4f7c56213ad977aba92436bc447272b6a4743534ef04a82f43c866dd0e0?s=96&d=mm&r=g\",\"caption\":\"Sindit\u00eaxtil-SP\"},\"url\":\"https:\/\/sinditextilsp.org.br\/home\/author\/sinditextilsp\/\"}]}<\/script>\n<!-- \/ Yoast SEO plugin. -->","yoast_head_json":{"title":"Workshop abordar\u00e1 a moda em momento de transi\u00e7\u00e3o pand\u00eamica - Sindit\u00eaxtil-SP","robots":{"index":"index","follow":"follow","max-snippet":"max-snippet:-1","max-image-preview":"max-image-preview:large","max-video-preview":"max-video-preview:-1"},"canonical":"https:\/\/sinditextilsp.org.br\/home\/2021\/11\/workshop-abordara-a-moda-em-momento-de-transicao-pandemica\/","og_locale":"pt_BR","og_type":"article","og_title":"Workshop abordar\u00e1 a moda em momento de transi\u00e7\u00e3o pand\u00eamica - Sindit\u00eaxtil-SP","og_description":"Em um mundo de pandemia, todos est\u00e3o trabalhando muito para conviver com uma nova realidade pautada em paradoxos, desenvolver novas mentalidades e conhecer outras sensa\u00e7\u00f5es.\u00a0 Mas como encontrar um equil\u00edbrio em meio a tantas mudan\u00e7as? Para ajudar na reflex\u00e3o sobre esse tema, Sindit\u00eaxtil-SP, a Abit, , IMD., Senai Cetiqt e SENAI promovem o Workshop \u201cVer\u00e3o [&hellip;]","og_url":"https:\/\/sinditextilsp.org.br\/home\/2021\/11\/workshop-abordara-a-moda-em-momento-de-transicao-pandemica\/","og_site_name":"Sindit\u00eaxtil-SP","article_publisher":"https:\/\/www.facebook.com\/sinditextilsp","article_published_time":"2021-11-19T20:26:32+00:00","og_image":[{"width":1024,"height":880,"url":"https:\/\/sinditextilsp.org.br\/home\/wp-content\/uploads\/2021\/11\/divulgacao_workshop_verao22-23_Instagram-e1637353557388-1024x880.png","type":"image\/png"}],"author":"Sindit\u00eaxtil-SP","twitter_card":"summary_large_image","twitter_creator":"@SinditextilSP","twitter_site":"@SinditextilSP","twitter_misc":{"Escrito por":"Sindit\u00eaxtil-SP","Est. tempo de leitura":"1 minuto"},"schema":{"@context":"https:\/\/schema.org","@graph":[{"@type":"WebPage","@id":"https:\/\/sinditextilsp.org.br\/home\/2021\/11\/workshop-abordara-a-moda-em-momento-de-transicao-pandemica\/","url":"https:\/\/sinditextilsp.org.br\/home\/2021\/11\/workshop-abordara-a-moda-em-momento-de-transicao-pandemica\/","name":"Workshop abordar\u00e1 a moda em momento de transi\u00e7\u00e3o pand\u00eamica - Sindit\u00eaxtil-SP","isPartOf":{"@id":"https:\/\/sinditextilsp.org.br\/home\/#website"},"primaryImageOfPage":{"@id":"https:\/\/sinditextilsp.org.br\/home\/2021\/11\/workshop-abordara-a-moda-em-momento-de-transicao-pandemica\/#primaryimage"},"image":{"@id":"https:\/\/sinditextilsp.org.br\/home\/2021\/11\/workshop-abordara-a-moda-em-momento-de-transicao-pandemica\/#primaryimage"},"thumbnailUrl":"https:\/\/sinditextilsp.org.br\/home\/wp-content\/uploads\/2021\/11\/divulgacao_workshop_verao22-23_Instagram-e1637353557388.png","datePublished":"2021-11-19T20:26:32+00:00","dateModified":"2021-11-19T20:26:32+00:00","author":{"@id":"https:\/\/sinditextilsp.org.br\/home\/#\/schema\/person\/ceca3861f277dc1806d31199f1604264"},"breadcrumb":{"@id":"https:\/\/sinditextilsp.org.br\/home\/2021\/11\/workshop-abordara-a-moda-em-momento-de-transicao-pandemica\/#breadcrumb"},"inLanguage":"pt-BR","potentialAction":[{"@type":"ReadAction","target":["https:\/\/sinditextilsp.org.br\/home\/2021\/11\/workshop-abordara-a-moda-em-momento-de-transicao-pandemica\/"]}]},{"@type":"ImageObject","inLanguage":"pt-BR","@id":"https:\/\/sinditextilsp.org.br\/home\/2021\/11\/workshop-abordara-a-moda-em-momento-de-transicao-pandemica\/#primaryimage","url":"https:\/\/sinditextilsp.org.br\/home\/wp-content\/uploads\/2021\/11\/divulgacao_workshop_verao22-23_Instagram-e1637353557388.png","contentUrl":"https:\/\/sinditextilsp.org.br\/home\/wp-content\/uploads\/2021\/11\/divulgacao_workshop_verao22-23_Instagram-e1637353557388.png","width":2251,"height":1935},{"@type":"BreadcrumbList","@id":"https:\/\/sinditextilsp.org.br\/home\/2021\/11\/workshop-abordara-a-moda-em-momento-de-transicao-pandemica\/#breadcrumb","itemListElement":[{"@type":"ListItem","position":1,"name":"In\u00edcio","item":"https:\/\/sinditextilsp.org.br\/home\/"},{"@type":"ListItem","position":2,"name":"Workshop abordar\u00e1 a moda em momento de transi\u00e7\u00e3o pand\u00eamica"}]},{"@type":"WebSite","@id":"https:\/\/sinditextilsp.org.br\/home\/#website","url":"https:\/\/sinditextilsp.org.br\/home\/","name":"Sindit\u00eaxtil-SP","description":"Sindicato T\u00eaxtil de S\u00e3o Paulo","potentialAction":[{"@type":"SearchAction","target":{"@type":"EntryPoint","urlTemplate":"https:\/\/sinditextilsp.org.br\/home\/?s={search_term_string}"},"query-input":"required name=search_term_string"}],"inLanguage":"pt-BR"},{"@type":"Person","@id":"https:\/\/sinditextilsp.org.br\/home\/#\/schema\/person\/ceca3861f277dc1806d31199f1604264","name":"Sindit\u00eaxtil-SP","image":{"@type":"ImageObject","inLanguage":"pt-BR","@id":"https:\/\/sinditextilsp.org.br\/home\/#\/schema\/person\/image\/","url":"https:\/\/secure.gravatar.com\/avatar\/1004e4f7c56213ad977aba92436bc447272b6a4743534ef04a82f43c866dd0e0?s=96&d=mm&r=g","contentUrl":"https:\/\/secure.gravatar.com\/avatar\/1004e4f7c56213ad977aba92436bc447272b6a4743534ef04a82f43c866dd0e0?s=96&d=mm&r=g","caption":"Sindit\u00eaxtil-SP"},"url":"https:\/\/sinditextilsp.org.br\/home\/author\/sinditextilsp\/"}]}},"_links":{"self":[{"href":"https:\/\/sinditextilsp.org.br\/home\/wp-json\/wp\/v2\/posts\/1378","targetHints":{"allow":["GET"]}}],"collection":[{"href":"https:\/\/sinditextilsp.org.br\/home\/wp-json\/wp\/v2\/posts"}],"about":[{"href":"https:\/\/sinditextilsp.org.br\/home\/wp-json\/wp\/v2\/types\/post"}],"author":[{"embeddable":true,"href":"https:\/\/sinditextilsp.org.br\/home\/wp-json\/wp\/v2\/users\/2"}],"replies":[{"embeddable":true,"href":"https:\/\/sinditextilsp.org.br\/home\/wp-json\/wp\/v2\/comments?post=1378"}],"version-history":[{"count":1,"href":"https:\/\/sinditextilsp.org.br\/home\/wp-json\/wp\/v2\/posts\/1378\/revisions"}],"predecessor-version":[{"id":1380,"href":"https:\/\/sinditextilsp.org.br\/home\/wp-json\/wp\/v2\/posts\/1378\/revisions\/1380"}],"wp:featuredmedia":[{"embeddable":true,"href":"https:\/\/sinditextilsp.org.br\/home\/wp-json\/wp\/v2\/media\/1379"}],"wp:attachment":[{"href":"https:\/\/sinditextilsp.org.br\/home\/wp-json\/wp\/v2\/media?parent=1378"}],"wp:term":[{"taxonomy":"category","embeddable":true,"href":"https:\/\/sinditextilsp.org.br\/home\/wp-json\/wp\/v2\/categories?post=1378"},{"taxonomy":"post_tag","embeddable":true,"href":"https:\/\/sinditextilsp.org.br\/home\/wp-json\/wp\/v2\/tags?post=1378"}],"curies":[{"name":"wp","href":"https:\/\/api.w.org\/{rel}","templated":true}]}}