{"id":1424,"date":"2021-11-30T09:00:12","date_gmt":"2021-11-30T11:00:12","guid":{"rendered":"https:\/\/sinditextilsp.org.br\/home\/?p=1424"},"modified":"2021-12-01T17:34:05","modified_gmt":"2021-12-01T19:34:05","slug":"as-oportunidades-e-os-desafios-para-a-cessao-do-brasil-a-ocde-sao-discutidos-em-evento-na-fiesp","status":"publish","type":"post","link":"https:\/\/sinditextilsp.org.br\/home\/2021\/11\/as-oportunidades-e-os-desafios-para-a-cessao-do-brasil-a-ocde-sao-discutidos-em-evento-na-fiesp\/","title":{"rendered":"As oportunidades e os desafios para a cess\u00e3o do Brasil \u00e0 OCDE s\u00e3o discutidos em evento na FIESP"},"content":{"rendered":"<p>A Ag\u00eancia Brasileira de Desenvolvimento Industrial (ABDI) e a Casa Civil da Presid\u00eancia da Rep\u00fablica realizaram nesta quinta-feira (25\/11) webinar sobre oportunidades e desafios para a coordena\u00e7\u00e3o do processo de prepara\u00e7\u00e3o da acess\u00e3o do Brasil \u00e0 Organiza\u00e7\u00e3o para a Coopera\u00e7\u00e3o e Desenvolvimento Econ\u00f4mico (OCDE). O evento virtual contou com o apoio da Federa\u00e7\u00e3o das Ind\u00fastrias do Estado de S\u00e3o Paulo (Fiesp), da Ag\u00eancia Brasileira de Promo\u00e7\u00e3o de Exporta\u00e7\u00f5es e Investimentos (Apex-Brasil) e do Minist\u00e9rio das Rela\u00e7\u00f5es Exteriores.<\/p>\n<p>Igor Calvet, presidente da ABDI, enfatizou o cen\u00e1rio p\u00f3s-pand\u00eamico, a atra\u00e7\u00e3o de investimentos e fez um r\u00e1pido balan\u00e7o do processo de acess\u00e3o do Brasil ao organismo internacional. \u201cNesse contexto, a retomada de investimentos externos nos coloca em perspectiva e melhora o ambiente de investimentos\u201d, afirmou, lembrando que desde 2017 a ascens\u00e3o do Brasil \u00e9 uma das prioridades. E citou, entre os reflexos poss\u00edveis, mais transpar\u00eancia, aquecimento dos investimentos e elabora\u00e7\u00e3o de melhores marcos regulat\u00f3rios.<\/p>\n<p>Rafael Cervone Netto, vice-presidente da Fiesp, enfatizou a relev\u00e2ncia do debate para a Fiesp, o Ciesp e toda a sociedade brasileira. A din\u00e2mica econ\u00f4mica requer coopera\u00e7\u00e3o global e tamb\u00e9m parcerias p\u00fablico-privadas, alicer\u00e7adas nas melhores pr\u00e1ticas internacionais, leis eficientes e regras que contribuam com a atividade empresarial, disse, na abertura. \u201cNossa participa\u00e7\u00e3o demonstra o comprometimento do pa\u00eds para o processo de ascens\u00e3o, mas \u00e9 igualmente relevante discutir os custos dessa ades\u00e3o, com impacto na sustentabilidade, regula\u00e7\u00e3o do fluxo de capitais, para que se conte com o entendimento e a consolida\u00e7\u00e3o de um projeto de longo prazo com resultados que possam ser colhidos no curto prazo e interpretados como avan\u00e7os institucionais\u201d afirmou Cervone, que concluiu: \u201cNos esfor\u00e7amos para alcan\u00e7ar benef\u00edcios conjuntos nesse novo cen\u00e1rio. Contem com a interlocu\u00e7\u00e3o da Fiesp e do Ciesp e nossa for\u00e7a de mobiliza\u00e7\u00e3o para a constru\u00e7\u00e3o de um pa\u00eds mais moderno, competitivo e mais justo\u201d.<\/p>\n<p>Andr\u00e9 Odenbreit Carvalho, secret\u00e1rio da subchefia especial de Relacionamento Externo (Serex) da Casa Civil da Presid\u00eancia da Rep\u00fablica, relembrou que a OCDE, na comunidade internacional, tem uma rela\u00e7\u00e3o consolidada e um hist\u00f3rico que come\u00e7ou com o a\u00e7o e o setor sider\u00fargico, com a articula\u00e7\u00e3o de diversos atores, e este ponto de entrada intensificou todo o processo. Para ele, a governan\u00e7a internacional sofreu mudan\u00e7as e \u00e9 preciso estabelecer uma nova interlocu\u00e7\u00e3o.<\/p>\n<p>Carvalho disse que houve uma transforma\u00e7\u00e3o da perspectiva brasileira, com oportunidades pontuais, para uma vis\u00e3o mais ampla, o que explica a \u00eanfase dada desde 2017, com a coordena\u00e7\u00e3o da Casa Civil e, neste momento, h\u00e1 um movimento de amplia\u00e7\u00e3o dessa coordena\u00e7\u00e3o que passa do governo para a sociedade e refor\u00e7a o di\u00e1logo da agenda com diversas pastas. Todos os minist\u00e9rios constroem isso, mais a academia, as ONGS, a Fiesp, a CNI, o governo e a sociedade, nessa intera\u00e7\u00e3o que \u00e9 um dos grandes desafios. \u201cO comit\u00ea gestor est\u00e1 desenvolvendo novos mecanismos para isso\u201d, afirmou.<\/p>\n<p>Em rela\u00e7\u00e3o \u00e0 pandemia de Covid-19, na avalia\u00e7\u00e3o de Carvalho, a OCDE ofereceu instrumentos de aux\u00edlio emergencial e teve import\u00e2ncia para assegurar a continuidade das rela\u00e7\u00f5es comerciais, assegurando e protegendo investimentos, e integra um movimento p\u00f3s-pandemia.<\/p>\n<p>Nessa agenda contempor\u00e2nea, o\u00a0embaixador Sarquis Jos\u00e9 Buainain Sarquis, secret\u00e1rio de Com\u00e9rcio Exterior e Assuntos Econ\u00f4micos do Minist\u00e9rio das Rela\u00e7\u00f5es Exteriores, lembrou que a pol\u00edtica externa e comercial e o desenvolvimento industrial n\u00e3o s\u00e3o de curto prazo. E foi com esse prop\u00f3sito que o Itamaraty formulou estrat\u00e9gia de aproxima\u00e7\u00e3o com a OCDE em fun\u00e7\u00e3o da converg\u00eancia de valores, com vistas a melhores pol\u00edticas, acountability, boa gest\u00e3o e boas pol\u00edticas p\u00fablicas para obten\u00e7\u00e3o de melhor resultado. \u201cA abordagem do Itamaraty \u00e9 de Estado e trabalha nesse sentido. O Brasil \u00e9 parceiro da OCDE na \u00e1rea agr\u00edcola e tamb\u00e9m em outras \u00e1reas\u201d, contextualizou, lembrando que foi constitu\u00eddo um comit\u00ea de investimentos.<\/p>\n<p>Para Augusto Pestana, presidente da Apex-Brasil, a OCDE \u00e9 um f\u00f3rum de melhores pr\u00e1ticas e o papel do micro pequeno e m\u00e9dio empres\u00e1rio \u00e9 essencial. \u201cEssa jornada render\u00e1 muitos frutos no curto, m\u00e9dio e grande prazo\u201d, informou, enquanto\u00a0Ivan Oliveira, diretor do\u00a0Instituto de Pesquisa Econ\u00f4mica Aplicada\u00a0(IPEA), refor\u00e7ou que o\u00a0engajamento \u00e9 fundamental e \u00e9 necess\u00e1rio escutar o setor privado tamb\u00e9m, e mobilizar academia para qualificar o debate e avan\u00e7ar nesse cen\u00e1rio.<\/p>\n<p>No assessoramento, o IPEA entregou estudos para o governo federal, que demonstra o impacto positivo no PIB e investimentos de pa\u00edses integrantes da OCDE.\u00a0Nesse sentido, o Pa\u00eds deve se aproximar dos marcos regulat\u00f3rios da OCDE para se alcan\u00e7ar crescimento com inclus\u00e3o social, aumentar a produtividade, promover a economia de baixo carbono e fazer justi\u00e7a social.\u00a0Pestana apontou para a moderniza\u00e7\u00e3o do Estado brasileiro e que a entrada do pa\u00eds na OCDE ser\u00e1 vetor de fora para dentro para nos ajudar nesse processo.<\/p>\n<p><em>Com informa\u00e7\u00f5es da Ag\u00eancia Indusnet Fiesp<\/em><\/p>\n","protected":false},"excerpt":{"rendered":"<p>A Ag\u00eancia Brasileira de Desenvolvimento Industrial (ABDI) e a Casa Civil da Presid\u00eancia da Rep\u00fablica realizaram nesta quinta-feira (25\/11) webinar sobre oportunidades e desafios para a coordena\u00e7\u00e3o do processo de prepara\u00e7\u00e3o da acess\u00e3o do Brasil \u00e0 Organiza\u00e7\u00e3o para a Coopera\u00e7\u00e3o e Desenvolvimento Econ\u00f4mico (OCDE). O evento virtual contou com o apoio da Federa\u00e7\u00e3o das Ind\u00fastrias [&hellip;]<\/p>\n","protected":false},"author":7,"featured_media":1425,"comment_status":"open","ping_status":"open","sticky":false,"template":"","format":"standard","meta":{"footnotes":""},"categories":[56,16],"tags":[],"class_list":["post-1424","post","type-post","status-publish","format-standard","has-post-thumbnail","hentry","category-destaques","category-noticias"],"yoast_head":"<!-- This site is optimized with the Yoast SEO plugin v22.8 - https:\/\/yoast.com\/wordpress\/plugins\/seo\/ -->\n<title>As oportunidades e os desafios para a cess\u00e3o do Brasil \u00e0 OCDE s\u00e3o discutidos em evento na FIESP - Sindit\u00eaxtil-SP<\/title>\n<meta name=\"robots\" content=\"index, follow, max-snippet:-1, max-image-preview:large, max-video-preview:-1\" \/>\n<link rel=\"canonical\" href=\"https:\/\/sinditextilsp.org.br\/home\/2021\/11\/as-oportunidades-e-os-desafios-para-a-cessao-do-brasil-a-ocde-sao-discutidos-em-evento-na-fiesp\/\" \/>\n<meta property=\"og:locale\" content=\"pt_BR\" \/>\n<meta property=\"og:type\" content=\"article\" \/>\n<meta property=\"og:title\" content=\"As oportunidades e os desafios para a cess\u00e3o do Brasil \u00e0 OCDE s\u00e3o discutidos em evento na FIESP - Sindit\u00eaxtil-SP\" \/>\n<meta property=\"og:description\" content=\"A Ag\u00eancia Brasileira de Desenvolvimento Industrial (ABDI) e a Casa Civil da Presid\u00eancia da Rep\u00fablica realizaram nesta quinta-feira (25\/11) webinar sobre oportunidades e desafios para a coordena\u00e7\u00e3o do processo de prepara\u00e7\u00e3o da acess\u00e3o do Brasil \u00e0 Organiza\u00e7\u00e3o para a Coopera\u00e7\u00e3o e Desenvolvimento Econ\u00f4mico (OCDE). O evento virtual contou com o apoio da Federa\u00e7\u00e3o das Ind\u00fastrias [&hellip;]\" \/>\n<meta property=\"og:url\" content=\"https:\/\/sinditextilsp.org.br\/home\/2021\/11\/as-oportunidades-e-os-desafios-para-a-cessao-do-brasil-a-ocde-sao-discutidos-em-evento-na-fiesp\/\" \/>\n<meta property=\"og:site_name\" content=\"Sindit\u00eaxtil-SP\" \/>\n<meta property=\"article:publisher\" content=\"https:\/\/www.facebook.com\/sinditextilsp\" \/>\n<meta property=\"article:published_time\" content=\"2021-11-30T11:00:12+00:00\" \/>\n<meta property=\"article:modified_time\" content=\"2021-12-01T19:34:05+00:00\" \/>\n<meta property=\"og:image\" content=\"https:\/\/sinditextilsp.org.br\/home\/wp-content\/uploads\/2021\/11\/N2_fiesp-ocde.jpg\" \/>\n\t<meta property=\"og:image:width\" content=\"640\" \/>\n\t<meta property=\"og:image:height\" content=\"440\" \/>\n\t<meta property=\"og:image:type\" content=\"image\/jpeg\" \/>\n<meta name=\"author\" content=\"Roberto Lima\" \/>\n<meta name=\"twitter:card\" content=\"summary_large_image\" \/>\n<meta name=\"twitter:creator\" content=\"@SinditextilSP\" \/>\n<meta name=\"twitter:site\" content=\"@SinditextilSP\" \/>\n<meta name=\"twitter:label1\" content=\"Escrito por\" \/>\n\t<meta name=\"twitter:data1\" content=\"Roberto Lima\" \/>\n\t<meta name=\"twitter:label2\" content=\"Est. tempo de leitura\" \/>\n\t<meta name=\"twitter:data2\" content=\"4 minutos\" \/>\n<script type=\"application\/ld+json\" class=\"yoast-schema-graph\">{\"@context\":\"https:\/\/schema.org\",\"@graph\":[{\"@type\":\"WebPage\",\"@id\":\"https:\/\/sinditextilsp.org.br\/home\/2021\/11\/as-oportunidades-e-os-desafios-para-a-cessao-do-brasil-a-ocde-sao-discutidos-em-evento-na-fiesp\/\",\"url\":\"https:\/\/sinditextilsp.org.br\/home\/2021\/11\/as-oportunidades-e-os-desafios-para-a-cessao-do-brasil-a-ocde-sao-discutidos-em-evento-na-fiesp\/\",\"name\":\"As oportunidades e os desafios para a cess\u00e3o do Brasil \u00e0 OCDE s\u00e3o discutidos em evento na FIESP - Sindit\u00eaxtil-SP\",\"isPartOf\":{\"@id\":\"https:\/\/sinditextilsp.org.br\/home\/#website\"},\"primaryImageOfPage\":{\"@id\":\"https:\/\/sinditextilsp.org.br\/home\/2021\/11\/as-oportunidades-e-os-desafios-para-a-cessao-do-brasil-a-ocde-sao-discutidos-em-evento-na-fiesp\/#primaryimage\"},\"image\":{\"@id\":\"https:\/\/sinditextilsp.org.br\/home\/2021\/11\/as-oportunidades-e-os-desafios-para-a-cessao-do-brasil-a-ocde-sao-discutidos-em-evento-na-fiesp\/#primaryimage\"},\"thumbnailUrl\":\"https:\/\/sinditextilsp.org.br\/home\/wp-content\/uploads\/2021\/11\/N2_fiesp-ocde.jpg\",\"datePublished\":\"2021-11-30T11:00:12+00:00\",\"dateModified\":\"2021-12-01T19:34:05+00:00\",\"author\":{\"@id\":\"https:\/\/sinditextilsp.org.br\/home\/#\/schema\/person\/f2652ee75ed0db87c6a4c63cfba51dd9\"},\"breadcrumb\":{\"@id\":\"https:\/\/sinditextilsp.org.br\/home\/2021\/11\/as-oportunidades-e-os-desafios-para-a-cessao-do-brasil-a-ocde-sao-discutidos-em-evento-na-fiesp\/#breadcrumb\"},\"inLanguage\":\"pt-BR\",\"potentialAction\":[{\"@type\":\"ReadAction\",\"target\":[\"https:\/\/sinditextilsp.org.br\/home\/2021\/11\/as-oportunidades-e-os-desafios-para-a-cessao-do-brasil-a-ocde-sao-discutidos-em-evento-na-fiesp\/\"]}]},{\"@type\":\"ImageObject\",\"inLanguage\":\"pt-BR\",\"@id\":\"https:\/\/sinditextilsp.org.br\/home\/2021\/11\/as-oportunidades-e-os-desafios-para-a-cessao-do-brasil-a-ocde-sao-discutidos-em-evento-na-fiesp\/#primaryimage\",\"url\":\"https:\/\/sinditextilsp.org.br\/home\/wp-content\/uploads\/2021\/11\/N2_fiesp-ocde.jpg\",\"contentUrl\":\"https:\/\/sinditextilsp.org.br\/home\/wp-content\/uploads\/2021\/11\/N2_fiesp-ocde.jpg\",\"width\":640,\"height\":440},{\"@type\":\"BreadcrumbList\",\"@id\":\"https:\/\/sinditextilsp.org.br\/home\/2021\/11\/as-oportunidades-e-os-desafios-para-a-cessao-do-brasil-a-ocde-sao-discutidos-em-evento-na-fiesp\/#breadcrumb\",\"itemListElement\":[{\"@type\":\"ListItem\",\"position\":1,\"name\":\"In\u00edcio\",\"item\":\"https:\/\/sinditextilsp.org.br\/home\/\"},{\"@type\":\"ListItem\",\"position\":2,\"name\":\"As oportunidades e os desafios para a cess\u00e3o do Brasil \u00e0 OCDE s\u00e3o discutidos em evento na FIESP\"}]},{\"@type\":\"WebSite\",\"@id\":\"https:\/\/sinditextilsp.org.br\/home\/#website\",\"url\":\"https:\/\/sinditextilsp.org.br\/home\/\",\"name\":\"Sindit\u00eaxtil-SP\",\"description\":\"Sindicato T\u00eaxtil de S\u00e3o Paulo\",\"potentialAction\":[{\"@type\":\"SearchAction\",\"target\":{\"@type\":\"EntryPoint\",\"urlTemplate\":\"https:\/\/sinditextilsp.org.br\/home\/?s={search_term_string}\"},\"query-input\":\"required name=search_term_string\"}],\"inLanguage\":\"pt-BR\"},{\"@type\":\"Person\",\"@id\":\"https:\/\/sinditextilsp.org.br\/home\/#\/schema\/person\/f2652ee75ed0db87c6a4c63cfba51dd9\",\"name\":\"Roberto Lima\",\"image\":{\"@type\":\"ImageObject\",\"inLanguage\":\"pt-BR\",\"@id\":\"https:\/\/sinditextilsp.org.br\/home\/#\/schema\/person\/image\/\",\"url\":\"https:\/\/secure.gravatar.com\/avatar\/e5e9ded7ca9297005415a6263122555b6a112c409111396e3416a952302fb1bf?s=96&d=mm&r=g\",\"contentUrl\":\"https:\/\/secure.gravatar.com\/avatar\/e5e9ded7ca9297005415a6263122555b6a112c409111396e3416a952302fb1bf?s=96&d=mm&r=g\",\"caption\":\"Roberto Lima\"},\"url\":\"https:\/\/sinditextilsp.org.br\/home\/author\/roberto-lima\/\"}]}<\/script>\n<!-- \/ Yoast SEO plugin. -->","yoast_head_json":{"title":"As oportunidades e os desafios para a cess\u00e3o do Brasil \u00e0 OCDE s\u00e3o discutidos em evento na FIESP - Sindit\u00eaxtil-SP","robots":{"index":"index","follow":"follow","max-snippet":"max-snippet:-1","max-image-preview":"max-image-preview:large","max-video-preview":"max-video-preview:-1"},"canonical":"https:\/\/sinditextilsp.org.br\/home\/2021\/11\/as-oportunidades-e-os-desafios-para-a-cessao-do-brasil-a-ocde-sao-discutidos-em-evento-na-fiesp\/","og_locale":"pt_BR","og_type":"article","og_title":"As oportunidades e os desafios para a cess\u00e3o do Brasil \u00e0 OCDE s\u00e3o discutidos em evento na FIESP - Sindit\u00eaxtil-SP","og_description":"A Ag\u00eancia Brasileira de Desenvolvimento Industrial (ABDI) e a Casa Civil da Presid\u00eancia da Rep\u00fablica realizaram nesta quinta-feira (25\/11) webinar sobre oportunidades e desafios para a coordena\u00e7\u00e3o do processo de prepara\u00e7\u00e3o da acess\u00e3o do Brasil \u00e0 Organiza\u00e7\u00e3o para a Coopera\u00e7\u00e3o e Desenvolvimento Econ\u00f4mico (OCDE). O evento virtual contou com o apoio da Federa\u00e7\u00e3o das Ind\u00fastrias [&hellip;]","og_url":"https:\/\/sinditextilsp.org.br\/home\/2021\/11\/as-oportunidades-e-os-desafios-para-a-cessao-do-brasil-a-ocde-sao-discutidos-em-evento-na-fiesp\/","og_site_name":"Sindit\u00eaxtil-SP","article_publisher":"https:\/\/www.facebook.com\/sinditextilsp","article_published_time":"2021-11-30T11:00:12+00:00","article_modified_time":"2021-12-01T19:34:05+00:00","og_image":[{"width":640,"height":440,"url":"https:\/\/sinditextilsp.org.br\/home\/wp-content\/uploads\/2021\/11\/N2_fiesp-ocde.jpg","type":"image\/jpeg"}],"author":"Roberto Lima","twitter_card":"summary_large_image","twitter_creator":"@SinditextilSP","twitter_site":"@SinditextilSP","twitter_misc":{"Escrito por":"Roberto Lima","Est. tempo de leitura":"4 minutos"},"schema":{"@context":"https:\/\/schema.org","@graph":[{"@type":"WebPage","@id":"https:\/\/sinditextilsp.org.br\/home\/2021\/11\/as-oportunidades-e-os-desafios-para-a-cessao-do-brasil-a-ocde-sao-discutidos-em-evento-na-fiesp\/","url":"https:\/\/sinditextilsp.org.br\/home\/2021\/11\/as-oportunidades-e-os-desafios-para-a-cessao-do-brasil-a-ocde-sao-discutidos-em-evento-na-fiesp\/","name":"As oportunidades e os desafios para a cess\u00e3o do Brasil \u00e0 OCDE s\u00e3o discutidos em evento na FIESP - Sindit\u00eaxtil-SP","isPartOf":{"@id":"https:\/\/sinditextilsp.org.br\/home\/#website"},"primaryImageOfPage":{"@id":"https:\/\/sinditextilsp.org.br\/home\/2021\/11\/as-oportunidades-e-os-desafios-para-a-cessao-do-brasil-a-ocde-sao-discutidos-em-evento-na-fiesp\/#primaryimage"},"image":{"@id":"https:\/\/sinditextilsp.org.br\/home\/2021\/11\/as-oportunidades-e-os-desafios-para-a-cessao-do-brasil-a-ocde-sao-discutidos-em-evento-na-fiesp\/#primaryimage"},"thumbnailUrl":"https:\/\/sinditextilsp.org.br\/home\/wp-content\/uploads\/2021\/11\/N2_fiesp-ocde.jpg","datePublished":"2021-11-30T11:00:12+00:00","dateModified":"2021-12-01T19:34:05+00:00","author":{"@id":"https:\/\/sinditextilsp.org.br\/home\/#\/schema\/person\/f2652ee75ed0db87c6a4c63cfba51dd9"},"breadcrumb":{"@id":"https:\/\/sinditextilsp.org.br\/home\/2021\/11\/as-oportunidades-e-os-desafios-para-a-cessao-do-brasil-a-ocde-sao-discutidos-em-evento-na-fiesp\/#breadcrumb"},"inLanguage":"pt-BR","potentialAction":[{"@type":"ReadAction","target":["https:\/\/sinditextilsp.org.br\/home\/2021\/11\/as-oportunidades-e-os-desafios-para-a-cessao-do-brasil-a-ocde-sao-discutidos-em-evento-na-fiesp\/"]}]},{"@type":"ImageObject","inLanguage":"pt-BR","@id":"https:\/\/sinditextilsp.org.br\/home\/2021\/11\/as-oportunidades-e-os-desafios-para-a-cessao-do-brasil-a-ocde-sao-discutidos-em-evento-na-fiesp\/#primaryimage","url":"https:\/\/sinditextilsp.org.br\/home\/wp-content\/uploads\/2021\/11\/N2_fiesp-ocde.jpg","contentUrl":"https:\/\/sinditextilsp.org.br\/home\/wp-content\/uploads\/2021\/11\/N2_fiesp-ocde.jpg","width":640,"height":440},{"@type":"BreadcrumbList","@id":"https:\/\/sinditextilsp.org.br\/home\/2021\/11\/as-oportunidades-e-os-desafios-para-a-cessao-do-brasil-a-ocde-sao-discutidos-em-evento-na-fiesp\/#breadcrumb","itemListElement":[{"@type":"ListItem","position":1,"name":"In\u00edcio","item":"https:\/\/sinditextilsp.org.br\/home\/"},{"@type":"ListItem","position":2,"name":"As oportunidades e os desafios para a cess\u00e3o do Brasil \u00e0 OCDE s\u00e3o discutidos em evento na FIESP"}]},{"@type":"WebSite","@id":"https:\/\/sinditextilsp.org.br\/home\/#website","url":"https:\/\/sinditextilsp.org.br\/home\/","name":"Sindit\u00eaxtil-SP","description":"Sindicato T\u00eaxtil de S\u00e3o Paulo","potentialAction":[{"@type":"SearchAction","target":{"@type":"EntryPoint","urlTemplate":"https:\/\/sinditextilsp.org.br\/home\/?s={search_term_string}"},"query-input":"required name=search_term_string"}],"inLanguage":"pt-BR"},{"@type":"Person","@id":"https:\/\/sinditextilsp.org.br\/home\/#\/schema\/person\/f2652ee75ed0db87c6a4c63cfba51dd9","name":"Roberto Lima","image":{"@type":"ImageObject","inLanguage":"pt-BR","@id":"https:\/\/sinditextilsp.org.br\/home\/#\/schema\/person\/image\/","url":"https:\/\/secure.gravatar.com\/avatar\/e5e9ded7ca9297005415a6263122555b6a112c409111396e3416a952302fb1bf?s=96&d=mm&r=g","contentUrl":"https:\/\/secure.gravatar.com\/avatar\/e5e9ded7ca9297005415a6263122555b6a112c409111396e3416a952302fb1bf?s=96&d=mm&r=g","caption":"Roberto Lima"},"url":"https:\/\/sinditextilsp.org.br\/home\/author\/roberto-lima\/"}]}},"_links":{"self":[{"href":"https:\/\/sinditextilsp.org.br\/home\/wp-json\/wp\/v2\/posts\/1424","targetHints":{"allow":["GET"]}}],"collection":[{"href":"https:\/\/sinditextilsp.org.br\/home\/wp-json\/wp\/v2\/posts"}],"about":[{"href":"https:\/\/sinditextilsp.org.br\/home\/wp-json\/wp\/v2\/types\/post"}],"author":[{"embeddable":true,"href":"https:\/\/sinditextilsp.org.br\/home\/wp-json\/wp\/v2\/users\/7"}],"replies":[{"embeddable":true,"href":"https:\/\/sinditextilsp.org.br\/home\/wp-json\/wp\/v2\/comments?post=1424"}],"version-history":[{"count":1,"href":"https:\/\/sinditextilsp.org.br\/home\/wp-json\/wp\/v2\/posts\/1424\/revisions"}],"predecessor-version":[{"id":1426,"href":"https:\/\/sinditextilsp.org.br\/home\/wp-json\/wp\/v2\/posts\/1424\/revisions\/1426"}],"wp:featuredmedia":[{"embeddable":true,"href":"https:\/\/sinditextilsp.org.br\/home\/wp-json\/wp\/v2\/media\/1425"}],"wp:attachment":[{"href":"https:\/\/sinditextilsp.org.br\/home\/wp-json\/wp\/v2\/media?parent=1424"}],"wp:term":[{"taxonomy":"category","embeddable":true,"href":"https:\/\/sinditextilsp.org.br\/home\/wp-json\/wp\/v2\/categories?post=1424"},{"taxonomy":"post_tag","embeddable":true,"href":"https:\/\/sinditextilsp.org.br\/home\/wp-json\/wp\/v2\/tags?post=1424"}],"curies":[{"name":"wp","href":"https:\/\/api.w.org\/{rel}","templated":true}]}}