{"id":1533,"date":"2021-12-17T14:38:51","date_gmt":"2021-12-17T16:38:51","guid":{"rendered":"https:\/\/sinditextilsp.org.br\/home\/?p=1533"},"modified":"2021-12-21T11:38:06","modified_gmt":"2021-12-21T13:38:06","slug":"sinditextil-sp-recebe-medalha-do-governador","status":"publish","type":"post","link":"https:\/\/sinditextilsp.org.br\/home\/2021\/12\/sinditextil-sp-recebe-medalha-do-governador\/","title":{"rendered":"Sindit\u00eaxtil-SP recebe medalha do Governador"},"content":{"rendered":"<blockquote><p>Foi realizada, em 17 de dezenbro, no Pal\u00e1cio dos Bandeirantes, a \u00faltima reuni\u00e3o do ano do Comit\u00ea Empresarial Solid\u00e1rio que foi constitu\u00eddo para o enfrentamento \u00e0 Covid 19 no estado de S\u00e3o Paulo. O encontro foi de homenagens e agradecimento do governador Jo\u00e3o D\u00f3ria que entregou medalhas aos doadores, dentre eles o Sindit\u00eaxtil-SP.<\/p>\n<p><span class=\"TextRun SCXW48205219 BCX0\" lang=\"PT-BR\" xml:lang=\"PT-BR\" data-contrast=\"auto\"><span class=\"NormalTextRun SCXW48205219 BCX0\">O Comit\u00ea Empresarial Solid\u00e1rio possui 484 membros e 314 foram\u00a0 doadores, tanto de produtos quan<\/span><span class=\"NormalTextRun SCXW48205219 BCX0\">to<\/span><span class=\"NormalTextRun SCXW48205219 BCX0\">\u00a0de valores financeiros. O Sindit\u00eaxtil-SP doou milhares de m\u00e1scaras,<\/span><span class=\"NormalTextRun SCXW48205219 BCX0\">\u00a0monitores\u00a0 de respiradores, meias, calcinhas, cobertores, al\u00e9m de uma arrecada\u00e7\u00e3o substancial em dinheiro para a f\u00e1brica de vacinas do Butant\u00e3. \u201cFoi preciso nos unir para enfrentar essa pandemia. Os empres\u00e1rios t\u00eaxteis n\u00e3o mediram esfor\u00e7os e, mesmo com tantas dificuldades, j\u00e1 que fomos um dos setores mais afetados economicamente, apesar disso, n\u00e3o faltou empenho e disposi\u00e7\u00e3o em ajudar. O governador reconheceu nossa predisposi\u00e7\u00e3o ao longo de toda essa jornada, que ainda n\u00e3o acabou, mas\u00a0<\/span><span class=\"NormalTextRun SCXW48205219 BCX0\">a retomada j\u00e1 come\u00e7ou. Isso se deve \u00e0 uni\u00e3o n\u00e3o s\u00f3 dos empres\u00e1rios t\u00eaxteis, mas de todos os setores paulistas\u201d, comentou o presidente do Sindit\u00eaxtil-SP Luiz Arthur Pacheco.<\/span><\/span><\/p><\/blockquote>\n<p><img loading=\"lazy\" decoding=\"async\" class=\"alignnone wp-image-1537 aligncenter\" src=\"https:\/\/sinditextilsp.org.br\/home\/wp-content\/uploads\/2021\/12\/Imagem2-300x169.jpg\" alt=\"\" width=\"476\" height=\"268\" srcset=\"https:\/\/sinditextilsp.org.br\/home\/wp-content\/uploads\/2021\/12\/Imagem2-400x225.jpg 400w, https:\/\/sinditextilsp.org.br\/home\/wp-content\/uploads\/2021\/12\/Imagem2-367x207.jpg 367w\" sizes=\"auto, (max-width: 476px) 100vw, 476px\" \/><\/p>\n<p><span class=\"EOP SCXW48205219 BCX0\" data-ccp-props=\"{&quot;201341983&quot;:0,&quot;335551550&quot;:6,&quot;335551620&quot;:6,&quot;335559739&quot;:200,&quot;335559740&quot;:360}\">A cerim\u00f4nia foi toda transmitida pela TV Cultura, onde a lista dos doares foi projetada para todos. \u201cEste Comit\u00ea conseguiu arrecadar mais de R$ 2 bilh\u00f5es de reais, recursos que foram\u00a0<span class=\"TextRun SCXW90430239 BCX0\" lang=\"PT-BR\" xml:lang=\"PT-BR\" data-contrast=\"auto\"><span class=\"NormalTextRun SCXW90430239 BCX0\">usados para prote\u00e7\u00e3o social, constru\u00e7\u00e3o da f\u00e1brica de vacinas do Butant\u00e3, unidades de sa\u00fade, suporte \u00e0 educa\u00e7\u00e3o nesse per\u00edodo\u00a0<\/span><span class=\"NormalTextRun SCXW90430239 BCX0\">e tamb\u00e9m<\/span><span class=\"NormalTextRun SCXW90430239 BCX0\">\u00a0seguran\u00e7a p\u00fablica. Al\u00e9m da doa\u00e7\u00e3o financeira, recebemos milh\u00f5es de m\u00e1scaras,\u00a0<\/span><span class=\"NormalTextRun SpellingErrorV2 SCXW90430239 BCX0\">epis<\/span><span class=\"NormalTextRun SCXW90430239 BCX0\">, respiradouros, oxig\u00eanio, sem contar com as 3,3 milh\u00f5es de cestas b\u00e1sicas\u201d\u00a0<\/span><span class=\"NormalTextRun ContextualSpellingAndGrammarErrorV2 SCXW90430239 BCX0\">discursou D\u00f3ria<\/span><span class=\"NormalTextRun SCXW90430239 BCX0\">.<\/span><\/span><span class=\"EOP SCXW90430239 BCX0\" data-ccp-props=\"{&quot;201341983&quot;:0,&quot;335559739&quot;:200,&quot;335559740&quot;:360}\">\u00a0<\/span><\/span><\/p>\n","protected":false},"excerpt":{"rendered":"<p>Foi realizada, em 17 de dezenbro, no Pal\u00e1cio dos Bandeirantes, a \u00faltima reuni\u00e3o do ano do Comit\u00ea Empresarial Solid\u00e1rio que foi constitu\u00eddo para o enfrentamento \u00e0 Covid 19 no estado de S\u00e3o Paulo. O encontro foi de homenagens e agradecimento do governador Jo\u00e3o D\u00f3ria que entregou medalhas aos doadores, dentre eles o Sindit\u00eaxtil-SP. O Comit\u00ea [&hellip;]<\/p>\n","protected":false},"author":2,"featured_media":1534,"comment_status":"open","ping_status":"open","sticky":false,"template":"","format":"standard","meta":{"footnotes":""},"categories":[56,16],"tags":[],"class_list":["post-1533","post","type-post","status-publish","format-standard","has-post-thumbnail","hentry","category-destaques","category-noticias"],"yoast_head":"<!-- This site is optimized with the Yoast SEO plugin v22.8 - https:\/\/yoast.com\/wordpress\/plugins\/seo\/ -->\n<title>Sindit\u00eaxtil-SP recebe medalha do Governador - Sindit\u00eaxtil-SP<\/title>\n<meta name=\"robots\" content=\"index, follow, max-snippet:-1, max-image-preview:large, max-video-preview:-1\" \/>\n<link rel=\"canonical\" href=\"https:\/\/sinditextilsp.org.br\/home\/2021\/12\/sinditextil-sp-recebe-medalha-do-governador\/\" \/>\n<meta property=\"og:locale\" content=\"pt_BR\" \/>\n<meta property=\"og:type\" content=\"article\" \/>\n<meta property=\"og:title\" content=\"Sindit\u00eaxtil-SP recebe medalha do Governador - Sindit\u00eaxtil-SP\" \/>\n<meta property=\"og:description\" content=\"Foi realizada, em 17 de dezenbro, no Pal\u00e1cio dos Bandeirantes, a \u00faltima reuni\u00e3o do ano do Comit\u00ea Empresarial Solid\u00e1rio que foi constitu\u00eddo para o enfrentamento \u00e0 Covid 19 no estado de S\u00e3o Paulo. O encontro foi de homenagens e agradecimento do governador Jo\u00e3o D\u00f3ria que entregou medalhas aos doadores, dentre eles o Sindit\u00eaxtil-SP. O Comit\u00ea [&hellip;]\" \/>\n<meta property=\"og:url\" content=\"https:\/\/sinditextilsp.org.br\/home\/2021\/12\/sinditextil-sp-recebe-medalha-do-governador\/\" \/>\n<meta property=\"og:site_name\" content=\"Sindit\u00eaxtil-SP\" \/>\n<meta property=\"article:publisher\" content=\"https:\/\/www.facebook.com\/sinditextilsp\" \/>\n<meta property=\"article:published_time\" content=\"2021-12-17T16:38:51+00:00\" \/>\n<meta property=\"article:modified_time\" content=\"2021-12-21T13:38:06+00:00\" \/>\n<meta property=\"og:image\" content=\"https:\/\/sinditextilsp.org.br\/home\/wp-content\/uploads\/2021\/12\/Imagem1-e1639759113272.png\" \/>\n\t<meta property=\"og:image:width\" content=\"372\" \/>\n\t<meta property=\"og:image:height\" content=\"385\" \/>\n\t<meta property=\"og:image:type\" content=\"image\/png\" \/>\n<meta name=\"author\" content=\"Sindit\u00eaxtil-SP\" \/>\n<meta name=\"twitter:card\" content=\"summary_large_image\" \/>\n<meta name=\"twitter:creator\" content=\"@SinditextilSP\" \/>\n<meta name=\"twitter:site\" content=\"@SinditextilSP\" \/>\n<meta name=\"twitter:label1\" content=\"Escrito por\" \/>\n\t<meta name=\"twitter:data1\" content=\"Sindit\u00eaxtil-SP\" \/>\n\t<meta name=\"twitter:label2\" content=\"Est. tempo de leitura\" \/>\n\t<meta name=\"twitter:data2\" content=\"2 minutos\" \/>\n<script type=\"application\/ld+json\" class=\"yoast-schema-graph\">{\"@context\":\"https:\/\/schema.org\",\"@graph\":[{\"@type\":\"WebPage\",\"@id\":\"https:\/\/sinditextilsp.org.br\/home\/2021\/12\/sinditextil-sp-recebe-medalha-do-governador\/\",\"url\":\"https:\/\/sinditextilsp.org.br\/home\/2021\/12\/sinditextil-sp-recebe-medalha-do-governador\/\",\"name\":\"Sindit\u00eaxtil-SP recebe medalha do Governador - Sindit\u00eaxtil-SP\",\"isPartOf\":{\"@id\":\"https:\/\/sinditextilsp.org.br\/home\/#website\"},\"primaryImageOfPage\":{\"@id\":\"https:\/\/sinditextilsp.org.br\/home\/2021\/12\/sinditextil-sp-recebe-medalha-do-governador\/#primaryimage\"},\"image\":{\"@id\":\"https:\/\/sinditextilsp.org.br\/home\/2021\/12\/sinditextil-sp-recebe-medalha-do-governador\/#primaryimage\"},\"thumbnailUrl\":\"https:\/\/sinditextilsp.org.br\/home\/wp-content\/uploads\/2021\/12\/Imagem1-e1639759113272.png\",\"datePublished\":\"2021-12-17T16:38:51+00:00\",\"dateModified\":\"2021-12-21T13:38:06+00:00\",\"author\":{\"@id\":\"https:\/\/sinditextilsp.org.br\/home\/#\/schema\/person\/ceca3861f277dc1806d31199f1604264\"},\"breadcrumb\":{\"@id\":\"https:\/\/sinditextilsp.org.br\/home\/2021\/12\/sinditextil-sp-recebe-medalha-do-governador\/#breadcrumb\"},\"inLanguage\":\"pt-BR\",\"potentialAction\":[{\"@type\":\"ReadAction\",\"target\":[\"https:\/\/sinditextilsp.org.br\/home\/2021\/12\/sinditextil-sp-recebe-medalha-do-governador\/\"]}]},{\"@type\":\"ImageObject\",\"inLanguage\":\"pt-BR\",\"@id\":\"https:\/\/sinditextilsp.org.br\/home\/2021\/12\/sinditextil-sp-recebe-medalha-do-governador\/#primaryimage\",\"url\":\"https:\/\/sinditextilsp.org.br\/home\/wp-content\/uploads\/2021\/12\/Imagem1-e1639759113272.png\",\"contentUrl\":\"https:\/\/sinditextilsp.org.br\/home\/wp-content\/uploads\/2021\/12\/Imagem1-e1639759113272.png\",\"width\":372,\"height\":385},{\"@type\":\"BreadcrumbList\",\"@id\":\"https:\/\/sinditextilsp.org.br\/home\/2021\/12\/sinditextil-sp-recebe-medalha-do-governador\/#breadcrumb\",\"itemListElement\":[{\"@type\":\"ListItem\",\"position\":1,\"name\":\"In\u00edcio\",\"item\":\"https:\/\/sinditextilsp.org.br\/home\/\"},{\"@type\":\"ListItem\",\"position\":2,\"name\":\"Sindit\u00eaxtil-SP recebe medalha do Governador\"}]},{\"@type\":\"WebSite\",\"@id\":\"https:\/\/sinditextilsp.org.br\/home\/#website\",\"url\":\"https:\/\/sinditextilsp.org.br\/home\/\",\"name\":\"Sindit\u00eaxtil-SP\",\"description\":\"Sindicato T\u00eaxtil de S\u00e3o Paulo\",\"potentialAction\":[{\"@type\":\"SearchAction\",\"target\":{\"@type\":\"EntryPoint\",\"urlTemplate\":\"https:\/\/sinditextilsp.org.br\/home\/?s={search_term_string}\"},\"query-input\":\"required name=search_term_string\"}],\"inLanguage\":\"pt-BR\"},{\"@type\":\"Person\",\"@id\":\"https:\/\/sinditextilsp.org.br\/home\/#\/schema\/person\/ceca3861f277dc1806d31199f1604264\",\"name\":\"Sindit\u00eaxtil-SP\",\"image\":{\"@type\":\"ImageObject\",\"inLanguage\":\"pt-BR\",\"@id\":\"https:\/\/sinditextilsp.org.br\/home\/#\/schema\/person\/image\/\",\"url\":\"https:\/\/secure.gravatar.com\/avatar\/1004e4f7c56213ad977aba92436bc447272b6a4743534ef04a82f43c866dd0e0?s=96&d=mm&r=g\",\"contentUrl\":\"https:\/\/secure.gravatar.com\/avatar\/1004e4f7c56213ad977aba92436bc447272b6a4743534ef04a82f43c866dd0e0?s=96&d=mm&r=g\",\"caption\":\"Sindit\u00eaxtil-SP\"},\"url\":\"https:\/\/sinditextilsp.org.br\/home\/author\/sinditextilsp\/\"}]}<\/script>\n<!-- \/ Yoast SEO plugin. -->","yoast_head_json":{"title":"Sindit\u00eaxtil-SP recebe medalha do Governador - Sindit\u00eaxtil-SP","robots":{"index":"index","follow":"follow","max-snippet":"max-snippet:-1","max-image-preview":"max-image-preview:large","max-video-preview":"max-video-preview:-1"},"canonical":"https:\/\/sinditextilsp.org.br\/home\/2021\/12\/sinditextil-sp-recebe-medalha-do-governador\/","og_locale":"pt_BR","og_type":"article","og_title":"Sindit\u00eaxtil-SP recebe medalha do Governador - Sindit\u00eaxtil-SP","og_description":"Foi realizada, em 17 de dezenbro, no Pal\u00e1cio dos Bandeirantes, a \u00faltima reuni\u00e3o do ano do Comit\u00ea Empresarial Solid\u00e1rio que foi constitu\u00eddo para o enfrentamento \u00e0 Covid 19 no estado de S\u00e3o Paulo. O encontro foi de homenagens e agradecimento do governador Jo\u00e3o D\u00f3ria que entregou medalhas aos doadores, dentre eles o Sindit\u00eaxtil-SP. O Comit\u00ea [&hellip;]","og_url":"https:\/\/sinditextilsp.org.br\/home\/2021\/12\/sinditextil-sp-recebe-medalha-do-governador\/","og_site_name":"Sindit\u00eaxtil-SP","article_publisher":"https:\/\/www.facebook.com\/sinditextilsp","article_published_time":"2021-12-17T16:38:51+00:00","article_modified_time":"2021-12-21T13:38:06+00:00","og_image":[{"width":372,"height":385,"url":"https:\/\/sinditextilsp.org.br\/home\/wp-content\/uploads\/2021\/12\/Imagem1-e1639759113272.png","type":"image\/png"}],"author":"Sindit\u00eaxtil-SP","twitter_card":"summary_large_image","twitter_creator":"@SinditextilSP","twitter_site":"@SinditextilSP","twitter_misc":{"Escrito por":"Sindit\u00eaxtil-SP","Est. tempo de leitura":"2 minutos"},"schema":{"@context":"https:\/\/schema.org","@graph":[{"@type":"WebPage","@id":"https:\/\/sinditextilsp.org.br\/home\/2021\/12\/sinditextil-sp-recebe-medalha-do-governador\/","url":"https:\/\/sinditextilsp.org.br\/home\/2021\/12\/sinditextil-sp-recebe-medalha-do-governador\/","name":"Sindit\u00eaxtil-SP recebe medalha do Governador - Sindit\u00eaxtil-SP","isPartOf":{"@id":"https:\/\/sinditextilsp.org.br\/home\/#website"},"primaryImageOfPage":{"@id":"https:\/\/sinditextilsp.org.br\/home\/2021\/12\/sinditextil-sp-recebe-medalha-do-governador\/#primaryimage"},"image":{"@id":"https:\/\/sinditextilsp.org.br\/home\/2021\/12\/sinditextil-sp-recebe-medalha-do-governador\/#primaryimage"},"thumbnailUrl":"https:\/\/sinditextilsp.org.br\/home\/wp-content\/uploads\/2021\/12\/Imagem1-e1639759113272.png","datePublished":"2021-12-17T16:38:51+00:00","dateModified":"2021-12-21T13:38:06+00:00","author":{"@id":"https:\/\/sinditextilsp.org.br\/home\/#\/schema\/person\/ceca3861f277dc1806d31199f1604264"},"breadcrumb":{"@id":"https:\/\/sinditextilsp.org.br\/home\/2021\/12\/sinditextil-sp-recebe-medalha-do-governador\/#breadcrumb"},"inLanguage":"pt-BR","potentialAction":[{"@type":"ReadAction","target":["https:\/\/sinditextilsp.org.br\/home\/2021\/12\/sinditextil-sp-recebe-medalha-do-governador\/"]}]},{"@type":"ImageObject","inLanguage":"pt-BR","@id":"https:\/\/sinditextilsp.org.br\/home\/2021\/12\/sinditextil-sp-recebe-medalha-do-governador\/#primaryimage","url":"https:\/\/sinditextilsp.org.br\/home\/wp-content\/uploads\/2021\/12\/Imagem1-e1639759113272.png","contentUrl":"https:\/\/sinditextilsp.org.br\/home\/wp-content\/uploads\/2021\/12\/Imagem1-e1639759113272.png","width":372,"height":385},{"@type":"BreadcrumbList","@id":"https:\/\/sinditextilsp.org.br\/home\/2021\/12\/sinditextil-sp-recebe-medalha-do-governador\/#breadcrumb","itemListElement":[{"@type":"ListItem","position":1,"name":"In\u00edcio","item":"https:\/\/sinditextilsp.org.br\/home\/"},{"@type":"ListItem","position":2,"name":"Sindit\u00eaxtil-SP recebe medalha do Governador"}]},{"@type":"WebSite","@id":"https:\/\/sinditextilsp.org.br\/home\/#website","url":"https:\/\/sinditextilsp.org.br\/home\/","name":"Sindit\u00eaxtil-SP","description":"Sindicato T\u00eaxtil de S\u00e3o Paulo","potentialAction":[{"@type":"SearchAction","target":{"@type":"EntryPoint","urlTemplate":"https:\/\/sinditextilsp.org.br\/home\/?s={search_term_string}"},"query-input":"required name=search_term_string"}],"inLanguage":"pt-BR"},{"@type":"Person","@id":"https:\/\/sinditextilsp.org.br\/home\/#\/schema\/person\/ceca3861f277dc1806d31199f1604264","name":"Sindit\u00eaxtil-SP","image":{"@type":"ImageObject","inLanguage":"pt-BR","@id":"https:\/\/sinditextilsp.org.br\/home\/#\/schema\/person\/image\/","url":"https:\/\/secure.gravatar.com\/avatar\/1004e4f7c56213ad977aba92436bc447272b6a4743534ef04a82f43c866dd0e0?s=96&d=mm&r=g","contentUrl":"https:\/\/secure.gravatar.com\/avatar\/1004e4f7c56213ad977aba92436bc447272b6a4743534ef04a82f43c866dd0e0?s=96&d=mm&r=g","caption":"Sindit\u00eaxtil-SP"},"url":"https:\/\/sinditextilsp.org.br\/home\/author\/sinditextilsp\/"}]}},"_links":{"self":[{"href":"https:\/\/sinditextilsp.org.br\/home\/wp-json\/wp\/v2\/posts\/1533","targetHints":{"allow":["GET"]}}],"collection":[{"href":"https:\/\/sinditextilsp.org.br\/home\/wp-json\/wp\/v2\/posts"}],"about":[{"href":"https:\/\/sinditextilsp.org.br\/home\/wp-json\/wp\/v2\/types\/post"}],"author":[{"embeddable":true,"href":"https:\/\/sinditextilsp.org.br\/home\/wp-json\/wp\/v2\/users\/2"}],"replies":[{"embeddable":true,"href":"https:\/\/sinditextilsp.org.br\/home\/wp-json\/wp\/v2\/comments?post=1533"}],"version-history":[{"count":6,"href":"https:\/\/sinditextilsp.org.br\/home\/wp-json\/wp\/v2\/posts\/1533\/revisions"}],"predecessor-version":[{"id":1557,"href":"https:\/\/sinditextilsp.org.br\/home\/wp-json\/wp\/v2\/posts\/1533\/revisions\/1557"}],"wp:featuredmedia":[{"embeddable":true,"href":"https:\/\/sinditextilsp.org.br\/home\/wp-json\/wp\/v2\/media\/1534"}],"wp:attachment":[{"href":"https:\/\/sinditextilsp.org.br\/home\/wp-json\/wp\/v2\/media?parent=1533"}],"wp:term":[{"taxonomy":"category","embeddable":true,"href":"https:\/\/sinditextilsp.org.br\/home\/wp-json\/wp\/v2\/categories?post=1533"},{"taxonomy":"post_tag","embeddable":true,"href":"https:\/\/sinditextilsp.org.br\/home\/wp-json\/wp\/v2\/tags?post=1533"}],"curies":[{"name":"wp","href":"https:\/\/api.w.org\/{rel}","templated":true}]}}