{"id":2321,"date":"2022-06-13T10:52:43","date_gmt":"2022-06-13T13:52:43","guid":{"rendered":"https:\/\/sinditextilsp.org.br\/home\/?p=2321"},"modified":"2022-06-13T10:54:19","modified_gmt":"2022-06-13T13:54:19","slug":"santista-jeanswear-apresenta-conceito-de-eco-laundry-em-nova-colecao","status":"publish","type":"post","link":"https:\/\/sinditextilsp.org.br\/home\/2022\/06\/santista-jeanswear-apresenta-conceito-de-eco-laundry-em-nova-colecao\/","title":{"rendered":"Santista Jeanswear apresenta conceito de Eco Laundry em nova cole\u00e7\u00e3o"},"content":{"rendered":"<p>A Santista Jeanswear, marca refer\u00eancia em denim na Am\u00e9rica Latina, apresentou sua marca registrada, a sustentabilidade, que est\u00e1 ainda mais presente nos artigos da cole\u00e7\u00e3o Inverno 2023, apresentado no Denim City SP,\u00a0 em maio. Com o objetivo de mensurar e trazer transpar\u00eancia com responsabilidade para toda a cadeia do denim, a Santista Jeanswear aliou seus processos sustent\u00e1veis ao ECO LAUNDRY: tecidos com melhor desempenho em lavanderia, com redu\u00e7\u00e3o significativa do uso de \u00e1gua, energia e qu\u00edmicos, mantendo o aspecto de um jeans original, al\u00e9m de maiores possibilidades de efeitos de acordo com as tend\u00eancias.<\/p>\n<p>Isso foi poss\u00edvel, gra\u00e7as as pesquisas do time de inova\u00e7\u00e3o que analisou todo o processo do algod\u00e3o ao acabamento para alinhar sustentabilidade e moda, assegurando o melhor resultado dos azuis Santista.<\/p>\n<p>Outra novidade em seus processos est\u00e1 o fato de a empresa ter se tornado a primeira tecelagem brasileira a alcan\u00e7ar pontua\u00e7\u00f5es elevadas no Light Sensitive Fabric Score (LSF) by Jeanologia\u00ae, que avalia o desempenho de tecidos em processos sustent\u00e1veis, nos crit\u00e9rios de luminosidade, contraste, grau de branco, pu\u00eddo e aspecto visual. Fazendo parte de um seleto grupo de tecelagens japonesas e europeia a atingir a pontua\u00e7\u00e3o verde em todas as linhas de produto:<\/p>\n<p>ICON: FRANK, FIRST DENIM 80&#8217;S, SOFT FIRST DENIM<\/p>\n<p>FREE COMFORT STRETCH: JOHN, UP, SOFT UP<\/p>\n<p>FREE SUPER STRETCH: NEW LIKE, NEW SLIME, PUSH UP LIGHT<\/p>\n<p>FREE TRIBLEND\u00ae: TAYLOR TRIBLEND, TAYLOR LAZULI TRIBLEND, QUEEN TRIBLEND<\/p>\n<figure id=\"attachment_2322\" aria-describedby=\"caption-attachment-2322\" style=\"width: 591px\" class=\"wp-caption aligncenter\"><img loading=\"lazy\" decoding=\"async\" class=\"wp-image-2322 size-full\" src=\"https:\/\/sinditextilsp.org.br\/home\/wp-content\/uploads\/2022\/06\/N2_santista-22.jpg\" alt=\"\" width=\"591\" height=\"886\" srcset=\"https:\/\/sinditextilsp.org.br\/home\/wp-content\/uploads\/2022\/06\/N2_santista-22.jpg 591w, https:\/\/sinditextilsp.org.br\/home\/wp-content\/uploads\/2022\/06\/N2_santista-22-400x600.jpg 400w, https:\/\/sinditextilsp.org.br\/home\/wp-content\/uploads\/2022\/06\/N2_santista-22-367x550.jpg 367w\" sizes=\"auto, (max-width: 591px) 100vw, 591px\" \/><figcaption id=\"caption-attachment-2322\" class=\"wp-caption-text\">Soft First Denim<\/figcaption><\/figure>\n<p>Entre os lan\u00e7amentos o destaque s\u00e3o os artigos Soft UP e UP, que possuem pontua\u00e7\u00e3o elevada no Blue Scan e o Soft UP possui tamb\u00e9m excelente pontua\u00e7\u00e3o no Light Sensitive Fabric Score (LSF). Al\u00e9m dos tecidos Eco Laundry chegam os novos Panther, na cor black. Dakota, Dakota Mix e o New Like nos Super Stretchs e o New Slime na fam\u00edlia Sticker Power, com Lycra\u00ae especial.<\/p>\n<figure id=\"attachment_2323\" aria-describedby=\"caption-attachment-2323\" style=\"width: 591px\" class=\"wp-caption aligncenter\"><img loading=\"lazy\" decoding=\"async\" class=\"wp-image-2323 size-full\" src=\"https:\/\/sinditextilsp.org.br\/home\/wp-content\/uploads\/2022\/06\/N2_santista-b-22.jpg\" alt=\"\" width=\"591\" height=\"886\" srcset=\"https:\/\/sinditextilsp.org.br\/home\/wp-content\/uploads\/2022\/06\/N2_santista-b-22.jpg 591w, https:\/\/sinditextilsp.org.br\/home\/wp-content\/uploads\/2022\/06\/N2_santista-b-22-400x600.jpg 400w, https:\/\/sinditextilsp.org.br\/home\/wp-content\/uploads\/2022\/06\/N2_santista-b-22-367x550.jpg 367w\" sizes=\"auto, (max-width: 591px) 100vw, 591px\" \/><figcaption id=\"caption-attachment-2323\" class=\"wp-caption-text\">White Denim Lite e Trend<\/figcaption><\/figure>\n<p>Para interpretar os tecidos da marca, foram convidados os estilistas Jorge Feitosa e Tom Martins, e contam ainda com pe\u00e7as especiais lavadas pela equipe Jeanologia Europa. As pe\u00e7as poder\u00e3o ser vistas na loja da marca no Denim City SP.<\/p>\n","protected":false},"excerpt":{"rendered":"<p>A Santista Jeanswear, marca refer\u00eancia em denim na Am\u00e9rica Latina, apresentou sua marca registrada, a sustentabilidade, que est\u00e1 ainda mais presente nos artigos da cole\u00e7\u00e3o Inverno 2023, apresentado no Denim City SP,\u00a0 em maio. Com o objetivo de mensurar e trazer transpar\u00eancia com responsabilidade para toda a cadeia do denim, a Santista Jeanswear aliou seus [&hellip;]<\/p>\n","protected":false},"author":7,"featured_media":2324,"comment_status":"open","ping_status":"open","sticky":false,"template":"","format":"standard","meta":{"footnotes":""},"categories":[56,1],"tags":[167,165,164],"class_list":["post-2321","post","type-post","status-publish","format-standard","has-post-thumbnail","hentry","category-destaques","category-sem-categoria","tag-denim","tag-jeanswear","tag-santista"],"yoast_head":"<!-- This site is optimized with the Yoast SEO plugin v22.8 - https:\/\/yoast.com\/wordpress\/plugins\/seo\/ -->\n<title>Santista Jeanswear apresenta conceito de Eco Laundry em nova cole\u00e7\u00e3o - Sindit\u00eaxtil-SP<\/title>\n<meta name=\"robots\" content=\"index, follow, max-snippet:-1, max-image-preview:large, max-video-preview:-1\" \/>\n<link rel=\"canonical\" href=\"https:\/\/sinditextilsp.org.br\/home\/2022\/06\/santista-jeanswear-apresenta-conceito-de-eco-laundry-em-nova-colecao\/\" \/>\n<meta property=\"og:locale\" content=\"pt_BR\" \/>\n<meta property=\"og:type\" content=\"article\" \/>\n<meta property=\"og:title\" content=\"Santista Jeanswear apresenta conceito de Eco Laundry em nova cole\u00e7\u00e3o - Sindit\u00eaxtil-SP\" \/>\n<meta property=\"og:description\" content=\"A Santista Jeanswear, marca refer\u00eancia em denim na Am\u00e9rica Latina, apresentou sua marca registrada, a sustentabilidade, que est\u00e1 ainda mais presente nos artigos da cole\u00e7\u00e3o Inverno 2023, apresentado no Denim City SP,\u00a0 em maio. Com o objetivo de mensurar e trazer transpar\u00eancia com responsabilidade para toda a cadeia do denim, a Santista Jeanswear aliou seus [&hellip;]\" \/>\n<meta property=\"og:url\" content=\"https:\/\/sinditextilsp.org.br\/home\/2022\/06\/santista-jeanswear-apresenta-conceito-de-eco-laundry-em-nova-colecao\/\" \/>\n<meta property=\"og:site_name\" content=\"Sindit\u00eaxtil-SP\" \/>\n<meta property=\"article:publisher\" content=\"https:\/\/www.facebook.com\/sinditextilsp\" \/>\n<meta property=\"article:published_time\" content=\"2022-06-13T13:52:43+00:00\" \/>\n<meta property=\"article:modified_time\" content=\"2022-06-13T13:54:19+00:00\" \/>\n<meta property=\"og:image\" content=\"https:\/\/sinditextilsp.org.br\/home\/wp-content\/uploads\/2022\/06\/N2_santista-c-22.jpg\" \/>\n\t<meta property=\"og:image:width\" content=\"591\" \/>\n\t<meta property=\"og:image:height\" content=\"886\" \/>\n\t<meta property=\"og:image:type\" content=\"image\/jpeg\" \/>\n<meta name=\"author\" content=\"Roberto Lima\" \/>\n<meta name=\"twitter:card\" content=\"summary_large_image\" \/>\n<meta name=\"twitter:creator\" content=\"@SinditextilSP\" \/>\n<meta name=\"twitter:site\" content=\"@SinditextilSP\" \/>\n<meta name=\"twitter:label1\" content=\"Escrito por\" \/>\n\t<meta name=\"twitter:data1\" content=\"Roberto Lima\" \/>\n\t<meta name=\"twitter:label2\" content=\"Est. tempo de leitura\" \/>\n\t<meta name=\"twitter:data2\" content=\"2 minutos\" \/>\n<script type=\"application\/ld+json\" class=\"yoast-schema-graph\">{\"@context\":\"https:\/\/schema.org\",\"@graph\":[{\"@type\":\"WebPage\",\"@id\":\"https:\/\/sinditextilsp.org.br\/home\/2022\/06\/santista-jeanswear-apresenta-conceito-de-eco-laundry-em-nova-colecao\/\",\"url\":\"https:\/\/sinditextilsp.org.br\/home\/2022\/06\/santista-jeanswear-apresenta-conceito-de-eco-laundry-em-nova-colecao\/\",\"name\":\"Santista Jeanswear apresenta conceito de Eco Laundry em nova cole\u00e7\u00e3o - Sindit\u00eaxtil-SP\",\"isPartOf\":{\"@id\":\"https:\/\/sinditextilsp.org.br\/home\/#website\"},\"primaryImageOfPage\":{\"@id\":\"https:\/\/sinditextilsp.org.br\/home\/2022\/06\/santista-jeanswear-apresenta-conceito-de-eco-laundry-em-nova-colecao\/#primaryimage\"},\"image\":{\"@id\":\"https:\/\/sinditextilsp.org.br\/home\/2022\/06\/santista-jeanswear-apresenta-conceito-de-eco-laundry-em-nova-colecao\/#primaryimage\"},\"thumbnailUrl\":\"https:\/\/sinditextilsp.org.br\/home\/wp-content\/uploads\/2022\/06\/N2_santista-c-22.jpg\",\"datePublished\":\"2022-06-13T13:52:43+00:00\",\"dateModified\":\"2022-06-13T13:54:19+00:00\",\"author\":{\"@id\":\"https:\/\/sinditextilsp.org.br\/home\/#\/schema\/person\/f2652ee75ed0db87c6a4c63cfba51dd9\"},\"breadcrumb\":{\"@id\":\"https:\/\/sinditextilsp.org.br\/home\/2022\/06\/santista-jeanswear-apresenta-conceito-de-eco-laundry-em-nova-colecao\/#breadcrumb\"},\"inLanguage\":\"pt-BR\",\"potentialAction\":[{\"@type\":\"ReadAction\",\"target\":[\"https:\/\/sinditextilsp.org.br\/home\/2022\/06\/santista-jeanswear-apresenta-conceito-de-eco-laundry-em-nova-colecao\/\"]}]},{\"@type\":\"ImageObject\",\"inLanguage\":\"pt-BR\",\"@id\":\"https:\/\/sinditextilsp.org.br\/home\/2022\/06\/santista-jeanswear-apresenta-conceito-de-eco-laundry-em-nova-colecao\/#primaryimage\",\"url\":\"https:\/\/sinditextilsp.org.br\/home\/wp-content\/uploads\/2022\/06\/N2_santista-c-22.jpg\",\"contentUrl\":\"https:\/\/sinditextilsp.org.br\/home\/wp-content\/uploads\/2022\/06\/N2_santista-c-22.jpg\",\"width\":591,\"height\":886},{\"@type\":\"BreadcrumbList\",\"@id\":\"https:\/\/sinditextilsp.org.br\/home\/2022\/06\/santista-jeanswear-apresenta-conceito-de-eco-laundry-em-nova-colecao\/#breadcrumb\",\"itemListElement\":[{\"@type\":\"ListItem\",\"position\":1,\"name\":\"In\u00edcio\",\"item\":\"https:\/\/sinditextilsp.org.br\/home\/\"},{\"@type\":\"ListItem\",\"position\":2,\"name\":\"Santista Jeanswear apresenta conceito de Eco Laundry em nova cole\u00e7\u00e3o\"}]},{\"@type\":\"WebSite\",\"@id\":\"https:\/\/sinditextilsp.org.br\/home\/#website\",\"url\":\"https:\/\/sinditextilsp.org.br\/home\/\",\"name\":\"Sindit\u00eaxtil-SP\",\"description\":\"Sindicato T\u00eaxtil de S\u00e3o Paulo\",\"potentialAction\":[{\"@type\":\"SearchAction\",\"target\":{\"@type\":\"EntryPoint\",\"urlTemplate\":\"https:\/\/sinditextilsp.org.br\/home\/?s={search_term_string}\"},\"query-input\":\"required name=search_term_string\"}],\"inLanguage\":\"pt-BR\"},{\"@type\":\"Person\",\"@id\":\"https:\/\/sinditextilsp.org.br\/home\/#\/schema\/person\/f2652ee75ed0db87c6a4c63cfba51dd9\",\"name\":\"Roberto Lima\",\"image\":{\"@type\":\"ImageObject\",\"inLanguage\":\"pt-BR\",\"@id\":\"https:\/\/sinditextilsp.org.br\/home\/#\/schema\/person\/image\/\",\"url\":\"https:\/\/secure.gravatar.com\/avatar\/e5e9ded7ca9297005415a6263122555b6a112c409111396e3416a952302fb1bf?s=96&d=mm&r=g\",\"contentUrl\":\"https:\/\/secure.gravatar.com\/avatar\/e5e9ded7ca9297005415a6263122555b6a112c409111396e3416a952302fb1bf?s=96&d=mm&r=g\",\"caption\":\"Roberto Lima\"},\"url\":\"https:\/\/sinditextilsp.org.br\/home\/author\/roberto-lima\/\"}]}<\/script>\n<!-- \/ Yoast SEO plugin. -->","yoast_head_json":{"title":"Santista Jeanswear apresenta conceito de Eco Laundry em nova cole\u00e7\u00e3o - Sindit\u00eaxtil-SP","robots":{"index":"index","follow":"follow","max-snippet":"max-snippet:-1","max-image-preview":"max-image-preview:large","max-video-preview":"max-video-preview:-1"},"canonical":"https:\/\/sinditextilsp.org.br\/home\/2022\/06\/santista-jeanswear-apresenta-conceito-de-eco-laundry-em-nova-colecao\/","og_locale":"pt_BR","og_type":"article","og_title":"Santista Jeanswear apresenta conceito de Eco Laundry em nova cole\u00e7\u00e3o - Sindit\u00eaxtil-SP","og_description":"A Santista Jeanswear, marca refer\u00eancia em denim na Am\u00e9rica Latina, apresentou sua marca registrada, a sustentabilidade, que est\u00e1 ainda mais presente nos artigos da cole\u00e7\u00e3o Inverno 2023, apresentado no Denim City SP,\u00a0 em maio. Com o objetivo de mensurar e trazer transpar\u00eancia com responsabilidade para toda a cadeia do denim, a Santista Jeanswear aliou seus [&hellip;]","og_url":"https:\/\/sinditextilsp.org.br\/home\/2022\/06\/santista-jeanswear-apresenta-conceito-de-eco-laundry-em-nova-colecao\/","og_site_name":"Sindit\u00eaxtil-SP","article_publisher":"https:\/\/www.facebook.com\/sinditextilsp","article_published_time":"2022-06-13T13:52:43+00:00","article_modified_time":"2022-06-13T13:54:19+00:00","og_image":[{"width":591,"height":886,"url":"https:\/\/sinditextilsp.org.br\/home\/wp-content\/uploads\/2022\/06\/N2_santista-c-22.jpg","type":"image\/jpeg"}],"author":"Roberto Lima","twitter_card":"summary_large_image","twitter_creator":"@SinditextilSP","twitter_site":"@SinditextilSP","twitter_misc":{"Escrito por":"Roberto Lima","Est. tempo de leitura":"2 minutos"},"schema":{"@context":"https:\/\/schema.org","@graph":[{"@type":"WebPage","@id":"https:\/\/sinditextilsp.org.br\/home\/2022\/06\/santista-jeanswear-apresenta-conceito-de-eco-laundry-em-nova-colecao\/","url":"https:\/\/sinditextilsp.org.br\/home\/2022\/06\/santista-jeanswear-apresenta-conceito-de-eco-laundry-em-nova-colecao\/","name":"Santista Jeanswear apresenta conceito de Eco Laundry em nova cole\u00e7\u00e3o - Sindit\u00eaxtil-SP","isPartOf":{"@id":"https:\/\/sinditextilsp.org.br\/home\/#website"},"primaryImageOfPage":{"@id":"https:\/\/sinditextilsp.org.br\/home\/2022\/06\/santista-jeanswear-apresenta-conceito-de-eco-laundry-em-nova-colecao\/#primaryimage"},"image":{"@id":"https:\/\/sinditextilsp.org.br\/home\/2022\/06\/santista-jeanswear-apresenta-conceito-de-eco-laundry-em-nova-colecao\/#primaryimage"},"thumbnailUrl":"https:\/\/sinditextilsp.org.br\/home\/wp-content\/uploads\/2022\/06\/N2_santista-c-22.jpg","datePublished":"2022-06-13T13:52:43+00:00","dateModified":"2022-06-13T13:54:19+00:00","author":{"@id":"https:\/\/sinditextilsp.org.br\/home\/#\/schema\/person\/f2652ee75ed0db87c6a4c63cfba51dd9"},"breadcrumb":{"@id":"https:\/\/sinditextilsp.org.br\/home\/2022\/06\/santista-jeanswear-apresenta-conceito-de-eco-laundry-em-nova-colecao\/#breadcrumb"},"inLanguage":"pt-BR","potentialAction":[{"@type":"ReadAction","target":["https:\/\/sinditextilsp.org.br\/home\/2022\/06\/santista-jeanswear-apresenta-conceito-de-eco-laundry-em-nova-colecao\/"]}]},{"@type":"ImageObject","inLanguage":"pt-BR","@id":"https:\/\/sinditextilsp.org.br\/home\/2022\/06\/santista-jeanswear-apresenta-conceito-de-eco-laundry-em-nova-colecao\/#primaryimage","url":"https:\/\/sinditextilsp.org.br\/home\/wp-content\/uploads\/2022\/06\/N2_santista-c-22.jpg","contentUrl":"https:\/\/sinditextilsp.org.br\/home\/wp-content\/uploads\/2022\/06\/N2_santista-c-22.jpg","width":591,"height":886},{"@type":"BreadcrumbList","@id":"https:\/\/sinditextilsp.org.br\/home\/2022\/06\/santista-jeanswear-apresenta-conceito-de-eco-laundry-em-nova-colecao\/#breadcrumb","itemListElement":[{"@type":"ListItem","position":1,"name":"In\u00edcio","item":"https:\/\/sinditextilsp.org.br\/home\/"},{"@type":"ListItem","position":2,"name":"Santista Jeanswear apresenta conceito de Eco Laundry em nova cole\u00e7\u00e3o"}]},{"@type":"WebSite","@id":"https:\/\/sinditextilsp.org.br\/home\/#website","url":"https:\/\/sinditextilsp.org.br\/home\/","name":"Sindit\u00eaxtil-SP","description":"Sindicato T\u00eaxtil de S\u00e3o Paulo","potentialAction":[{"@type":"SearchAction","target":{"@type":"EntryPoint","urlTemplate":"https:\/\/sinditextilsp.org.br\/home\/?s={search_term_string}"},"query-input":"required name=search_term_string"}],"inLanguage":"pt-BR"},{"@type":"Person","@id":"https:\/\/sinditextilsp.org.br\/home\/#\/schema\/person\/f2652ee75ed0db87c6a4c63cfba51dd9","name":"Roberto Lima","image":{"@type":"ImageObject","inLanguage":"pt-BR","@id":"https:\/\/sinditextilsp.org.br\/home\/#\/schema\/person\/image\/","url":"https:\/\/secure.gravatar.com\/avatar\/e5e9ded7ca9297005415a6263122555b6a112c409111396e3416a952302fb1bf?s=96&d=mm&r=g","contentUrl":"https:\/\/secure.gravatar.com\/avatar\/e5e9ded7ca9297005415a6263122555b6a112c409111396e3416a952302fb1bf?s=96&d=mm&r=g","caption":"Roberto Lima"},"url":"https:\/\/sinditextilsp.org.br\/home\/author\/roberto-lima\/"}]}},"_links":{"self":[{"href":"https:\/\/sinditextilsp.org.br\/home\/wp-json\/wp\/v2\/posts\/2321","targetHints":{"allow":["GET"]}}],"collection":[{"href":"https:\/\/sinditextilsp.org.br\/home\/wp-json\/wp\/v2\/posts"}],"about":[{"href":"https:\/\/sinditextilsp.org.br\/home\/wp-json\/wp\/v2\/types\/post"}],"author":[{"embeddable":true,"href":"https:\/\/sinditextilsp.org.br\/home\/wp-json\/wp\/v2\/users\/7"}],"replies":[{"embeddable":true,"href":"https:\/\/sinditextilsp.org.br\/home\/wp-json\/wp\/v2\/comments?post=2321"}],"version-history":[{"count":3,"href":"https:\/\/sinditextilsp.org.br\/home\/wp-json\/wp\/v2\/posts\/2321\/revisions"}],"predecessor-version":[{"id":2327,"href":"https:\/\/sinditextilsp.org.br\/home\/wp-json\/wp\/v2\/posts\/2321\/revisions\/2327"}],"wp:featuredmedia":[{"embeddable":true,"href":"https:\/\/sinditextilsp.org.br\/home\/wp-json\/wp\/v2\/media\/2324"}],"wp:attachment":[{"href":"https:\/\/sinditextilsp.org.br\/home\/wp-json\/wp\/v2\/media?parent=2321"}],"wp:term":[{"taxonomy":"category","embeddable":true,"href":"https:\/\/sinditextilsp.org.br\/home\/wp-json\/wp\/v2\/categories?post=2321"},{"taxonomy":"post_tag","embeddable":true,"href":"https:\/\/sinditextilsp.org.br\/home\/wp-json\/wp\/v2\/tags?post=2321"}],"curies":[{"name":"wp","href":"https:\/\/api.w.org\/{rel}","templated":true}]}}