{"id":3128,"date":"2023-01-12T17:36:45","date_gmt":"2023-01-12T19:36:45","guid":{"rendered":"https:\/\/sinditextilsp.org.br\/home\/?p=3128"},"modified":"2023-01-12T17:36:45","modified_gmt":"2023-01-12T19:36:45","slug":"novo-fundo-de-aval-para-eficiencia-energetica-deve-impulsionar-transicao-para-economia-de-baixo-carbono-nas-pequenas-industrias-atraves-do-desenvolve-sp","status":"publish","type":"post","link":"https:\/\/sinditextilsp.org.br\/home\/2023\/01\/novo-fundo-de-aval-para-eficiencia-energetica-deve-impulsionar-transicao-para-economia-de-baixo-carbono-nas-pequenas-industrias-atraves-do-desenvolve-sp\/","title":{"rendered":"Novo Fundo de Aval para Efici\u00eancia Energ\u00e9tica deve impulsionar transi\u00e7\u00e3o para economia de baixo carbono nas pequenas ind\u00fastrias atrav\u00e9s do Desenvolve SP"},"content":{"rendered":"<p>O Fundo de Aval para Desenvolvimento da Efici\u00eancia Energ\u00e9tica no Estado de S\u00e3o Paulo, lei aprovada pela Assembleia Legislativa de S\u00e3o Paulo (Alesp) no dia 21 e sancionada pelo governador Rodrigo Garcia nesta quarta-feira (27), deve impulsionar ainda mais o cr\u00e9dito para financiamento de projetos voltados \u00e0 moderniza\u00e7\u00e3o e redu\u00e7\u00e3o de emiss\u00f5es nas pequenas e m\u00e9dias ind\u00fastrias, al\u00e9m de facilitar a ado\u00e7\u00e3o de matrizes energ\u00e9ticas renov\u00e1veis. O\u00a0<span class=\"markt9kzif23t\" data-markjs=\"true\" data-ogac=\"\" data-ogab=\"\" data-ogsc=\"\" data-ogsb=\"\">Desenvolve<\/span> SP, a ag\u00eancia de fomento paulista, ser\u00e1 o respons\u00e1vel pela triagem de projetos e pelo desembolso de recursos aos empreendedores. Empresas e cooperativas poder\u00e3o financiar a compra e a instala\u00e7\u00e3o de equipamentos mais eficientes energeticamente e que reduzam a emiss\u00e3o de CO2.<\/p>\n<p>Com o novo Fundo de Aval para Desenvolvimento de Efici\u00eancia Energ\u00e9tica (FAEE), que ser\u00e1 usado exclusivamente para a melhoria do processo produtivo e de redu\u00e7\u00e3o de emiss\u00f5es, o acesso dos empreendedores ao cr\u00e9dito para essa adequa\u00e7\u00e3o se torna mais f\u00e1cil. \u201cO fundo nos permitir\u00e1 ampliar muito o suporte \u00e0s micro e pequenas empresas nesse processo de transi\u00e7\u00e3o para opera\u00e7\u00e3o mais eficiente, dando a elas n\u00e3o s\u00f3 a oportunidade de resgatar o seu pr\u00f3prio passivo de emiss\u00f5es como as coloca em um novo e melhor patamar de qualidade operacional e ambiental\u201d, avalia a presidente do\u00a0<span class=\"markt9kzif23t\" data-markjs=\"true\" data-ogac=\"\" data-ogab=\"\" data-ogsc=\"\" data-ogsb=\"\">Desenvolve<\/span> SP, Gabriela Chiste.<\/p>\n<p>As caracter\u00edsticas operacionais do fundo j\u00e1 est\u00e3o definidas. A alavancagem ser\u00e1 de oito vezes o saldo, com cobertura de at\u00e9 90% do valor financiado. Al\u00e9m disso, projetos com interven\u00e7\u00f5es t\u00e9rmicas ter\u00e3o condi\u00e7\u00f5es melhores, com 0,03% de taxa e prazo de 120 meses, j\u00e1 os outros projetos ter\u00e3o taxa de 0,1% e prazo de 60 meses.<\/p>\n<p>Al\u00e9m do novo fundo, a lei 641\/2022 tamb\u00e9m instituiu o Conselho Estadual de Orienta\u00e7\u00e3o de Efici\u00eancia Energ\u00e9tica, que deve orientar a cria\u00e7\u00e3o de pol\u00edticas p\u00fablicas no estado.<\/p>\n<p>A principal aplica\u00e7\u00e3o do Fundo de Aval se dar\u00e1 no \u00e2mbito do Programa Investimentos Transformadores em Efici\u00eancia Energ\u00e9tica na Ind\u00fastria (PotencializEE). O programa, no qual o\u00a0<span class=\"markt9kzif23t\" data-markjs=\"true\" data-ogac=\"\" data-ogab=\"\" data-ogsc=\"\" data-ogsb=\"\">Desenvolve<\/span>\u00a0SP \u00e9 um dos parceiros ao lado da Fiesp, Ciesp, Senai e outros, j\u00e1 est\u00e1 em funcionamento e deve permitir que as ind\u00fastrias paulistas modernizem seu parque industrial. Segundo dados do Potencializee, o maquin\u00e1rio industrial brasileiro tem, em m\u00e9dia, 17 anos de idade, responde por 32% do consumo final de energia e quase 9% das emiss\u00f5es de gases de efeito estufa no pa\u00eds. Cerca de 730 pequenas e m\u00e9dias empresas paulistas j\u00e1 est\u00e3o cadastradas no programa.<\/p>\n","protected":false},"excerpt":{"rendered":"<p>O Fundo de Aval para Desenvolvimento da Efici\u00eancia Energ\u00e9tica no Estado de S\u00e3o Paulo, lei aprovada pela Assembleia Legislativa de S\u00e3o Paulo (Alesp) no dia 21 e sancionada pelo governador Rodrigo Garcia nesta quarta-feira (27), deve impulsionar ainda mais o cr\u00e9dito para financiamento de projetos voltados \u00e0 moderniza\u00e7\u00e3o e redu\u00e7\u00e3o de emiss\u00f5es nas pequenas e [&hellip;]<\/p>\n","protected":false},"author":7,"featured_media":3129,"comment_status":"open","ping_status":"open","sticky":false,"template":"","format":"standard","meta":{"footnotes":""},"categories":[56,16],"tags":[351,271,369],"class_list":["post-3128","post","type-post","status-publish","format-standard","has-post-thumbnail","hentry","category-destaques","category-noticias","tag-desenvolve-sp","tag-eficiencia-energetica","tag-fundo-de-aval"],"yoast_head":"<!-- This site is optimized with the Yoast SEO plugin v22.8 - https:\/\/yoast.com\/wordpress\/plugins\/seo\/ -->\n<title>Novo Fundo de Aval para Efici\u00eancia Energ\u00e9tica deve impulsionar transi\u00e7\u00e3o para economia de baixo carbono nas pequenas ind\u00fastrias atrav\u00e9s do Desenvolve SP - Sindit\u00eaxtil-SP<\/title>\n<meta name=\"robots\" content=\"index, follow, max-snippet:-1, max-image-preview:large, max-video-preview:-1\" \/>\n<link rel=\"canonical\" href=\"https:\/\/sinditextilsp.org.br\/home\/2023\/01\/novo-fundo-de-aval-para-eficiencia-energetica-deve-impulsionar-transicao-para-economia-de-baixo-carbono-nas-pequenas-industrias-atraves-do-desenvolve-sp\/\" \/>\n<meta property=\"og:locale\" content=\"pt_BR\" \/>\n<meta property=\"og:type\" content=\"article\" \/>\n<meta property=\"og:title\" content=\"Novo Fundo de Aval para Efici\u00eancia Energ\u00e9tica deve impulsionar transi\u00e7\u00e3o para economia de baixo carbono nas pequenas ind\u00fastrias atrav\u00e9s do Desenvolve SP - Sindit\u00eaxtil-SP\" \/>\n<meta property=\"og:description\" content=\"O Fundo de Aval para Desenvolvimento da Efici\u00eancia Energ\u00e9tica no Estado de S\u00e3o Paulo, lei aprovada pela Assembleia Legislativa de S\u00e3o Paulo (Alesp) no dia 21 e sancionada pelo governador Rodrigo Garcia nesta quarta-feira (27), deve impulsionar ainda mais o cr\u00e9dito para financiamento de projetos voltados \u00e0 moderniza\u00e7\u00e3o e redu\u00e7\u00e3o de emiss\u00f5es nas pequenas e [&hellip;]\" \/>\n<meta property=\"og:url\" content=\"https:\/\/sinditextilsp.org.br\/home\/2023\/01\/novo-fundo-de-aval-para-eficiencia-energetica-deve-impulsionar-transicao-para-economia-de-baixo-carbono-nas-pequenas-industrias-atraves-do-desenvolve-sp\/\" \/>\n<meta property=\"og:site_name\" content=\"Sindit\u00eaxtil-SP\" \/>\n<meta property=\"article:publisher\" content=\"https:\/\/www.facebook.com\/sinditextilsp\" \/>\n<meta property=\"article:published_time\" content=\"2023-01-12T19:36:45+00:00\" \/>\n<meta property=\"og:image\" content=\"https:\/\/sinditextilsp.org.br\/home\/wp-content\/uploads\/2023\/01\/eficiencia-energetica.jpg\" \/>\n\t<meta property=\"og:image:width\" content=\"920\" \/>\n\t<meta property=\"og:image:height\" content=\"614\" \/>\n\t<meta property=\"og:image:type\" content=\"image\/jpeg\" \/>\n<meta name=\"author\" content=\"Roberto Lima\" \/>\n<meta name=\"twitter:card\" content=\"summary_large_image\" \/>\n<meta name=\"twitter:creator\" content=\"@SinditextilSP\" \/>\n<meta name=\"twitter:site\" content=\"@SinditextilSP\" \/>\n<meta name=\"twitter:label1\" content=\"Escrito por\" \/>\n\t<meta name=\"twitter:data1\" content=\"Roberto Lima\" \/>\n\t<meta name=\"twitter:label2\" content=\"Est. tempo de leitura\" \/>\n\t<meta name=\"twitter:data2\" content=\"2 minutos\" \/>\n<script type=\"application\/ld+json\" class=\"yoast-schema-graph\">{\"@context\":\"https:\/\/schema.org\",\"@graph\":[{\"@type\":\"WebPage\",\"@id\":\"https:\/\/sinditextilsp.org.br\/home\/2023\/01\/novo-fundo-de-aval-para-eficiencia-energetica-deve-impulsionar-transicao-para-economia-de-baixo-carbono-nas-pequenas-industrias-atraves-do-desenvolve-sp\/\",\"url\":\"https:\/\/sinditextilsp.org.br\/home\/2023\/01\/novo-fundo-de-aval-para-eficiencia-energetica-deve-impulsionar-transicao-para-economia-de-baixo-carbono-nas-pequenas-industrias-atraves-do-desenvolve-sp\/\",\"name\":\"Novo Fundo de Aval para Efici\u00eancia Energ\u00e9tica deve impulsionar transi\u00e7\u00e3o para economia de baixo carbono nas pequenas ind\u00fastrias atrav\u00e9s do Desenvolve SP - Sindit\u00eaxtil-SP\",\"isPartOf\":{\"@id\":\"https:\/\/sinditextilsp.org.br\/home\/#website\"},\"primaryImageOfPage\":{\"@id\":\"https:\/\/sinditextilsp.org.br\/home\/2023\/01\/novo-fundo-de-aval-para-eficiencia-energetica-deve-impulsionar-transicao-para-economia-de-baixo-carbono-nas-pequenas-industrias-atraves-do-desenvolve-sp\/#primaryimage\"},\"image\":{\"@id\":\"https:\/\/sinditextilsp.org.br\/home\/2023\/01\/novo-fundo-de-aval-para-eficiencia-energetica-deve-impulsionar-transicao-para-economia-de-baixo-carbono-nas-pequenas-industrias-atraves-do-desenvolve-sp\/#primaryimage\"},\"thumbnailUrl\":\"https:\/\/sinditextilsp.org.br\/home\/wp-content\/uploads\/2023\/01\/eficiencia-energetica.jpg\",\"datePublished\":\"2023-01-12T19:36:45+00:00\",\"dateModified\":\"2023-01-12T19:36:45+00:00\",\"author\":{\"@id\":\"https:\/\/sinditextilsp.org.br\/home\/#\/schema\/person\/f2652ee75ed0db87c6a4c63cfba51dd9\"},\"breadcrumb\":{\"@id\":\"https:\/\/sinditextilsp.org.br\/home\/2023\/01\/novo-fundo-de-aval-para-eficiencia-energetica-deve-impulsionar-transicao-para-economia-de-baixo-carbono-nas-pequenas-industrias-atraves-do-desenvolve-sp\/#breadcrumb\"},\"inLanguage\":\"pt-BR\",\"potentialAction\":[{\"@type\":\"ReadAction\",\"target\":[\"https:\/\/sinditextilsp.org.br\/home\/2023\/01\/novo-fundo-de-aval-para-eficiencia-energetica-deve-impulsionar-transicao-para-economia-de-baixo-carbono-nas-pequenas-industrias-atraves-do-desenvolve-sp\/\"]}]},{\"@type\":\"ImageObject\",\"inLanguage\":\"pt-BR\",\"@id\":\"https:\/\/sinditextilsp.org.br\/home\/2023\/01\/novo-fundo-de-aval-para-eficiencia-energetica-deve-impulsionar-transicao-para-economia-de-baixo-carbono-nas-pequenas-industrias-atraves-do-desenvolve-sp\/#primaryimage\",\"url\":\"https:\/\/sinditextilsp.org.br\/home\/wp-content\/uploads\/2023\/01\/eficiencia-energetica.jpg\",\"contentUrl\":\"https:\/\/sinditextilsp.org.br\/home\/wp-content\/uploads\/2023\/01\/eficiencia-energetica.jpg\",\"width\":920,\"height\":614,\"caption\":\"Concept of energy efficient light bulb\"},{\"@type\":\"BreadcrumbList\",\"@id\":\"https:\/\/sinditextilsp.org.br\/home\/2023\/01\/novo-fundo-de-aval-para-eficiencia-energetica-deve-impulsionar-transicao-para-economia-de-baixo-carbono-nas-pequenas-industrias-atraves-do-desenvolve-sp\/#breadcrumb\",\"itemListElement\":[{\"@type\":\"ListItem\",\"position\":1,\"name\":\"In\u00edcio\",\"item\":\"https:\/\/sinditextilsp.org.br\/home\/\"},{\"@type\":\"ListItem\",\"position\":2,\"name\":\"Novo Fundo de Aval para Efici\u00eancia Energ\u00e9tica deve impulsionar transi\u00e7\u00e3o para economia de baixo carbono nas pequenas ind\u00fastrias atrav\u00e9s do Desenvolve SP\"}]},{\"@type\":\"WebSite\",\"@id\":\"https:\/\/sinditextilsp.org.br\/home\/#website\",\"url\":\"https:\/\/sinditextilsp.org.br\/home\/\",\"name\":\"Sindit\u00eaxtil-SP\",\"description\":\"Sindicato T\u00eaxtil de S\u00e3o Paulo\",\"potentialAction\":[{\"@type\":\"SearchAction\",\"target\":{\"@type\":\"EntryPoint\",\"urlTemplate\":\"https:\/\/sinditextilsp.org.br\/home\/?s={search_term_string}\"},\"query-input\":\"required name=search_term_string\"}],\"inLanguage\":\"pt-BR\"},{\"@type\":\"Person\",\"@id\":\"https:\/\/sinditextilsp.org.br\/home\/#\/schema\/person\/f2652ee75ed0db87c6a4c63cfba51dd9\",\"name\":\"Roberto Lima\",\"image\":{\"@type\":\"ImageObject\",\"inLanguage\":\"pt-BR\",\"@id\":\"https:\/\/sinditextilsp.org.br\/home\/#\/schema\/person\/image\/\",\"url\":\"https:\/\/secure.gravatar.com\/avatar\/e5e9ded7ca9297005415a6263122555b6a112c409111396e3416a952302fb1bf?s=96&d=mm&r=g\",\"contentUrl\":\"https:\/\/secure.gravatar.com\/avatar\/e5e9ded7ca9297005415a6263122555b6a112c409111396e3416a952302fb1bf?s=96&d=mm&r=g\",\"caption\":\"Roberto Lima\"},\"url\":\"https:\/\/sinditextilsp.org.br\/home\/author\/roberto-lima\/\"}]}<\/script>\n<!-- \/ Yoast SEO plugin. -->","yoast_head_json":{"title":"Novo Fundo de Aval para Efici\u00eancia Energ\u00e9tica deve impulsionar transi\u00e7\u00e3o para economia de baixo carbono nas pequenas ind\u00fastrias atrav\u00e9s do Desenvolve SP - Sindit\u00eaxtil-SP","robots":{"index":"index","follow":"follow","max-snippet":"max-snippet:-1","max-image-preview":"max-image-preview:large","max-video-preview":"max-video-preview:-1"},"canonical":"https:\/\/sinditextilsp.org.br\/home\/2023\/01\/novo-fundo-de-aval-para-eficiencia-energetica-deve-impulsionar-transicao-para-economia-de-baixo-carbono-nas-pequenas-industrias-atraves-do-desenvolve-sp\/","og_locale":"pt_BR","og_type":"article","og_title":"Novo Fundo de Aval para Efici\u00eancia Energ\u00e9tica deve impulsionar transi\u00e7\u00e3o para economia de baixo carbono nas pequenas ind\u00fastrias atrav\u00e9s do Desenvolve SP - Sindit\u00eaxtil-SP","og_description":"O Fundo de Aval para Desenvolvimento da Efici\u00eancia Energ\u00e9tica no Estado de S\u00e3o Paulo, lei aprovada pela Assembleia Legislativa de S\u00e3o Paulo (Alesp) no dia 21 e sancionada pelo governador Rodrigo Garcia nesta quarta-feira (27), deve impulsionar ainda mais o cr\u00e9dito para financiamento de projetos voltados \u00e0 moderniza\u00e7\u00e3o e redu\u00e7\u00e3o de emiss\u00f5es nas pequenas e [&hellip;]","og_url":"https:\/\/sinditextilsp.org.br\/home\/2023\/01\/novo-fundo-de-aval-para-eficiencia-energetica-deve-impulsionar-transicao-para-economia-de-baixo-carbono-nas-pequenas-industrias-atraves-do-desenvolve-sp\/","og_site_name":"Sindit\u00eaxtil-SP","article_publisher":"https:\/\/www.facebook.com\/sinditextilsp","article_published_time":"2023-01-12T19:36:45+00:00","og_image":[{"width":920,"height":614,"url":"https:\/\/sinditextilsp.org.br\/home\/wp-content\/uploads\/2023\/01\/eficiencia-energetica.jpg","type":"image\/jpeg"}],"author":"Roberto Lima","twitter_card":"summary_large_image","twitter_creator":"@SinditextilSP","twitter_site":"@SinditextilSP","twitter_misc":{"Escrito por":"Roberto Lima","Est. tempo de leitura":"2 minutos"},"schema":{"@context":"https:\/\/schema.org","@graph":[{"@type":"WebPage","@id":"https:\/\/sinditextilsp.org.br\/home\/2023\/01\/novo-fundo-de-aval-para-eficiencia-energetica-deve-impulsionar-transicao-para-economia-de-baixo-carbono-nas-pequenas-industrias-atraves-do-desenvolve-sp\/","url":"https:\/\/sinditextilsp.org.br\/home\/2023\/01\/novo-fundo-de-aval-para-eficiencia-energetica-deve-impulsionar-transicao-para-economia-de-baixo-carbono-nas-pequenas-industrias-atraves-do-desenvolve-sp\/","name":"Novo Fundo de Aval para Efici\u00eancia Energ\u00e9tica deve impulsionar transi\u00e7\u00e3o para economia de baixo carbono nas pequenas ind\u00fastrias atrav\u00e9s do Desenvolve SP - Sindit\u00eaxtil-SP","isPartOf":{"@id":"https:\/\/sinditextilsp.org.br\/home\/#website"},"primaryImageOfPage":{"@id":"https:\/\/sinditextilsp.org.br\/home\/2023\/01\/novo-fundo-de-aval-para-eficiencia-energetica-deve-impulsionar-transicao-para-economia-de-baixo-carbono-nas-pequenas-industrias-atraves-do-desenvolve-sp\/#primaryimage"},"image":{"@id":"https:\/\/sinditextilsp.org.br\/home\/2023\/01\/novo-fundo-de-aval-para-eficiencia-energetica-deve-impulsionar-transicao-para-economia-de-baixo-carbono-nas-pequenas-industrias-atraves-do-desenvolve-sp\/#primaryimage"},"thumbnailUrl":"https:\/\/sinditextilsp.org.br\/home\/wp-content\/uploads\/2023\/01\/eficiencia-energetica.jpg","datePublished":"2023-01-12T19:36:45+00:00","dateModified":"2023-01-12T19:36:45+00:00","author":{"@id":"https:\/\/sinditextilsp.org.br\/home\/#\/schema\/person\/f2652ee75ed0db87c6a4c63cfba51dd9"},"breadcrumb":{"@id":"https:\/\/sinditextilsp.org.br\/home\/2023\/01\/novo-fundo-de-aval-para-eficiencia-energetica-deve-impulsionar-transicao-para-economia-de-baixo-carbono-nas-pequenas-industrias-atraves-do-desenvolve-sp\/#breadcrumb"},"inLanguage":"pt-BR","potentialAction":[{"@type":"ReadAction","target":["https:\/\/sinditextilsp.org.br\/home\/2023\/01\/novo-fundo-de-aval-para-eficiencia-energetica-deve-impulsionar-transicao-para-economia-de-baixo-carbono-nas-pequenas-industrias-atraves-do-desenvolve-sp\/"]}]},{"@type":"ImageObject","inLanguage":"pt-BR","@id":"https:\/\/sinditextilsp.org.br\/home\/2023\/01\/novo-fundo-de-aval-para-eficiencia-energetica-deve-impulsionar-transicao-para-economia-de-baixo-carbono-nas-pequenas-industrias-atraves-do-desenvolve-sp\/#primaryimage","url":"https:\/\/sinditextilsp.org.br\/home\/wp-content\/uploads\/2023\/01\/eficiencia-energetica.jpg","contentUrl":"https:\/\/sinditextilsp.org.br\/home\/wp-content\/uploads\/2023\/01\/eficiencia-energetica.jpg","width":920,"height":614,"caption":"Concept of energy efficient light bulb"},{"@type":"BreadcrumbList","@id":"https:\/\/sinditextilsp.org.br\/home\/2023\/01\/novo-fundo-de-aval-para-eficiencia-energetica-deve-impulsionar-transicao-para-economia-de-baixo-carbono-nas-pequenas-industrias-atraves-do-desenvolve-sp\/#breadcrumb","itemListElement":[{"@type":"ListItem","position":1,"name":"In\u00edcio","item":"https:\/\/sinditextilsp.org.br\/home\/"},{"@type":"ListItem","position":2,"name":"Novo Fundo de Aval para Efici\u00eancia Energ\u00e9tica deve impulsionar transi\u00e7\u00e3o para economia de baixo carbono nas pequenas ind\u00fastrias atrav\u00e9s do Desenvolve SP"}]},{"@type":"WebSite","@id":"https:\/\/sinditextilsp.org.br\/home\/#website","url":"https:\/\/sinditextilsp.org.br\/home\/","name":"Sindit\u00eaxtil-SP","description":"Sindicato T\u00eaxtil de S\u00e3o Paulo","potentialAction":[{"@type":"SearchAction","target":{"@type":"EntryPoint","urlTemplate":"https:\/\/sinditextilsp.org.br\/home\/?s={search_term_string}"},"query-input":"required name=search_term_string"}],"inLanguage":"pt-BR"},{"@type":"Person","@id":"https:\/\/sinditextilsp.org.br\/home\/#\/schema\/person\/f2652ee75ed0db87c6a4c63cfba51dd9","name":"Roberto Lima","image":{"@type":"ImageObject","inLanguage":"pt-BR","@id":"https:\/\/sinditextilsp.org.br\/home\/#\/schema\/person\/image\/","url":"https:\/\/secure.gravatar.com\/avatar\/e5e9ded7ca9297005415a6263122555b6a112c409111396e3416a952302fb1bf?s=96&d=mm&r=g","contentUrl":"https:\/\/secure.gravatar.com\/avatar\/e5e9ded7ca9297005415a6263122555b6a112c409111396e3416a952302fb1bf?s=96&d=mm&r=g","caption":"Roberto Lima"},"url":"https:\/\/sinditextilsp.org.br\/home\/author\/roberto-lima\/"}]}},"_links":{"self":[{"href":"https:\/\/sinditextilsp.org.br\/home\/wp-json\/wp\/v2\/posts\/3128","targetHints":{"allow":["GET"]}}],"collection":[{"href":"https:\/\/sinditextilsp.org.br\/home\/wp-json\/wp\/v2\/posts"}],"about":[{"href":"https:\/\/sinditextilsp.org.br\/home\/wp-json\/wp\/v2\/types\/post"}],"author":[{"embeddable":true,"href":"https:\/\/sinditextilsp.org.br\/home\/wp-json\/wp\/v2\/users\/7"}],"replies":[{"embeddable":true,"href":"https:\/\/sinditextilsp.org.br\/home\/wp-json\/wp\/v2\/comments?post=3128"}],"version-history":[{"count":1,"href":"https:\/\/sinditextilsp.org.br\/home\/wp-json\/wp\/v2\/posts\/3128\/revisions"}],"predecessor-version":[{"id":3130,"href":"https:\/\/sinditextilsp.org.br\/home\/wp-json\/wp\/v2\/posts\/3128\/revisions\/3130"}],"wp:featuredmedia":[{"embeddable":true,"href":"https:\/\/sinditextilsp.org.br\/home\/wp-json\/wp\/v2\/media\/3129"}],"wp:attachment":[{"href":"https:\/\/sinditextilsp.org.br\/home\/wp-json\/wp\/v2\/media?parent=3128"}],"wp:term":[{"taxonomy":"category","embeddable":true,"href":"https:\/\/sinditextilsp.org.br\/home\/wp-json\/wp\/v2\/categories?post=3128"},{"taxonomy":"post_tag","embeddable":true,"href":"https:\/\/sinditextilsp.org.br\/home\/wp-json\/wp\/v2\/tags?post=3128"}],"curies":[{"name":"wp","href":"https:\/\/api.w.org\/{rel}","templated":true}]}}