{"id":3393,"date":"2023-03-09T08:38:08","date_gmt":"2023-03-09T11:38:08","guid":{"rendered":"https:\/\/sinditextilsp.org.br\/home\/?p=3393"},"modified":"2023-03-15T16:59:43","modified_gmt":"2023-03-15T19:59:43","slug":"sustentabilidade-consolida-importancia","status":"publish","type":"post","link":"https:\/\/sinditextilsp.org.br\/home\/2023\/03\/sustentabilidade-consolida-importancia\/","title":{"rendered":"Sustentabilidade consolida import\u00e2ncia"},"content":{"rendered":"<p>Realizado com uma amostra de 7.000 pessoas em cinco pa\u00edses \u2013 Fran\u00e7a, Reino Unido, It\u00e1lia, Alemanha e EUA \u2013, o estudo realizado pela\u00a0<a href=\"https:\/\/www.portugaltextil.com\/premiere-vision-reforcada-em-fevereiro\/\">Premi\u00e8re Vision<\/a>\u00a0e o Institut Fran\u00e7ais de la Mode (IFM) procurou entender os padr\u00f5es de consumo, as expectativas e tamb\u00e9m o n\u00edvel de consci\u00eancia dos consumidores em rela\u00e7\u00e3o \u00e0 sustentabilidade ambiental na ind\u00fastria da moda.<\/p>\n<p>Liderado por Gildas Minvielle, diretor do Observat\u00f3rio Econ\u00f3mico do IFM, o trabalho ilustra sobretudo a solidez de um mercado que n\u00e3o pode ser ignorado, destaca a Premi\u00e8re Vision.<\/p>\n<p>Prova disso \u00e9 que, de acordo com os dados dos inqu\u00e9ritos, as compras de vestu\u00e1rio pautado pela sustentabilidade ambiental representam agora um ter\u00e7o do or\u00e7amento dos consumidores, sendo que dois em cada tr\u00eas declararam ter comprado pelo menos um artigo de moda com esse tipo de preocupa\u00e7\u00e3o no ano anterior. E 90,5 % dos inquiridos pretendem mudar a forma como compram roupa num futuro pr\u00f3ximo.<\/p>\n<p><strong>Pre\u00e7o ainda domina &#8211;\u00a0<\/strong>O movimento n\u00e3o alterou a tr\u00edade bem estabelecida de crit\u00e9rios para a escolha de uma pe\u00e7a de vestu\u00e1rio: pre\u00e7o, conforto e qualidade. Em 2022, o pre\u00e7o est\u00e1 em primeiro lugar, logo \u00e0 frente da qualidade para os europeus e do conforto para os americanos.<\/p>\n<p>Nos pr\u00f3ximos meses, parece evidente que o principal entrave ser\u00e1 o pre\u00e7o. \u00abCom o regresso da infla\u00e7\u00e3o e os or\u00e7amentos das fam\u00edlias cada vez mais apertados (com a subida dos pre\u00e7os dos combust\u00edveis e dos alimentos), a decis\u00e3o de comprar roupa pode tornar-se mais complexa\u00bb, afirma Gildas Minvielle. Isso \u00e9 verdade independentemente de o vestu\u00e1rio primar ou n\u00e3o pela sustentabilidade ambiental.<\/p>\n<p>Em tr\u00eas dos cinco pa\u00edses, nomeadamente na Alemanha, no Reino Unido e em It\u00e1lia, os materiais utilizados s\u00e3o vistos como a principal alavanca para uma ind\u00fastria da moda mais respons\u00e1vel. As mat\u00e9rias-primas surgem, assim, como uma considera\u00e7\u00e3o fundamental para os consumidores, que notam outra dimens\u00e3o que ganhou for\u00e7a nos \u00faltimos meses: o local de produ\u00e7\u00e3o, o conhecido \u201cmade in\u201d. Em dois dos pa\u00edses analisados, uma pe\u00e7a de roupa ecologicamente respons\u00e1vel \u00e9, antes de tudo, uma pe\u00e7a produzida localmente, segundo 33,4% dos franceses e 42,6% dos americanos.<\/p>\n<p>Em rela\u00e7\u00e3o \u00e0s marcas que os consumidores acreditam ter provas dadas ao n\u00edvel da sustentabilidade ambiental, as respostas nos cinco pa\u00edses inquiridos s\u00e3o muito homog\u00e9neas. Multinacionais conhecidas \u2013 em particular, de equipamentos de desporto e cadeias de fast fashion \u2013 est\u00e3o entre as 5 principais marcas referidas como ecologicamente respons\u00e1veis. Al\u00e9m de algumas marcas nacionais, o grande p\u00fablico cita espontaneamente os nomes maiores.<\/p>\n<p>\u00abA prioridade dada ao desenvolvimento sustent\u00e1vel na sua comunica\u00e7\u00e3o ao longo dos \u00faltimos anos parece ter sido frut\u00edfera\u00bb, reconhece o respons\u00e1vel pelo Observat\u00f3rio Econ\u00f3mico do IFM.<\/p>\n<p><strong>O dom\u00ednio dos materiais &#8211;<\/strong>\u00a0A rela\u00e7\u00e3o dos consumidores com diversos materiais resulta de uma constante luta de poder entre conhecimento e perce\u00e7\u00e3o. De um lado est\u00e3o os materiais sint\u00e9ticos: o discurso \u00e9 repetido h\u00e1 muito tempo e, portanto, o p\u00fablico est\u00e1 bem informado. Entre os materiais citados como nocivos ao meio ambiente, o poli\u00e9ster, o acr\u00edlico e a poliamida surgem nos primeiros lugares. Outros materiais, como o algod\u00e3o, apesar da agricultura intensiva que implica, continuam a transmitir uma forte carga simb\u00f3lica ligada \u00e0 inf\u00e2ncia e \u00e0 suavidade.<\/p>\n<p>Entre as outras mat\u00e9rias-primas, o linho e a l\u00e3 s\u00e3o os preferidos, alternadamente classificados nas primeiras posi\u00e7\u00f5es nos cinco pa\u00edses estudados, \u00e0 frente da seda por uma pequena margem.<\/p>\n<p>Por \u00faltimo, no que concerne os novos materiais org\u00e2nicos, reciclados ou \u00e0 base de plantas, o estudo Premi\u00e8re Vision x IFM mostra que apenas especialistas conhecem estas mat\u00e9rias-primas e que \u00e9 particularmente urgente apresent\u00e1-las ao p\u00fablico em geral, que anseia por este tipo de inova\u00e7\u00e3o. Por exemplo, apenas 5,2% dos inquiridos franceses e 3,7% dos alem\u00e3es conhecem materiais derivados de res\u00edduos agr\u00edcolas.<\/p>\n<p>Ainda mais impressionante para materiais t\u00e3o promissores, os biopol\u00edmeros s\u00e3o conhecidos por muito poucas pessoas nos cinco pa\u00edses analisados.<\/p>\n<p>Com informa\u00e7\u00f5es do Portugal T\u00eaxtil<\/p>\n","protected":false},"excerpt":{"rendered":"<p>Realizado com uma amostra de 7.000 pessoas em cinco pa\u00edses \u2013 Fran\u00e7a, Reino Unido, It\u00e1lia, Alemanha e EUA \u2013, o estudo realizado pela\u00a0Premi\u00e8re Vision\u00a0e o Institut Fran\u00e7ais de la Mode (IFM) procurou entender os padr\u00f5es de consumo, as expectativas e tamb\u00e9m o n\u00edvel de consci\u00eancia dos consumidores em rela\u00e7\u00e3o \u00e0 sustentabilidade ambiental na ind\u00fastria da [&hellip;]<\/p>\n","protected":false},"author":7,"featured_media":3394,"comment_status":"open","ping_status":"open","sticky":false,"template":"","format":"standard","meta":{"footnotes":""},"categories":[16,98],"tags":[116],"class_list":["post-3393","post","type-post","status-publish","format-standard","has-post-thumbnail","hentry","category-noticias","category-tendencias-de-mercado","tag-sustentabilidade"],"yoast_head":"<!-- This site is optimized with the Yoast SEO plugin v22.8 - https:\/\/yoast.com\/wordpress\/plugins\/seo\/ -->\n<title>Sustentabilidade consolida import\u00e2ncia - Sindit\u00eaxtil-SP<\/title>\n<meta name=\"robots\" content=\"index, follow, max-snippet:-1, max-image-preview:large, max-video-preview:-1\" \/>\n<link rel=\"canonical\" href=\"https:\/\/sinditextilsp.org.br\/home\/2023\/03\/sustentabilidade-consolida-importancia\/\" \/>\n<meta property=\"og:locale\" content=\"pt_BR\" \/>\n<meta property=\"og:type\" content=\"article\" \/>\n<meta property=\"og:title\" content=\"Sustentabilidade consolida import\u00e2ncia - Sindit\u00eaxtil-SP\" \/>\n<meta property=\"og:description\" content=\"Realizado com uma amostra de 7.000 pessoas em cinco pa\u00edses \u2013 Fran\u00e7a, Reino Unido, It\u00e1lia, Alemanha e EUA \u2013, o estudo realizado pela\u00a0Premi\u00e8re Vision\u00a0e o Institut Fran\u00e7ais de la Mode (IFM) procurou entender os padr\u00f5es de consumo, as expectativas e tamb\u00e9m o n\u00edvel de consci\u00eancia dos consumidores em rela\u00e7\u00e3o \u00e0 sustentabilidade ambiental na ind\u00fastria da [&hellip;]\" \/>\n<meta property=\"og:url\" content=\"https:\/\/sinditextilsp.org.br\/home\/2023\/03\/sustentabilidade-consolida-importancia\/\" \/>\n<meta property=\"og:site_name\" content=\"Sindit\u00eaxtil-SP\" \/>\n<meta property=\"article:publisher\" content=\"https:\/\/www.facebook.com\/sinditextilsp\" \/>\n<meta property=\"article:published_time\" content=\"2023-03-09T11:38:08+00:00\" \/>\n<meta property=\"article:modified_time\" content=\"2023-03-15T19:59:43+00:00\" \/>\n<meta property=\"og:image\" content=\"https:\/\/sinditextilsp.org.br\/home\/wp-content\/uploads\/2023\/03\/tecidos-pv.jpg\" \/>\n\t<meta property=\"og:image:width\" content=\"537\" \/>\n\t<meta property=\"og:image:height\" content=\"360\" \/>\n\t<meta property=\"og:image:type\" content=\"image\/jpeg\" \/>\n<meta name=\"author\" content=\"Roberto Lima\" \/>\n<meta name=\"twitter:card\" content=\"summary_large_image\" \/>\n<meta name=\"twitter:creator\" content=\"@SinditextilSP\" \/>\n<meta name=\"twitter:site\" content=\"@SinditextilSP\" \/>\n<meta name=\"twitter:label1\" content=\"Escrito por\" \/>\n\t<meta name=\"twitter:data1\" content=\"Roberto Lima\" \/>\n\t<meta name=\"twitter:label2\" content=\"Est. tempo de leitura\" \/>\n\t<meta name=\"twitter:data2\" content=\"3 minutos\" \/>\n<script type=\"application\/ld+json\" class=\"yoast-schema-graph\">{\"@context\":\"https:\/\/schema.org\",\"@graph\":[{\"@type\":\"WebPage\",\"@id\":\"https:\/\/sinditextilsp.org.br\/home\/2023\/03\/sustentabilidade-consolida-importancia\/\",\"url\":\"https:\/\/sinditextilsp.org.br\/home\/2023\/03\/sustentabilidade-consolida-importancia\/\",\"name\":\"Sustentabilidade consolida import\u00e2ncia - Sindit\u00eaxtil-SP\",\"isPartOf\":{\"@id\":\"https:\/\/sinditextilsp.org.br\/home\/#website\"},\"primaryImageOfPage\":{\"@id\":\"https:\/\/sinditextilsp.org.br\/home\/2023\/03\/sustentabilidade-consolida-importancia\/#primaryimage\"},\"image\":{\"@id\":\"https:\/\/sinditextilsp.org.br\/home\/2023\/03\/sustentabilidade-consolida-importancia\/#primaryimage\"},\"thumbnailUrl\":\"https:\/\/sinditextilsp.org.br\/home\/wp-content\/uploads\/2023\/03\/tecidos-pv.jpg\",\"datePublished\":\"2023-03-09T11:38:08+00:00\",\"dateModified\":\"2023-03-15T19:59:43+00:00\",\"author\":{\"@id\":\"https:\/\/sinditextilsp.org.br\/home\/#\/schema\/person\/f2652ee75ed0db87c6a4c63cfba51dd9\"},\"breadcrumb\":{\"@id\":\"https:\/\/sinditextilsp.org.br\/home\/2023\/03\/sustentabilidade-consolida-importancia\/#breadcrumb\"},\"inLanguage\":\"pt-BR\",\"potentialAction\":[{\"@type\":\"ReadAction\",\"target\":[\"https:\/\/sinditextilsp.org.br\/home\/2023\/03\/sustentabilidade-consolida-importancia\/\"]}]},{\"@type\":\"ImageObject\",\"inLanguage\":\"pt-BR\",\"@id\":\"https:\/\/sinditextilsp.org.br\/home\/2023\/03\/sustentabilidade-consolida-importancia\/#primaryimage\",\"url\":\"https:\/\/sinditextilsp.org.br\/home\/wp-content\/uploads\/2023\/03\/tecidos-pv.jpg\",\"contentUrl\":\"https:\/\/sinditextilsp.org.br\/home\/wp-content\/uploads\/2023\/03\/tecidos-pv.jpg\",\"width\":537,\"height\":360},{\"@type\":\"BreadcrumbList\",\"@id\":\"https:\/\/sinditextilsp.org.br\/home\/2023\/03\/sustentabilidade-consolida-importancia\/#breadcrumb\",\"itemListElement\":[{\"@type\":\"ListItem\",\"position\":1,\"name\":\"In\u00edcio\",\"item\":\"https:\/\/sinditextilsp.org.br\/home\/\"},{\"@type\":\"ListItem\",\"position\":2,\"name\":\"Sustentabilidade consolida import\u00e2ncia\"}]},{\"@type\":\"WebSite\",\"@id\":\"https:\/\/sinditextilsp.org.br\/home\/#website\",\"url\":\"https:\/\/sinditextilsp.org.br\/home\/\",\"name\":\"Sindit\u00eaxtil-SP\",\"description\":\"Sindicato T\u00eaxtil de S\u00e3o Paulo\",\"potentialAction\":[{\"@type\":\"SearchAction\",\"target\":{\"@type\":\"EntryPoint\",\"urlTemplate\":\"https:\/\/sinditextilsp.org.br\/home\/?s={search_term_string}\"},\"query-input\":\"required name=search_term_string\"}],\"inLanguage\":\"pt-BR\"},{\"@type\":\"Person\",\"@id\":\"https:\/\/sinditextilsp.org.br\/home\/#\/schema\/person\/f2652ee75ed0db87c6a4c63cfba51dd9\",\"name\":\"Roberto Lima\",\"image\":{\"@type\":\"ImageObject\",\"inLanguage\":\"pt-BR\",\"@id\":\"https:\/\/sinditextilsp.org.br\/home\/#\/schema\/person\/image\/\",\"url\":\"https:\/\/secure.gravatar.com\/avatar\/e5e9ded7ca9297005415a6263122555b6a112c409111396e3416a952302fb1bf?s=96&d=mm&r=g\",\"contentUrl\":\"https:\/\/secure.gravatar.com\/avatar\/e5e9ded7ca9297005415a6263122555b6a112c409111396e3416a952302fb1bf?s=96&d=mm&r=g\",\"caption\":\"Roberto Lima\"},\"url\":\"https:\/\/sinditextilsp.org.br\/home\/author\/roberto-lima\/\"}]}<\/script>\n<!-- \/ Yoast SEO plugin. -->","yoast_head_json":{"title":"Sustentabilidade consolida import\u00e2ncia - Sindit\u00eaxtil-SP","robots":{"index":"index","follow":"follow","max-snippet":"max-snippet:-1","max-image-preview":"max-image-preview:large","max-video-preview":"max-video-preview:-1"},"canonical":"https:\/\/sinditextilsp.org.br\/home\/2023\/03\/sustentabilidade-consolida-importancia\/","og_locale":"pt_BR","og_type":"article","og_title":"Sustentabilidade consolida import\u00e2ncia - Sindit\u00eaxtil-SP","og_description":"Realizado com uma amostra de 7.000 pessoas em cinco pa\u00edses \u2013 Fran\u00e7a, Reino Unido, It\u00e1lia, Alemanha e EUA \u2013, o estudo realizado pela\u00a0Premi\u00e8re Vision\u00a0e o Institut Fran\u00e7ais de la Mode (IFM) procurou entender os padr\u00f5es de consumo, as expectativas e tamb\u00e9m o n\u00edvel de consci\u00eancia dos consumidores em rela\u00e7\u00e3o \u00e0 sustentabilidade ambiental na ind\u00fastria da [&hellip;]","og_url":"https:\/\/sinditextilsp.org.br\/home\/2023\/03\/sustentabilidade-consolida-importancia\/","og_site_name":"Sindit\u00eaxtil-SP","article_publisher":"https:\/\/www.facebook.com\/sinditextilsp","article_published_time":"2023-03-09T11:38:08+00:00","article_modified_time":"2023-03-15T19:59:43+00:00","og_image":[{"width":537,"height":360,"url":"https:\/\/sinditextilsp.org.br\/home\/wp-content\/uploads\/2023\/03\/tecidos-pv.jpg","type":"image\/jpeg"}],"author":"Roberto Lima","twitter_card":"summary_large_image","twitter_creator":"@SinditextilSP","twitter_site":"@SinditextilSP","twitter_misc":{"Escrito por":"Roberto Lima","Est. tempo de leitura":"3 minutos"},"schema":{"@context":"https:\/\/schema.org","@graph":[{"@type":"WebPage","@id":"https:\/\/sinditextilsp.org.br\/home\/2023\/03\/sustentabilidade-consolida-importancia\/","url":"https:\/\/sinditextilsp.org.br\/home\/2023\/03\/sustentabilidade-consolida-importancia\/","name":"Sustentabilidade consolida import\u00e2ncia - Sindit\u00eaxtil-SP","isPartOf":{"@id":"https:\/\/sinditextilsp.org.br\/home\/#website"},"primaryImageOfPage":{"@id":"https:\/\/sinditextilsp.org.br\/home\/2023\/03\/sustentabilidade-consolida-importancia\/#primaryimage"},"image":{"@id":"https:\/\/sinditextilsp.org.br\/home\/2023\/03\/sustentabilidade-consolida-importancia\/#primaryimage"},"thumbnailUrl":"https:\/\/sinditextilsp.org.br\/home\/wp-content\/uploads\/2023\/03\/tecidos-pv.jpg","datePublished":"2023-03-09T11:38:08+00:00","dateModified":"2023-03-15T19:59:43+00:00","author":{"@id":"https:\/\/sinditextilsp.org.br\/home\/#\/schema\/person\/f2652ee75ed0db87c6a4c63cfba51dd9"},"breadcrumb":{"@id":"https:\/\/sinditextilsp.org.br\/home\/2023\/03\/sustentabilidade-consolida-importancia\/#breadcrumb"},"inLanguage":"pt-BR","potentialAction":[{"@type":"ReadAction","target":["https:\/\/sinditextilsp.org.br\/home\/2023\/03\/sustentabilidade-consolida-importancia\/"]}]},{"@type":"ImageObject","inLanguage":"pt-BR","@id":"https:\/\/sinditextilsp.org.br\/home\/2023\/03\/sustentabilidade-consolida-importancia\/#primaryimage","url":"https:\/\/sinditextilsp.org.br\/home\/wp-content\/uploads\/2023\/03\/tecidos-pv.jpg","contentUrl":"https:\/\/sinditextilsp.org.br\/home\/wp-content\/uploads\/2023\/03\/tecidos-pv.jpg","width":537,"height":360},{"@type":"BreadcrumbList","@id":"https:\/\/sinditextilsp.org.br\/home\/2023\/03\/sustentabilidade-consolida-importancia\/#breadcrumb","itemListElement":[{"@type":"ListItem","position":1,"name":"In\u00edcio","item":"https:\/\/sinditextilsp.org.br\/home\/"},{"@type":"ListItem","position":2,"name":"Sustentabilidade consolida import\u00e2ncia"}]},{"@type":"WebSite","@id":"https:\/\/sinditextilsp.org.br\/home\/#website","url":"https:\/\/sinditextilsp.org.br\/home\/","name":"Sindit\u00eaxtil-SP","description":"Sindicato T\u00eaxtil de S\u00e3o Paulo","potentialAction":[{"@type":"SearchAction","target":{"@type":"EntryPoint","urlTemplate":"https:\/\/sinditextilsp.org.br\/home\/?s={search_term_string}"},"query-input":"required name=search_term_string"}],"inLanguage":"pt-BR"},{"@type":"Person","@id":"https:\/\/sinditextilsp.org.br\/home\/#\/schema\/person\/f2652ee75ed0db87c6a4c63cfba51dd9","name":"Roberto Lima","image":{"@type":"ImageObject","inLanguage":"pt-BR","@id":"https:\/\/sinditextilsp.org.br\/home\/#\/schema\/person\/image\/","url":"https:\/\/secure.gravatar.com\/avatar\/e5e9ded7ca9297005415a6263122555b6a112c409111396e3416a952302fb1bf?s=96&d=mm&r=g","contentUrl":"https:\/\/secure.gravatar.com\/avatar\/e5e9ded7ca9297005415a6263122555b6a112c409111396e3416a952302fb1bf?s=96&d=mm&r=g","caption":"Roberto Lima"},"url":"https:\/\/sinditextilsp.org.br\/home\/author\/roberto-lima\/"}]}},"_links":{"self":[{"href":"https:\/\/sinditextilsp.org.br\/home\/wp-json\/wp\/v2\/posts\/3393","targetHints":{"allow":["GET"]}}],"collection":[{"href":"https:\/\/sinditextilsp.org.br\/home\/wp-json\/wp\/v2\/posts"}],"about":[{"href":"https:\/\/sinditextilsp.org.br\/home\/wp-json\/wp\/v2\/types\/post"}],"author":[{"embeddable":true,"href":"https:\/\/sinditextilsp.org.br\/home\/wp-json\/wp\/v2\/users\/7"}],"replies":[{"embeddable":true,"href":"https:\/\/sinditextilsp.org.br\/home\/wp-json\/wp\/v2\/comments?post=3393"}],"version-history":[{"count":1,"href":"https:\/\/sinditextilsp.org.br\/home\/wp-json\/wp\/v2\/posts\/3393\/revisions"}],"predecessor-version":[{"id":3395,"href":"https:\/\/sinditextilsp.org.br\/home\/wp-json\/wp\/v2\/posts\/3393\/revisions\/3395"}],"wp:featuredmedia":[{"embeddable":true,"href":"https:\/\/sinditextilsp.org.br\/home\/wp-json\/wp\/v2\/media\/3394"}],"wp:attachment":[{"href":"https:\/\/sinditextilsp.org.br\/home\/wp-json\/wp\/v2\/media?parent=3393"}],"wp:term":[{"taxonomy":"category","embeddable":true,"href":"https:\/\/sinditextilsp.org.br\/home\/wp-json\/wp\/v2\/categories?post=3393"},{"taxonomy":"post_tag","embeddable":true,"href":"https:\/\/sinditextilsp.org.br\/home\/wp-json\/wp\/v2\/tags?post=3393"}],"curies":[{"name":"wp","href":"https:\/\/api.w.org\/{rel}","templated":true}]}}