{"id":3855,"date":"2023-07-31T15:33:17","date_gmt":"2023-07-31T18:33:17","guid":{"rendered":"https:\/\/sinditextilsp.org.br\/home\/?p=3855"},"modified":"2023-07-31T15:33:17","modified_gmt":"2023-07-31T18:33:17","slug":"exportacoes-do-estado-de-sao-paulo-no-1o-semestre-crescem-acima-da-media-nacional","status":"publish","type":"post","link":"https:\/\/sinditextilsp.org.br\/home\/2023\/07\/exportacoes-do-estado-de-sao-paulo-no-1o-semestre-crescem-acima-da-media-nacional\/","title":{"rendered":"Exporta\u00e7\u00f5es do Estado de S\u00e3o Paulo no 1\u00ba semestre crescem acima da m\u00e9dia nacional"},"content":{"rendered":"<p>As exporta\u00e7\u00f5es do Estado de S\u00e3o Paulo fecharam o primeiro semestre com alta de 1,9%, apontam dados do Minist\u00e9rio da Ind\u00fastria, Com\u00e9rcio Exterior e Servi\u00e7os. As vendas para o exterior movimentaram US$ 33,2 bilh\u00f5es, cerca de US$ 700 milh\u00f5es a mais que no mesmo per\u00edodo do ano passado. O desempenho de S\u00e3o Paulo foi melhor e ajudou a puxar a m\u00e9dia nacional, j\u00e1 que as exporta\u00e7\u00f5es brasileiras cresceram apenas 1%. Al\u00e9m disso, o Estado respondeu, sozinho, por 20,5% das vendas do pa\u00eds para o exterior.<\/p>\n<p>As duas maiores economias do mundo foram tamb\u00e9m os principais destinos das exporta\u00e7\u00f5es paulistas: Estados Unidos, que compraram US$ 5,4 bilh\u00f5es em mercadorias do Estado, e China, com embarques na casa de US$ 4,6 bilh\u00f5es.<\/p>\n<p>A InvestSP, ag\u00eancia de promo\u00e7\u00e3o de investimentos vinculada \u00e0 Secretaria de Desenvolvimento Econ\u00f4mico do Estado de S\u00e3o Paulo (SDE), conta com escrit\u00f3rios internacionais nos dois pa\u00edses, que atuam para apoiar empresas paulistas que querem exportar para os mercados norte-americano e asi\u00e1tico. Tamb\u00e9m h\u00e1 unidades na Alemanha e nos Emirados \u00c1rabes, que cobrem toda a Europa e o Oriente M\u00e9dio.<\/p>\n<p>O levantamento ainda mostra uma pauta diversificada, uma vez que S\u00e3o Paulo exporta desde commodities agr\u00edcolas at\u00e9 equipamentos de alta tecnologia. Entre os principais produtos vendidos pelo Estado para o exterior no primeiro semestre est\u00e3o: ve\u00edculos, carnes, soja, aeronaves, \u00f3leos, celulose, sucos, equipamentos de engenharia civil, a\u00e7\u00facares e mela\u00e7os.<\/p>\n<p><strong>Mil empresas capacitadas para exporta\u00e7\u00e3o &#8211;\u00a0<\/strong>Para ampliar as vendas paulistas para o exterior, at\u00e9 o fim do ano o Governo de SP deve chegar a cerca de mil empresas de micro, pequeno e m\u00e9dio porte capacitadas para exporta\u00e7\u00e3o pelo Exporta SP. Fruto de parceria entre a SDE e a InvestSP, o programa \u00e9 totalmente online, gratuito e tem dura\u00e7\u00e3o de quatro meses, per\u00edodo no qual os empreendedores participam de aulas coletivas e mentorias individuais, que permitem debater as necessidades espec\u00edficas de cada neg\u00f3cio com um especialista.<\/p>\n","protected":false},"excerpt":{"rendered":"<p>As exporta\u00e7\u00f5es do Estado de S\u00e3o Paulo fecharam o primeiro semestre com alta de 1,9%, apontam dados do Minist\u00e9rio da Ind\u00fastria, Com\u00e9rcio Exterior e Servi\u00e7os. As vendas para o exterior movimentaram US$ 33,2 bilh\u00f5es, cerca de US$ 700 milh\u00f5es a mais que no mesmo per\u00edodo do ano passado. O desempenho de S\u00e3o Paulo foi melhor [&hellip;]<\/p>\n","protected":false},"author":7,"featured_media":2367,"comment_status":"open","ping_status":"open","sticky":false,"template":"","format":"standard","meta":{"footnotes":""},"categories":[56,16],"tags":[133,287],"class_list":["post-3855","post","type-post","status-publish","format-standard","has-post-thumbnail","hentry","category-destaques","category-noticias","tag-exportacao","tag-investsp"],"yoast_head":"<!-- This site is optimized with the Yoast SEO plugin v22.8 - https:\/\/yoast.com\/wordpress\/plugins\/seo\/ -->\n<title>Exporta\u00e7\u00f5es do Estado de S\u00e3o Paulo no 1\u00ba semestre crescem acima da m\u00e9dia nacional - Sindit\u00eaxtil-SP<\/title>\n<meta name=\"robots\" content=\"index, follow, max-snippet:-1, max-image-preview:large, max-video-preview:-1\" \/>\n<link rel=\"canonical\" href=\"https:\/\/sinditextilsp.org.br\/home\/2023\/07\/exportacoes-do-estado-de-sao-paulo-no-1o-semestre-crescem-acima-da-media-nacional\/\" \/>\n<meta property=\"og:locale\" content=\"pt_BR\" \/>\n<meta property=\"og:type\" content=\"article\" \/>\n<meta property=\"og:title\" content=\"Exporta\u00e7\u00f5es do Estado de S\u00e3o Paulo no 1\u00ba semestre crescem acima da m\u00e9dia nacional - Sindit\u00eaxtil-SP\" \/>\n<meta property=\"og:description\" content=\"As exporta\u00e7\u00f5es do Estado de S\u00e3o Paulo fecharam o primeiro semestre com alta de 1,9%, apontam dados do Minist\u00e9rio da Ind\u00fastria, Com\u00e9rcio Exterior e Servi\u00e7os. As vendas para o exterior movimentaram US$ 33,2 bilh\u00f5es, cerca de US$ 700 milh\u00f5es a mais que no mesmo per\u00edodo do ano passado. O desempenho de S\u00e3o Paulo foi melhor [&hellip;]\" \/>\n<meta property=\"og:url\" content=\"https:\/\/sinditextilsp.org.br\/home\/2023\/07\/exportacoes-do-estado-de-sao-paulo-no-1o-semestre-crescem-acima-da-media-nacional\/\" \/>\n<meta property=\"og:site_name\" content=\"Sindit\u00eaxtil-SP\" \/>\n<meta property=\"article:publisher\" content=\"https:\/\/www.facebook.com\/sinditextilsp\" \/>\n<meta property=\"article:published_time\" content=\"2023-07-31T18:33:17+00:00\" \/>\n<meta property=\"og:image\" content=\"https:\/\/sinditextilsp.org.br\/home\/wp-content\/uploads\/2022\/06\/N2_economia-pra-sindi.png\" \/>\n\t<meta property=\"og:image:width\" content=\"388\" \/>\n\t<meta property=\"og:image:height\" content=\"307\" \/>\n\t<meta property=\"og:image:type\" content=\"image\/png\" \/>\n<meta name=\"author\" content=\"Roberto Lima\" \/>\n<meta name=\"twitter:card\" content=\"summary_large_image\" \/>\n<meta name=\"twitter:creator\" content=\"@SinditextilSP\" \/>\n<meta name=\"twitter:site\" content=\"@SinditextilSP\" \/>\n<meta name=\"twitter:label1\" content=\"Escrito por\" \/>\n\t<meta name=\"twitter:data1\" content=\"Roberto Lima\" \/>\n\t<meta name=\"twitter:label2\" content=\"Est. tempo de leitura\" \/>\n\t<meta name=\"twitter:data2\" content=\"2 minutos\" \/>\n<script type=\"application\/ld+json\" class=\"yoast-schema-graph\">{\"@context\":\"https:\/\/schema.org\",\"@graph\":[{\"@type\":\"WebPage\",\"@id\":\"https:\/\/sinditextilsp.org.br\/home\/2023\/07\/exportacoes-do-estado-de-sao-paulo-no-1o-semestre-crescem-acima-da-media-nacional\/\",\"url\":\"https:\/\/sinditextilsp.org.br\/home\/2023\/07\/exportacoes-do-estado-de-sao-paulo-no-1o-semestre-crescem-acima-da-media-nacional\/\",\"name\":\"Exporta\u00e7\u00f5es do Estado de S\u00e3o Paulo no 1\u00ba semestre crescem acima da m\u00e9dia nacional - Sindit\u00eaxtil-SP\",\"isPartOf\":{\"@id\":\"https:\/\/sinditextilsp.org.br\/home\/#website\"},\"primaryImageOfPage\":{\"@id\":\"https:\/\/sinditextilsp.org.br\/home\/2023\/07\/exportacoes-do-estado-de-sao-paulo-no-1o-semestre-crescem-acima-da-media-nacional\/#primaryimage\"},\"image\":{\"@id\":\"https:\/\/sinditextilsp.org.br\/home\/2023\/07\/exportacoes-do-estado-de-sao-paulo-no-1o-semestre-crescem-acima-da-media-nacional\/#primaryimage\"},\"thumbnailUrl\":\"https:\/\/sinditextilsp.org.br\/home\/wp-content\/uploads\/2022\/06\/N2_economia-pra-sindi.png\",\"datePublished\":\"2023-07-31T18:33:17+00:00\",\"dateModified\":\"2023-07-31T18:33:17+00:00\",\"author\":{\"@id\":\"https:\/\/sinditextilsp.org.br\/home\/#\/schema\/person\/f2652ee75ed0db87c6a4c63cfba51dd9\"},\"breadcrumb\":{\"@id\":\"https:\/\/sinditextilsp.org.br\/home\/2023\/07\/exportacoes-do-estado-de-sao-paulo-no-1o-semestre-crescem-acima-da-media-nacional\/#breadcrumb\"},\"inLanguage\":\"pt-BR\",\"potentialAction\":[{\"@type\":\"ReadAction\",\"target\":[\"https:\/\/sinditextilsp.org.br\/home\/2023\/07\/exportacoes-do-estado-de-sao-paulo-no-1o-semestre-crescem-acima-da-media-nacional\/\"]}]},{\"@type\":\"ImageObject\",\"inLanguage\":\"pt-BR\",\"@id\":\"https:\/\/sinditextilsp.org.br\/home\/2023\/07\/exportacoes-do-estado-de-sao-paulo-no-1o-semestre-crescem-acima-da-media-nacional\/#primaryimage\",\"url\":\"https:\/\/sinditextilsp.org.br\/home\/wp-content\/uploads\/2022\/06\/N2_economia-pra-sindi.png\",\"contentUrl\":\"https:\/\/sinditextilsp.org.br\/home\/wp-content\/uploads\/2022\/06\/N2_economia-pra-sindi.png\",\"width\":388,\"height\":307},{\"@type\":\"BreadcrumbList\",\"@id\":\"https:\/\/sinditextilsp.org.br\/home\/2023\/07\/exportacoes-do-estado-de-sao-paulo-no-1o-semestre-crescem-acima-da-media-nacional\/#breadcrumb\",\"itemListElement\":[{\"@type\":\"ListItem\",\"position\":1,\"name\":\"In\u00edcio\",\"item\":\"https:\/\/sinditextilsp.org.br\/home\/\"},{\"@type\":\"ListItem\",\"position\":2,\"name\":\"Exporta\u00e7\u00f5es do Estado de S\u00e3o Paulo no 1\u00ba semestre crescem acima da m\u00e9dia nacional\"}]},{\"@type\":\"WebSite\",\"@id\":\"https:\/\/sinditextilsp.org.br\/home\/#website\",\"url\":\"https:\/\/sinditextilsp.org.br\/home\/\",\"name\":\"Sindit\u00eaxtil-SP\",\"description\":\"Sindicato T\u00eaxtil de S\u00e3o Paulo\",\"potentialAction\":[{\"@type\":\"SearchAction\",\"target\":{\"@type\":\"EntryPoint\",\"urlTemplate\":\"https:\/\/sinditextilsp.org.br\/home\/?s={search_term_string}\"},\"query-input\":\"required name=search_term_string\"}],\"inLanguage\":\"pt-BR\"},{\"@type\":\"Person\",\"@id\":\"https:\/\/sinditextilsp.org.br\/home\/#\/schema\/person\/f2652ee75ed0db87c6a4c63cfba51dd9\",\"name\":\"Roberto Lima\",\"image\":{\"@type\":\"ImageObject\",\"inLanguage\":\"pt-BR\",\"@id\":\"https:\/\/sinditextilsp.org.br\/home\/#\/schema\/person\/image\/\",\"url\":\"https:\/\/secure.gravatar.com\/avatar\/e5e9ded7ca9297005415a6263122555b6a112c409111396e3416a952302fb1bf?s=96&d=mm&r=g\",\"contentUrl\":\"https:\/\/secure.gravatar.com\/avatar\/e5e9ded7ca9297005415a6263122555b6a112c409111396e3416a952302fb1bf?s=96&d=mm&r=g\",\"caption\":\"Roberto Lima\"},\"url\":\"https:\/\/sinditextilsp.org.br\/home\/author\/roberto-lima\/\"}]}<\/script>\n<!-- \/ Yoast SEO plugin. -->","yoast_head_json":{"title":"Exporta\u00e7\u00f5es do Estado de S\u00e3o Paulo no 1\u00ba semestre crescem acima da m\u00e9dia nacional - Sindit\u00eaxtil-SP","robots":{"index":"index","follow":"follow","max-snippet":"max-snippet:-1","max-image-preview":"max-image-preview:large","max-video-preview":"max-video-preview:-1"},"canonical":"https:\/\/sinditextilsp.org.br\/home\/2023\/07\/exportacoes-do-estado-de-sao-paulo-no-1o-semestre-crescem-acima-da-media-nacional\/","og_locale":"pt_BR","og_type":"article","og_title":"Exporta\u00e7\u00f5es do Estado de S\u00e3o Paulo no 1\u00ba semestre crescem acima da m\u00e9dia nacional - Sindit\u00eaxtil-SP","og_description":"As exporta\u00e7\u00f5es do Estado de S\u00e3o Paulo fecharam o primeiro semestre com alta de 1,9%, apontam dados do Minist\u00e9rio da Ind\u00fastria, Com\u00e9rcio Exterior e Servi\u00e7os. As vendas para o exterior movimentaram US$ 33,2 bilh\u00f5es, cerca de US$ 700 milh\u00f5es a mais que no mesmo per\u00edodo do ano passado. O desempenho de S\u00e3o Paulo foi melhor [&hellip;]","og_url":"https:\/\/sinditextilsp.org.br\/home\/2023\/07\/exportacoes-do-estado-de-sao-paulo-no-1o-semestre-crescem-acima-da-media-nacional\/","og_site_name":"Sindit\u00eaxtil-SP","article_publisher":"https:\/\/www.facebook.com\/sinditextilsp","article_published_time":"2023-07-31T18:33:17+00:00","og_image":[{"width":388,"height":307,"url":"https:\/\/sinditextilsp.org.br\/home\/wp-content\/uploads\/2022\/06\/N2_economia-pra-sindi.png","type":"image\/png"}],"author":"Roberto Lima","twitter_card":"summary_large_image","twitter_creator":"@SinditextilSP","twitter_site":"@SinditextilSP","twitter_misc":{"Escrito por":"Roberto Lima","Est. tempo de leitura":"2 minutos"},"schema":{"@context":"https:\/\/schema.org","@graph":[{"@type":"WebPage","@id":"https:\/\/sinditextilsp.org.br\/home\/2023\/07\/exportacoes-do-estado-de-sao-paulo-no-1o-semestre-crescem-acima-da-media-nacional\/","url":"https:\/\/sinditextilsp.org.br\/home\/2023\/07\/exportacoes-do-estado-de-sao-paulo-no-1o-semestre-crescem-acima-da-media-nacional\/","name":"Exporta\u00e7\u00f5es do Estado de S\u00e3o Paulo no 1\u00ba semestre crescem acima da m\u00e9dia nacional - Sindit\u00eaxtil-SP","isPartOf":{"@id":"https:\/\/sinditextilsp.org.br\/home\/#website"},"primaryImageOfPage":{"@id":"https:\/\/sinditextilsp.org.br\/home\/2023\/07\/exportacoes-do-estado-de-sao-paulo-no-1o-semestre-crescem-acima-da-media-nacional\/#primaryimage"},"image":{"@id":"https:\/\/sinditextilsp.org.br\/home\/2023\/07\/exportacoes-do-estado-de-sao-paulo-no-1o-semestre-crescem-acima-da-media-nacional\/#primaryimage"},"thumbnailUrl":"https:\/\/sinditextilsp.org.br\/home\/wp-content\/uploads\/2022\/06\/N2_economia-pra-sindi.png","datePublished":"2023-07-31T18:33:17+00:00","dateModified":"2023-07-31T18:33:17+00:00","author":{"@id":"https:\/\/sinditextilsp.org.br\/home\/#\/schema\/person\/f2652ee75ed0db87c6a4c63cfba51dd9"},"breadcrumb":{"@id":"https:\/\/sinditextilsp.org.br\/home\/2023\/07\/exportacoes-do-estado-de-sao-paulo-no-1o-semestre-crescem-acima-da-media-nacional\/#breadcrumb"},"inLanguage":"pt-BR","potentialAction":[{"@type":"ReadAction","target":["https:\/\/sinditextilsp.org.br\/home\/2023\/07\/exportacoes-do-estado-de-sao-paulo-no-1o-semestre-crescem-acima-da-media-nacional\/"]}]},{"@type":"ImageObject","inLanguage":"pt-BR","@id":"https:\/\/sinditextilsp.org.br\/home\/2023\/07\/exportacoes-do-estado-de-sao-paulo-no-1o-semestre-crescem-acima-da-media-nacional\/#primaryimage","url":"https:\/\/sinditextilsp.org.br\/home\/wp-content\/uploads\/2022\/06\/N2_economia-pra-sindi.png","contentUrl":"https:\/\/sinditextilsp.org.br\/home\/wp-content\/uploads\/2022\/06\/N2_economia-pra-sindi.png","width":388,"height":307},{"@type":"BreadcrumbList","@id":"https:\/\/sinditextilsp.org.br\/home\/2023\/07\/exportacoes-do-estado-de-sao-paulo-no-1o-semestre-crescem-acima-da-media-nacional\/#breadcrumb","itemListElement":[{"@type":"ListItem","position":1,"name":"In\u00edcio","item":"https:\/\/sinditextilsp.org.br\/home\/"},{"@type":"ListItem","position":2,"name":"Exporta\u00e7\u00f5es do Estado de S\u00e3o Paulo no 1\u00ba semestre crescem acima da m\u00e9dia nacional"}]},{"@type":"WebSite","@id":"https:\/\/sinditextilsp.org.br\/home\/#website","url":"https:\/\/sinditextilsp.org.br\/home\/","name":"Sindit\u00eaxtil-SP","description":"Sindicato T\u00eaxtil de S\u00e3o Paulo","potentialAction":[{"@type":"SearchAction","target":{"@type":"EntryPoint","urlTemplate":"https:\/\/sinditextilsp.org.br\/home\/?s={search_term_string}"},"query-input":"required name=search_term_string"}],"inLanguage":"pt-BR"},{"@type":"Person","@id":"https:\/\/sinditextilsp.org.br\/home\/#\/schema\/person\/f2652ee75ed0db87c6a4c63cfba51dd9","name":"Roberto Lima","image":{"@type":"ImageObject","inLanguage":"pt-BR","@id":"https:\/\/sinditextilsp.org.br\/home\/#\/schema\/person\/image\/","url":"https:\/\/secure.gravatar.com\/avatar\/e5e9ded7ca9297005415a6263122555b6a112c409111396e3416a952302fb1bf?s=96&d=mm&r=g","contentUrl":"https:\/\/secure.gravatar.com\/avatar\/e5e9ded7ca9297005415a6263122555b6a112c409111396e3416a952302fb1bf?s=96&d=mm&r=g","caption":"Roberto Lima"},"url":"https:\/\/sinditextilsp.org.br\/home\/author\/roberto-lima\/"}]}},"_links":{"self":[{"href":"https:\/\/sinditextilsp.org.br\/home\/wp-json\/wp\/v2\/posts\/3855","targetHints":{"allow":["GET"]}}],"collection":[{"href":"https:\/\/sinditextilsp.org.br\/home\/wp-json\/wp\/v2\/posts"}],"about":[{"href":"https:\/\/sinditextilsp.org.br\/home\/wp-json\/wp\/v2\/types\/post"}],"author":[{"embeddable":true,"href":"https:\/\/sinditextilsp.org.br\/home\/wp-json\/wp\/v2\/users\/7"}],"replies":[{"embeddable":true,"href":"https:\/\/sinditextilsp.org.br\/home\/wp-json\/wp\/v2\/comments?post=3855"}],"version-history":[{"count":1,"href":"https:\/\/sinditextilsp.org.br\/home\/wp-json\/wp\/v2\/posts\/3855\/revisions"}],"predecessor-version":[{"id":3856,"href":"https:\/\/sinditextilsp.org.br\/home\/wp-json\/wp\/v2\/posts\/3855\/revisions\/3856"}],"wp:featuredmedia":[{"embeddable":true,"href":"https:\/\/sinditextilsp.org.br\/home\/wp-json\/wp\/v2\/media\/2367"}],"wp:attachment":[{"href":"https:\/\/sinditextilsp.org.br\/home\/wp-json\/wp\/v2\/media?parent=3855"}],"wp:term":[{"taxonomy":"category","embeddable":true,"href":"https:\/\/sinditextilsp.org.br\/home\/wp-json\/wp\/v2\/categories?post=3855"},{"taxonomy":"post_tag","embeddable":true,"href":"https:\/\/sinditextilsp.org.br\/home\/wp-json\/wp\/v2\/tags?post=3855"}],"curies":[{"name":"wp","href":"https:\/\/api.w.org\/{rel}","templated":true}]}}