{"id":3948,"date":"2023-08-30T15:40:09","date_gmt":"2023-08-30T18:40:09","guid":{"rendered":"https:\/\/sinditextilsp.org.br\/home\/?p=3948"},"modified":"2023-08-30T15:40:09","modified_gmt":"2023-08-30T18:40:09","slug":"brasil-gerou-142-702-novos-empregos-formais-em-julho","status":"publish","type":"post","link":"https:\/\/sinditextilsp.org.br\/home\/2023\/08\/brasil-gerou-142-702-novos-empregos-formais-em-julho\/","title":{"rendered":"Brasil gerou 142.702 novos empregos formais em julho"},"content":{"rendered":"<p style=\"text-align: justify;\">O Brasil criou 142.702 novos postos de trabalho em julho. S\u00f3 no setor de servi\u00e7os, foram geradas 56.303 vagas. No com\u00e9rcio, o saldo aumentou em 26.744 postos de trabalho. De acordo com o Novo Cadastro Geral de Empregados e Desempregados (Caged), no acumulado do ano foram gerados 1.166.125 postos de trabalho.<img decoding=\"async\" src=\"https:\/\/agenciabrasil.ebc.com.br\/ebc.png?id=1551997&amp;o=node\" alt=\"\" \/><img decoding=\"async\" src=\"https:\/\/agenciabrasil.ebc.com.br\/ebc.gif?id=1551997&amp;o=node\" alt=\"\" \/><\/p>\n<p style=\"text-align: justify;\">Os n\u00fameros foram divulgados nesta quarta-feira (30) pelo Minist\u00e9rio do Trabalho e Emprego. O saldo positivo foi registrado em todos os cinco grandes grupamentos de atividades econ\u00f4micas e em 26 das 27 unidades federativas. O estoque total recuperado para o Caged no m\u00eas fico em 43.610.550 postos de trabalho formais no pa\u00eds.<\/p>\n<p style=\"text-align: justify;\">O saldo no setor de servi\u00e7o foi maior nas \u00e1reas de informa\u00e7\u00e3o, comunica\u00e7\u00e3o e atividades financeiras, imobili\u00e1rias, profissionais e administrativas (saldo de 27.218 postos); alojamento e alimenta\u00e7\u00e3o (9.432 postos); e transporte, armazenagem e correio (8.904).<\/p>\n<p style=\"text-align: justify;\">No setor de com\u00e9rcio, a \u00e1rea de com\u00e9rcio varejista de produtos farmac\u00eauticos registrou saldo positivo de 3.554 novos postos de trabalho. J\u00e1 na \u00e1rea de mercadorias em geral (com predomin\u00e2ncia de produtos aliment\u00edcios), os supermercados apresentaram saldo positivo de 2.419 novas vagas, enquanto minimercados registraram alta de 1.704.<\/p>\n<p style=\"text-align: justify;\">O saldo positivo na constru\u00e7\u00e3o civil ficou em 25.423, enquanto a ind\u00fastria teve saldo foi 21.254 novos postos.<\/p>\n<p style=\"text-align: justify;\">\u201cEm termos geogr\u00e1ficos, apenas no Rio Grande do Sul (-2.129) houve queda do emprego formal, que ficou positivo nas outras 26 unidades da federa\u00e7\u00e3o. Os maiores saldos foram em S\u00e3o Paulo (43.331), Rio de Janeiro (12.710) e Minas Gerais (12.353)\u201d, informou o minist\u00e9rio.<\/p>\n","protected":false},"excerpt":{"rendered":"<p>O Brasil criou 142.702 novos postos de trabalho em julho. S\u00f3 no setor de servi\u00e7os, foram geradas 56.303 vagas. No com\u00e9rcio, o saldo aumentou em 26.744 postos de trabalho. De acordo com o Novo Cadastro Geral de Empregados e Desempregados (Caged), no acumulado do ano foram gerados 1.166.125 postos de trabalho. Os n\u00fameros foram divulgados [&hellip;]<\/p>\n","protected":false},"author":2,"featured_media":2828,"comment_status":"open","ping_status":"open","sticky":false,"template":"","format":"standard","meta":{"footnotes":""},"categories":[56,16],"tags":[],"class_list":["post-3948","post","type-post","status-publish","format-standard","has-post-thumbnail","hentry","category-destaques","category-noticias"],"yoast_head":"<!-- This site is optimized with the Yoast SEO plugin v22.8 - https:\/\/yoast.com\/wordpress\/plugins\/seo\/ -->\n<title>Brasil gerou 142.702 novos empregos formais em julho - Sindit\u00eaxtil-SP<\/title>\n<meta name=\"robots\" content=\"index, follow, max-snippet:-1, max-image-preview:large, max-video-preview:-1\" \/>\n<link rel=\"canonical\" href=\"https:\/\/sinditextilsp.org.br\/home\/2023\/08\/brasil-gerou-142-702-novos-empregos-formais-em-julho\/\" \/>\n<meta property=\"og:locale\" content=\"pt_BR\" \/>\n<meta property=\"og:type\" content=\"article\" \/>\n<meta property=\"og:title\" content=\"Brasil gerou 142.702 novos empregos formais em julho - Sindit\u00eaxtil-SP\" \/>\n<meta property=\"og:description\" content=\"O Brasil criou 142.702 novos postos de trabalho em julho. S\u00f3 no setor de servi\u00e7os, foram geradas 56.303 vagas. No com\u00e9rcio, o saldo aumentou em 26.744 postos de trabalho. De acordo com o Novo Cadastro Geral de Empregados e Desempregados (Caged), no acumulado do ano foram gerados 1.166.125 postos de trabalho. Os n\u00fameros foram divulgados [&hellip;]\" \/>\n<meta property=\"og:url\" content=\"https:\/\/sinditextilsp.org.br\/home\/2023\/08\/brasil-gerou-142-702-novos-empregos-formais-em-julho\/\" \/>\n<meta property=\"og:site_name\" content=\"Sindit\u00eaxtil-SP\" \/>\n<meta property=\"article:publisher\" content=\"https:\/\/www.facebook.com\/sinditextilsp\" \/>\n<meta property=\"article:published_time\" content=\"2023-08-30T18:40:09+00:00\" \/>\n<meta property=\"og:image\" content=\"https:\/\/sinditextilsp.org.br\/home\/wp-content\/uploads\/2022\/10\/industria-abit-materia-scaled.jpg\" \/>\n\t<meta property=\"og:image:width\" content=\"2560\" \/>\n\t<meta property=\"og:image:height\" content=\"1583\" \/>\n\t<meta property=\"og:image:type\" content=\"image\/jpeg\" \/>\n<meta name=\"author\" content=\"Sindit\u00eaxtil-SP\" \/>\n<meta name=\"twitter:card\" content=\"summary_large_image\" \/>\n<meta name=\"twitter:creator\" content=\"@SinditextilSP\" \/>\n<meta name=\"twitter:site\" content=\"@SinditextilSP\" \/>\n<meta name=\"twitter:label1\" content=\"Escrito por\" \/>\n\t<meta name=\"twitter:data1\" content=\"Sindit\u00eaxtil-SP\" \/>\n\t<meta name=\"twitter:label2\" content=\"Est. tempo de leitura\" \/>\n\t<meta name=\"twitter:data2\" content=\"2 minutos\" \/>\n<script type=\"application\/ld+json\" class=\"yoast-schema-graph\">{\"@context\":\"https:\/\/schema.org\",\"@graph\":[{\"@type\":\"WebPage\",\"@id\":\"https:\/\/sinditextilsp.org.br\/home\/2023\/08\/brasil-gerou-142-702-novos-empregos-formais-em-julho\/\",\"url\":\"https:\/\/sinditextilsp.org.br\/home\/2023\/08\/brasil-gerou-142-702-novos-empregos-formais-em-julho\/\",\"name\":\"Brasil gerou 142.702 novos empregos formais em julho - Sindit\u00eaxtil-SP\",\"isPartOf\":{\"@id\":\"https:\/\/sinditextilsp.org.br\/home\/#website\"},\"primaryImageOfPage\":{\"@id\":\"https:\/\/sinditextilsp.org.br\/home\/2023\/08\/brasil-gerou-142-702-novos-empregos-formais-em-julho\/#primaryimage\"},\"image\":{\"@id\":\"https:\/\/sinditextilsp.org.br\/home\/2023\/08\/brasil-gerou-142-702-novos-empregos-formais-em-julho\/#primaryimage\"},\"thumbnailUrl\":\"https:\/\/sinditextilsp.org.br\/home\/wp-content\/uploads\/2022\/10\/industria-abit-materia-scaled.jpg\",\"datePublished\":\"2023-08-30T18:40:09+00:00\",\"dateModified\":\"2023-08-30T18:40:09+00:00\",\"author\":{\"@id\":\"https:\/\/sinditextilsp.org.br\/home\/#\/schema\/person\/ceca3861f277dc1806d31199f1604264\"},\"breadcrumb\":{\"@id\":\"https:\/\/sinditextilsp.org.br\/home\/2023\/08\/brasil-gerou-142-702-novos-empregos-formais-em-julho\/#breadcrumb\"},\"inLanguage\":\"pt-BR\",\"potentialAction\":[{\"@type\":\"ReadAction\",\"target\":[\"https:\/\/sinditextilsp.org.br\/home\/2023\/08\/brasil-gerou-142-702-novos-empregos-formais-em-julho\/\"]}]},{\"@type\":\"ImageObject\",\"inLanguage\":\"pt-BR\",\"@id\":\"https:\/\/sinditextilsp.org.br\/home\/2023\/08\/brasil-gerou-142-702-novos-empregos-formais-em-julho\/#primaryimage\",\"url\":\"https:\/\/sinditextilsp.org.br\/home\/wp-content\/uploads\/2022\/10\/industria-abit-materia-scaled.jpg\",\"contentUrl\":\"https:\/\/sinditextilsp.org.br\/home\/wp-content\/uploads\/2022\/10\/industria-abit-materia-scaled.jpg\",\"width\":2560,\"height\":1583,\"caption\":\"Businesswoman using a tablet to analysis graph company finance strategy statistics success concept and planning for future in office room.\"},{\"@type\":\"BreadcrumbList\",\"@id\":\"https:\/\/sinditextilsp.org.br\/home\/2023\/08\/brasil-gerou-142-702-novos-empregos-formais-em-julho\/#breadcrumb\",\"itemListElement\":[{\"@type\":\"ListItem\",\"position\":1,\"name\":\"In\u00edcio\",\"item\":\"https:\/\/sinditextilsp.org.br\/home\/\"},{\"@type\":\"ListItem\",\"position\":2,\"name\":\"Brasil gerou 142.702 novos empregos formais em julho\"}]},{\"@type\":\"WebSite\",\"@id\":\"https:\/\/sinditextilsp.org.br\/home\/#website\",\"url\":\"https:\/\/sinditextilsp.org.br\/home\/\",\"name\":\"Sindit\u00eaxtil-SP\",\"description\":\"Sindicato T\u00eaxtil de S\u00e3o Paulo\",\"potentialAction\":[{\"@type\":\"SearchAction\",\"target\":{\"@type\":\"EntryPoint\",\"urlTemplate\":\"https:\/\/sinditextilsp.org.br\/home\/?s={search_term_string}\"},\"query-input\":\"required name=search_term_string\"}],\"inLanguage\":\"pt-BR\"},{\"@type\":\"Person\",\"@id\":\"https:\/\/sinditextilsp.org.br\/home\/#\/schema\/person\/ceca3861f277dc1806d31199f1604264\",\"name\":\"Sindit\u00eaxtil-SP\",\"image\":{\"@type\":\"ImageObject\",\"inLanguage\":\"pt-BR\",\"@id\":\"https:\/\/sinditextilsp.org.br\/home\/#\/schema\/person\/image\/\",\"url\":\"https:\/\/secure.gravatar.com\/avatar\/1004e4f7c56213ad977aba92436bc447272b6a4743534ef04a82f43c866dd0e0?s=96&d=mm&r=g\",\"contentUrl\":\"https:\/\/secure.gravatar.com\/avatar\/1004e4f7c56213ad977aba92436bc447272b6a4743534ef04a82f43c866dd0e0?s=96&d=mm&r=g\",\"caption\":\"Sindit\u00eaxtil-SP\"},\"url\":\"https:\/\/sinditextilsp.org.br\/home\/author\/sinditextilsp\/\"}]}<\/script>\n<!-- \/ Yoast SEO plugin. -->","yoast_head_json":{"title":"Brasil gerou 142.702 novos empregos formais em julho - Sindit\u00eaxtil-SP","robots":{"index":"index","follow":"follow","max-snippet":"max-snippet:-1","max-image-preview":"max-image-preview:large","max-video-preview":"max-video-preview:-1"},"canonical":"https:\/\/sinditextilsp.org.br\/home\/2023\/08\/brasil-gerou-142-702-novos-empregos-formais-em-julho\/","og_locale":"pt_BR","og_type":"article","og_title":"Brasil gerou 142.702 novos empregos formais em julho - Sindit\u00eaxtil-SP","og_description":"O Brasil criou 142.702 novos postos de trabalho em julho. S\u00f3 no setor de servi\u00e7os, foram geradas 56.303 vagas. No com\u00e9rcio, o saldo aumentou em 26.744 postos de trabalho. De acordo com o Novo Cadastro Geral de Empregados e Desempregados (Caged), no acumulado do ano foram gerados 1.166.125 postos de trabalho. Os n\u00fameros foram divulgados [&hellip;]","og_url":"https:\/\/sinditextilsp.org.br\/home\/2023\/08\/brasil-gerou-142-702-novos-empregos-formais-em-julho\/","og_site_name":"Sindit\u00eaxtil-SP","article_publisher":"https:\/\/www.facebook.com\/sinditextilsp","article_published_time":"2023-08-30T18:40:09+00:00","og_image":[{"width":2560,"height":1583,"url":"https:\/\/sinditextilsp.org.br\/home\/wp-content\/uploads\/2022\/10\/industria-abit-materia-scaled.jpg","type":"image\/jpeg"}],"author":"Sindit\u00eaxtil-SP","twitter_card":"summary_large_image","twitter_creator":"@SinditextilSP","twitter_site":"@SinditextilSP","twitter_misc":{"Escrito por":"Sindit\u00eaxtil-SP","Est. tempo de leitura":"2 minutos"},"schema":{"@context":"https:\/\/schema.org","@graph":[{"@type":"WebPage","@id":"https:\/\/sinditextilsp.org.br\/home\/2023\/08\/brasil-gerou-142-702-novos-empregos-formais-em-julho\/","url":"https:\/\/sinditextilsp.org.br\/home\/2023\/08\/brasil-gerou-142-702-novos-empregos-formais-em-julho\/","name":"Brasil gerou 142.702 novos empregos formais em julho - Sindit\u00eaxtil-SP","isPartOf":{"@id":"https:\/\/sinditextilsp.org.br\/home\/#website"},"primaryImageOfPage":{"@id":"https:\/\/sinditextilsp.org.br\/home\/2023\/08\/brasil-gerou-142-702-novos-empregos-formais-em-julho\/#primaryimage"},"image":{"@id":"https:\/\/sinditextilsp.org.br\/home\/2023\/08\/brasil-gerou-142-702-novos-empregos-formais-em-julho\/#primaryimage"},"thumbnailUrl":"https:\/\/sinditextilsp.org.br\/home\/wp-content\/uploads\/2022\/10\/industria-abit-materia-scaled.jpg","datePublished":"2023-08-30T18:40:09+00:00","dateModified":"2023-08-30T18:40:09+00:00","author":{"@id":"https:\/\/sinditextilsp.org.br\/home\/#\/schema\/person\/ceca3861f277dc1806d31199f1604264"},"breadcrumb":{"@id":"https:\/\/sinditextilsp.org.br\/home\/2023\/08\/brasil-gerou-142-702-novos-empregos-formais-em-julho\/#breadcrumb"},"inLanguage":"pt-BR","potentialAction":[{"@type":"ReadAction","target":["https:\/\/sinditextilsp.org.br\/home\/2023\/08\/brasil-gerou-142-702-novos-empregos-formais-em-julho\/"]}]},{"@type":"ImageObject","inLanguage":"pt-BR","@id":"https:\/\/sinditextilsp.org.br\/home\/2023\/08\/brasil-gerou-142-702-novos-empregos-formais-em-julho\/#primaryimage","url":"https:\/\/sinditextilsp.org.br\/home\/wp-content\/uploads\/2022\/10\/industria-abit-materia-scaled.jpg","contentUrl":"https:\/\/sinditextilsp.org.br\/home\/wp-content\/uploads\/2022\/10\/industria-abit-materia-scaled.jpg","width":2560,"height":1583,"caption":"Businesswoman using a tablet to analysis graph company finance strategy statistics success concept and planning for future in office room."},{"@type":"BreadcrumbList","@id":"https:\/\/sinditextilsp.org.br\/home\/2023\/08\/brasil-gerou-142-702-novos-empregos-formais-em-julho\/#breadcrumb","itemListElement":[{"@type":"ListItem","position":1,"name":"In\u00edcio","item":"https:\/\/sinditextilsp.org.br\/home\/"},{"@type":"ListItem","position":2,"name":"Brasil gerou 142.702 novos empregos formais em julho"}]},{"@type":"WebSite","@id":"https:\/\/sinditextilsp.org.br\/home\/#website","url":"https:\/\/sinditextilsp.org.br\/home\/","name":"Sindit\u00eaxtil-SP","description":"Sindicato T\u00eaxtil de S\u00e3o Paulo","potentialAction":[{"@type":"SearchAction","target":{"@type":"EntryPoint","urlTemplate":"https:\/\/sinditextilsp.org.br\/home\/?s={search_term_string}"},"query-input":"required name=search_term_string"}],"inLanguage":"pt-BR"},{"@type":"Person","@id":"https:\/\/sinditextilsp.org.br\/home\/#\/schema\/person\/ceca3861f277dc1806d31199f1604264","name":"Sindit\u00eaxtil-SP","image":{"@type":"ImageObject","inLanguage":"pt-BR","@id":"https:\/\/sinditextilsp.org.br\/home\/#\/schema\/person\/image\/","url":"https:\/\/secure.gravatar.com\/avatar\/1004e4f7c56213ad977aba92436bc447272b6a4743534ef04a82f43c866dd0e0?s=96&d=mm&r=g","contentUrl":"https:\/\/secure.gravatar.com\/avatar\/1004e4f7c56213ad977aba92436bc447272b6a4743534ef04a82f43c866dd0e0?s=96&d=mm&r=g","caption":"Sindit\u00eaxtil-SP"},"url":"https:\/\/sinditextilsp.org.br\/home\/author\/sinditextilsp\/"}]}},"_links":{"self":[{"href":"https:\/\/sinditextilsp.org.br\/home\/wp-json\/wp\/v2\/posts\/3948","targetHints":{"allow":["GET"]}}],"collection":[{"href":"https:\/\/sinditextilsp.org.br\/home\/wp-json\/wp\/v2\/posts"}],"about":[{"href":"https:\/\/sinditextilsp.org.br\/home\/wp-json\/wp\/v2\/types\/post"}],"author":[{"embeddable":true,"href":"https:\/\/sinditextilsp.org.br\/home\/wp-json\/wp\/v2\/users\/2"}],"replies":[{"embeddable":true,"href":"https:\/\/sinditextilsp.org.br\/home\/wp-json\/wp\/v2\/comments?post=3948"}],"version-history":[{"count":1,"href":"https:\/\/sinditextilsp.org.br\/home\/wp-json\/wp\/v2\/posts\/3948\/revisions"}],"predecessor-version":[{"id":3949,"href":"https:\/\/sinditextilsp.org.br\/home\/wp-json\/wp\/v2\/posts\/3948\/revisions\/3949"}],"wp:featuredmedia":[{"embeddable":true,"href":"https:\/\/sinditextilsp.org.br\/home\/wp-json\/wp\/v2\/media\/2828"}],"wp:attachment":[{"href":"https:\/\/sinditextilsp.org.br\/home\/wp-json\/wp\/v2\/media?parent=3948"}],"wp:term":[{"taxonomy":"category","embeddable":true,"href":"https:\/\/sinditextilsp.org.br\/home\/wp-json\/wp\/v2\/categories?post=3948"},{"taxonomy":"post_tag","embeddable":true,"href":"https:\/\/sinditextilsp.org.br\/home\/wp-json\/wp\/v2\/tags?post=3948"}],"curies":[{"name":"wp","href":"https:\/\/api.w.org\/{rel}","templated":true}]}}