{"id":4165,"date":"2023-10-25T17:32:14","date_gmt":"2023-10-25T20:32:14","guid":{"rendered":"https:\/\/sinditextilsp.org.br\/home\/?p=4165"},"modified":"2023-10-25T17:32:14","modified_gmt":"2023-10-25T20:32:14","slug":"inovacao-e-sustentabilidade-na-industria-da-moda","status":"publish","type":"post","link":"https:\/\/sinditextilsp.org.br\/home\/2023\/10\/inovacao-e-sustentabilidade-na-industria-da-moda\/","title":{"rendered":"Inova\u00e7\u00e3o e sustentabilidade na ind\u00fastria da moda"},"content":{"rendered":"<p style=\"text-align: justify;\">Para debater a economia criativa e as oportunidades para a ind\u00fastria da moda, o Comit\u00ea da Cadeia Produtiva da Moda (Commoda) da Fiesp, dirigido por Wayner Machado, convidou para participar da reuni\u00e3o desta ter\u00e7a-feira (24\/10), Ana Carla Fonseca e Maria Inez Murad, da Garimpo Solu\u00e7\u00f5es Consultoria, especialistas no tema. A economia criativa est\u00e1 relacionada a diferentes cadeias de neg\u00f3cios e tem, na ess\u00eancia, criatividade como fator central na defini\u00e7\u00e3o de valor de produtos e servi\u00e7os.<\/p>\n<p style=\"text-align: justify;\">A sustentabilidade e o compromisso com a mitiga\u00e7\u00e3o das mudan\u00e7as clim\u00e1ticas estiveram no centro do debate. De acordo com Maria Inez Murad, esses s\u00e3o o grande desafio do setor, ainda que as empresas estejam cada vez mais deixando o discurso e indo para a pr\u00e1tica \u201cA cadeia toda precisa pensar em uma moda mais sustent\u00e1vel, brech\u00f3 deixou de ser cafona, cafona \u00e9 comprar o tempo todo\u201d, afirmou.<\/p>\n<p style=\"text-align: justify;\">Maria In\u00eas Murad citou como exemplo novas tecnologias aplicadas em materiais sustent\u00e1veis por famosas empresas europeias, como casca de ma\u00e7\u00e3 para confeccionar bolsas e carteiras, teia de aranha para fazer seda e um tecido feito a partir das cascas da laranja.<\/p>\n<p style=\"text-align: justify;\">Em sua exposi\u00e7\u00e3o, Ana Carla Fonseca mencionou a Global Fashion Agenda, que lan\u00e7ou em 2020 o relat\u00f3rio \u201cFashion on Climate\u201d. O documento analisou as \u00e1reas nas quais os diversos atores da ind\u00fastria da moda devem concentrar esfor\u00e7os para cumprir as metas clim\u00e1ticas e diminuir as emiss\u00f5es dos Gases de Efeito Estufa (GEE). \u201c\u00c9 poss\u00edvel fazer da cadeia brasileira da moda uma refer\u00eancia mundial de compromisso e a\u00e7\u00e3o clim\u00e1ticos\u201d, pontuou.<\/p>\n<p style=\"text-align: justify;\">Segundo o relat\u00f3rio \u201cFashion on Climate\u201d, cerca de 43% do potencial de redu\u00e7\u00e3o de gases da ind\u00fastria pode se dar pela descarboniza\u00e7\u00e3o da produ\u00e7\u00e3o e melhor efici\u00eancia de processos.<\/p>\n<p style=\"text-align: justify;\">As especialistas tamb\u00e9m defenderam que a ind\u00fastria da moda tenha o Selo EPD (Declara\u00e7\u00e3o Ambiental de Produto), que fornece informa\u00e7\u00f5es verificadas, objetivas e detalhadas sobre o impacto ambiental do produto ao longo de seu ciclo de vida. \u201cEle \u00e9 importante porque \u00e9 uma declara\u00e7\u00e3o de credibilidade para a marca\u201d, enfatizou Ana Fonseca.<\/p>\n<p style=\"text-align: justify;\">O Passaporte Digital de Produtos, representa\u00e7\u00e3o digital de produtos f\u00edsicos, regulamentado pela Uni\u00e3o Europeia, que mostra informa\u00e7\u00f5es de sustentabilidade tamb\u00e9m \u00e9 uma ferramenta importante para a economia circular. \u201cEle permite que empresas verifiquem, gerenciem e melhorem a sustentabilidade de produtos\u201d, explicou Maria Inez Murad.<\/p>\n","protected":false},"excerpt":{"rendered":"<p>Para debater a economia criativa e as oportunidades para a ind\u00fastria da moda, o Comit\u00ea da Cadeia Produtiva da Moda (Commoda) da Fiesp, dirigido por Wayner Machado, convidou para participar da reuni\u00e3o desta ter\u00e7a-feira (24\/10), Ana Carla Fonseca e Maria Inez Murad, da Garimpo Solu\u00e7\u00f5es Consultoria, especialistas no tema. A economia criativa est\u00e1 relacionada a [&hellip;]<\/p>\n","protected":false},"author":2,"featured_media":4166,"comment_status":"open","ping_status":"open","sticky":false,"template":"","format":"standard","meta":{"footnotes":""},"categories":[56,16],"tags":[],"class_list":["post-4165","post","type-post","status-publish","format-standard","has-post-thumbnail","hentry","category-destaques","category-noticias"],"yoast_head":"<!-- This site is optimized with the Yoast SEO plugin v22.8 - https:\/\/yoast.com\/wordpress\/plugins\/seo\/ -->\n<title>Inova\u00e7\u00e3o e sustentabilidade na ind\u00fastria da moda - Sindit\u00eaxtil-SP<\/title>\n<meta name=\"robots\" content=\"index, follow, max-snippet:-1, max-image-preview:large, max-video-preview:-1\" \/>\n<link rel=\"canonical\" href=\"https:\/\/sinditextilsp.org.br\/home\/2023\/10\/inovacao-e-sustentabilidade-na-industria-da-moda\/\" \/>\n<meta property=\"og:locale\" content=\"pt_BR\" \/>\n<meta property=\"og:type\" content=\"article\" \/>\n<meta property=\"og:title\" content=\"Inova\u00e7\u00e3o e sustentabilidade na ind\u00fastria da moda - Sindit\u00eaxtil-SP\" \/>\n<meta property=\"og:description\" content=\"Para debater a economia criativa e as oportunidades para a ind\u00fastria da moda, o Comit\u00ea da Cadeia Produtiva da Moda (Commoda) da Fiesp, dirigido por Wayner Machado, convidou para participar da reuni\u00e3o desta ter\u00e7a-feira (24\/10), Ana Carla Fonseca e Maria Inez Murad, da Garimpo Solu\u00e7\u00f5es Consultoria, especialistas no tema. A economia criativa est\u00e1 relacionada a [&hellip;]\" \/>\n<meta property=\"og:url\" content=\"https:\/\/sinditextilsp.org.br\/home\/2023\/10\/inovacao-e-sustentabilidade-na-industria-da-moda\/\" \/>\n<meta property=\"og:site_name\" content=\"Sindit\u00eaxtil-SP\" \/>\n<meta property=\"article:publisher\" content=\"https:\/\/www.facebook.com\/sinditextilsp\" \/>\n<meta property=\"article:published_time\" content=\"2023-10-25T20:32:14+00:00\" \/>\n<meta property=\"og:image\" content=\"https:\/\/sinditextilsp.org.br\/home\/wp-content\/uploads\/2023\/10\/file-20231025145908-avcommoda640-1.jpg\" \/>\n\t<meta property=\"og:image:width\" content=\"640\" \/>\n\t<meta property=\"og:image:height\" content=\"440\" \/>\n\t<meta property=\"og:image:type\" content=\"image\/jpeg\" \/>\n<meta name=\"author\" content=\"Sindit\u00eaxtil-SP\" \/>\n<meta name=\"twitter:card\" content=\"summary_large_image\" \/>\n<meta name=\"twitter:creator\" content=\"@SinditextilSP\" \/>\n<meta name=\"twitter:site\" content=\"@SinditextilSP\" \/>\n<meta name=\"twitter:label1\" content=\"Escrito por\" \/>\n\t<meta name=\"twitter:data1\" content=\"Sindit\u00eaxtil-SP\" \/>\n\t<meta name=\"twitter:label2\" content=\"Est. tempo de leitura\" \/>\n\t<meta name=\"twitter:data2\" content=\"2 minutos\" \/>\n<script type=\"application\/ld+json\" class=\"yoast-schema-graph\">{\"@context\":\"https:\/\/schema.org\",\"@graph\":[{\"@type\":\"WebPage\",\"@id\":\"https:\/\/sinditextilsp.org.br\/home\/2023\/10\/inovacao-e-sustentabilidade-na-industria-da-moda\/\",\"url\":\"https:\/\/sinditextilsp.org.br\/home\/2023\/10\/inovacao-e-sustentabilidade-na-industria-da-moda\/\",\"name\":\"Inova\u00e7\u00e3o e sustentabilidade na ind\u00fastria da moda - Sindit\u00eaxtil-SP\",\"isPartOf\":{\"@id\":\"https:\/\/sinditextilsp.org.br\/home\/#website\"},\"primaryImageOfPage\":{\"@id\":\"https:\/\/sinditextilsp.org.br\/home\/2023\/10\/inovacao-e-sustentabilidade-na-industria-da-moda\/#primaryimage\"},\"image\":{\"@id\":\"https:\/\/sinditextilsp.org.br\/home\/2023\/10\/inovacao-e-sustentabilidade-na-industria-da-moda\/#primaryimage\"},\"thumbnailUrl\":\"https:\/\/sinditextilsp.org.br\/home\/wp-content\/uploads\/2023\/10\/file-20231025145908-avcommoda640-1.jpg\",\"datePublished\":\"2023-10-25T20:32:14+00:00\",\"dateModified\":\"2023-10-25T20:32:14+00:00\",\"author\":{\"@id\":\"https:\/\/sinditextilsp.org.br\/home\/#\/schema\/person\/ceca3861f277dc1806d31199f1604264\"},\"breadcrumb\":{\"@id\":\"https:\/\/sinditextilsp.org.br\/home\/2023\/10\/inovacao-e-sustentabilidade-na-industria-da-moda\/#breadcrumb\"},\"inLanguage\":\"pt-BR\",\"potentialAction\":[{\"@type\":\"ReadAction\",\"target\":[\"https:\/\/sinditextilsp.org.br\/home\/2023\/10\/inovacao-e-sustentabilidade-na-industria-da-moda\/\"]}]},{\"@type\":\"ImageObject\",\"inLanguage\":\"pt-BR\",\"@id\":\"https:\/\/sinditextilsp.org.br\/home\/2023\/10\/inovacao-e-sustentabilidade-na-industria-da-moda\/#primaryimage\",\"url\":\"https:\/\/sinditextilsp.org.br\/home\/wp-content\/uploads\/2023\/10\/file-20231025145908-avcommoda640-1.jpg\",\"contentUrl\":\"https:\/\/sinditextilsp.org.br\/home\/wp-content\/uploads\/2023\/10\/file-20231025145908-avcommoda640-1.jpg\",\"width\":640,\"height\":440},{\"@type\":\"BreadcrumbList\",\"@id\":\"https:\/\/sinditextilsp.org.br\/home\/2023\/10\/inovacao-e-sustentabilidade-na-industria-da-moda\/#breadcrumb\",\"itemListElement\":[{\"@type\":\"ListItem\",\"position\":1,\"name\":\"In\u00edcio\",\"item\":\"https:\/\/sinditextilsp.org.br\/home\/\"},{\"@type\":\"ListItem\",\"position\":2,\"name\":\"Inova\u00e7\u00e3o e sustentabilidade na ind\u00fastria da moda\"}]},{\"@type\":\"WebSite\",\"@id\":\"https:\/\/sinditextilsp.org.br\/home\/#website\",\"url\":\"https:\/\/sinditextilsp.org.br\/home\/\",\"name\":\"Sindit\u00eaxtil-SP\",\"description\":\"Sindicato T\u00eaxtil de S\u00e3o Paulo\",\"potentialAction\":[{\"@type\":\"SearchAction\",\"target\":{\"@type\":\"EntryPoint\",\"urlTemplate\":\"https:\/\/sinditextilsp.org.br\/home\/?s={search_term_string}\"},\"query-input\":\"required name=search_term_string\"}],\"inLanguage\":\"pt-BR\"},{\"@type\":\"Person\",\"@id\":\"https:\/\/sinditextilsp.org.br\/home\/#\/schema\/person\/ceca3861f277dc1806d31199f1604264\",\"name\":\"Sindit\u00eaxtil-SP\",\"image\":{\"@type\":\"ImageObject\",\"inLanguage\":\"pt-BR\",\"@id\":\"https:\/\/sinditextilsp.org.br\/home\/#\/schema\/person\/image\/\",\"url\":\"https:\/\/secure.gravatar.com\/avatar\/1004e4f7c56213ad977aba92436bc447272b6a4743534ef04a82f43c866dd0e0?s=96&d=mm&r=g\",\"contentUrl\":\"https:\/\/secure.gravatar.com\/avatar\/1004e4f7c56213ad977aba92436bc447272b6a4743534ef04a82f43c866dd0e0?s=96&d=mm&r=g\",\"caption\":\"Sindit\u00eaxtil-SP\"},\"url\":\"https:\/\/sinditextilsp.org.br\/home\/author\/sinditextilsp\/\"}]}<\/script>\n<!-- \/ Yoast SEO plugin. -->","yoast_head_json":{"title":"Inova\u00e7\u00e3o e sustentabilidade na ind\u00fastria da moda - Sindit\u00eaxtil-SP","robots":{"index":"index","follow":"follow","max-snippet":"max-snippet:-1","max-image-preview":"max-image-preview:large","max-video-preview":"max-video-preview:-1"},"canonical":"https:\/\/sinditextilsp.org.br\/home\/2023\/10\/inovacao-e-sustentabilidade-na-industria-da-moda\/","og_locale":"pt_BR","og_type":"article","og_title":"Inova\u00e7\u00e3o e sustentabilidade na ind\u00fastria da moda - Sindit\u00eaxtil-SP","og_description":"Para debater a economia criativa e as oportunidades para a ind\u00fastria da moda, o Comit\u00ea da Cadeia Produtiva da Moda (Commoda) da Fiesp, dirigido por Wayner Machado, convidou para participar da reuni\u00e3o desta ter\u00e7a-feira (24\/10), Ana Carla Fonseca e Maria Inez Murad, da Garimpo Solu\u00e7\u00f5es Consultoria, especialistas no tema. A economia criativa est\u00e1 relacionada a [&hellip;]","og_url":"https:\/\/sinditextilsp.org.br\/home\/2023\/10\/inovacao-e-sustentabilidade-na-industria-da-moda\/","og_site_name":"Sindit\u00eaxtil-SP","article_publisher":"https:\/\/www.facebook.com\/sinditextilsp","article_published_time":"2023-10-25T20:32:14+00:00","og_image":[{"width":640,"height":440,"url":"https:\/\/sinditextilsp.org.br\/home\/wp-content\/uploads\/2023\/10\/file-20231025145908-avcommoda640-1.jpg","type":"image\/jpeg"}],"author":"Sindit\u00eaxtil-SP","twitter_card":"summary_large_image","twitter_creator":"@SinditextilSP","twitter_site":"@SinditextilSP","twitter_misc":{"Escrito por":"Sindit\u00eaxtil-SP","Est. tempo de leitura":"2 minutos"},"schema":{"@context":"https:\/\/schema.org","@graph":[{"@type":"WebPage","@id":"https:\/\/sinditextilsp.org.br\/home\/2023\/10\/inovacao-e-sustentabilidade-na-industria-da-moda\/","url":"https:\/\/sinditextilsp.org.br\/home\/2023\/10\/inovacao-e-sustentabilidade-na-industria-da-moda\/","name":"Inova\u00e7\u00e3o e sustentabilidade na ind\u00fastria da moda - Sindit\u00eaxtil-SP","isPartOf":{"@id":"https:\/\/sinditextilsp.org.br\/home\/#website"},"primaryImageOfPage":{"@id":"https:\/\/sinditextilsp.org.br\/home\/2023\/10\/inovacao-e-sustentabilidade-na-industria-da-moda\/#primaryimage"},"image":{"@id":"https:\/\/sinditextilsp.org.br\/home\/2023\/10\/inovacao-e-sustentabilidade-na-industria-da-moda\/#primaryimage"},"thumbnailUrl":"https:\/\/sinditextilsp.org.br\/home\/wp-content\/uploads\/2023\/10\/file-20231025145908-avcommoda640-1.jpg","datePublished":"2023-10-25T20:32:14+00:00","dateModified":"2023-10-25T20:32:14+00:00","author":{"@id":"https:\/\/sinditextilsp.org.br\/home\/#\/schema\/person\/ceca3861f277dc1806d31199f1604264"},"breadcrumb":{"@id":"https:\/\/sinditextilsp.org.br\/home\/2023\/10\/inovacao-e-sustentabilidade-na-industria-da-moda\/#breadcrumb"},"inLanguage":"pt-BR","potentialAction":[{"@type":"ReadAction","target":["https:\/\/sinditextilsp.org.br\/home\/2023\/10\/inovacao-e-sustentabilidade-na-industria-da-moda\/"]}]},{"@type":"ImageObject","inLanguage":"pt-BR","@id":"https:\/\/sinditextilsp.org.br\/home\/2023\/10\/inovacao-e-sustentabilidade-na-industria-da-moda\/#primaryimage","url":"https:\/\/sinditextilsp.org.br\/home\/wp-content\/uploads\/2023\/10\/file-20231025145908-avcommoda640-1.jpg","contentUrl":"https:\/\/sinditextilsp.org.br\/home\/wp-content\/uploads\/2023\/10\/file-20231025145908-avcommoda640-1.jpg","width":640,"height":440},{"@type":"BreadcrumbList","@id":"https:\/\/sinditextilsp.org.br\/home\/2023\/10\/inovacao-e-sustentabilidade-na-industria-da-moda\/#breadcrumb","itemListElement":[{"@type":"ListItem","position":1,"name":"In\u00edcio","item":"https:\/\/sinditextilsp.org.br\/home\/"},{"@type":"ListItem","position":2,"name":"Inova\u00e7\u00e3o e sustentabilidade na ind\u00fastria da moda"}]},{"@type":"WebSite","@id":"https:\/\/sinditextilsp.org.br\/home\/#website","url":"https:\/\/sinditextilsp.org.br\/home\/","name":"Sindit\u00eaxtil-SP","description":"Sindicato T\u00eaxtil de S\u00e3o Paulo","potentialAction":[{"@type":"SearchAction","target":{"@type":"EntryPoint","urlTemplate":"https:\/\/sinditextilsp.org.br\/home\/?s={search_term_string}"},"query-input":"required name=search_term_string"}],"inLanguage":"pt-BR"},{"@type":"Person","@id":"https:\/\/sinditextilsp.org.br\/home\/#\/schema\/person\/ceca3861f277dc1806d31199f1604264","name":"Sindit\u00eaxtil-SP","image":{"@type":"ImageObject","inLanguage":"pt-BR","@id":"https:\/\/sinditextilsp.org.br\/home\/#\/schema\/person\/image\/","url":"https:\/\/secure.gravatar.com\/avatar\/1004e4f7c56213ad977aba92436bc447272b6a4743534ef04a82f43c866dd0e0?s=96&d=mm&r=g","contentUrl":"https:\/\/secure.gravatar.com\/avatar\/1004e4f7c56213ad977aba92436bc447272b6a4743534ef04a82f43c866dd0e0?s=96&d=mm&r=g","caption":"Sindit\u00eaxtil-SP"},"url":"https:\/\/sinditextilsp.org.br\/home\/author\/sinditextilsp\/"}]}},"_links":{"self":[{"href":"https:\/\/sinditextilsp.org.br\/home\/wp-json\/wp\/v2\/posts\/4165","targetHints":{"allow":["GET"]}}],"collection":[{"href":"https:\/\/sinditextilsp.org.br\/home\/wp-json\/wp\/v2\/posts"}],"about":[{"href":"https:\/\/sinditextilsp.org.br\/home\/wp-json\/wp\/v2\/types\/post"}],"author":[{"embeddable":true,"href":"https:\/\/sinditextilsp.org.br\/home\/wp-json\/wp\/v2\/users\/2"}],"replies":[{"embeddable":true,"href":"https:\/\/sinditextilsp.org.br\/home\/wp-json\/wp\/v2\/comments?post=4165"}],"version-history":[{"count":1,"href":"https:\/\/sinditextilsp.org.br\/home\/wp-json\/wp\/v2\/posts\/4165\/revisions"}],"predecessor-version":[{"id":4167,"href":"https:\/\/sinditextilsp.org.br\/home\/wp-json\/wp\/v2\/posts\/4165\/revisions\/4167"}],"wp:featuredmedia":[{"embeddable":true,"href":"https:\/\/sinditextilsp.org.br\/home\/wp-json\/wp\/v2\/media\/4166"}],"wp:attachment":[{"href":"https:\/\/sinditextilsp.org.br\/home\/wp-json\/wp\/v2\/media?parent=4165"}],"wp:term":[{"taxonomy":"category","embeddable":true,"href":"https:\/\/sinditextilsp.org.br\/home\/wp-json\/wp\/v2\/categories?post=4165"},{"taxonomy":"post_tag","embeddable":true,"href":"https:\/\/sinditextilsp.org.br\/home\/wp-json\/wp\/v2\/tags?post=4165"}],"curies":[{"name":"wp","href":"https:\/\/api.w.org\/{rel}","templated":true}]}}