{"id":4200,"date":"2023-11-08T19:03:55","date_gmt":"2023-11-08T21:03:55","guid":{"rendered":"https:\/\/sinditextilsp.org.br\/home\/?p=4200"},"modified":"2023-11-10T17:32:10","modified_gmt":"2023-11-10T19:32:10","slug":"sinditextil-sp-patrocina-8o-congresso-internacional-abit","status":"publish","type":"post","link":"https:\/\/sinditextilsp.org.br\/home\/2023\/11\/sinditextil-sp-patrocina-8o-congresso-internacional-abit\/","title":{"rendered":"Sindit\u00eaxtil-SP patrocina 8\u00ba Congresso Internacional Abit"},"content":{"rendered":"<p><span style=\"font-weight: 400;\">O Sindit\u00eaxtil-SP participa como patrocinador do 8\u00ba Congresso Internacional Abit, evento que acontece em Florian\u00f3polis entre essa quarta e quinta-feira (8 e 9). O Sindicato, inclusive, produziu o copo oficial como parte da publicidade.\u00a0<\/span><\/p>\n<p><img loading=\"lazy\" decoding=\"async\" class=\"wp-image-4202 aligncenter\" src=\"https:\/\/sinditextilsp.org.br\/home\/wp-content\/uploads\/2023\/11\/WhatsApp-Image-2023-11-08-at-12.35.16-169x300.jpeg\" alt=\"\" width=\"181\" height=\"321\" \/><\/p>\n<p><span style=\"font-weight: 400;\">O Congresso Internacional Abit este ano dar\u00e1 continuidade ao debate ocorrido em 2022, mas sob uma nova perspectiva. Os pain\u00e9is dessa edi\u00e7\u00e3o discutir\u00e3o dimens\u00f5es estrat\u00e9gicas que definir\u00e3o o futuro do setor t\u00eaxtil e da confec\u00e7\u00e3o.<\/span><\/p>\n<p><span style=\"font-weight: 400;\">O objetivo ser\u00e1 ressaltar, por meio de cases de sucesso e de diferentes abordagens, as potencialidades da organiza\u00e7\u00e3o em redes e do trabalho colaborativo para al\u00e9m das fronteiras existentes entre os segmentos envolvidos, territ\u00f3rios e pa\u00edses.<\/span><\/p>\n<p><img loading=\"lazy\" decoding=\"async\" class=\"size-medium wp-image-4206 aligncenter\" src=\"https:\/\/sinditextilsp.org.br\/home\/wp-content\/uploads\/2023\/11\/FIESC-47-300x200.jpg\" alt=\"\" width=\"300\" height=\"200\" \/><\/p>\n<p><span style=\"font-weight: 400;\">O presidente em\u00e9rito Luiz Arthur Pacheco est\u00e1 representando o Sindit\u00eaxtil-SP, pois, o presidente Julio Scudeler n\u00e3o pode estar presente devido \u00e0 viagem \u00e0 China.<\/span><\/p>\n<figure id=\"attachment_4216\" aria-describedby=\"caption-attachment-4216\" style=\"width: 169px\" class=\"wp-caption aligncenter\"><img loading=\"lazy\" decoding=\"async\" class=\"wp-image-4216 size-medium\" src=\"https:\/\/sinditextilsp.org.br\/home\/wp-content\/uploads\/2023\/11\/WhatsApp-Image-2023-11-10-at-14.28.20-169x300.jpeg\" alt=\"\" width=\"169\" height=\"300\" \/><figcaption id=\"caption-attachment-4216\" class=\"wp-caption-text\">M\u00e1rio Galhardo da Trememb\u00e9 Ind\u00fastria Qu\u00edmica e Luiz Arthur Pacheco, presidente em\u00e9rito do Sindit\u00eaxtil-SP<\/figcaption><\/figure>\n<p>A programa\u00e7\u00e3o e outras informa\u00e7\u00f5es do evento podem ser conferidas no <a href=\"https:\/\/www.congressoabit.com.br\/home\">site oficial do evento.<\/a><\/p>\n","protected":false},"excerpt":{"rendered":"<p>O Sindit\u00eaxtil-SP participa como patrocinador do 8\u00ba Congresso Internacional Abit, evento que acontece em Florian\u00f3polis entre essa quarta e quinta-feira (8 e 9). O Sindicato, inclusive, produziu o copo oficial como parte da publicidade.\u00a0 O Congresso Internacional Abit este ano dar\u00e1 continuidade ao debate ocorrido em 2022, mas sob uma nova perspectiva. Os pain\u00e9is dessa [&hellip;]<\/p>\n","protected":false},"author":2,"featured_media":4201,"comment_status":"open","ping_status":"open","sticky":false,"template":"","format":"standard","meta":{"footnotes":""},"categories":[56,16],"tags":[],"class_list":["post-4200","post","type-post","status-publish","format-standard","has-post-thumbnail","hentry","category-destaques","category-noticias"],"yoast_head":"<!-- This site is optimized with the Yoast SEO plugin v22.8 - https:\/\/yoast.com\/wordpress\/plugins\/seo\/ -->\n<title>Sindit\u00eaxtil-SP patrocina 8\u00ba Congresso Internacional Abit - Sindit\u00eaxtil-SP<\/title>\n<meta name=\"robots\" content=\"index, follow, max-snippet:-1, max-image-preview:large, max-video-preview:-1\" \/>\n<link rel=\"canonical\" href=\"https:\/\/sinditextilsp.org.br\/home\/2023\/11\/sinditextil-sp-patrocina-8o-congresso-internacional-abit\/\" \/>\n<meta property=\"og:locale\" content=\"pt_BR\" \/>\n<meta property=\"og:type\" content=\"article\" \/>\n<meta property=\"og:title\" content=\"Sindit\u00eaxtil-SP patrocina 8\u00ba Congresso Internacional Abit - Sindit\u00eaxtil-SP\" \/>\n<meta property=\"og:description\" content=\"O Sindit\u00eaxtil-SP participa como patrocinador do 8\u00ba Congresso Internacional Abit, evento que acontece em Florian\u00f3polis entre essa quarta e quinta-feira (8 e 9). O Sindicato, inclusive, produziu o copo oficial como parte da publicidade.\u00a0 O Congresso Internacional Abit este ano dar\u00e1 continuidade ao debate ocorrido em 2022, mas sob uma nova perspectiva. Os pain\u00e9is dessa [&hellip;]\" \/>\n<meta property=\"og:url\" content=\"https:\/\/sinditextilsp.org.br\/home\/2023\/11\/sinditextil-sp-patrocina-8o-congresso-internacional-abit\/\" \/>\n<meta property=\"og:site_name\" content=\"Sindit\u00eaxtil-SP\" \/>\n<meta property=\"article:publisher\" content=\"https:\/\/www.facebook.com\/sinditextilsp\" \/>\n<meta property=\"article:published_time\" content=\"2023-11-08T21:03:55+00:00\" \/>\n<meta property=\"article:modified_time\" content=\"2023-11-10T19:32:10+00:00\" \/>\n<meta property=\"og:image\" content=\"https:\/\/sinditextilsp.org.br\/home\/wp-content\/uploads\/2023\/11\/FIESC-343-1024x683.jpg\" \/>\n\t<meta property=\"og:image:width\" content=\"1024\" \/>\n\t<meta property=\"og:image:height\" content=\"683\" \/>\n\t<meta property=\"og:image:type\" content=\"image\/jpeg\" \/>\n<meta name=\"author\" content=\"Sindit\u00eaxtil-SP\" \/>\n<meta name=\"twitter:card\" content=\"summary_large_image\" \/>\n<meta name=\"twitter:creator\" content=\"@SinditextilSP\" \/>\n<meta name=\"twitter:site\" content=\"@SinditextilSP\" \/>\n<meta name=\"twitter:label1\" content=\"Escrito por\" \/>\n\t<meta name=\"twitter:data1\" content=\"Sindit\u00eaxtil-SP\" \/>\n\t<meta name=\"twitter:label2\" content=\"Est. tempo de leitura\" \/>\n\t<meta name=\"twitter:data2\" content=\"2 minutos\" \/>\n<script type=\"application\/ld+json\" class=\"yoast-schema-graph\">{\"@context\":\"https:\/\/schema.org\",\"@graph\":[{\"@type\":\"WebPage\",\"@id\":\"https:\/\/sinditextilsp.org.br\/home\/2023\/11\/sinditextil-sp-patrocina-8o-congresso-internacional-abit\/\",\"url\":\"https:\/\/sinditextilsp.org.br\/home\/2023\/11\/sinditextil-sp-patrocina-8o-congresso-internacional-abit\/\",\"name\":\"Sindit\u00eaxtil-SP patrocina 8\u00ba Congresso Internacional Abit - Sindit\u00eaxtil-SP\",\"isPartOf\":{\"@id\":\"https:\/\/sinditextilsp.org.br\/home\/#website\"},\"primaryImageOfPage\":{\"@id\":\"https:\/\/sinditextilsp.org.br\/home\/2023\/11\/sinditextil-sp-patrocina-8o-congresso-internacional-abit\/#primaryimage\"},\"image\":{\"@id\":\"https:\/\/sinditextilsp.org.br\/home\/2023\/11\/sinditextil-sp-patrocina-8o-congresso-internacional-abit\/#primaryimage\"},\"thumbnailUrl\":\"https:\/\/sinditextilsp.org.br\/home\/wp-content\/uploads\/2023\/11\/FIESC-343.jpg\",\"datePublished\":\"2023-11-08T21:03:55+00:00\",\"dateModified\":\"2023-11-10T19:32:10+00:00\",\"author\":{\"@id\":\"https:\/\/sinditextilsp.org.br\/home\/#\/schema\/person\/ceca3861f277dc1806d31199f1604264\"},\"breadcrumb\":{\"@id\":\"https:\/\/sinditextilsp.org.br\/home\/2023\/11\/sinditextil-sp-patrocina-8o-congresso-internacional-abit\/#breadcrumb\"},\"inLanguage\":\"pt-BR\",\"potentialAction\":[{\"@type\":\"ReadAction\",\"target\":[\"https:\/\/sinditextilsp.org.br\/home\/2023\/11\/sinditextil-sp-patrocina-8o-congresso-internacional-abit\/\"]}]},{\"@type\":\"ImageObject\",\"inLanguage\":\"pt-BR\",\"@id\":\"https:\/\/sinditextilsp.org.br\/home\/2023\/11\/sinditextil-sp-patrocina-8o-congresso-internacional-abit\/#primaryimage\",\"url\":\"https:\/\/sinditextilsp.org.br\/home\/wp-content\/uploads\/2023\/11\/FIESC-343.jpg\",\"contentUrl\":\"https:\/\/sinditextilsp.org.br\/home\/wp-content\/uploads\/2023\/11\/FIESC-343.jpg\",\"width\":2048,\"height\":1366},{\"@type\":\"BreadcrumbList\",\"@id\":\"https:\/\/sinditextilsp.org.br\/home\/2023\/11\/sinditextil-sp-patrocina-8o-congresso-internacional-abit\/#breadcrumb\",\"itemListElement\":[{\"@type\":\"ListItem\",\"position\":1,\"name\":\"In\u00edcio\",\"item\":\"https:\/\/sinditextilsp.org.br\/home\/\"},{\"@type\":\"ListItem\",\"position\":2,\"name\":\"Sindit\u00eaxtil-SP patrocina 8\u00ba Congresso Internacional Abit\"}]},{\"@type\":\"WebSite\",\"@id\":\"https:\/\/sinditextilsp.org.br\/home\/#website\",\"url\":\"https:\/\/sinditextilsp.org.br\/home\/\",\"name\":\"Sindit\u00eaxtil-SP\",\"description\":\"Sindicato T\u00eaxtil de S\u00e3o Paulo\",\"potentialAction\":[{\"@type\":\"SearchAction\",\"target\":{\"@type\":\"EntryPoint\",\"urlTemplate\":\"https:\/\/sinditextilsp.org.br\/home\/?s={search_term_string}\"},\"query-input\":\"required name=search_term_string\"}],\"inLanguage\":\"pt-BR\"},{\"@type\":\"Person\",\"@id\":\"https:\/\/sinditextilsp.org.br\/home\/#\/schema\/person\/ceca3861f277dc1806d31199f1604264\",\"name\":\"Sindit\u00eaxtil-SP\",\"image\":{\"@type\":\"ImageObject\",\"inLanguage\":\"pt-BR\",\"@id\":\"https:\/\/sinditextilsp.org.br\/home\/#\/schema\/person\/image\/\",\"url\":\"https:\/\/secure.gravatar.com\/avatar\/1004e4f7c56213ad977aba92436bc447272b6a4743534ef04a82f43c866dd0e0?s=96&d=mm&r=g\",\"contentUrl\":\"https:\/\/secure.gravatar.com\/avatar\/1004e4f7c56213ad977aba92436bc447272b6a4743534ef04a82f43c866dd0e0?s=96&d=mm&r=g\",\"caption\":\"Sindit\u00eaxtil-SP\"},\"url\":\"https:\/\/sinditextilsp.org.br\/home\/author\/sinditextilsp\/\"}]}<\/script>\n<!-- \/ Yoast SEO plugin. -->","yoast_head_json":{"title":"Sindit\u00eaxtil-SP patrocina 8\u00ba Congresso Internacional Abit - Sindit\u00eaxtil-SP","robots":{"index":"index","follow":"follow","max-snippet":"max-snippet:-1","max-image-preview":"max-image-preview:large","max-video-preview":"max-video-preview:-1"},"canonical":"https:\/\/sinditextilsp.org.br\/home\/2023\/11\/sinditextil-sp-patrocina-8o-congresso-internacional-abit\/","og_locale":"pt_BR","og_type":"article","og_title":"Sindit\u00eaxtil-SP patrocina 8\u00ba Congresso Internacional Abit - Sindit\u00eaxtil-SP","og_description":"O Sindit\u00eaxtil-SP participa como patrocinador do 8\u00ba Congresso Internacional Abit, evento que acontece em Florian\u00f3polis entre essa quarta e quinta-feira (8 e 9). O Sindicato, inclusive, produziu o copo oficial como parte da publicidade.\u00a0 O Congresso Internacional Abit este ano dar\u00e1 continuidade ao debate ocorrido em 2022, mas sob uma nova perspectiva. Os pain\u00e9is dessa [&hellip;]","og_url":"https:\/\/sinditextilsp.org.br\/home\/2023\/11\/sinditextil-sp-patrocina-8o-congresso-internacional-abit\/","og_site_name":"Sindit\u00eaxtil-SP","article_publisher":"https:\/\/www.facebook.com\/sinditextilsp","article_published_time":"2023-11-08T21:03:55+00:00","article_modified_time":"2023-11-10T19:32:10+00:00","og_image":[{"width":1024,"height":683,"url":"https:\/\/sinditextilsp.org.br\/home\/wp-content\/uploads\/2023\/11\/FIESC-343-1024x683.jpg","type":"image\/jpeg"}],"author":"Sindit\u00eaxtil-SP","twitter_card":"summary_large_image","twitter_creator":"@SinditextilSP","twitter_site":"@SinditextilSP","twitter_misc":{"Escrito por":"Sindit\u00eaxtil-SP","Est. tempo de leitura":"2 minutos"},"schema":{"@context":"https:\/\/schema.org","@graph":[{"@type":"WebPage","@id":"https:\/\/sinditextilsp.org.br\/home\/2023\/11\/sinditextil-sp-patrocina-8o-congresso-internacional-abit\/","url":"https:\/\/sinditextilsp.org.br\/home\/2023\/11\/sinditextil-sp-patrocina-8o-congresso-internacional-abit\/","name":"Sindit\u00eaxtil-SP patrocina 8\u00ba Congresso Internacional Abit - Sindit\u00eaxtil-SP","isPartOf":{"@id":"https:\/\/sinditextilsp.org.br\/home\/#website"},"primaryImageOfPage":{"@id":"https:\/\/sinditextilsp.org.br\/home\/2023\/11\/sinditextil-sp-patrocina-8o-congresso-internacional-abit\/#primaryimage"},"image":{"@id":"https:\/\/sinditextilsp.org.br\/home\/2023\/11\/sinditextil-sp-patrocina-8o-congresso-internacional-abit\/#primaryimage"},"thumbnailUrl":"https:\/\/sinditextilsp.org.br\/home\/wp-content\/uploads\/2023\/11\/FIESC-343.jpg","datePublished":"2023-11-08T21:03:55+00:00","dateModified":"2023-11-10T19:32:10+00:00","author":{"@id":"https:\/\/sinditextilsp.org.br\/home\/#\/schema\/person\/ceca3861f277dc1806d31199f1604264"},"breadcrumb":{"@id":"https:\/\/sinditextilsp.org.br\/home\/2023\/11\/sinditextil-sp-patrocina-8o-congresso-internacional-abit\/#breadcrumb"},"inLanguage":"pt-BR","potentialAction":[{"@type":"ReadAction","target":["https:\/\/sinditextilsp.org.br\/home\/2023\/11\/sinditextil-sp-patrocina-8o-congresso-internacional-abit\/"]}]},{"@type":"ImageObject","inLanguage":"pt-BR","@id":"https:\/\/sinditextilsp.org.br\/home\/2023\/11\/sinditextil-sp-patrocina-8o-congresso-internacional-abit\/#primaryimage","url":"https:\/\/sinditextilsp.org.br\/home\/wp-content\/uploads\/2023\/11\/FIESC-343.jpg","contentUrl":"https:\/\/sinditextilsp.org.br\/home\/wp-content\/uploads\/2023\/11\/FIESC-343.jpg","width":2048,"height":1366},{"@type":"BreadcrumbList","@id":"https:\/\/sinditextilsp.org.br\/home\/2023\/11\/sinditextil-sp-patrocina-8o-congresso-internacional-abit\/#breadcrumb","itemListElement":[{"@type":"ListItem","position":1,"name":"In\u00edcio","item":"https:\/\/sinditextilsp.org.br\/home\/"},{"@type":"ListItem","position":2,"name":"Sindit\u00eaxtil-SP patrocina 8\u00ba Congresso Internacional Abit"}]},{"@type":"WebSite","@id":"https:\/\/sinditextilsp.org.br\/home\/#website","url":"https:\/\/sinditextilsp.org.br\/home\/","name":"Sindit\u00eaxtil-SP","description":"Sindicato T\u00eaxtil de S\u00e3o Paulo","potentialAction":[{"@type":"SearchAction","target":{"@type":"EntryPoint","urlTemplate":"https:\/\/sinditextilsp.org.br\/home\/?s={search_term_string}"},"query-input":"required name=search_term_string"}],"inLanguage":"pt-BR"},{"@type":"Person","@id":"https:\/\/sinditextilsp.org.br\/home\/#\/schema\/person\/ceca3861f277dc1806d31199f1604264","name":"Sindit\u00eaxtil-SP","image":{"@type":"ImageObject","inLanguage":"pt-BR","@id":"https:\/\/sinditextilsp.org.br\/home\/#\/schema\/person\/image\/","url":"https:\/\/secure.gravatar.com\/avatar\/1004e4f7c56213ad977aba92436bc447272b6a4743534ef04a82f43c866dd0e0?s=96&d=mm&r=g","contentUrl":"https:\/\/secure.gravatar.com\/avatar\/1004e4f7c56213ad977aba92436bc447272b6a4743534ef04a82f43c866dd0e0?s=96&d=mm&r=g","caption":"Sindit\u00eaxtil-SP"},"url":"https:\/\/sinditextilsp.org.br\/home\/author\/sinditextilsp\/"}]}},"_links":{"self":[{"href":"https:\/\/sinditextilsp.org.br\/home\/wp-json\/wp\/v2\/posts\/4200","targetHints":{"allow":["GET"]}}],"collection":[{"href":"https:\/\/sinditextilsp.org.br\/home\/wp-json\/wp\/v2\/posts"}],"about":[{"href":"https:\/\/sinditextilsp.org.br\/home\/wp-json\/wp\/v2\/types\/post"}],"author":[{"embeddable":true,"href":"https:\/\/sinditextilsp.org.br\/home\/wp-json\/wp\/v2\/users\/2"}],"replies":[{"embeddable":true,"href":"https:\/\/sinditextilsp.org.br\/home\/wp-json\/wp\/v2\/comments?post=4200"}],"version-history":[{"count":6,"href":"https:\/\/sinditextilsp.org.br\/home\/wp-json\/wp\/v2\/posts\/4200\/revisions"}],"predecessor-version":[{"id":4217,"href":"https:\/\/sinditextilsp.org.br\/home\/wp-json\/wp\/v2\/posts\/4200\/revisions\/4217"}],"wp:featuredmedia":[{"embeddable":true,"href":"https:\/\/sinditextilsp.org.br\/home\/wp-json\/wp\/v2\/media\/4201"}],"wp:attachment":[{"href":"https:\/\/sinditextilsp.org.br\/home\/wp-json\/wp\/v2\/media?parent=4200"}],"wp:term":[{"taxonomy":"category","embeddable":true,"href":"https:\/\/sinditextilsp.org.br\/home\/wp-json\/wp\/v2\/categories?post=4200"},{"taxonomy":"post_tag","embeddable":true,"href":"https:\/\/sinditextilsp.org.br\/home\/wp-json\/wp\/v2\/tags?post=4200"}],"curies":[{"name":"wp","href":"https:\/\/api.w.org\/{rel}","templated":true}]}}