{"id":4273,"date":"2023-11-21T19:05:35","date_gmt":"2023-11-21T21:05:35","guid":{"rendered":"https:\/\/sinditextilsp.org.br\/home\/?p=4273"},"modified":"2023-11-21T19:05:35","modified_gmt":"2023-11-21T21:05:35","slug":"producao-industrial-de-outubro-superou-setembro-mostra-cni","status":"publish","type":"post","link":"https:\/\/sinditextilsp.org.br\/home\/2023\/11\/producao-industrial-de-outubro-superou-setembro-mostra-cni\/","title":{"rendered":"Produ\u00e7\u00e3o industrial de outubro superou setembro, mostra CNI"},"content":{"rendered":"<p style=\"text-align: justify;\">O Brasil registrou alta da produ\u00e7\u00e3o industrial na passagem de setembro para outubro de 2023. De acordo com a Sondagem Industrial, da Confedera\u00e7\u00e3o Nacional da Ind\u00fastria (CNI), o indicador de evolu\u00e7\u00e3o da produ\u00e7\u00e3o da ind\u00fastria ficou em 50,9 pontos, acima da margem de corte. Valores abaixo de 50 pontos indicam queda e acima mostram aumento da produ\u00e7\u00e3o. A m\u00e9dia do indicador para os meses de outubro \u00e9 de 51,6 pontos. Foram entrevistadas 1.640 empresas entre 1\u00ba e 13 de novembro de 2023.<\/p>\n<p style=\"text-align: justify;\">A alta da produ\u00e7\u00e3o ficou restrita \u00e0s pequenas empresas, com indicador de 50,9 pontos. O \u00edndice de evolu\u00e7\u00e3o da produ\u00e7\u00e3o das grandes empresas \u00e9 de 49,1 pontos, o que mostra queda da produ\u00e7\u00e3o na passagem de setembro para outubro de 2023. O \u00edndice das m\u00e9dias empresas, por sua vez, est\u00e1 em 49,8 pontos, pr\u00f3ximo da linha divis\u00f3ria.<\/p>\n<p style=\"text-align: justify;\">O gerente de An\u00e1lise Econ\u00f4mica da CNI, Marcelo Azevedo, explica que o n\u00edvel de estoques de produtos se aproximou do planejado pelas empresas em outubro.<\/p>\n<p style=\"text-align: justify;\">&#8220;Esse comportamento dos estoques favorece o aumento da produ\u00e7\u00e3o na eventualidade de uma futura alta da demanda&#8221;, diz.<\/p>\n<p style=\"text-align: justify;\">Al\u00e9m disso, a Utiliza\u00e7\u00e3o da Capacidade Instalada (UCI) aumentou um ponto percentual na passagem de setembro para outubro de 2023, para 71%, e segue dentro da m\u00e9dia para os meses de outubro.<\/p>\n<p style=\"text-align: justify;\"><strong>Inten\u00e7\u00e3o de investimento do setor industrial ficou acima da m\u00e9dia hist\u00f3rica em novembro<\/strong><\/p>\n<p style=\"text-align: justify;\">O \u00edndice de inten\u00e7\u00e3o de investimento subiu 1,1 ponto na passagem de outubro para novembro e est\u00e1 em 55,6 pontos. Em novembro, o indicador ficou quatro pontos acima da m\u00e9dia hist\u00f3rica da s\u00e9rie e aponta para uma inten\u00e7\u00e3o de investir acima do usual.<\/p>\n<p style=\"text-align: justify;\"><strong>Expectativas do empres\u00e1rio seguem moderadas em novembro<\/strong><\/p>\n<p style=\"text-align: justify;\">A pesquisa mostra que, em novembro, a inten\u00e7\u00e3o do empres\u00e1rio de aumentar as compras de mat\u00e9rias-primas aumentou. Os \u00edndices de expectativa de demanda e de compras de mat\u00e9rias-primas ficaram em 51,0 pontos. No entanto, estes \u00edndices est\u00e3o abaixo de suas m\u00e9dias hist\u00f3ricas para o m\u00eas.<\/p>\n<p style=\"text-align: justify;\">Os \u00edndices de expectativa de quantidade exportada e de n\u00famero de empregados ficaram ligeiramente abaixo da linha divis\u00f3ria de 50 pontos, em 49,8 pontos. Esse movimento mostra expectativas de manuten\u00e7\u00e3o dos n\u00edveis atuais nos pr\u00f3ximos seis meses. Apesar de apontar para estabilidade, o indicador de contrata\u00e7\u00e3o de m\u00e3o-de-obra est\u00e1 acima da m\u00e9dia hist\u00f3rica para o m\u00eas.<\/p>\n<p>Fonte: <a href=\"https:\/\/www.investe.sp.gov.br\/noticia\/producao-industrial-de-outubro-superou-setembro-mostra-cni\/\">Investe SP<\/a><\/p>\n","protected":false},"excerpt":{"rendered":"<p>O Brasil registrou alta da produ\u00e7\u00e3o industrial na passagem de setembro para outubro de 2023. De acordo com a Sondagem Industrial, da Confedera\u00e7\u00e3o Nacional da Ind\u00fastria (CNI), o indicador de evolu\u00e7\u00e3o da produ\u00e7\u00e3o da ind\u00fastria ficou em 50,9 pontos, acima da margem de corte. Valores abaixo de 50 pontos indicam queda e acima mostram aumento [&hellip;]<\/p>\n","protected":false},"author":2,"featured_media":4274,"comment_status":"open","ping_status":"open","sticky":false,"template":"","format":"standard","meta":{"footnotes":""},"categories":[56,16],"tags":[],"class_list":["post-4273","post","type-post","status-publish","format-standard","has-post-thumbnail","hentry","category-destaques","category-noticias"],"yoast_head":"<!-- This site is optimized with the Yoast SEO plugin v22.8 - https:\/\/yoast.com\/wordpress\/plugins\/seo\/ -->\n<title>Produ\u00e7\u00e3o industrial de outubro superou setembro, mostra CNI - Sindit\u00eaxtil-SP<\/title>\n<meta name=\"robots\" content=\"index, follow, max-snippet:-1, max-image-preview:large, max-video-preview:-1\" \/>\n<link rel=\"canonical\" href=\"https:\/\/sinditextilsp.org.br\/home\/2023\/11\/producao-industrial-de-outubro-superou-setembro-mostra-cni\/\" \/>\n<meta property=\"og:locale\" content=\"pt_BR\" \/>\n<meta property=\"og:type\" content=\"article\" \/>\n<meta property=\"og:title\" content=\"Produ\u00e7\u00e3o industrial de outubro superou setembro, mostra CNI - Sindit\u00eaxtil-SP\" \/>\n<meta property=\"og:description\" content=\"O Brasil registrou alta da produ\u00e7\u00e3o industrial na passagem de setembro para outubro de 2023. De acordo com a Sondagem Industrial, da Confedera\u00e7\u00e3o Nacional da Ind\u00fastria (CNI), o indicador de evolu\u00e7\u00e3o da produ\u00e7\u00e3o da ind\u00fastria ficou em 50,9 pontos, acima da margem de corte. Valores abaixo de 50 pontos indicam queda e acima mostram aumento [&hellip;]\" \/>\n<meta property=\"og:url\" content=\"https:\/\/sinditextilsp.org.br\/home\/2023\/11\/producao-industrial-de-outubro-superou-setembro-mostra-cni\/\" \/>\n<meta property=\"og:site_name\" content=\"Sindit\u00eaxtil-SP\" \/>\n<meta property=\"article:publisher\" content=\"https:\/\/www.facebook.com\/sinditextilsp\" \/>\n<meta property=\"article:published_time\" content=\"2023-11-21T21:05:35+00:00\" \/>\n<meta property=\"og:image\" content=\"https:\/\/sinditextilsp.org.br\/home\/wp-content\/uploads\/2023\/11\/fabrica-moderna-em-uma-zona-industrial-sob-um-ceu-azul-scaled.jpg\" \/>\n\t<meta property=\"og:image:width\" content=\"2560\" \/>\n\t<meta property=\"og:image:height\" content=\"1686\" \/>\n\t<meta property=\"og:image:type\" content=\"image\/jpeg\" \/>\n<meta name=\"author\" content=\"Sindit\u00eaxtil-SP\" \/>\n<meta name=\"twitter:card\" content=\"summary_large_image\" \/>\n<meta name=\"twitter:creator\" content=\"@SinditextilSP\" \/>\n<meta name=\"twitter:site\" content=\"@SinditextilSP\" \/>\n<meta name=\"twitter:label1\" content=\"Escrito por\" \/>\n\t<meta name=\"twitter:data1\" content=\"Sindit\u00eaxtil-SP\" \/>\n\t<meta name=\"twitter:label2\" content=\"Est. tempo de leitura\" \/>\n\t<meta name=\"twitter:data2\" content=\"2 minutos\" \/>\n<script type=\"application\/ld+json\" class=\"yoast-schema-graph\">{\"@context\":\"https:\/\/schema.org\",\"@graph\":[{\"@type\":\"WebPage\",\"@id\":\"https:\/\/sinditextilsp.org.br\/home\/2023\/11\/producao-industrial-de-outubro-superou-setembro-mostra-cni\/\",\"url\":\"https:\/\/sinditextilsp.org.br\/home\/2023\/11\/producao-industrial-de-outubro-superou-setembro-mostra-cni\/\",\"name\":\"Produ\u00e7\u00e3o industrial de outubro superou setembro, mostra CNI - Sindit\u00eaxtil-SP\",\"isPartOf\":{\"@id\":\"https:\/\/sinditextilsp.org.br\/home\/#website\"},\"primaryImageOfPage\":{\"@id\":\"https:\/\/sinditextilsp.org.br\/home\/2023\/11\/producao-industrial-de-outubro-superou-setembro-mostra-cni\/#primaryimage\"},\"image\":{\"@id\":\"https:\/\/sinditextilsp.org.br\/home\/2023\/11\/producao-industrial-de-outubro-superou-setembro-mostra-cni\/#primaryimage\"},\"thumbnailUrl\":\"https:\/\/sinditextilsp.org.br\/home\/wp-content\/uploads\/2023\/11\/fabrica-moderna-em-uma-zona-industrial-sob-um-ceu-azul-scaled.jpg\",\"datePublished\":\"2023-11-21T21:05:35+00:00\",\"dateModified\":\"2023-11-21T21:05:35+00:00\",\"author\":{\"@id\":\"https:\/\/sinditextilsp.org.br\/home\/#\/schema\/person\/ceca3861f277dc1806d31199f1604264\"},\"breadcrumb\":{\"@id\":\"https:\/\/sinditextilsp.org.br\/home\/2023\/11\/producao-industrial-de-outubro-superou-setembro-mostra-cni\/#breadcrumb\"},\"inLanguage\":\"pt-BR\",\"potentialAction\":[{\"@type\":\"ReadAction\",\"target\":[\"https:\/\/sinditextilsp.org.br\/home\/2023\/11\/producao-industrial-de-outubro-superou-setembro-mostra-cni\/\"]}]},{\"@type\":\"ImageObject\",\"inLanguage\":\"pt-BR\",\"@id\":\"https:\/\/sinditextilsp.org.br\/home\/2023\/11\/producao-industrial-de-outubro-superou-setembro-mostra-cni\/#primaryimage\",\"url\":\"https:\/\/sinditextilsp.org.br\/home\/wp-content\/uploads\/2023\/11\/fabrica-moderna-em-uma-zona-industrial-sob-um-ceu-azul-scaled.jpg\",\"contentUrl\":\"https:\/\/sinditextilsp.org.br\/home\/wp-content\/uploads\/2023\/11\/fabrica-moderna-em-uma-zona-industrial-sob-um-ceu-azul-scaled.jpg\",\"width\":2560,\"height\":1686,\"caption\":\"A modern factory in an industrial zone under a blue sky - a cool picture for presentations\"},{\"@type\":\"BreadcrumbList\",\"@id\":\"https:\/\/sinditextilsp.org.br\/home\/2023\/11\/producao-industrial-de-outubro-superou-setembro-mostra-cni\/#breadcrumb\",\"itemListElement\":[{\"@type\":\"ListItem\",\"position\":1,\"name\":\"In\u00edcio\",\"item\":\"https:\/\/sinditextilsp.org.br\/home\/\"},{\"@type\":\"ListItem\",\"position\":2,\"name\":\"Produ\u00e7\u00e3o industrial de outubro superou setembro, mostra CNI\"}]},{\"@type\":\"WebSite\",\"@id\":\"https:\/\/sinditextilsp.org.br\/home\/#website\",\"url\":\"https:\/\/sinditextilsp.org.br\/home\/\",\"name\":\"Sindit\u00eaxtil-SP\",\"description\":\"Sindicato T\u00eaxtil de S\u00e3o Paulo\",\"potentialAction\":[{\"@type\":\"SearchAction\",\"target\":{\"@type\":\"EntryPoint\",\"urlTemplate\":\"https:\/\/sinditextilsp.org.br\/home\/?s={search_term_string}\"},\"query-input\":\"required name=search_term_string\"}],\"inLanguage\":\"pt-BR\"},{\"@type\":\"Person\",\"@id\":\"https:\/\/sinditextilsp.org.br\/home\/#\/schema\/person\/ceca3861f277dc1806d31199f1604264\",\"name\":\"Sindit\u00eaxtil-SP\",\"image\":{\"@type\":\"ImageObject\",\"inLanguage\":\"pt-BR\",\"@id\":\"https:\/\/sinditextilsp.org.br\/home\/#\/schema\/person\/image\/\",\"url\":\"https:\/\/secure.gravatar.com\/avatar\/1004e4f7c56213ad977aba92436bc447272b6a4743534ef04a82f43c866dd0e0?s=96&d=mm&r=g\",\"contentUrl\":\"https:\/\/secure.gravatar.com\/avatar\/1004e4f7c56213ad977aba92436bc447272b6a4743534ef04a82f43c866dd0e0?s=96&d=mm&r=g\",\"caption\":\"Sindit\u00eaxtil-SP\"},\"url\":\"https:\/\/sinditextilsp.org.br\/home\/author\/sinditextilsp\/\"}]}<\/script>\n<!-- \/ Yoast SEO plugin. -->","yoast_head_json":{"title":"Produ\u00e7\u00e3o industrial de outubro superou setembro, mostra CNI - Sindit\u00eaxtil-SP","robots":{"index":"index","follow":"follow","max-snippet":"max-snippet:-1","max-image-preview":"max-image-preview:large","max-video-preview":"max-video-preview:-1"},"canonical":"https:\/\/sinditextilsp.org.br\/home\/2023\/11\/producao-industrial-de-outubro-superou-setembro-mostra-cni\/","og_locale":"pt_BR","og_type":"article","og_title":"Produ\u00e7\u00e3o industrial de outubro superou setembro, mostra CNI - Sindit\u00eaxtil-SP","og_description":"O Brasil registrou alta da produ\u00e7\u00e3o industrial na passagem de setembro para outubro de 2023. De acordo com a Sondagem Industrial, da Confedera\u00e7\u00e3o Nacional da Ind\u00fastria (CNI), o indicador de evolu\u00e7\u00e3o da produ\u00e7\u00e3o da ind\u00fastria ficou em 50,9 pontos, acima da margem de corte. Valores abaixo de 50 pontos indicam queda e acima mostram aumento [&hellip;]","og_url":"https:\/\/sinditextilsp.org.br\/home\/2023\/11\/producao-industrial-de-outubro-superou-setembro-mostra-cni\/","og_site_name":"Sindit\u00eaxtil-SP","article_publisher":"https:\/\/www.facebook.com\/sinditextilsp","article_published_time":"2023-11-21T21:05:35+00:00","og_image":[{"width":2560,"height":1686,"url":"https:\/\/sinditextilsp.org.br\/home\/wp-content\/uploads\/2023\/11\/fabrica-moderna-em-uma-zona-industrial-sob-um-ceu-azul-scaled.jpg","type":"image\/jpeg"}],"author":"Sindit\u00eaxtil-SP","twitter_card":"summary_large_image","twitter_creator":"@SinditextilSP","twitter_site":"@SinditextilSP","twitter_misc":{"Escrito por":"Sindit\u00eaxtil-SP","Est. tempo de leitura":"2 minutos"},"schema":{"@context":"https:\/\/schema.org","@graph":[{"@type":"WebPage","@id":"https:\/\/sinditextilsp.org.br\/home\/2023\/11\/producao-industrial-de-outubro-superou-setembro-mostra-cni\/","url":"https:\/\/sinditextilsp.org.br\/home\/2023\/11\/producao-industrial-de-outubro-superou-setembro-mostra-cni\/","name":"Produ\u00e7\u00e3o industrial de outubro superou setembro, mostra CNI - Sindit\u00eaxtil-SP","isPartOf":{"@id":"https:\/\/sinditextilsp.org.br\/home\/#website"},"primaryImageOfPage":{"@id":"https:\/\/sinditextilsp.org.br\/home\/2023\/11\/producao-industrial-de-outubro-superou-setembro-mostra-cni\/#primaryimage"},"image":{"@id":"https:\/\/sinditextilsp.org.br\/home\/2023\/11\/producao-industrial-de-outubro-superou-setembro-mostra-cni\/#primaryimage"},"thumbnailUrl":"https:\/\/sinditextilsp.org.br\/home\/wp-content\/uploads\/2023\/11\/fabrica-moderna-em-uma-zona-industrial-sob-um-ceu-azul-scaled.jpg","datePublished":"2023-11-21T21:05:35+00:00","dateModified":"2023-11-21T21:05:35+00:00","author":{"@id":"https:\/\/sinditextilsp.org.br\/home\/#\/schema\/person\/ceca3861f277dc1806d31199f1604264"},"breadcrumb":{"@id":"https:\/\/sinditextilsp.org.br\/home\/2023\/11\/producao-industrial-de-outubro-superou-setembro-mostra-cni\/#breadcrumb"},"inLanguage":"pt-BR","potentialAction":[{"@type":"ReadAction","target":["https:\/\/sinditextilsp.org.br\/home\/2023\/11\/producao-industrial-de-outubro-superou-setembro-mostra-cni\/"]}]},{"@type":"ImageObject","inLanguage":"pt-BR","@id":"https:\/\/sinditextilsp.org.br\/home\/2023\/11\/producao-industrial-de-outubro-superou-setembro-mostra-cni\/#primaryimage","url":"https:\/\/sinditextilsp.org.br\/home\/wp-content\/uploads\/2023\/11\/fabrica-moderna-em-uma-zona-industrial-sob-um-ceu-azul-scaled.jpg","contentUrl":"https:\/\/sinditextilsp.org.br\/home\/wp-content\/uploads\/2023\/11\/fabrica-moderna-em-uma-zona-industrial-sob-um-ceu-azul-scaled.jpg","width":2560,"height":1686,"caption":"A modern factory in an industrial zone under a blue sky - a cool picture for presentations"},{"@type":"BreadcrumbList","@id":"https:\/\/sinditextilsp.org.br\/home\/2023\/11\/producao-industrial-de-outubro-superou-setembro-mostra-cni\/#breadcrumb","itemListElement":[{"@type":"ListItem","position":1,"name":"In\u00edcio","item":"https:\/\/sinditextilsp.org.br\/home\/"},{"@type":"ListItem","position":2,"name":"Produ\u00e7\u00e3o industrial de outubro superou setembro, mostra CNI"}]},{"@type":"WebSite","@id":"https:\/\/sinditextilsp.org.br\/home\/#website","url":"https:\/\/sinditextilsp.org.br\/home\/","name":"Sindit\u00eaxtil-SP","description":"Sindicato T\u00eaxtil de S\u00e3o Paulo","potentialAction":[{"@type":"SearchAction","target":{"@type":"EntryPoint","urlTemplate":"https:\/\/sinditextilsp.org.br\/home\/?s={search_term_string}"},"query-input":"required name=search_term_string"}],"inLanguage":"pt-BR"},{"@type":"Person","@id":"https:\/\/sinditextilsp.org.br\/home\/#\/schema\/person\/ceca3861f277dc1806d31199f1604264","name":"Sindit\u00eaxtil-SP","image":{"@type":"ImageObject","inLanguage":"pt-BR","@id":"https:\/\/sinditextilsp.org.br\/home\/#\/schema\/person\/image\/","url":"https:\/\/secure.gravatar.com\/avatar\/1004e4f7c56213ad977aba92436bc447272b6a4743534ef04a82f43c866dd0e0?s=96&d=mm&r=g","contentUrl":"https:\/\/secure.gravatar.com\/avatar\/1004e4f7c56213ad977aba92436bc447272b6a4743534ef04a82f43c866dd0e0?s=96&d=mm&r=g","caption":"Sindit\u00eaxtil-SP"},"url":"https:\/\/sinditextilsp.org.br\/home\/author\/sinditextilsp\/"}]}},"_links":{"self":[{"href":"https:\/\/sinditextilsp.org.br\/home\/wp-json\/wp\/v2\/posts\/4273","targetHints":{"allow":["GET"]}}],"collection":[{"href":"https:\/\/sinditextilsp.org.br\/home\/wp-json\/wp\/v2\/posts"}],"about":[{"href":"https:\/\/sinditextilsp.org.br\/home\/wp-json\/wp\/v2\/types\/post"}],"author":[{"embeddable":true,"href":"https:\/\/sinditextilsp.org.br\/home\/wp-json\/wp\/v2\/users\/2"}],"replies":[{"embeddable":true,"href":"https:\/\/sinditextilsp.org.br\/home\/wp-json\/wp\/v2\/comments?post=4273"}],"version-history":[{"count":1,"href":"https:\/\/sinditextilsp.org.br\/home\/wp-json\/wp\/v2\/posts\/4273\/revisions"}],"predecessor-version":[{"id":4275,"href":"https:\/\/sinditextilsp.org.br\/home\/wp-json\/wp\/v2\/posts\/4273\/revisions\/4275"}],"wp:featuredmedia":[{"embeddable":true,"href":"https:\/\/sinditextilsp.org.br\/home\/wp-json\/wp\/v2\/media\/4274"}],"wp:attachment":[{"href":"https:\/\/sinditextilsp.org.br\/home\/wp-json\/wp\/v2\/media?parent=4273"}],"wp:term":[{"taxonomy":"category","embeddable":true,"href":"https:\/\/sinditextilsp.org.br\/home\/wp-json\/wp\/v2\/categories?post=4273"},{"taxonomy":"post_tag","embeddable":true,"href":"https:\/\/sinditextilsp.org.br\/home\/wp-json\/wp\/v2\/tags?post=4273"}],"curies":[{"name":"wp","href":"https:\/\/api.w.org\/{rel}","templated":true}]}}