{"id":4481,"date":"2023-12-22T17:37:13","date_gmt":"2023-12-22T19:37:13","guid":{"rendered":"https:\/\/sinditextilsp.org.br\/home\/?p=4481"},"modified":"2023-12-22T17:37:36","modified_gmt":"2023-12-22T19:37:36","slug":"governo-de-sp-capacita-300-pequenas-empresas-para-exportacao","status":"publish","type":"post","link":"https:\/\/sinditextilsp.org.br\/home\/2023\/12\/governo-de-sp-capacita-300-pequenas-empresas-para-exportacao\/","title":{"rendered":"Governo de SP capacita 300 pequenas empresas para exporta\u00e7\u00e3o"},"content":{"rendered":"<p style=\"text-align: justify;\">Cerca de 300 empresas de micro, pequeno e m\u00e9dio porte foram capacitadas pelo Governo de S\u00e3o Paulo, em 2023, para que possam exportar produtos e servi\u00e7os. Elas participaram do Exporta SP, programa da Secretaria de Desenvolvimento Econ\u00f4mico (SDE) e da InvestSP, ag\u00eancia de promo\u00e7\u00e3o de investimentos vinculada \u00e0 pasta, voltado para empresas de qualquer regi\u00e3o do Estado e de qualquer setor. Com isso, o total de companhias atendidas desde a cria\u00e7\u00e3o do programa passou de 800 e chegar\u00e1 a mil em 2024, com a abertura de pelo menos 300 vagas.<\/p>\n<p style=\"text-align: justify;\">Em m\u00e9dia uma de cada cinco come\u00e7a a exportar j\u00e1 durante a capacita\u00e7\u00e3o, que tem dura\u00e7\u00e3o de quatro meses e \u00e9 100% online e gratuita. Durante esse per\u00edodo, s\u00e3o realizados 12 encontros coletivos, que re\u00fanem todos os participantes do programa, e quatro mentorias, momentos nos quais o empreendedor tem contato direto com um especialista, para discutir necessidades e desafios espec\u00edficos do seu neg\u00f3cio.<\/p>\n<p style=\"text-align: justify;\">\u201cOs pequenos neg\u00f3cios responderam por sete de cada 10 empregos criadas no pa\u00eds neste ano. Quando abrimos caminho para que essas empresas consigam exportar, estamos contribuindo para que eles se desenvolvam, inovem, garantam novas receitas e ainda movimentem a economia com gera\u00e7\u00e3o de emprego e renda\u201d, diz o diretor de Projetos e Inova\u00e7\u00e3o da InvestSP, Thiago Camargo.<\/p>\n<p style=\"text-align: justify;\">A capacita\u00e7\u00e3o aborda os temas que mais desafiam os empres\u00e1rios no processo de internacionaliza\u00e7\u00e3o, como forma\u00e7\u00e3o de pre\u00e7os, adequa\u00e7\u00e3o de produtos e servi\u00e7os, intelig\u00eancia comercial e planos de marketing e vendas. As empresas participantes ainda contam com apoio de especialistas por at\u00e9 dois anos.<\/p>\n<p style=\"text-align: justify;\"><strong>Miss\u00f5es internacionais<\/strong><\/p>\n<p style=\"text-align: justify;\">Tamb\u00e9m com o objetivo de aumentar as exporta\u00e7\u00f5es, al\u00e9m de atrair investimento estrangeiro, a InvestSP realizou, neste ano, 26 miss\u00f5es internacionais. Elas levaram 166 empresas, de v\u00e1rios tamanhos e setores, para eventos em pa\u00edses como Estados Unidos, China e Jap\u00e3o e devem gerar mais de R$ 400 milh\u00f5es em neg\u00f3cios. As viagens s\u00e3o organizadas com apoio dos escrit\u00f3rios da InvestSP na Am\u00e9rica do Norte, na Europa, na \u00c1sia e no Oriente M\u00e9dio.<\/p>\n<p style=\"text-align: justify;\">Entre as miss\u00f5es, est\u00e3o tr\u00eas roadshows nos Estados Unidos e na Europa para atrair investimentos privados para o Programa de Parceria de Investimentos (PPI-SP), do Governo do Estado. O PPI-SP deve injetar at\u00e9 R$ 200 bilh\u00f5es em capital privado em a\u00e7\u00f5es de desestatiza\u00e7\u00e3o e obras de infraestrutura, como o t\u00fanel Santos-Guaruj\u00e1 e o trem que ligar\u00e1 S\u00e3o Paulo e Campinas.<\/p>\n<p style=\"text-align: justify;\">Destaque, ainda, para as nove miss\u00f5es do CreativeSP, programa desenvolvido em parceria com a Secretaria da Cultura, Economia e Ind\u00fastria Criativas e que levou empresas paulistas do setor cultural para eventos como Feira do Livro de Frankfurt, na Alemanha, e Festival de Cinema de Cannes, na Fran\u00e7a.<\/p>\n<p>Fonte: <a href=\"https:\/\/www.investe.sp.gov.br\/noticia\/governo-de-sp-capacita-300-pequenas-empresas-para-exportacao\/\">Investe SP<\/a><\/p>\n","protected":false},"excerpt":{"rendered":"<p>Cerca de 300 empresas de micro, pequeno e m\u00e9dio porte foram capacitadas pelo Governo de S\u00e3o Paulo, em 2023, para que possam exportar produtos e servi\u00e7os. Elas participaram do Exporta SP, programa da Secretaria de Desenvolvimento Econ\u00f4mico (SDE) e da InvestSP, ag\u00eancia de promo\u00e7\u00e3o de investimentos vinculada \u00e0 pasta, voltado para empresas de qualquer regi\u00e3o [&hellip;]<\/p>\n","protected":false},"author":2,"featured_media":4066,"comment_status":"open","ping_status":"open","sticky":false,"template":"","format":"standard","meta":{"footnotes":""},"categories":[56,16,1],"tags":[],"class_list":["post-4481","post","type-post","status-publish","format-standard","has-post-thumbnail","hentry","category-destaques","category-noticias","category-sem-categoria"],"yoast_head":"<!-- This site is optimized with the Yoast SEO plugin v22.8 - https:\/\/yoast.com\/wordpress\/plugins\/seo\/ -->\n<title>Governo de SP capacita 300 pequenas empresas para exporta\u00e7\u00e3o - Sindit\u00eaxtil-SP<\/title>\n<meta name=\"robots\" content=\"index, follow, max-snippet:-1, max-image-preview:large, max-video-preview:-1\" \/>\n<link rel=\"canonical\" href=\"https:\/\/sinditextilsp.org.br\/home\/2023\/12\/governo-de-sp-capacita-300-pequenas-empresas-para-exportacao\/\" \/>\n<meta property=\"og:locale\" content=\"pt_BR\" \/>\n<meta property=\"og:type\" content=\"article\" \/>\n<meta property=\"og:title\" content=\"Governo de SP capacita 300 pequenas empresas para exporta\u00e7\u00e3o - Sindit\u00eaxtil-SP\" \/>\n<meta property=\"og:description\" content=\"Cerca de 300 empresas de micro, pequeno e m\u00e9dio porte foram capacitadas pelo Governo de S\u00e3o Paulo, em 2023, para que possam exportar produtos e servi\u00e7os. Elas participaram do Exporta SP, programa da Secretaria de Desenvolvimento Econ\u00f4mico (SDE) e da InvestSP, ag\u00eancia de promo\u00e7\u00e3o de investimentos vinculada \u00e0 pasta, voltado para empresas de qualquer regi\u00e3o [&hellip;]\" \/>\n<meta property=\"og:url\" content=\"https:\/\/sinditextilsp.org.br\/home\/2023\/12\/governo-de-sp-capacita-300-pequenas-empresas-para-exportacao\/\" \/>\n<meta property=\"og:site_name\" content=\"Sindit\u00eaxtil-SP\" \/>\n<meta property=\"article:publisher\" content=\"https:\/\/www.facebook.com\/sinditextilsp\" \/>\n<meta property=\"article:published_time\" content=\"2023-12-22T19:37:13+00:00\" \/>\n<meta property=\"article:modified_time\" content=\"2023-12-22T19:37:36+00:00\" \/>\n<meta property=\"og:image\" content=\"https:\/\/sinditextilsp.org.br\/home\/wp-content\/uploads\/2023\/09\/conceito-de-trabalho-global-do-planeamento-empresarial-da-equipe-do-negocio-scaled.jpg\" \/>\n\t<meta property=\"og:image:width\" content=\"2560\" \/>\n\t<meta property=\"og:image:height\" content=\"2035\" \/>\n\t<meta property=\"og:image:type\" content=\"image\/jpeg\" \/>\n<meta name=\"author\" content=\"Sindit\u00eaxtil-SP\" \/>\n<meta name=\"twitter:card\" content=\"summary_large_image\" \/>\n<meta name=\"twitter:creator\" content=\"@SinditextilSP\" \/>\n<meta name=\"twitter:site\" content=\"@SinditextilSP\" \/>\n<meta name=\"twitter:label1\" content=\"Escrito por\" \/>\n\t<meta name=\"twitter:data1\" content=\"Sindit\u00eaxtil-SP\" \/>\n\t<meta name=\"twitter:label2\" content=\"Est. tempo de leitura\" \/>\n\t<meta name=\"twitter:data2\" content=\"2 minutos\" \/>\n<script type=\"application\/ld+json\" class=\"yoast-schema-graph\">{\"@context\":\"https:\/\/schema.org\",\"@graph\":[{\"@type\":\"WebPage\",\"@id\":\"https:\/\/sinditextilsp.org.br\/home\/2023\/12\/governo-de-sp-capacita-300-pequenas-empresas-para-exportacao\/\",\"url\":\"https:\/\/sinditextilsp.org.br\/home\/2023\/12\/governo-de-sp-capacita-300-pequenas-empresas-para-exportacao\/\",\"name\":\"Governo de SP capacita 300 pequenas empresas para exporta\u00e7\u00e3o - Sindit\u00eaxtil-SP\",\"isPartOf\":{\"@id\":\"https:\/\/sinditextilsp.org.br\/home\/#website\"},\"primaryImageOfPage\":{\"@id\":\"https:\/\/sinditextilsp.org.br\/home\/2023\/12\/governo-de-sp-capacita-300-pequenas-empresas-para-exportacao\/#primaryimage\"},\"image\":{\"@id\":\"https:\/\/sinditextilsp.org.br\/home\/2023\/12\/governo-de-sp-capacita-300-pequenas-empresas-para-exportacao\/#primaryimage\"},\"thumbnailUrl\":\"https:\/\/sinditextilsp.org.br\/home\/wp-content\/uploads\/2023\/09\/conceito-de-trabalho-global-do-planeamento-empresarial-da-equipe-do-negocio-scaled.jpg\",\"datePublished\":\"2023-12-22T19:37:13+00:00\",\"dateModified\":\"2023-12-22T19:37:36+00:00\",\"author\":{\"@id\":\"https:\/\/sinditextilsp.org.br\/home\/#\/schema\/person\/ceca3861f277dc1806d31199f1604264\"},\"breadcrumb\":{\"@id\":\"https:\/\/sinditextilsp.org.br\/home\/2023\/12\/governo-de-sp-capacita-300-pequenas-empresas-para-exportacao\/#breadcrumb\"},\"inLanguage\":\"pt-BR\",\"potentialAction\":[{\"@type\":\"ReadAction\",\"target\":[\"https:\/\/sinditextilsp.org.br\/home\/2023\/12\/governo-de-sp-capacita-300-pequenas-empresas-para-exportacao\/\"]}]},{\"@type\":\"ImageObject\",\"inLanguage\":\"pt-BR\",\"@id\":\"https:\/\/sinditextilsp.org.br\/home\/2023\/12\/governo-de-sp-capacita-300-pequenas-empresas-para-exportacao\/#primaryimage\",\"url\":\"https:\/\/sinditextilsp.org.br\/home\/wp-content\/uploads\/2023\/09\/conceito-de-trabalho-global-do-planeamento-empresarial-da-equipe-do-negocio-scaled.jpg\",\"contentUrl\":\"https:\/\/sinditextilsp.org.br\/home\/wp-content\/uploads\/2023\/09\/conceito-de-trabalho-global-do-planeamento-empresarial-da-equipe-do-negocio-scaled.jpg\",\"width\":2560,\"height\":2035,\"caption\":\"Business Team Global Business Planning Working Concept\"},{\"@type\":\"BreadcrumbList\",\"@id\":\"https:\/\/sinditextilsp.org.br\/home\/2023\/12\/governo-de-sp-capacita-300-pequenas-empresas-para-exportacao\/#breadcrumb\",\"itemListElement\":[{\"@type\":\"ListItem\",\"position\":1,\"name\":\"In\u00edcio\",\"item\":\"https:\/\/sinditextilsp.org.br\/home\/\"},{\"@type\":\"ListItem\",\"position\":2,\"name\":\"Governo de SP capacita 300 pequenas empresas para exporta\u00e7\u00e3o\"}]},{\"@type\":\"WebSite\",\"@id\":\"https:\/\/sinditextilsp.org.br\/home\/#website\",\"url\":\"https:\/\/sinditextilsp.org.br\/home\/\",\"name\":\"Sindit\u00eaxtil-SP\",\"description\":\"Sindicato T\u00eaxtil de S\u00e3o Paulo\",\"potentialAction\":[{\"@type\":\"SearchAction\",\"target\":{\"@type\":\"EntryPoint\",\"urlTemplate\":\"https:\/\/sinditextilsp.org.br\/home\/?s={search_term_string}\"},\"query-input\":\"required name=search_term_string\"}],\"inLanguage\":\"pt-BR\"},{\"@type\":\"Person\",\"@id\":\"https:\/\/sinditextilsp.org.br\/home\/#\/schema\/person\/ceca3861f277dc1806d31199f1604264\",\"name\":\"Sindit\u00eaxtil-SP\",\"image\":{\"@type\":\"ImageObject\",\"inLanguage\":\"pt-BR\",\"@id\":\"https:\/\/sinditextilsp.org.br\/home\/#\/schema\/person\/image\/\",\"url\":\"https:\/\/secure.gravatar.com\/avatar\/1004e4f7c56213ad977aba92436bc447272b6a4743534ef04a82f43c866dd0e0?s=96&d=mm&r=g\",\"contentUrl\":\"https:\/\/secure.gravatar.com\/avatar\/1004e4f7c56213ad977aba92436bc447272b6a4743534ef04a82f43c866dd0e0?s=96&d=mm&r=g\",\"caption\":\"Sindit\u00eaxtil-SP\"},\"url\":\"https:\/\/sinditextilsp.org.br\/home\/author\/sinditextilsp\/\"}]}<\/script>\n<!-- \/ Yoast SEO plugin. -->","yoast_head_json":{"title":"Governo de SP capacita 300 pequenas empresas para exporta\u00e7\u00e3o - Sindit\u00eaxtil-SP","robots":{"index":"index","follow":"follow","max-snippet":"max-snippet:-1","max-image-preview":"max-image-preview:large","max-video-preview":"max-video-preview:-1"},"canonical":"https:\/\/sinditextilsp.org.br\/home\/2023\/12\/governo-de-sp-capacita-300-pequenas-empresas-para-exportacao\/","og_locale":"pt_BR","og_type":"article","og_title":"Governo de SP capacita 300 pequenas empresas para exporta\u00e7\u00e3o - Sindit\u00eaxtil-SP","og_description":"Cerca de 300 empresas de micro, pequeno e m\u00e9dio porte foram capacitadas pelo Governo de S\u00e3o Paulo, em 2023, para que possam exportar produtos e servi\u00e7os. Elas participaram do Exporta SP, programa da Secretaria de Desenvolvimento Econ\u00f4mico (SDE) e da InvestSP, ag\u00eancia de promo\u00e7\u00e3o de investimentos vinculada \u00e0 pasta, voltado para empresas de qualquer regi\u00e3o [&hellip;]","og_url":"https:\/\/sinditextilsp.org.br\/home\/2023\/12\/governo-de-sp-capacita-300-pequenas-empresas-para-exportacao\/","og_site_name":"Sindit\u00eaxtil-SP","article_publisher":"https:\/\/www.facebook.com\/sinditextilsp","article_published_time":"2023-12-22T19:37:13+00:00","article_modified_time":"2023-12-22T19:37:36+00:00","og_image":[{"width":2560,"height":2035,"url":"https:\/\/sinditextilsp.org.br\/home\/wp-content\/uploads\/2023\/09\/conceito-de-trabalho-global-do-planeamento-empresarial-da-equipe-do-negocio-scaled.jpg","type":"image\/jpeg"}],"author":"Sindit\u00eaxtil-SP","twitter_card":"summary_large_image","twitter_creator":"@SinditextilSP","twitter_site":"@SinditextilSP","twitter_misc":{"Escrito por":"Sindit\u00eaxtil-SP","Est. tempo de leitura":"2 minutos"},"schema":{"@context":"https:\/\/schema.org","@graph":[{"@type":"WebPage","@id":"https:\/\/sinditextilsp.org.br\/home\/2023\/12\/governo-de-sp-capacita-300-pequenas-empresas-para-exportacao\/","url":"https:\/\/sinditextilsp.org.br\/home\/2023\/12\/governo-de-sp-capacita-300-pequenas-empresas-para-exportacao\/","name":"Governo de SP capacita 300 pequenas empresas para exporta\u00e7\u00e3o - Sindit\u00eaxtil-SP","isPartOf":{"@id":"https:\/\/sinditextilsp.org.br\/home\/#website"},"primaryImageOfPage":{"@id":"https:\/\/sinditextilsp.org.br\/home\/2023\/12\/governo-de-sp-capacita-300-pequenas-empresas-para-exportacao\/#primaryimage"},"image":{"@id":"https:\/\/sinditextilsp.org.br\/home\/2023\/12\/governo-de-sp-capacita-300-pequenas-empresas-para-exportacao\/#primaryimage"},"thumbnailUrl":"https:\/\/sinditextilsp.org.br\/home\/wp-content\/uploads\/2023\/09\/conceito-de-trabalho-global-do-planeamento-empresarial-da-equipe-do-negocio-scaled.jpg","datePublished":"2023-12-22T19:37:13+00:00","dateModified":"2023-12-22T19:37:36+00:00","author":{"@id":"https:\/\/sinditextilsp.org.br\/home\/#\/schema\/person\/ceca3861f277dc1806d31199f1604264"},"breadcrumb":{"@id":"https:\/\/sinditextilsp.org.br\/home\/2023\/12\/governo-de-sp-capacita-300-pequenas-empresas-para-exportacao\/#breadcrumb"},"inLanguage":"pt-BR","potentialAction":[{"@type":"ReadAction","target":["https:\/\/sinditextilsp.org.br\/home\/2023\/12\/governo-de-sp-capacita-300-pequenas-empresas-para-exportacao\/"]}]},{"@type":"ImageObject","inLanguage":"pt-BR","@id":"https:\/\/sinditextilsp.org.br\/home\/2023\/12\/governo-de-sp-capacita-300-pequenas-empresas-para-exportacao\/#primaryimage","url":"https:\/\/sinditextilsp.org.br\/home\/wp-content\/uploads\/2023\/09\/conceito-de-trabalho-global-do-planeamento-empresarial-da-equipe-do-negocio-scaled.jpg","contentUrl":"https:\/\/sinditextilsp.org.br\/home\/wp-content\/uploads\/2023\/09\/conceito-de-trabalho-global-do-planeamento-empresarial-da-equipe-do-negocio-scaled.jpg","width":2560,"height":2035,"caption":"Business Team Global Business Planning Working Concept"},{"@type":"BreadcrumbList","@id":"https:\/\/sinditextilsp.org.br\/home\/2023\/12\/governo-de-sp-capacita-300-pequenas-empresas-para-exportacao\/#breadcrumb","itemListElement":[{"@type":"ListItem","position":1,"name":"In\u00edcio","item":"https:\/\/sinditextilsp.org.br\/home\/"},{"@type":"ListItem","position":2,"name":"Governo de SP capacita 300 pequenas empresas para exporta\u00e7\u00e3o"}]},{"@type":"WebSite","@id":"https:\/\/sinditextilsp.org.br\/home\/#website","url":"https:\/\/sinditextilsp.org.br\/home\/","name":"Sindit\u00eaxtil-SP","description":"Sindicato T\u00eaxtil de S\u00e3o Paulo","potentialAction":[{"@type":"SearchAction","target":{"@type":"EntryPoint","urlTemplate":"https:\/\/sinditextilsp.org.br\/home\/?s={search_term_string}"},"query-input":"required name=search_term_string"}],"inLanguage":"pt-BR"},{"@type":"Person","@id":"https:\/\/sinditextilsp.org.br\/home\/#\/schema\/person\/ceca3861f277dc1806d31199f1604264","name":"Sindit\u00eaxtil-SP","image":{"@type":"ImageObject","inLanguage":"pt-BR","@id":"https:\/\/sinditextilsp.org.br\/home\/#\/schema\/person\/image\/","url":"https:\/\/secure.gravatar.com\/avatar\/1004e4f7c56213ad977aba92436bc447272b6a4743534ef04a82f43c866dd0e0?s=96&d=mm&r=g","contentUrl":"https:\/\/secure.gravatar.com\/avatar\/1004e4f7c56213ad977aba92436bc447272b6a4743534ef04a82f43c866dd0e0?s=96&d=mm&r=g","caption":"Sindit\u00eaxtil-SP"},"url":"https:\/\/sinditextilsp.org.br\/home\/author\/sinditextilsp\/"}]}},"_links":{"self":[{"href":"https:\/\/sinditextilsp.org.br\/home\/wp-json\/wp\/v2\/posts\/4481","targetHints":{"allow":["GET"]}}],"collection":[{"href":"https:\/\/sinditextilsp.org.br\/home\/wp-json\/wp\/v2\/posts"}],"about":[{"href":"https:\/\/sinditextilsp.org.br\/home\/wp-json\/wp\/v2\/types\/post"}],"author":[{"embeddable":true,"href":"https:\/\/sinditextilsp.org.br\/home\/wp-json\/wp\/v2\/users\/2"}],"replies":[{"embeddable":true,"href":"https:\/\/sinditextilsp.org.br\/home\/wp-json\/wp\/v2\/comments?post=4481"}],"version-history":[{"count":1,"href":"https:\/\/sinditextilsp.org.br\/home\/wp-json\/wp\/v2\/posts\/4481\/revisions"}],"predecessor-version":[{"id":4482,"href":"https:\/\/sinditextilsp.org.br\/home\/wp-json\/wp\/v2\/posts\/4481\/revisions\/4482"}],"wp:featuredmedia":[{"embeddable":true,"href":"https:\/\/sinditextilsp.org.br\/home\/wp-json\/wp\/v2\/media\/4066"}],"wp:attachment":[{"href":"https:\/\/sinditextilsp.org.br\/home\/wp-json\/wp\/v2\/media?parent=4481"}],"wp:term":[{"taxonomy":"category","embeddable":true,"href":"https:\/\/sinditextilsp.org.br\/home\/wp-json\/wp\/v2\/categories?post=4481"},{"taxonomy":"post_tag","embeddable":true,"href":"https:\/\/sinditextilsp.org.br\/home\/wp-json\/wp\/v2\/tags?post=4481"}],"curies":[{"name":"wp","href":"https:\/\/api.w.org\/{rel}","templated":true}]}}