{"id":4696,"date":"2024-02-09T13:50:00","date_gmt":"2024-02-09T15:50:00","guid":{"rendered":"https:\/\/sinditextilsp.org.br\/home\/?p=4696"},"modified":"2024-02-09T16:04:47","modified_gmt":"2024-02-09T18:04:47","slug":"empresas-associadas-ao-sinditextil-sp-marcam-presenca-na-colombiatex-2024","status":"publish","type":"post","link":"https:\/\/sinditextilsp.org.br\/home\/2024\/02\/empresas-associadas-ao-sinditextil-sp-marcam-presenca-na-colombiatex-2024\/","title":{"rendered":"Empresas associadas ao Sindit\u00eaxtil-SP marcam presen\u00e7a na Colombiatex 2024"},"content":{"rendered":"<p style=\"text-align: justify;\"><span style=\"font-weight: 400;\">Seis empresas associadas ao Sindit\u00eaxtil-SP participaram da Colombiatex 2024, que ocorreu nos dias 23, 24 e 25 de janeiro, em Medell\u00edn, na Col\u00f4mbia. S\u00e3o elas: Santista, Capric\u00f3rnio T\u00eaxtil, Cataguases, Canatiba, Santa Const\u00e2ncia e Vicunha.\u00a0<\/span><\/p>\n<p style=\"text-align: justify;\"><span style=\"font-weight: 400;\">O presidente do Sindicato, Julio Scudeler, visitou o estande de cada uma delas. <\/span><span style=\"font-weight: 400;\">&#8220;O expressivo valor dos neg\u00f3cios realizados na Colombiatex confirmou o otimismo e a expectativa dos empres\u00e1rios brasileiros, em especial nossos associados, com os quais tivemos a oportunidade de conversar individualmente. Esse modelo de neg\u00f3cios j\u00e1 est\u00e1 inserido na agenda das ind\u00fastrias nacionais, para maximizar a exposi\u00e7\u00e3o de seus produtos para novos mercados e para potenciais novos clientes&#8221;, enfatizou.<\/span><\/p>\n<p style=\"text-align: justify;\"><span style=\"font-weight: 400;\">As associadas ao Sindit\u00eaxtil-SP integraram a delega\u00e7\u00e3o brasileira apoiada pelo <\/span><a href=\"https:\/\/texbrasil.com.br\/pt\/\"><span style=\"font-weight: 400;\">Texbrasil<\/span><\/a><span style=\"font-weight: 400;\">\u00a0\u2013 (Programa de Internacionaliza\u00e7\u00e3o da Ind\u00fastria T\u00eaxtil e de Moda Brasileira), resultado de uma parceria entre a\u00a0<\/span><a href=\"https:\/\/www.abit.org.br\/\"><span style=\"font-weight: 400;\">Abit<\/span><\/a><span style=\"font-weight: 400;\">\u00a0(Associa\u00e7\u00e3o Brasileira da Ind\u00fastria T\u00eaxtil e de Confec\u00e7\u00e3o) e a\u00a0<\/span><a href=\"https:\/\/apexbrasil.com.br\/\"><span style=\"font-weight: 400;\">ApexBrasil<\/span><\/a><span style=\"font-weight: 400;\">\u00a0(Ag\u00eancia Brasileira de Promo\u00e7\u00e3o de Exporta\u00e7\u00f5es e Investimentos).\u00a0<\/span><\/p>\n<p style=\"text-align: justify;\"><span style=\"font-weight: 400;\">Durante os tr\u00eas dias do evento, as 35 empresas apoiadas pelo Programa fecharam neg\u00f3cios que ultrapassam a marca dos USD 10,3 milh\u00f5es, com expectativas para a concretiza\u00e7\u00e3o de mais de USD 95 milh\u00f5es em vendas ao longo do ano.<\/span><\/p>\n<p style=\"text-align: justify;\"><span style=\"font-weight: 400;\">A Colombiatex \u00e9 considerada o principal centro de neg\u00f3cios da Am\u00e9rica Latina voltado para o segmento t\u00eaxtil, de m\u00e1quinas e produtos qu\u00edmicos. Conta com a presen\u00e7a de visitantes, atacadistas, distribuidores, varejistas, representantes de insumos t\u00eaxteis e de confec\u00e7\u00e3o, al\u00e9m da imprensa do mundo inteiro. A pr\u00f3xima edi\u00e7\u00e3o ocorre em janeiro de 2025.<\/span><\/p>\n<div id='gallery-1' class='gallery galleryid-4696 gallery-columns-3 gallery-size-thumbnail'><figure class='gallery-item'>\n\t\t\t<div class='gallery-icon landscape'>\n\t\t\t\t<a href='https:\/\/sinditextilsp.org.br\/home\/2024\/02\/empresas-associadas-ao-sinditextil-sp-marcam-presenca-na-colombiatex-2024\/whatsapp-image-2024-01-24-at-15-44-500\/'><img loading=\"lazy\" decoding=\"async\" width=\"150\" height=\"150\" src=\"https:\/\/sinditextilsp.org.br\/home\/wp-content\/uploads\/2024\/02\/WhatsApp-Image-2024-01-24-at-15.44.500-150x150.jpeg\" class=\"attachment-thumbnail size-thumbnail\" alt=\"\" aria-describedby=\"gallery-1-4699\" \/><\/a>\n\t\t\t<\/div>\n\t\t\t\t<figcaption class='wp-caption-text gallery-caption' id='gallery-1-4699'>\n\t\t\t\tCanatiba\n\t\t\t\t<\/figcaption><\/figure><figure class='gallery-item'>\n\t\t\t<div class='gallery-icon landscape'>\n\t\t\t\t<a href='https:\/\/sinditextilsp.org.br\/home\/2024\/02\/empresas-associadas-ao-sinditextil-sp-marcam-presenca-na-colombiatex-2024\/attachment\/0\/'><img loading=\"lazy\" decoding=\"async\" width=\"150\" height=\"150\" src=\"https:\/\/sinditextilsp.org.br\/home\/wp-content\/uploads\/2024\/02\/0-150x150.jpeg\" class=\"attachment-thumbnail size-thumbnail\" alt=\"\" aria-describedby=\"gallery-1-4700\" \/><\/a>\n\t\t\t<\/div>\n\t\t\t\t<figcaption class='wp-caption-text gallery-caption' id='gallery-1-4700'>\n\t\t\t\tSantaconstancia\n\t\t\t\t<\/figcaption><\/figure><figure class='gallery-item'>\n\t\t\t<div class='gallery-icon landscape'>\n\t\t\t\t<a href='https:\/\/sinditextilsp.org.br\/home\/2024\/02\/empresas-associadas-ao-sinditextil-sp-marcam-presenca-na-colombiatex-2024\/whatsapp-image-2024-01-24-at-15-46-130\/'><img loading=\"lazy\" decoding=\"async\" width=\"150\" height=\"150\" src=\"https:\/\/sinditextilsp.org.br\/home\/wp-content\/uploads\/2024\/02\/WhatsApp-Image-2024-01-24-at-15.46.130-150x150.jpeg\" class=\"attachment-thumbnail size-thumbnail\" alt=\"\" aria-describedby=\"gallery-1-4702\" \/><\/a>\n\t\t\t<\/div>\n\t\t\t\t<figcaption class='wp-caption-text gallery-caption' id='gallery-1-4702'>\n\t\t\t\tCapric\u00f3rnio\n\t\t\t\t<\/figcaption><\/figure><figure class='gallery-item'>\n\t\t\t<div class='gallery-icon landscape'>\n\t\t\t\t<a href='https:\/\/sinditextilsp.org.br\/home\/2024\/02\/empresas-associadas-ao-sinditextil-sp-marcam-presenca-na-colombiatex-2024\/whatsapp-image-2024-01-24-at-18-01-590\/'><img loading=\"lazy\" decoding=\"async\" width=\"150\" height=\"150\" src=\"https:\/\/sinditextilsp.org.br\/home\/wp-content\/uploads\/2024\/02\/WhatsApp-Image-2024-01-24-at-18.01.590-150x150.jpeg\" class=\"attachment-thumbnail size-thumbnail\" alt=\"\" aria-describedby=\"gallery-1-4703\" \/><\/a>\n\t\t\t<\/div>\n\t\t\t\t<figcaption class='wp-caption-text gallery-caption' id='gallery-1-4703'>\n\t\t\t\tCataguases\n\t\t\t\t<\/figcaption><\/figure><figure class='gallery-item'>\n\t\t\t<div class='gallery-icon landscape'>\n\t\t\t\t<a href='https:\/\/sinditextilsp.org.br\/home\/2024\/02\/empresas-associadas-ao-sinditextil-sp-marcam-presenca-na-colombiatex-2024\/whatsapp-image-2024-01-25-at-08-59-290\/'><img loading=\"lazy\" decoding=\"async\" width=\"150\" height=\"150\" src=\"https:\/\/sinditextilsp.org.br\/home\/wp-content\/uploads\/2024\/02\/WhatsApp-Image-2024-01-25-at-08.59.290-150x150.jpeg\" class=\"attachment-thumbnail size-thumbnail\" alt=\"\" aria-describedby=\"gallery-1-4704\" \/><\/a>\n\t\t\t<\/div>\n\t\t\t\t<figcaption class='wp-caption-text gallery-caption' id='gallery-1-4704'>\n\t\t\t\tSantista\n\t\t\t\t<\/figcaption><\/figure><figure class='gallery-item'>\n\t\t\t<div class='gallery-icon portrait'>\n\t\t\t\t<a href='https:\/\/sinditextilsp.org.br\/home\/2024\/02\/empresas-associadas-ao-sinditextil-sp-marcam-presenca-na-colombiatex-2024\/attachment\/0555\/'><img loading=\"lazy\" decoding=\"async\" width=\"150\" height=\"150\" src=\"https:\/\/sinditextilsp.org.br\/home\/wp-content\/uploads\/2024\/02\/0555-150x150.jpeg\" class=\"attachment-thumbnail size-thumbnail\" alt=\"\" aria-describedby=\"gallery-1-4705\" \/><\/a>\n\t\t\t<\/div>\n\t\t\t\t<figcaption class='wp-caption-text gallery-caption' id='gallery-1-4705'>\n\t\t\t\tVicunha\n\t\t\t\t<\/figcaption><\/figure>\n\t\t<\/div>\n\n","protected":false},"excerpt":{"rendered":"<p>Seis empresas associadas ao Sindit\u00eaxtil-SP participaram da Colombiatex 2024, que ocorreu nos dias 23, 24 e 25 de janeiro, em Medell\u00edn, na Col\u00f4mbia. S\u00e3o elas: Santista, Capric\u00f3rnio T\u00eaxtil, Cataguases, Canatiba, Santa Const\u00e2ncia e Vicunha.\u00a0 O presidente do Sindicato, Julio Scudeler, visitou o estande de cada uma delas. &#8220;O expressivo valor dos neg\u00f3cios realizados na Colombiatex [&hellip;]<\/p>\n","protected":false},"author":2,"featured_media":4697,"comment_status":"open","ping_status":"open","sticky":false,"template":"","format":"standard","meta":{"footnotes":""},"categories":[56,16],"tags":[],"class_list":["post-4696","post","type-post","status-publish","format-standard","has-post-thumbnail","hentry","category-destaques","category-noticias"],"yoast_head":"<!-- This site is optimized with the Yoast SEO plugin v22.8 - https:\/\/yoast.com\/wordpress\/plugins\/seo\/ -->\n<title>Empresas associadas ao Sindit\u00eaxtil-SP marcam presen\u00e7a na Colombiatex 2024 - Sindit\u00eaxtil-SP<\/title>\n<meta name=\"robots\" content=\"index, follow, max-snippet:-1, max-image-preview:large, max-video-preview:-1\" \/>\n<link rel=\"canonical\" href=\"https:\/\/sinditextilsp.org.br\/home\/2024\/02\/empresas-associadas-ao-sinditextil-sp-marcam-presenca-na-colombiatex-2024\/\" \/>\n<meta property=\"og:locale\" content=\"pt_BR\" \/>\n<meta property=\"og:type\" content=\"article\" \/>\n<meta property=\"og:title\" content=\"Empresas associadas ao Sindit\u00eaxtil-SP marcam presen\u00e7a na Colombiatex 2024 - Sindit\u00eaxtil-SP\" \/>\n<meta property=\"og:description\" content=\"Seis empresas associadas ao Sindit\u00eaxtil-SP participaram da Colombiatex 2024, que ocorreu nos dias 23, 24 e 25 de janeiro, em Medell\u00edn, na Col\u00f4mbia. S\u00e3o elas: Santista, Capric\u00f3rnio T\u00eaxtil, Cataguases, Canatiba, Santa Const\u00e2ncia e Vicunha.\u00a0 O presidente do Sindicato, Julio Scudeler, visitou o estande de cada uma delas. &#8220;O expressivo valor dos neg\u00f3cios realizados na Colombiatex [&hellip;]\" \/>\n<meta property=\"og:url\" content=\"https:\/\/sinditextilsp.org.br\/home\/2024\/02\/empresas-associadas-ao-sinditextil-sp-marcam-presenca-na-colombiatex-2024\/\" \/>\n<meta property=\"og:site_name\" content=\"Sindit\u00eaxtil-SP\" \/>\n<meta property=\"article:publisher\" content=\"https:\/\/www.facebook.com\/sinditextilsp\" \/>\n<meta property=\"article:published_time\" content=\"2024-02-09T15:50:00+00:00\" \/>\n<meta property=\"article:modified_time\" content=\"2024-02-09T18:04:47+00:00\" \/>\n<meta property=\"og:image\" content=\"https:\/\/sinditextilsp.org.br\/home\/wp-content\/uploads\/2024\/02\/WhatsApp-Image-2024-01-24-at-17.32.532.jpeg\" \/>\n\t<meta property=\"og:image:width\" content=\"960\" \/>\n\t<meta property=\"og:image:height\" content=\"1100\" \/>\n\t<meta property=\"og:image:type\" content=\"image\/jpeg\" \/>\n<meta name=\"author\" content=\"Sindit\u00eaxtil-SP\" \/>\n<meta name=\"twitter:card\" content=\"summary_large_image\" \/>\n<meta name=\"twitter:creator\" content=\"@SinditextilSP\" \/>\n<meta name=\"twitter:site\" content=\"@SinditextilSP\" \/>\n<meta name=\"twitter:label1\" content=\"Escrito por\" \/>\n\t<meta name=\"twitter:data1\" content=\"Sindit\u00eaxtil-SP\" \/>\n\t<meta name=\"twitter:label2\" content=\"Est. tempo de leitura\" \/>\n\t<meta name=\"twitter:data2\" content=\"2 minutos\" \/>\n<script type=\"application\/ld+json\" class=\"yoast-schema-graph\">{\"@context\":\"https:\/\/schema.org\",\"@graph\":[{\"@type\":\"WebPage\",\"@id\":\"https:\/\/sinditextilsp.org.br\/home\/2024\/02\/empresas-associadas-ao-sinditextil-sp-marcam-presenca-na-colombiatex-2024\/\",\"url\":\"https:\/\/sinditextilsp.org.br\/home\/2024\/02\/empresas-associadas-ao-sinditextil-sp-marcam-presenca-na-colombiatex-2024\/\",\"name\":\"Empresas associadas ao Sindit\u00eaxtil-SP marcam presen\u00e7a na Colombiatex 2024 - Sindit\u00eaxtil-SP\",\"isPartOf\":{\"@id\":\"https:\/\/sinditextilsp.org.br\/home\/#website\"},\"primaryImageOfPage\":{\"@id\":\"https:\/\/sinditextilsp.org.br\/home\/2024\/02\/empresas-associadas-ao-sinditextil-sp-marcam-presenca-na-colombiatex-2024\/#primaryimage\"},\"image\":{\"@id\":\"https:\/\/sinditextilsp.org.br\/home\/2024\/02\/empresas-associadas-ao-sinditextil-sp-marcam-presenca-na-colombiatex-2024\/#primaryimage\"},\"thumbnailUrl\":\"https:\/\/sinditextilsp.org.br\/home\/wp-content\/uploads\/2024\/02\/WhatsApp-Image-2024-01-24-at-17.32.532.jpeg\",\"datePublished\":\"2024-02-09T15:50:00+00:00\",\"dateModified\":\"2024-02-09T18:04:47+00:00\",\"author\":{\"@id\":\"https:\/\/sinditextilsp.org.br\/home\/#\/schema\/person\/ceca3861f277dc1806d31199f1604264\"},\"breadcrumb\":{\"@id\":\"https:\/\/sinditextilsp.org.br\/home\/2024\/02\/empresas-associadas-ao-sinditextil-sp-marcam-presenca-na-colombiatex-2024\/#breadcrumb\"},\"inLanguage\":\"pt-BR\",\"potentialAction\":[{\"@type\":\"ReadAction\",\"target\":[\"https:\/\/sinditextilsp.org.br\/home\/2024\/02\/empresas-associadas-ao-sinditextil-sp-marcam-presenca-na-colombiatex-2024\/\"]}]},{\"@type\":\"ImageObject\",\"inLanguage\":\"pt-BR\",\"@id\":\"https:\/\/sinditextilsp.org.br\/home\/2024\/02\/empresas-associadas-ao-sinditextil-sp-marcam-presenca-na-colombiatex-2024\/#primaryimage\",\"url\":\"https:\/\/sinditextilsp.org.br\/home\/wp-content\/uploads\/2024\/02\/WhatsApp-Image-2024-01-24-at-17.32.532.jpeg\",\"contentUrl\":\"https:\/\/sinditextilsp.org.br\/home\/wp-content\/uploads\/2024\/02\/WhatsApp-Image-2024-01-24-at-17.32.532.jpeg\",\"width\":960,\"height\":1100},{\"@type\":\"BreadcrumbList\",\"@id\":\"https:\/\/sinditextilsp.org.br\/home\/2024\/02\/empresas-associadas-ao-sinditextil-sp-marcam-presenca-na-colombiatex-2024\/#breadcrumb\",\"itemListElement\":[{\"@type\":\"ListItem\",\"position\":1,\"name\":\"In\u00edcio\",\"item\":\"https:\/\/sinditextilsp.org.br\/home\/\"},{\"@type\":\"ListItem\",\"position\":2,\"name\":\"Empresas associadas ao Sindit\u00eaxtil-SP marcam presen\u00e7a na Colombiatex 2024\"}]},{\"@type\":\"WebSite\",\"@id\":\"https:\/\/sinditextilsp.org.br\/home\/#website\",\"url\":\"https:\/\/sinditextilsp.org.br\/home\/\",\"name\":\"Sindit\u00eaxtil-SP\",\"description\":\"Sindicato T\u00eaxtil de S\u00e3o Paulo\",\"potentialAction\":[{\"@type\":\"SearchAction\",\"target\":{\"@type\":\"EntryPoint\",\"urlTemplate\":\"https:\/\/sinditextilsp.org.br\/home\/?s={search_term_string}\"},\"query-input\":\"required name=search_term_string\"}],\"inLanguage\":\"pt-BR\"},{\"@type\":\"Person\",\"@id\":\"https:\/\/sinditextilsp.org.br\/home\/#\/schema\/person\/ceca3861f277dc1806d31199f1604264\",\"name\":\"Sindit\u00eaxtil-SP\",\"image\":{\"@type\":\"ImageObject\",\"inLanguage\":\"pt-BR\",\"@id\":\"https:\/\/sinditextilsp.org.br\/home\/#\/schema\/person\/image\/\",\"url\":\"https:\/\/secure.gravatar.com\/avatar\/1004e4f7c56213ad977aba92436bc447272b6a4743534ef04a82f43c866dd0e0?s=96&d=mm&r=g\",\"contentUrl\":\"https:\/\/secure.gravatar.com\/avatar\/1004e4f7c56213ad977aba92436bc447272b6a4743534ef04a82f43c866dd0e0?s=96&d=mm&r=g\",\"caption\":\"Sindit\u00eaxtil-SP\"},\"url\":\"https:\/\/sinditextilsp.org.br\/home\/author\/sinditextilsp\/\"}]}<\/script>\n<!-- \/ Yoast SEO plugin. -->","yoast_head_json":{"title":"Empresas associadas ao Sindit\u00eaxtil-SP marcam presen\u00e7a na Colombiatex 2024 - Sindit\u00eaxtil-SP","robots":{"index":"index","follow":"follow","max-snippet":"max-snippet:-1","max-image-preview":"max-image-preview:large","max-video-preview":"max-video-preview:-1"},"canonical":"https:\/\/sinditextilsp.org.br\/home\/2024\/02\/empresas-associadas-ao-sinditextil-sp-marcam-presenca-na-colombiatex-2024\/","og_locale":"pt_BR","og_type":"article","og_title":"Empresas associadas ao Sindit\u00eaxtil-SP marcam presen\u00e7a na Colombiatex 2024 - Sindit\u00eaxtil-SP","og_description":"Seis empresas associadas ao Sindit\u00eaxtil-SP participaram da Colombiatex 2024, que ocorreu nos dias 23, 24 e 25 de janeiro, em Medell\u00edn, na Col\u00f4mbia. S\u00e3o elas: Santista, Capric\u00f3rnio T\u00eaxtil, Cataguases, Canatiba, Santa Const\u00e2ncia e Vicunha.\u00a0 O presidente do Sindicato, Julio Scudeler, visitou o estande de cada uma delas. &#8220;O expressivo valor dos neg\u00f3cios realizados na Colombiatex [&hellip;]","og_url":"https:\/\/sinditextilsp.org.br\/home\/2024\/02\/empresas-associadas-ao-sinditextil-sp-marcam-presenca-na-colombiatex-2024\/","og_site_name":"Sindit\u00eaxtil-SP","article_publisher":"https:\/\/www.facebook.com\/sinditextilsp","article_published_time":"2024-02-09T15:50:00+00:00","article_modified_time":"2024-02-09T18:04:47+00:00","og_image":[{"width":960,"height":1100,"url":"https:\/\/sinditextilsp.org.br\/home\/wp-content\/uploads\/2024\/02\/WhatsApp-Image-2024-01-24-at-17.32.532.jpeg","type":"image\/jpeg"}],"author":"Sindit\u00eaxtil-SP","twitter_card":"summary_large_image","twitter_creator":"@SinditextilSP","twitter_site":"@SinditextilSP","twitter_misc":{"Escrito por":"Sindit\u00eaxtil-SP","Est. tempo de leitura":"2 minutos"},"schema":{"@context":"https:\/\/schema.org","@graph":[{"@type":"WebPage","@id":"https:\/\/sinditextilsp.org.br\/home\/2024\/02\/empresas-associadas-ao-sinditextil-sp-marcam-presenca-na-colombiatex-2024\/","url":"https:\/\/sinditextilsp.org.br\/home\/2024\/02\/empresas-associadas-ao-sinditextil-sp-marcam-presenca-na-colombiatex-2024\/","name":"Empresas associadas ao Sindit\u00eaxtil-SP marcam presen\u00e7a na Colombiatex 2024 - Sindit\u00eaxtil-SP","isPartOf":{"@id":"https:\/\/sinditextilsp.org.br\/home\/#website"},"primaryImageOfPage":{"@id":"https:\/\/sinditextilsp.org.br\/home\/2024\/02\/empresas-associadas-ao-sinditextil-sp-marcam-presenca-na-colombiatex-2024\/#primaryimage"},"image":{"@id":"https:\/\/sinditextilsp.org.br\/home\/2024\/02\/empresas-associadas-ao-sinditextil-sp-marcam-presenca-na-colombiatex-2024\/#primaryimage"},"thumbnailUrl":"https:\/\/sinditextilsp.org.br\/home\/wp-content\/uploads\/2024\/02\/WhatsApp-Image-2024-01-24-at-17.32.532.jpeg","datePublished":"2024-02-09T15:50:00+00:00","dateModified":"2024-02-09T18:04:47+00:00","author":{"@id":"https:\/\/sinditextilsp.org.br\/home\/#\/schema\/person\/ceca3861f277dc1806d31199f1604264"},"breadcrumb":{"@id":"https:\/\/sinditextilsp.org.br\/home\/2024\/02\/empresas-associadas-ao-sinditextil-sp-marcam-presenca-na-colombiatex-2024\/#breadcrumb"},"inLanguage":"pt-BR","potentialAction":[{"@type":"ReadAction","target":["https:\/\/sinditextilsp.org.br\/home\/2024\/02\/empresas-associadas-ao-sinditextil-sp-marcam-presenca-na-colombiatex-2024\/"]}]},{"@type":"ImageObject","inLanguage":"pt-BR","@id":"https:\/\/sinditextilsp.org.br\/home\/2024\/02\/empresas-associadas-ao-sinditextil-sp-marcam-presenca-na-colombiatex-2024\/#primaryimage","url":"https:\/\/sinditextilsp.org.br\/home\/wp-content\/uploads\/2024\/02\/WhatsApp-Image-2024-01-24-at-17.32.532.jpeg","contentUrl":"https:\/\/sinditextilsp.org.br\/home\/wp-content\/uploads\/2024\/02\/WhatsApp-Image-2024-01-24-at-17.32.532.jpeg","width":960,"height":1100},{"@type":"BreadcrumbList","@id":"https:\/\/sinditextilsp.org.br\/home\/2024\/02\/empresas-associadas-ao-sinditextil-sp-marcam-presenca-na-colombiatex-2024\/#breadcrumb","itemListElement":[{"@type":"ListItem","position":1,"name":"In\u00edcio","item":"https:\/\/sinditextilsp.org.br\/home\/"},{"@type":"ListItem","position":2,"name":"Empresas associadas ao Sindit\u00eaxtil-SP marcam presen\u00e7a na Colombiatex 2024"}]},{"@type":"WebSite","@id":"https:\/\/sinditextilsp.org.br\/home\/#website","url":"https:\/\/sinditextilsp.org.br\/home\/","name":"Sindit\u00eaxtil-SP","description":"Sindicato T\u00eaxtil de S\u00e3o Paulo","potentialAction":[{"@type":"SearchAction","target":{"@type":"EntryPoint","urlTemplate":"https:\/\/sinditextilsp.org.br\/home\/?s={search_term_string}"},"query-input":"required name=search_term_string"}],"inLanguage":"pt-BR"},{"@type":"Person","@id":"https:\/\/sinditextilsp.org.br\/home\/#\/schema\/person\/ceca3861f277dc1806d31199f1604264","name":"Sindit\u00eaxtil-SP","image":{"@type":"ImageObject","inLanguage":"pt-BR","@id":"https:\/\/sinditextilsp.org.br\/home\/#\/schema\/person\/image\/","url":"https:\/\/secure.gravatar.com\/avatar\/1004e4f7c56213ad977aba92436bc447272b6a4743534ef04a82f43c866dd0e0?s=96&d=mm&r=g","contentUrl":"https:\/\/secure.gravatar.com\/avatar\/1004e4f7c56213ad977aba92436bc447272b6a4743534ef04a82f43c866dd0e0?s=96&d=mm&r=g","caption":"Sindit\u00eaxtil-SP"},"url":"https:\/\/sinditextilsp.org.br\/home\/author\/sinditextilsp\/"}]}},"_links":{"self":[{"href":"https:\/\/sinditextilsp.org.br\/home\/wp-json\/wp\/v2\/posts\/4696","targetHints":{"allow":["GET"]}}],"collection":[{"href":"https:\/\/sinditextilsp.org.br\/home\/wp-json\/wp\/v2\/posts"}],"about":[{"href":"https:\/\/sinditextilsp.org.br\/home\/wp-json\/wp\/v2\/types\/post"}],"author":[{"embeddable":true,"href":"https:\/\/sinditextilsp.org.br\/home\/wp-json\/wp\/v2\/users\/2"}],"replies":[{"embeddable":true,"href":"https:\/\/sinditextilsp.org.br\/home\/wp-json\/wp\/v2\/comments?post=4696"}],"version-history":[{"count":2,"href":"https:\/\/sinditextilsp.org.br\/home\/wp-json\/wp\/v2\/posts\/4696\/revisions"}],"predecessor-version":[{"id":4706,"href":"https:\/\/sinditextilsp.org.br\/home\/wp-json\/wp\/v2\/posts\/4696\/revisions\/4706"}],"wp:featuredmedia":[{"embeddable":true,"href":"https:\/\/sinditextilsp.org.br\/home\/wp-json\/wp\/v2\/media\/4697"}],"wp:attachment":[{"href":"https:\/\/sinditextilsp.org.br\/home\/wp-json\/wp\/v2\/media?parent=4696"}],"wp:term":[{"taxonomy":"category","embeddable":true,"href":"https:\/\/sinditextilsp.org.br\/home\/wp-json\/wp\/v2\/categories?post=4696"},{"taxonomy":"post_tag","embeddable":true,"href":"https:\/\/sinditextilsp.org.br\/home\/wp-json\/wp\/v2\/tags?post=4696"}],"curies":[{"name":"wp","href":"https:\/\/api.w.org\/{rel}","templated":true}]}}