{"id":4805,"date":"2024-02-28T15:25:43","date_gmt":"2024-02-28T18:25:43","guid":{"rendered":"https:\/\/sinditextilsp.org.br\/home\/?p=4805"},"modified":"2024-02-28T15:26:31","modified_gmt":"2024-02-28T18:26:31","slug":"jf-fibras-celebra-20-anos-de-referencia-em-reciclagem-e-compromisso-socioambiental","status":"publish","type":"post","link":"https:\/\/sinditextilsp.org.br\/home\/2024\/02\/jf-fibras-celebra-20-anos-de-referencia-em-reciclagem-e-compromisso-socioambiental\/","title":{"rendered":"JF Fibras celebra 20 anos de refer\u00eancia em reciclagem  e compromisso socioambiental"},"content":{"rendered":"\t\t<div data-elementor-type=\"wp-post\" data-elementor-id=\"4805\" class=\"elementor elementor-4805\" data-elementor-settings=\"[]\">\r\n\t\t\t\t\t\t\t<div class=\"elementor-section-wrap\">\r\n\t\t\t\t\t\t\t<section class=\"elementor-section elementor-top-section elementor-element elementor-element-150772d9 elementor-section-boxed elementor-section-height-default elementor-section-height-default\" data-id=\"150772d9\" data-element_type=\"section\">\r\n\t\t\t\t\t\t<div class=\"elementor-container elementor-column-gap-default\">\r\n\t\t\t\t\t<div class=\"elementor-column elementor-col-100 elementor-top-column elementor-element elementor-element-3a7cdfd0\" data-id=\"3a7cdfd0\" data-element_type=\"column\">\r\n\t\t\t<div class=\"elementor-widget-wrap elementor-element-populated\">\r\n\t\t\t\t\t\t\t\t<div class=\"elementor-element elementor-element-fae3292 elementor-widget elementor-widget-image\" data-id=\"fae3292\" data-element_type=\"widget\" data-widget_type=\"image.default\">\r\n\t\t\t\t<div class=\"elementor-widget-container\">\r\n\t\t\t\t\t\t\t\t\t\t\t\t\t\t\t<img loading=\"lazy\" decoding=\"async\" width=\"768\" height=\"512\" src=\"https:\/\/sinditextilsp.org.br\/home\/wp-content\/uploads\/2024\/02\/img_topo.png\" class=\"attachment-large size-large\" alt=\"\" srcset=\"https:\/\/sinditextilsp.org.br\/home\/wp-content\/uploads\/2024\/02\/img_topo.png 768w, https:\/\/sinditextilsp.org.br\/home\/wp-content\/uploads\/2024\/02\/img_topo-640x427.png 640w, https:\/\/sinditextilsp.org.br\/home\/wp-content\/uploads\/2024\/02\/img_topo-400x267.png 400w, https:\/\/sinditextilsp.org.br\/home\/wp-content\/uploads\/2024\/02\/img_topo-367x245.png 367w\" sizes=\"auto, (max-width: 768px) 100vw, 768px\" \/>\t\t\t\t\t\t\t\t\t\t\t\t\t\t\t<\/div>\r\n\t\t\t\t<\/div>\r\n\t\t\t\t<div class=\"elementor-element elementor-element-1de808e4 elementor-widget elementor-widget-text-editor\" data-id=\"1de808e4\" data-element_type=\"widget\" data-widget_type=\"text-editor.default\">\r\n\t\t\t\t<div class=\"elementor-widget-container\">\r\n\t\t\t\t\t\t\t\t<p>Este ano marca o vig\u00e9simo anivers\u00e1rio da JF Fibras. Uma jornada que come\u00e7ou com a reciclagem de res\u00edduos do setor automotivo, logo evoluiu para abra\u00e7ar novos segmentos e aprimorar seus processos e equipamentos. Hoje, com grande orgulho, Carlos Roberto Novelini Junior, s\u00f3cio da JF Fibras afirma que essas duas d\u00e9cadas foram de constante progresso. \u2018Esses 20 anos foram de bastante evolu\u00e7\u00e3o, tanto no mercado de venda, quanto tamb\u00e9m no de compra. A empresa conseguiu capturar mais res\u00edduos e oferecer mais produtos no mercado\u2019\u2019 Assegura Novelini.<\/p><p>Dentro do objetivo de visitar e conhecer melhor as empresas associadas do Sindit\u00eaxtil-SP, uma equipe do Sindicato visitou as instala\u00e7\u00f5es da JF Fibras e recebeu explica\u00e7\u00e3o de cada etapa do processo, desde a chegada da coleta at\u00e9 a transforma\u00e7\u00e3o em novo fio<em>. \u201cConhecer a JF foi uma experi\u00eancia incr\u00edvel de aprendizado e de receptividade. Nos permitiu n\u00e3o apenas conhecer o processo fabril, desde a mat\u00e9ria-prima de res\u00edduos t\u00eaxteis at\u00e9 a sua transforma\u00e7\u00e3o nos seus produtos finais ecologicamente sustent\u00e1veis, mas tamb\u00e9m entender a hist\u00f3ria e o prop\u00f3sito da empresa, numa conversa muito franca e agrad\u00e1vel com o J\u00fanior. Essa \u201cm\u00e1gica\u201d s\u00f3 acontece quando nos permitimos estar presentes no local, sentir o ambiente do Ch\u00e3o de F\u00e1brica e olhar nos olhos das pessoas que d\u00e3o vida \u00e0s empresas.&#8221;<\/em> Declarou Julio Scudeler, presidente do Sindit\u00eaxtil-SP que participou da visita.<\/p>\t\t\t\t\t\t<\/div>\r\n\t\t\t\t<\/div>\r\n\t\t\t\t<div class=\"elementor-element elementor-element-98827f5 elementor-widget elementor-widget-image\" data-id=\"98827f5\" data-element_type=\"widget\" data-widget_type=\"image.default\">\r\n\t\t\t\t<div class=\"elementor-widget-container\">\r\n\t\t\t\t\t\t\t\t\t\t\t\t\t\t\t<img loading=\"lazy\" decoding=\"async\" width=\"768\" height=\"512\" src=\"https:\/\/sinditextilsp.org.br\/home\/wp-content\/uploads\/2024\/02\/img_meio.png\" class=\"attachment-large size-large\" alt=\"\" srcset=\"https:\/\/sinditextilsp.org.br\/home\/wp-content\/uploads\/2024\/02\/img_meio.png 768w, https:\/\/sinditextilsp.org.br\/home\/wp-content\/uploads\/2024\/02\/img_meio-640x427.png 640w, https:\/\/sinditextilsp.org.br\/home\/wp-content\/uploads\/2024\/02\/img_meio-400x267.png 400w, https:\/\/sinditextilsp.org.br\/home\/wp-content\/uploads\/2024\/02\/img_meio-367x245.png 367w\" sizes=\"auto, (max-width: 768px) 100vw, 768px\" \/>\t\t\t\t\t\t\t\t\t\t\t\t\t\t\t<\/div>\r\n\t\t\t\t<\/div>\r\n\t\t\t\t<div class=\"elementor-element elementor-element-ae1df69 elementor-widget elementor-widget-text-editor\" data-id=\"ae1df69\" data-element_type=\"widget\" data-widget_type=\"text-editor.default\">\r\n\t\t\t\t<div class=\"elementor-widget-container\">\r\n\t\t\t\t\t\t\t\t<p style=\"letter-spacing: normal;\">Uma das marcas distintivas da JF Fibras \u00e9 seu compromisso inabal\u00e1vel com a responsabilidade socioambiental. A empresa tem sido um catalisador para a sustentabilidade, reciclando quase tr\u00eas toneladas de res\u00edduos t\u00eaxteis por m\u00eas, que seriam descartados no meio ambiente. Al\u00e9m disso, a JF Fibras contribui para a coleta seletiva de res\u00edduos em comunidades carentes, proporcionando uma fonte de renda extra para muitas pessoas na regi\u00e3o de Suzano. Com um impacto ambiental zero em suas opera\u00e7\u00f5es internas, a empresa comercializa todos os seus res\u00edduos para empreendimentos de reciclagem, abrangendo desde papel\u00e3o at\u00e9 pl\u00e1sticos e tecidos.<\/p><p style=\"letter-spacing: normal;\">Novelini Junior avalia que o mercado est\u00e1 testemunhando uma mudan\u00e7a de mentalidade da sociedade em rela\u00e7\u00e3o \u00e0 reciclagem e valorizando empresas com\u00a0 responsabilidade ambiental \u2018\u2019A nova gera\u00e7\u00e3o t\u00eam um pouco mais de cuidado com reciclagem do que as anteriores. Ela tem uma preocupa\u00e7\u00e3o com o meio ambiente de modo geral. E o mercado sente isso, pois as empresas a cada ano que passa est\u00e3o mais empenhadas em fazer a destina\u00e7\u00e3o correta de res\u00edduos, uma vez que parte dos consumidores est\u00e3o buscando selecionar marcas com atitudes voltadas para a sustentabilidade\u2019\u2019 disse o s\u00f3cio da JF Fibras. E, \u00e0 medida que mais empresas e consumidores demonstram preocupa\u00e7\u00e3o com a destina\u00e7\u00e3o correta dos res\u00edduos e pr\u00e1ticas sustent\u00e1veis, a JF Fibras est\u00e1 posicionada de maneira \u00fanica para atender a essa demanda crescente.<\/p><p style=\"letter-spacing: normal;\">Quanto aos planos futuros, a empresa permanece focada em suas opera\u00e7\u00f5es atuais, sem planos imediatos de expans\u00e3o para outros estados. A JF Fibras continuar\u00e1 concentrando seus esfor\u00e7os nas regi\u00f5es sul e sudeste, onde o mercado t\u00eaxtil e de reciclagem \u00e9 mais vibrante. \u2018\u2019Recebemos algumas ofertas para montar filiais em outras regi\u00f5es, mas recusamos. O que temos s\u00e3o parceiros em diversos estados que trazem a coleta do res\u00edduo para as nossas unidades em S\u00e3o Paulo\u2019\u2019.<\/p><p style=\"letter-spacing: normal;\">Esses 20 anos de hist\u00f3ria revelam o compromisso cont\u00ednuo da JF Fibras com a inova\u00e7\u00e3o, a sustentabilidade e a responsabilidade social. Com uma vis\u00e3o voltada para o futuro, a empresa est\u00e1 pronta para enfrentar os desafios e oportunidades que est\u00e3o por vir, mantendo-se firme em seu compromisso de criar um mercado mais sustent\u00e1vel e consciente.<\/p><p style=\"letter-spacing: normal;\"><span style=\"font-weight: bold;\">PRODUTOS<\/span><\/p><p style=\"letter-spacing: normal;\">A partir de retalhos de jeans, retalhos de confec\u00e7\u00f5es de vestu\u00e1rio em geral e de cama, mesa e banho, a JF fibras recicla esses res\u00edduos, desfibrando e criando produtos como: fios, revestimentos, enchimentos de almofadas e de pel\u00facia, utiliza\u00e7\u00e3o em colch\u00f5es, al\u00e9m de panos de limpeza e forra\u00e7\u00f5es para ind\u00fastria automobil\u00edstica.<\/p>\t\t\t\t\t\t<\/div>\r\n\t\t\t\t<\/div>\r\n\t\t\t\t<div class=\"elementor-element elementor-element-50ecf05 elementor-widget elementor-widget-image-gallery\" data-id=\"50ecf05\" data-element_type=\"widget\" data-widget_type=\"image-gallery.default\">\r\n\t\t\t\t<div class=\"elementor-widget-container\">\r\n\t\t\t\t\t<div class=\"elementor-image-gallery\">\r\n\t\t\t<div id='gallery-1' class='gallery galleryid-4805 gallery-columns-4 gallery-size-thumbnail'><figure class='gallery-item'>\n\t\t\t<div class='gallery-icon landscape'>\n\t\t\t\t<a data-elementor-open-lightbox=\"yes\" data-elementor-lightbox-slideshow=\"50ecf05\" data-elementor-lightbox-title=\"Pano-de-chao\" href='https:\/\/sinditextilsp.org.br\/home\/wp-content\/uploads\/2024\/02\/Pano-de-chao.png'><img loading=\"lazy\" decoding=\"async\" width=\"150\" height=\"150\" src=\"https:\/\/sinditextilsp.org.br\/home\/wp-content\/uploads\/2024\/02\/Pano-de-chao.png\" class=\"attachment-thumbnail size-thumbnail\" alt=\"\" aria-describedby=\"gallery-1-4808\" \/><\/a>\n\t\t\t<\/div>\n\t\t\t\t<figcaption class='wp-caption-text gallery-caption' id='gallery-1-4808'>\n\t\t\t\tPanos de limpeza\n\t\t\t\t<\/figcaption><\/figure><figure class='gallery-item'>\n\t\t\t<div class='gallery-icon landscape'>\n\t\t\t\t<a data-elementor-open-lightbox=\"yes\" data-elementor-lightbox-slideshow=\"50ecf05\" data-elementor-lightbox-title=\"Revestimento\" href='https:\/\/sinditextilsp.org.br\/home\/wp-content\/uploads\/2024\/02\/Revestimento.png'><img loading=\"lazy\" decoding=\"async\" width=\"150\" height=\"150\" src=\"https:\/\/sinditextilsp.org.br\/home\/wp-content\/uploads\/2024\/02\/Revestimento-150x150.png\" class=\"attachment-thumbnail size-thumbnail\" alt=\"\" aria-describedby=\"gallery-1-4809\" \/><\/a>\n\t\t\t<\/div>\n\t\t\t\t<figcaption class='wp-caption-text gallery-caption' id='gallery-1-4809'>\n\t\t\t\tRevestimento\n\t\t\t\t<\/figcaption><\/figure><figure class='gallery-item'>\n\t\t\t<div class='gallery-icon landscape'>\n\t\t\t\t<a data-elementor-open-lightbox=\"yes\" data-elementor-lightbox-slideshow=\"50ecf05\" data-elementor-lightbox-title=\"travesseiros\" href='https:\/\/sinditextilsp.org.br\/home\/wp-content\/uploads\/2024\/02\/travesseiros.png'><img loading=\"lazy\" decoding=\"async\" width=\"150\" height=\"150\" src=\"https:\/\/sinditextilsp.org.br\/home\/wp-content\/uploads\/2024\/02\/travesseiros-150x150.png\" class=\"attachment-thumbnail size-thumbnail\" alt=\"\" aria-describedby=\"gallery-1-4810\" \/><\/a>\n\t\t\t<\/div>\n\t\t\t\t<figcaption class='wp-caption-text gallery-caption' id='gallery-1-4810'>\n\t\t\t\tEnchimento de almofadas\n\t\t\t\t<\/figcaption><\/figure><figure class='gallery-item'>\n\t\t\t<div class='gallery-icon landscape'>\n\t\t\t\t<a data-elementor-open-lightbox=\"yes\" data-elementor-lightbox-slideshow=\"50ecf05\" data-elementor-lightbox-title=\"Ursinho\" href='https:\/\/sinditextilsp.org.br\/home\/wp-content\/uploads\/2024\/02\/Ursinho.png'><img loading=\"lazy\" decoding=\"async\" width=\"150\" height=\"150\" src=\"https:\/\/sinditextilsp.org.br\/home\/wp-content\/uploads\/2024\/02\/Ursinho.png\" class=\"attachment-thumbnail size-thumbnail\" alt=\"\" aria-describedby=\"gallery-1-4811\" \/><\/a>\n\t\t\t<\/div>\n\t\t\t\t<figcaption class='wp-caption-text gallery-caption' id='gallery-1-4811'>\n\t\t\t\tEnchimentos de pel\u00facias\n\t\t\t\t<\/figcaption><\/figure>\n\t\t<\/div>\n\t\t<\/div>\r\n\t\t\t\t<\/div>\r\n\t\t\t\t<\/div>\r\n\t\t\t\t\t<\/div>\r\n\t\t<\/div>\r\n\t\t\t\t\t\t\t<\/div>\r\n\t\t<\/section>\r\n\t\t\t\t\t\t<\/div>\r\n\t\t\t\t\t<\/div>\r\n\t\t","protected":false},"excerpt":{"rendered":"<p>Este ano marca o vig\u00e9simo anivers\u00e1rio da JF Fibras. Uma jornada que come\u00e7ou com a reciclagem de res\u00edduos do setor automotivo, logo evoluiu para abra\u00e7ar novos segmentos e aprimorar seus processos e equipamentos. Hoje, com grande orgulho, Carlos Roberto Novelini Junior, s\u00f3cio da JF Fibras afirma que essas duas d\u00e9cadas foram de constante progresso. \u2018Esses [&hellip;]<\/p>\n","protected":false},"author":4,"featured_media":0,"comment_status":"open","ping_status":"open","sticky":false,"template":"","format":"standard","meta":{"footnotes":""},"categories":[1],"tags":[],"class_list":["post-4805","post","type-post","status-publish","format-standard","hentry","category-sem-categoria"],"yoast_head":"<!-- This site is optimized with the Yoast SEO plugin v22.8 - https:\/\/yoast.com\/wordpress\/plugins\/seo\/ -->\n<title>JF Fibras celebra 20 anos de refer\u00eancia em reciclagem e compromisso socioambiental - Sindit\u00eaxtil-SP<\/title>\n<meta name=\"robots\" content=\"index, follow, max-snippet:-1, max-image-preview:large, max-video-preview:-1\" \/>\n<link rel=\"canonical\" href=\"https:\/\/sinditextilsp.org.br\/home\/2024\/02\/jf-fibras-celebra-20-anos-de-referencia-em-reciclagem-e-compromisso-socioambiental\/\" \/>\n<meta property=\"og:locale\" content=\"pt_BR\" \/>\n<meta property=\"og:type\" content=\"article\" \/>\n<meta property=\"og:title\" content=\"JF Fibras celebra 20 anos de refer\u00eancia em reciclagem e compromisso socioambiental - Sindit\u00eaxtil-SP\" \/>\n<meta property=\"og:description\" content=\"Este ano marca o vig\u00e9simo anivers\u00e1rio da JF Fibras. Uma jornada que come\u00e7ou com a reciclagem de res\u00edduos do setor automotivo, logo evoluiu para abra\u00e7ar novos segmentos e aprimorar seus processos e equipamentos. Hoje, com grande orgulho, Carlos Roberto Novelini Junior, s\u00f3cio da JF Fibras afirma que essas duas d\u00e9cadas foram de constante progresso. \u2018Esses [&hellip;]\" \/>\n<meta property=\"og:url\" content=\"https:\/\/sinditextilsp.org.br\/home\/2024\/02\/jf-fibras-celebra-20-anos-de-referencia-em-reciclagem-e-compromisso-socioambiental\/\" \/>\n<meta property=\"og:site_name\" content=\"Sindit\u00eaxtil-SP\" \/>\n<meta property=\"article:publisher\" content=\"https:\/\/www.facebook.com\/sinditextilsp\" \/>\n<meta property=\"article:published_time\" content=\"2024-02-28T18:25:43+00:00\" \/>\n<meta property=\"article:modified_time\" content=\"2024-02-28T18:26:31+00:00\" \/>\n<meta property=\"og:image\" content=\"https:\/\/sinditextilsp.org.br\/home\/wp-content\/uploads\/2024\/02\/img_topo.png\" \/>\n<meta name=\"author\" content=\"Leandro Mira\" \/>\n<meta name=\"twitter:card\" content=\"summary_large_image\" \/>\n<meta name=\"twitter:creator\" content=\"@SinditextilSP\" \/>\n<meta name=\"twitter:site\" content=\"@SinditextilSP\" \/>\n<meta name=\"twitter:label1\" content=\"Escrito por\" \/>\n\t<meta name=\"twitter:data1\" content=\"Leandro Mira\" \/>\n\t<meta name=\"twitter:label2\" content=\"Est. tempo de leitura\" \/>\n\t<meta name=\"twitter:data2\" content=\"4 minutos\" \/>\n<script type=\"application\/ld+json\" class=\"yoast-schema-graph\">{\"@context\":\"https:\/\/schema.org\",\"@graph\":[{\"@type\":\"WebPage\",\"@id\":\"https:\/\/sinditextilsp.org.br\/home\/2024\/02\/jf-fibras-celebra-20-anos-de-referencia-em-reciclagem-e-compromisso-socioambiental\/\",\"url\":\"https:\/\/sinditextilsp.org.br\/home\/2024\/02\/jf-fibras-celebra-20-anos-de-referencia-em-reciclagem-e-compromisso-socioambiental\/\",\"name\":\"JF Fibras celebra 20 anos de refer\u00eancia em reciclagem e compromisso socioambiental - Sindit\u00eaxtil-SP\",\"isPartOf\":{\"@id\":\"https:\/\/sinditextilsp.org.br\/home\/#website\"},\"primaryImageOfPage\":{\"@id\":\"https:\/\/sinditextilsp.org.br\/home\/2024\/02\/jf-fibras-celebra-20-anos-de-referencia-em-reciclagem-e-compromisso-socioambiental\/#primaryimage\"},\"image\":{\"@id\":\"https:\/\/sinditextilsp.org.br\/home\/2024\/02\/jf-fibras-celebra-20-anos-de-referencia-em-reciclagem-e-compromisso-socioambiental\/#primaryimage\"},\"thumbnailUrl\":\"https:\/\/sinditextilsp.org.br\/home\/wp-content\/uploads\/2024\/02\/img_topo.png\",\"datePublished\":\"2024-02-28T18:25:43+00:00\",\"dateModified\":\"2024-02-28T18:26:31+00:00\",\"author\":{\"@id\":\"https:\/\/sinditextilsp.org.br\/home\/#\/schema\/person\/c1f7139f530fb11e47b1522cced83f71\"},\"breadcrumb\":{\"@id\":\"https:\/\/sinditextilsp.org.br\/home\/2024\/02\/jf-fibras-celebra-20-anos-de-referencia-em-reciclagem-e-compromisso-socioambiental\/#breadcrumb\"},\"inLanguage\":\"pt-BR\",\"potentialAction\":[{\"@type\":\"ReadAction\",\"target\":[\"https:\/\/sinditextilsp.org.br\/home\/2024\/02\/jf-fibras-celebra-20-anos-de-referencia-em-reciclagem-e-compromisso-socioambiental\/\"]}]},{\"@type\":\"ImageObject\",\"inLanguage\":\"pt-BR\",\"@id\":\"https:\/\/sinditextilsp.org.br\/home\/2024\/02\/jf-fibras-celebra-20-anos-de-referencia-em-reciclagem-e-compromisso-socioambiental\/#primaryimage\",\"url\":\"https:\/\/sinditextilsp.org.br\/home\/wp-content\/uploads\/2024\/02\/img_topo.png\",\"contentUrl\":\"https:\/\/sinditextilsp.org.br\/home\/wp-content\/uploads\/2024\/02\/img_topo.png\",\"width\":768,\"height\":512},{\"@type\":\"BreadcrumbList\",\"@id\":\"https:\/\/sinditextilsp.org.br\/home\/2024\/02\/jf-fibras-celebra-20-anos-de-referencia-em-reciclagem-e-compromisso-socioambiental\/#breadcrumb\",\"itemListElement\":[{\"@type\":\"ListItem\",\"position\":1,\"name\":\"In\u00edcio\",\"item\":\"https:\/\/sinditextilsp.org.br\/home\/\"},{\"@type\":\"ListItem\",\"position\":2,\"name\":\"JF Fibras celebra 20 anos de refer\u00eancia em reciclagem e compromisso socioambiental\"}]},{\"@type\":\"WebSite\",\"@id\":\"https:\/\/sinditextilsp.org.br\/home\/#website\",\"url\":\"https:\/\/sinditextilsp.org.br\/home\/\",\"name\":\"Sindit\u00eaxtil-SP\",\"description\":\"Sindicato T\u00eaxtil de S\u00e3o Paulo\",\"potentialAction\":[{\"@type\":\"SearchAction\",\"target\":{\"@type\":\"EntryPoint\",\"urlTemplate\":\"https:\/\/sinditextilsp.org.br\/home\/?s={search_term_string}\"},\"query-input\":\"required name=search_term_string\"}],\"inLanguage\":\"pt-BR\"},{\"@type\":\"Person\",\"@id\":\"https:\/\/sinditextilsp.org.br\/home\/#\/schema\/person\/c1f7139f530fb11e47b1522cced83f71\",\"name\":\"Leandro Mira\",\"image\":{\"@type\":\"ImageObject\",\"inLanguage\":\"pt-BR\",\"@id\":\"https:\/\/sinditextilsp.org.br\/home\/#\/schema\/person\/image\/\",\"url\":\"https:\/\/secure.gravatar.com\/avatar\/47da6fd0b37fa675587bec566c98d5fa935ba9d653b777ad311157348db427a7?s=96&d=mm&r=g\",\"contentUrl\":\"https:\/\/secure.gravatar.com\/avatar\/47da6fd0b37fa675587bec566c98d5fa935ba9d653b777ad311157348db427a7?s=96&d=mm&r=g\",\"caption\":\"Leandro Mira\"},\"url\":\"https:\/\/sinditextilsp.org.br\/home\/author\/leandro\/\"}]}<\/script>\n<!-- \/ Yoast SEO plugin. -->","yoast_head_json":{"title":"JF Fibras celebra 20 anos de refer\u00eancia em reciclagem e compromisso socioambiental - Sindit\u00eaxtil-SP","robots":{"index":"index","follow":"follow","max-snippet":"max-snippet:-1","max-image-preview":"max-image-preview:large","max-video-preview":"max-video-preview:-1"},"canonical":"https:\/\/sinditextilsp.org.br\/home\/2024\/02\/jf-fibras-celebra-20-anos-de-referencia-em-reciclagem-e-compromisso-socioambiental\/","og_locale":"pt_BR","og_type":"article","og_title":"JF Fibras celebra 20 anos de refer\u00eancia em reciclagem e compromisso socioambiental - Sindit\u00eaxtil-SP","og_description":"Este ano marca o vig\u00e9simo anivers\u00e1rio da JF Fibras. Uma jornada que come\u00e7ou com a reciclagem de res\u00edduos do setor automotivo, logo evoluiu para abra\u00e7ar novos segmentos e aprimorar seus processos e equipamentos. Hoje, com grande orgulho, Carlos Roberto Novelini Junior, s\u00f3cio da JF Fibras afirma que essas duas d\u00e9cadas foram de constante progresso. \u2018Esses [&hellip;]","og_url":"https:\/\/sinditextilsp.org.br\/home\/2024\/02\/jf-fibras-celebra-20-anos-de-referencia-em-reciclagem-e-compromisso-socioambiental\/","og_site_name":"Sindit\u00eaxtil-SP","article_publisher":"https:\/\/www.facebook.com\/sinditextilsp","article_published_time":"2024-02-28T18:25:43+00:00","article_modified_time":"2024-02-28T18:26:31+00:00","og_image":[{"url":"https:\/\/sinditextilsp.org.br\/home\/wp-content\/uploads\/2024\/02\/img_topo.png"}],"author":"Leandro Mira","twitter_card":"summary_large_image","twitter_creator":"@SinditextilSP","twitter_site":"@SinditextilSP","twitter_misc":{"Escrito por":"Leandro Mira","Est. tempo de leitura":"4 minutos"},"schema":{"@context":"https:\/\/schema.org","@graph":[{"@type":"WebPage","@id":"https:\/\/sinditextilsp.org.br\/home\/2024\/02\/jf-fibras-celebra-20-anos-de-referencia-em-reciclagem-e-compromisso-socioambiental\/","url":"https:\/\/sinditextilsp.org.br\/home\/2024\/02\/jf-fibras-celebra-20-anos-de-referencia-em-reciclagem-e-compromisso-socioambiental\/","name":"JF Fibras celebra 20 anos de refer\u00eancia em reciclagem e compromisso socioambiental - Sindit\u00eaxtil-SP","isPartOf":{"@id":"https:\/\/sinditextilsp.org.br\/home\/#website"},"primaryImageOfPage":{"@id":"https:\/\/sinditextilsp.org.br\/home\/2024\/02\/jf-fibras-celebra-20-anos-de-referencia-em-reciclagem-e-compromisso-socioambiental\/#primaryimage"},"image":{"@id":"https:\/\/sinditextilsp.org.br\/home\/2024\/02\/jf-fibras-celebra-20-anos-de-referencia-em-reciclagem-e-compromisso-socioambiental\/#primaryimage"},"thumbnailUrl":"https:\/\/sinditextilsp.org.br\/home\/wp-content\/uploads\/2024\/02\/img_topo.png","datePublished":"2024-02-28T18:25:43+00:00","dateModified":"2024-02-28T18:26:31+00:00","author":{"@id":"https:\/\/sinditextilsp.org.br\/home\/#\/schema\/person\/c1f7139f530fb11e47b1522cced83f71"},"breadcrumb":{"@id":"https:\/\/sinditextilsp.org.br\/home\/2024\/02\/jf-fibras-celebra-20-anos-de-referencia-em-reciclagem-e-compromisso-socioambiental\/#breadcrumb"},"inLanguage":"pt-BR","potentialAction":[{"@type":"ReadAction","target":["https:\/\/sinditextilsp.org.br\/home\/2024\/02\/jf-fibras-celebra-20-anos-de-referencia-em-reciclagem-e-compromisso-socioambiental\/"]}]},{"@type":"ImageObject","inLanguage":"pt-BR","@id":"https:\/\/sinditextilsp.org.br\/home\/2024\/02\/jf-fibras-celebra-20-anos-de-referencia-em-reciclagem-e-compromisso-socioambiental\/#primaryimage","url":"https:\/\/sinditextilsp.org.br\/home\/wp-content\/uploads\/2024\/02\/img_topo.png","contentUrl":"https:\/\/sinditextilsp.org.br\/home\/wp-content\/uploads\/2024\/02\/img_topo.png","width":768,"height":512},{"@type":"BreadcrumbList","@id":"https:\/\/sinditextilsp.org.br\/home\/2024\/02\/jf-fibras-celebra-20-anos-de-referencia-em-reciclagem-e-compromisso-socioambiental\/#breadcrumb","itemListElement":[{"@type":"ListItem","position":1,"name":"In\u00edcio","item":"https:\/\/sinditextilsp.org.br\/home\/"},{"@type":"ListItem","position":2,"name":"JF Fibras celebra 20 anos de refer\u00eancia em reciclagem e compromisso socioambiental"}]},{"@type":"WebSite","@id":"https:\/\/sinditextilsp.org.br\/home\/#website","url":"https:\/\/sinditextilsp.org.br\/home\/","name":"Sindit\u00eaxtil-SP","description":"Sindicato T\u00eaxtil de S\u00e3o Paulo","potentialAction":[{"@type":"SearchAction","target":{"@type":"EntryPoint","urlTemplate":"https:\/\/sinditextilsp.org.br\/home\/?s={search_term_string}"},"query-input":"required name=search_term_string"}],"inLanguage":"pt-BR"},{"@type":"Person","@id":"https:\/\/sinditextilsp.org.br\/home\/#\/schema\/person\/c1f7139f530fb11e47b1522cced83f71","name":"Leandro Mira","image":{"@type":"ImageObject","inLanguage":"pt-BR","@id":"https:\/\/sinditextilsp.org.br\/home\/#\/schema\/person\/image\/","url":"https:\/\/secure.gravatar.com\/avatar\/47da6fd0b37fa675587bec566c98d5fa935ba9d653b777ad311157348db427a7?s=96&d=mm&r=g","contentUrl":"https:\/\/secure.gravatar.com\/avatar\/47da6fd0b37fa675587bec566c98d5fa935ba9d653b777ad311157348db427a7?s=96&d=mm&r=g","caption":"Leandro Mira"},"url":"https:\/\/sinditextilsp.org.br\/home\/author\/leandro\/"}]}},"_links":{"self":[{"href":"https:\/\/sinditextilsp.org.br\/home\/wp-json\/wp\/v2\/posts\/4805","targetHints":{"allow":["GET"]}}],"collection":[{"href":"https:\/\/sinditextilsp.org.br\/home\/wp-json\/wp\/v2\/posts"}],"about":[{"href":"https:\/\/sinditextilsp.org.br\/home\/wp-json\/wp\/v2\/types\/post"}],"author":[{"embeddable":true,"href":"https:\/\/sinditextilsp.org.br\/home\/wp-json\/wp\/v2\/users\/4"}],"replies":[{"embeddable":true,"href":"https:\/\/sinditextilsp.org.br\/home\/wp-json\/wp\/v2\/comments?post=4805"}],"version-history":[{"count":3,"href":"https:\/\/sinditextilsp.org.br\/home\/wp-json\/wp\/v2\/posts\/4805\/revisions"}],"predecessor-version":[{"id":4814,"href":"https:\/\/sinditextilsp.org.br\/home\/wp-json\/wp\/v2\/posts\/4805\/revisions\/4814"}],"wp:attachment":[{"href":"https:\/\/sinditextilsp.org.br\/home\/wp-json\/wp\/v2\/media?parent=4805"}],"wp:term":[{"taxonomy":"category","embeddable":true,"href":"https:\/\/sinditextilsp.org.br\/home\/wp-json\/wp\/v2\/categories?post=4805"},{"taxonomy":"post_tag","embeddable":true,"href":"https:\/\/sinditextilsp.org.br\/home\/wp-json\/wp\/v2\/tags?post=4805"}],"curies":[{"name":"wp","href":"https:\/\/api.w.org\/{rel}","templated":true}]}}