{"id":5061,"date":"2024-04-08T15:46:40","date_gmt":"2024-04-08T18:46:40","guid":{"rendered":"https:\/\/sinditextilsp.org.br\/home\/?p=5061"},"modified":"2024-04-09T16:56:47","modified_gmt":"2024-04-09T19:56:47","slug":"relatorio-traz-resultados-de-combate-a-fraudes-no-comercio-exterior","status":"publish","type":"post","link":"https:\/\/sinditextilsp.org.br\/home\/2024\/04\/relatorio-traz-resultados-de-combate-a-fraudes-no-comercio-exterior\/","title":{"rendered":"Relat\u00f3rio traz resultados de combate a fraudes no Com\u00e9rcio Exterior"},"content":{"rendered":"<p style=\"text-align: justify; background: white; vertical-align: baseline; margin: 0cm 0cm 15.0pt 0cm;\"><span style=\"font-family: 'Verdana',sans-serif; color: #555555;\">Foi publicado nesta segunda-feira (8\/4), no site eletr\u00f4nico do Sistema Integrado de Com\u00e9rcio Exterior (siscomex.gov.br), o 3\u00ba Relat\u00f3rio de Atividades do Grupo de Intelig\u00eancia de Com\u00e9rcio Exterior (GI-CEX).<\/span><\/p>\n<p style=\"text-align: justify; background: white; vertical-align: baseline; margin: 0cm 0cm 15.0pt 0cm;\"><span style=\"font-family: 'Verdana',sans-serif; color: #555555;\">O Relat\u00f3rio evidencia os resultados dos trabalhos do Grupo no per\u00edodo compreendido entre 01\/11\/2022 e 30\/11\/2023, no qual foram apresentadas den\u00fancias de ind\u00edcios de infra\u00e7\u00e3o \u00e0 legisla\u00e7\u00e3o de com\u00e9rcio exterior, na maioria dos casos de subfaturamento ou classifica\u00e7\u00e3o fiscal incorreta de mercadorias.<\/span><\/p>\n<p style=\"text-align: justify; background: white; vertical-align: baseline; margin: 0cm 0cm 15.0pt 0cm;\"><span style=\"font-family: 'Verdana',sans-serif; color: #555555;\">As den\u00fancias apresentadas envolvem uma grande diversidade de mercadorias e setores produtivos, entre os quais pode-se mencionar chaves de lat\u00e3o, caminh\u00f5es guindastes, produtos da ind\u00fastria qu\u00edmica, tubos de a\u00e7o, pneum\u00e1ticos, produtos esportivos, produtos t\u00eaxteis e motores n\u00e1uticos.<\/span><\/p>\n<p style=\"text-align: justify; background: white; vertical-align: baseline; margin: 0cm 0cm 15.0pt 0cm;\"><span style=\"font-family: 'Verdana',sans-serif; color: #555555;\">Encontrados elementos que corroborem os ind\u00edcios apresentados, s\u00e3o adotadas as medidas consideradas cab\u00edveis em cada caso, as quais incluem a exig\u00eancia de licenciamento n\u00e3o autom\u00e1tico e a fiscaliza\u00e7\u00e3o aduaneira em recintos alfandegados ou ap\u00f3s o desembara\u00e7o das opera\u00e7\u00f5es.<\/span><\/p>\n<p style=\"text-align: justify; background: white; vertical-align: baseline; margin: 0cm 0cm 15.0pt 0cm;\"><span style=\"font-family: 'Verdana',sans-serif; color: #555555;\">Durante o per\u00edodo de refer\u00eancia do relat\u00f3rio, 13 den\u00fancias foram formalmente apresentadas pelo setor privado, tendo sido 8 delas analisadas. Dentre os casos examinados, apenas um foi julgado como improcedente, isto \u00e9, quase 90% desses processos resultaram na tomada de medidas por parte do setor p\u00fablico.<\/span><\/p>\n<p style=\"text-align: justify; background: white; vertical-align: baseline; margin: 0cm 0cm 15.0pt 0cm;\"><span style=\"font-family: 'Verdana',sans-serif; color: #555555;\">Esses resultados atestam a efic\u00e1cia do trabalho do GI-CEX na identifica\u00e7\u00e3o e abordagem de potenciais irregularidades no com\u00e9rcio exterior. A atua\u00e7\u00e3o diante das den\u00fancias analisadas reflete o compromisso do governo federal em assegurar a conformidade com a legisla\u00e7\u00e3o de com\u00e9rcio exterior e a busca pela realiza\u00e7\u00e3o das transa\u00e7\u00f5es comerciais externas em bases justas.<\/span><\/p>\n<p style=\"text-align: justify; background: white; vertical-align: baseline; margin: 0cm 0cm 15.0pt 0cm;\"><span style=\"font-family: 'Verdana',sans-serif; color: #555555;\">O GI-CEX possui como atribui\u00e7\u00e3o identificar ind\u00edcios de infra\u00e7\u00e3o \u00e0 legisla\u00e7\u00e3o de com\u00e9rcio exterior e propor medidas para o seu combate, tendo como membros representantes da Secretaria de Com\u00e9rcio Exterior (Secex) e da Receita Federal do Brasil (RFB).<\/span><\/p>\n<p>Voc\u00ea pode conferir o relat\u00f3rio <a href=\"https:\/\/www.gov.br\/siscomex\/pt-br\/informacoes\/combate-a-praticas-ilegais\/relatorios-gi-cex\/3o_relatorio_semestral_gi-cex.pdf\">aqui<\/a>.<\/p>\n<p><em>Com informa\u00e7\u00f5es do MDIC<\/em><\/p>\n","protected":false},"excerpt":{"rendered":"<p>Foi publicado nesta segunda-feira (8\/4), no site eletr\u00f4nico do Sistema Integrado de Com\u00e9rcio Exterior (siscomex.gov.br), o 3\u00ba Relat\u00f3rio de Atividades do Grupo de Intelig\u00eancia de Com\u00e9rcio Exterior (GI-CEX). O Relat\u00f3rio evidencia os resultados dos trabalhos do Grupo no per\u00edodo compreendido entre 01\/11\/2022 e 30\/11\/2023, no qual foram apresentadas den\u00fancias de ind\u00edcios de infra\u00e7\u00e3o \u00e0 legisla\u00e7\u00e3o [&hellip;]<\/p>\n","protected":false},"author":2,"featured_media":4136,"comment_status":"open","ping_status":"open","sticky":false,"template":"","format":"standard","meta":{"footnotes":""},"categories":[472,56,16],"tags":[499,159,500,501,104],"class_list":["post-5061","post","type-post","status-publish","format-standard","has-post-thumbnail","hentry","category-conteudo-para-associados","category-destaques","category-noticias","tag-aduana","tag-comercio-exterior","tag-fraudes","tag-gi-cex","tag-industria"],"yoast_head":"<!-- This site is optimized with the Yoast SEO plugin v22.8 - https:\/\/yoast.com\/wordpress\/plugins\/seo\/ -->\n<title>Relat\u00f3rio traz resultados de combate a fraudes no Com\u00e9rcio Exterior - Sindit\u00eaxtil-SP<\/title>\n<meta name=\"robots\" content=\"index, follow, max-snippet:-1, max-image-preview:large, max-video-preview:-1\" \/>\n<link rel=\"canonical\" href=\"https:\/\/sinditextilsp.org.br\/home\/2024\/04\/relatorio-traz-resultados-de-combate-a-fraudes-no-comercio-exterior\/\" \/>\n<meta property=\"og:locale\" content=\"pt_BR\" \/>\n<meta property=\"og:type\" content=\"article\" \/>\n<meta property=\"og:title\" content=\"Relat\u00f3rio traz resultados de combate a fraudes no Com\u00e9rcio Exterior - Sindit\u00eaxtil-SP\" \/>\n<meta property=\"og:description\" content=\"Foi publicado nesta segunda-feira (8\/4), no site eletr\u00f4nico do Sistema Integrado de Com\u00e9rcio Exterior (siscomex.gov.br), o 3\u00ba Relat\u00f3rio de Atividades do Grupo de Intelig\u00eancia de Com\u00e9rcio Exterior (GI-CEX). O Relat\u00f3rio evidencia os resultados dos trabalhos do Grupo no per\u00edodo compreendido entre 01\/11\/2022 e 30\/11\/2023, no qual foram apresentadas den\u00fancias de ind\u00edcios de infra\u00e7\u00e3o \u00e0 legisla\u00e7\u00e3o [&hellip;]\" \/>\n<meta property=\"og:url\" content=\"https:\/\/sinditextilsp.org.br\/home\/2024\/04\/relatorio-traz-resultados-de-combate-a-fraudes-no-comercio-exterior\/\" \/>\n<meta property=\"og:site_name\" content=\"Sindit\u00eaxtil-SP\" \/>\n<meta property=\"article:publisher\" content=\"https:\/\/www.facebook.com\/sinditextilsp\" \/>\n<meta property=\"article:published_time\" content=\"2024-04-08T18:46:40+00:00\" \/>\n<meta property=\"article:modified_time\" content=\"2024-04-09T19:56:47+00:00\" \/>\n<meta property=\"og:image\" content=\"https:\/\/sinditextilsp.org.br\/home\/wp-content\/uploads\/2023\/10\/porto-industrial-e-patio-de-conteineres-scaled.jpg\" \/>\n\t<meta property=\"og:image:width\" content=\"2560\" \/>\n\t<meta property=\"og:image:height\" content=\"1764\" \/>\n\t<meta property=\"og:image:type\" content=\"image\/jpeg\" \/>\n<meta name=\"author\" content=\"Sindit\u00eaxtil-SP\" \/>\n<meta name=\"twitter:card\" content=\"summary_large_image\" \/>\n<meta name=\"twitter:creator\" content=\"@SinditextilSP\" \/>\n<meta name=\"twitter:site\" content=\"@SinditextilSP\" \/>\n<meta name=\"twitter:label1\" content=\"Escrito por\" \/>\n\t<meta name=\"twitter:data1\" content=\"Sindit\u00eaxtil-SP\" \/>\n\t<meta name=\"twitter:label2\" content=\"Est. tempo de leitura\" \/>\n\t<meta name=\"twitter:data2\" content=\"2 minutos\" \/>\n<script type=\"application\/ld+json\" class=\"yoast-schema-graph\">{\"@context\":\"https:\/\/schema.org\",\"@graph\":[{\"@type\":\"WebPage\",\"@id\":\"https:\/\/sinditextilsp.org.br\/home\/2024\/04\/relatorio-traz-resultados-de-combate-a-fraudes-no-comercio-exterior\/\",\"url\":\"https:\/\/sinditextilsp.org.br\/home\/2024\/04\/relatorio-traz-resultados-de-combate-a-fraudes-no-comercio-exterior\/\",\"name\":\"Relat\u00f3rio traz resultados de combate a fraudes no Com\u00e9rcio Exterior - Sindit\u00eaxtil-SP\",\"isPartOf\":{\"@id\":\"https:\/\/sinditextilsp.org.br\/home\/#website\"},\"primaryImageOfPage\":{\"@id\":\"https:\/\/sinditextilsp.org.br\/home\/2024\/04\/relatorio-traz-resultados-de-combate-a-fraudes-no-comercio-exterior\/#primaryimage\"},\"image\":{\"@id\":\"https:\/\/sinditextilsp.org.br\/home\/2024\/04\/relatorio-traz-resultados-de-combate-a-fraudes-no-comercio-exterior\/#primaryimage\"},\"thumbnailUrl\":\"https:\/\/sinditextilsp.org.br\/home\/wp-content\/uploads\/2023\/10\/porto-industrial-e-patio-de-conteineres-scaled.jpg\",\"datePublished\":\"2024-04-08T18:46:40+00:00\",\"dateModified\":\"2024-04-09T19:56:47+00:00\",\"author\":{\"@id\":\"https:\/\/sinditextilsp.org.br\/home\/#\/schema\/person\/ceca3861f277dc1806d31199f1604264\"},\"breadcrumb\":{\"@id\":\"https:\/\/sinditextilsp.org.br\/home\/2024\/04\/relatorio-traz-resultados-de-combate-a-fraudes-no-comercio-exterior\/#breadcrumb\"},\"inLanguage\":\"pt-BR\",\"potentialAction\":[{\"@type\":\"ReadAction\",\"target\":[\"https:\/\/sinditextilsp.org.br\/home\/2024\/04\/relatorio-traz-resultados-de-combate-a-fraudes-no-comercio-exterior\/\"]}]},{\"@type\":\"ImageObject\",\"inLanguage\":\"pt-BR\",\"@id\":\"https:\/\/sinditextilsp.org.br\/home\/2024\/04\/relatorio-traz-resultados-de-combate-a-fraudes-no-comercio-exterior\/#primaryimage\",\"url\":\"https:\/\/sinditextilsp.org.br\/home\/wp-content\/uploads\/2023\/10\/porto-industrial-e-patio-de-conteineres-scaled.jpg\",\"contentUrl\":\"https:\/\/sinditextilsp.org.br\/home\/wp-content\/uploads\/2023\/10\/porto-industrial-e-patio-de-conteineres-scaled.jpg\",\"width\":2560,\"height\":1764,\"caption\":\"Industrial port and container yard\"},{\"@type\":\"BreadcrumbList\",\"@id\":\"https:\/\/sinditextilsp.org.br\/home\/2024\/04\/relatorio-traz-resultados-de-combate-a-fraudes-no-comercio-exterior\/#breadcrumb\",\"itemListElement\":[{\"@type\":\"ListItem\",\"position\":1,\"name\":\"In\u00edcio\",\"item\":\"https:\/\/sinditextilsp.org.br\/home\/\"},{\"@type\":\"ListItem\",\"position\":2,\"name\":\"Relat\u00f3rio traz resultados de combate a fraudes no Com\u00e9rcio Exterior\"}]},{\"@type\":\"WebSite\",\"@id\":\"https:\/\/sinditextilsp.org.br\/home\/#website\",\"url\":\"https:\/\/sinditextilsp.org.br\/home\/\",\"name\":\"Sindit\u00eaxtil-SP\",\"description\":\"Sindicato T\u00eaxtil de S\u00e3o Paulo\",\"potentialAction\":[{\"@type\":\"SearchAction\",\"target\":{\"@type\":\"EntryPoint\",\"urlTemplate\":\"https:\/\/sinditextilsp.org.br\/home\/?s={search_term_string}\"},\"query-input\":\"required name=search_term_string\"}],\"inLanguage\":\"pt-BR\"},{\"@type\":\"Person\",\"@id\":\"https:\/\/sinditextilsp.org.br\/home\/#\/schema\/person\/ceca3861f277dc1806d31199f1604264\",\"name\":\"Sindit\u00eaxtil-SP\",\"image\":{\"@type\":\"ImageObject\",\"inLanguage\":\"pt-BR\",\"@id\":\"https:\/\/sinditextilsp.org.br\/home\/#\/schema\/person\/image\/\",\"url\":\"https:\/\/secure.gravatar.com\/avatar\/1004e4f7c56213ad977aba92436bc447272b6a4743534ef04a82f43c866dd0e0?s=96&d=mm&r=g\",\"contentUrl\":\"https:\/\/secure.gravatar.com\/avatar\/1004e4f7c56213ad977aba92436bc447272b6a4743534ef04a82f43c866dd0e0?s=96&d=mm&r=g\",\"caption\":\"Sindit\u00eaxtil-SP\"},\"url\":\"https:\/\/sinditextilsp.org.br\/home\/author\/sinditextilsp\/\"}]}<\/script>\n<!-- \/ Yoast SEO plugin. -->","yoast_head_json":{"title":"Relat\u00f3rio traz resultados de combate a fraudes no Com\u00e9rcio Exterior - Sindit\u00eaxtil-SP","robots":{"index":"index","follow":"follow","max-snippet":"max-snippet:-1","max-image-preview":"max-image-preview:large","max-video-preview":"max-video-preview:-1"},"canonical":"https:\/\/sinditextilsp.org.br\/home\/2024\/04\/relatorio-traz-resultados-de-combate-a-fraudes-no-comercio-exterior\/","og_locale":"pt_BR","og_type":"article","og_title":"Relat\u00f3rio traz resultados de combate a fraudes no Com\u00e9rcio Exterior - Sindit\u00eaxtil-SP","og_description":"Foi publicado nesta segunda-feira (8\/4), no site eletr\u00f4nico do Sistema Integrado de Com\u00e9rcio Exterior (siscomex.gov.br), o 3\u00ba Relat\u00f3rio de Atividades do Grupo de Intelig\u00eancia de Com\u00e9rcio Exterior (GI-CEX). O Relat\u00f3rio evidencia os resultados dos trabalhos do Grupo no per\u00edodo compreendido entre 01\/11\/2022 e 30\/11\/2023, no qual foram apresentadas den\u00fancias de ind\u00edcios de infra\u00e7\u00e3o \u00e0 legisla\u00e7\u00e3o [&hellip;]","og_url":"https:\/\/sinditextilsp.org.br\/home\/2024\/04\/relatorio-traz-resultados-de-combate-a-fraudes-no-comercio-exterior\/","og_site_name":"Sindit\u00eaxtil-SP","article_publisher":"https:\/\/www.facebook.com\/sinditextilsp","article_published_time":"2024-04-08T18:46:40+00:00","article_modified_time":"2024-04-09T19:56:47+00:00","og_image":[{"width":2560,"height":1764,"url":"https:\/\/sinditextilsp.org.br\/home\/wp-content\/uploads\/2023\/10\/porto-industrial-e-patio-de-conteineres-scaled.jpg","type":"image\/jpeg"}],"author":"Sindit\u00eaxtil-SP","twitter_card":"summary_large_image","twitter_creator":"@SinditextilSP","twitter_site":"@SinditextilSP","twitter_misc":{"Escrito por":"Sindit\u00eaxtil-SP","Est. tempo de leitura":"2 minutos"},"schema":{"@context":"https:\/\/schema.org","@graph":[{"@type":"WebPage","@id":"https:\/\/sinditextilsp.org.br\/home\/2024\/04\/relatorio-traz-resultados-de-combate-a-fraudes-no-comercio-exterior\/","url":"https:\/\/sinditextilsp.org.br\/home\/2024\/04\/relatorio-traz-resultados-de-combate-a-fraudes-no-comercio-exterior\/","name":"Relat\u00f3rio traz resultados de combate a fraudes no Com\u00e9rcio Exterior - Sindit\u00eaxtil-SP","isPartOf":{"@id":"https:\/\/sinditextilsp.org.br\/home\/#website"},"primaryImageOfPage":{"@id":"https:\/\/sinditextilsp.org.br\/home\/2024\/04\/relatorio-traz-resultados-de-combate-a-fraudes-no-comercio-exterior\/#primaryimage"},"image":{"@id":"https:\/\/sinditextilsp.org.br\/home\/2024\/04\/relatorio-traz-resultados-de-combate-a-fraudes-no-comercio-exterior\/#primaryimage"},"thumbnailUrl":"https:\/\/sinditextilsp.org.br\/home\/wp-content\/uploads\/2023\/10\/porto-industrial-e-patio-de-conteineres-scaled.jpg","datePublished":"2024-04-08T18:46:40+00:00","dateModified":"2024-04-09T19:56:47+00:00","author":{"@id":"https:\/\/sinditextilsp.org.br\/home\/#\/schema\/person\/ceca3861f277dc1806d31199f1604264"},"breadcrumb":{"@id":"https:\/\/sinditextilsp.org.br\/home\/2024\/04\/relatorio-traz-resultados-de-combate-a-fraudes-no-comercio-exterior\/#breadcrumb"},"inLanguage":"pt-BR","potentialAction":[{"@type":"ReadAction","target":["https:\/\/sinditextilsp.org.br\/home\/2024\/04\/relatorio-traz-resultados-de-combate-a-fraudes-no-comercio-exterior\/"]}]},{"@type":"ImageObject","inLanguage":"pt-BR","@id":"https:\/\/sinditextilsp.org.br\/home\/2024\/04\/relatorio-traz-resultados-de-combate-a-fraudes-no-comercio-exterior\/#primaryimage","url":"https:\/\/sinditextilsp.org.br\/home\/wp-content\/uploads\/2023\/10\/porto-industrial-e-patio-de-conteineres-scaled.jpg","contentUrl":"https:\/\/sinditextilsp.org.br\/home\/wp-content\/uploads\/2023\/10\/porto-industrial-e-patio-de-conteineres-scaled.jpg","width":2560,"height":1764,"caption":"Industrial port and container yard"},{"@type":"BreadcrumbList","@id":"https:\/\/sinditextilsp.org.br\/home\/2024\/04\/relatorio-traz-resultados-de-combate-a-fraudes-no-comercio-exterior\/#breadcrumb","itemListElement":[{"@type":"ListItem","position":1,"name":"In\u00edcio","item":"https:\/\/sinditextilsp.org.br\/home\/"},{"@type":"ListItem","position":2,"name":"Relat\u00f3rio traz resultados de combate a fraudes no Com\u00e9rcio Exterior"}]},{"@type":"WebSite","@id":"https:\/\/sinditextilsp.org.br\/home\/#website","url":"https:\/\/sinditextilsp.org.br\/home\/","name":"Sindit\u00eaxtil-SP","description":"Sindicato T\u00eaxtil de S\u00e3o Paulo","potentialAction":[{"@type":"SearchAction","target":{"@type":"EntryPoint","urlTemplate":"https:\/\/sinditextilsp.org.br\/home\/?s={search_term_string}"},"query-input":"required name=search_term_string"}],"inLanguage":"pt-BR"},{"@type":"Person","@id":"https:\/\/sinditextilsp.org.br\/home\/#\/schema\/person\/ceca3861f277dc1806d31199f1604264","name":"Sindit\u00eaxtil-SP","image":{"@type":"ImageObject","inLanguage":"pt-BR","@id":"https:\/\/sinditextilsp.org.br\/home\/#\/schema\/person\/image\/","url":"https:\/\/secure.gravatar.com\/avatar\/1004e4f7c56213ad977aba92436bc447272b6a4743534ef04a82f43c866dd0e0?s=96&d=mm&r=g","contentUrl":"https:\/\/secure.gravatar.com\/avatar\/1004e4f7c56213ad977aba92436bc447272b6a4743534ef04a82f43c866dd0e0?s=96&d=mm&r=g","caption":"Sindit\u00eaxtil-SP"},"url":"https:\/\/sinditextilsp.org.br\/home\/author\/sinditextilsp\/"}]}},"_links":{"self":[{"href":"https:\/\/sinditextilsp.org.br\/home\/wp-json\/wp\/v2\/posts\/5061","targetHints":{"allow":["GET"]}}],"collection":[{"href":"https:\/\/sinditextilsp.org.br\/home\/wp-json\/wp\/v2\/posts"}],"about":[{"href":"https:\/\/sinditextilsp.org.br\/home\/wp-json\/wp\/v2\/types\/post"}],"author":[{"embeddable":true,"href":"https:\/\/sinditextilsp.org.br\/home\/wp-json\/wp\/v2\/users\/2"}],"replies":[{"embeddable":true,"href":"https:\/\/sinditextilsp.org.br\/home\/wp-json\/wp\/v2\/comments?post=5061"}],"version-history":[{"count":4,"href":"https:\/\/sinditextilsp.org.br\/home\/wp-json\/wp\/v2\/posts\/5061\/revisions"}],"predecessor-version":[{"id":5071,"href":"https:\/\/sinditextilsp.org.br\/home\/wp-json\/wp\/v2\/posts\/5061\/revisions\/5071"}],"wp:featuredmedia":[{"embeddable":true,"href":"https:\/\/sinditextilsp.org.br\/home\/wp-json\/wp\/v2\/media\/4136"}],"wp:attachment":[{"href":"https:\/\/sinditextilsp.org.br\/home\/wp-json\/wp\/v2\/media?parent=5061"}],"wp:term":[{"taxonomy":"category","embeddable":true,"href":"https:\/\/sinditextilsp.org.br\/home\/wp-json\/wp\/v2\/categories?post=5061"},{"taxonomy":"post_tag","embeddable":true,"href":"https:\/\/sinditextilsp.org.br\/home\/wp-json\/wp\/v2\/tags?post=5061"}],"curies":[{"name":"wp","href":"https:\/\/api.w.org\/{rel}","templated":true}]}}