{"id":5082,"date":"2024-04-11T21:27:23","date_gmt":"2024-04-12T00:27:23","guid":{"rendered":"https:\/\/sinditextilsp.org.br\/home\/?p=5082"},"modified":"2024-04-11T21:27:23","modified_gmt":"2024-04-12T00:27:23","slug":"sinditextil-sp-promove-encontro-do-forum-sindical","status":"publish","type":"post","link":"https:\/\/sinditextilsp.org.br\/home\/2024\/04\/sinditextil-sp-promove-encontro-do-forum-sindical\/","title":{"rendered":"Sindit\u00eaxtil-SP promove encontro do F\u00f3rum Sindical"},"content":{"rendered":"<p>A primeira edi\u00e7\u00e3o do F\u00f3rum Sindical de 2024 foi promovida pelo Sindit\u00eaxtil-SP, em 11 de abril, na sede do Sindicato, na capital. O encontro presencial foi conduzido pelo presidente do Sindit\u00eaxtil-SP, Julio Scudeler, e contou com a participa\u00e7\u00e3o da Comiss\u00e3o de Negocia\u00e7\u00e3o Sindical do Sindit\u00eaxtil-SP, advogados externos, Diretores e Conselheiros da Casa. Entre os Sindicatos de Trabalhadores, estiveram presentes Campinas, Guarulhos, Santa B\u00e1rbara D\u2019Oeste, S\u00e3o Paulo, Itatiba, Sorocaba e Mogi das Cruzes, al\u00e9m do\u00a0Sindicato dos Trabalhadores de\u00a0Mestres e Contramestres e da Federa\u00e7\u00e3o dos Trabalhadores.<\/p>\n<p>\u201cNa nossa reuni\u00e3o de hoje, tivemos a oportunidade de conversar a respeito de diversos assuntos de interesse da nossa ind\u00fastria t\u00eaxtil, tais como os dados econ\u00f4micos do setor, o processo de negocia\u00e7\u00e3o coletiva de 2023, al\u00e9m de desafios e oportunidades para 2024\u201d, destacou o presidente Julio Scudeler.<\/p>\n<p>O Diretor Institucional e economista do Sindit\u00eaxtil-SP, Haroldo Silva, fez uma\u00a0apresenta\u00e7\u00e3o sobre a conjuntura do setor t\u00eaxtil paulista e das dificuldades que a ind\u00fastria (e os trabalhadores) est\u00e3o enfrentando em rela\u00e7\u00e3o \u00e0 concorr\u00eancia desigual a partir das plataformas digitais internacionais, que n\u00e3o pagam tributos federais, e, em paralelo, da amea\u00e7a do fim do benef\u00edcio tribut\u00e1rio paulista que deu igualdade de condi\u00e7\u00f5es em rela\u00e7\u00e3o aos outros Estados.<\/p>\n","protected":false},"excerpt":{"rendered":"<p>A primeira edi\u00e7\u00e3o do F\u00f3rum Sindical de 2024 foi promovida pelo Sindit\u00eaxtil-SP, em 11 de abril, na sede do Sindicato, na capital. O encontro presencial foi conduzido pelo presidente do Sindit\u00eaxtil-SP, Julio Scudeler, e contou com a participa\u00e7\u00e3o da Comiss\u00e3o de Negocia\u00e7\u00e3o Sindical do Sindit\u00eaxtil-SP, advogados externos, Diretores e Conselheiros da Casa. Entre os Sindicatos [&hellip;]<\/p>\n","protected":false},"author":2,"featured_media":5084,"comment_status":"open","ping_status":"open","sticky":false,"template":"","format":"standard","meta":{"footnotes":""},"categories":[56,16],"tags":[507,51,506,508,26],"class_list":["post-5082","post","type-post","status-publish","format-standard","has-post-thumbnail","hentry","category-destaques","category-noticias","tag-dados-economicos","tag-forum-sindical","tag-industria-textil","tag-sindicatos-de-trabalhadores","tag-sinditextil-sp"],"yoast_head":"<!-- This site is optimized with the Yoast SEO plugin v22.8 - https:\/\/yoast.com\/wordpress\/plugins\/seo\/ -->\n<title>Sindit\u00eaxtil-SP promove encontro do F\u00f3rum Sindical - Sindit\u00eaxtil-SP<\/title>\n<meta name=\"robots\" content=\"index, follow, max-snippet:-1, max-image-preview:large, max-video-preview:-1\" \/>\n<link rel=\"canonical\" href=\"https:\/\/sinditextilsp.org.br\/home\/2024\/04\/sinditextil-sp-promove-encontro-do-forum-sindical\/\" \/>\n<meta property=\"og:locale\" content=\"pt_BR\" \/>\n<meta property=\"og:type\" content=\"article\" \/>\n<meta property=\"og:title\" content=\"Sindit\u00eaxtil-SP promove encontro do F\u00f3rum Sindical - Sindit\u00eaxtil-SP\" \/>\n<meta property=\"og:description\" content=\"A primeira edi\u00e7\u00e3o do F\u00f3rum Sindical de 2024 foi promovida pelo Sindit\u00eaxtil-SP, em 11 de abril, na sede do Sindicato, na capital. O encontro presencial foi conduzido pelo presidente do Sindit\u00eaxtil-SP, Julio Scudeler, e contou com a participa\u00e7\u00e3o da Comiss\u00e3o de Negocia\u00e7\u00e3o Sindical do Sindit\u00eaxtil-SP, advogados externos, Diretores e Conselheiros da Casa. Entre os Sindicatos [&hellip;]\" \/>\n<meta property=\"og:url\" content=\"https:\/\/sinditextilsp.org.br\/home\/2024\/04\/sinditextil-sp-promove-encontro-do-forum-sindical\/\" \/>\n<meta property=\"og:site_name\" content=\"Sindit\u00eaxtil-SP\" \/>\n<meta property=\"article:publisher\" content=\"https:\/\/www.facebook.com\/sinditextilsp\" \/>\n<meta property=\"article:published_time\" content=\"2024-04-12T00:27:23+00:00\" \/>\n<meta property=\"og:image\" content=\"https:\/\/sinditextilsp.org.br\/home\/wp-content\/uploads\/2024\/04\/Fo\u0301rum-Sindical-panorama-geral.jpeg\" \/>\n\t<meta property=\"og:image:width\" content=\"1280\" \/>\n\t<meta property=\"og:image:height\" content=\"960\" \/>\n\t<meta property=\"og:image:type\" content=\"image\/jpeg\" \/>\n<meta name=\"author\" content=\"Sindit\u00eaxtil-SP\" \/>\n<meta name=\"twitter:card\" content=\"summary_large_image\" \/>\n<meta name=\"twitter:creator\" content=\"@SinditextilSP\" \/>\n<meta name=\"twitter:site\" content=\"@SinditextilSP\" \/>\n<meta name=\"twitter:label1\" content=\"Escrito por\" \/>\n\t<meta name=\"twitter:data1\" content=\"Sindit\u00eaxtil-SP\" \/>\n\t<meta name=\"twitter:label2\" content=\"Est. tempo de leitura\" \/>\n\t<meta name=\"twitter:data2\" content=\"1 minuto\" \/>\n<script type=\"application\/ld+json\" class=\"yoast-schema-graph\">{\"@context\":\"https:\/\/schema.org\",\"@graph\":[{\"@type\":\"WebPage\",\"@id\":\"https:\/\/sinditextilsp.org.br\/home\/2024\/04\/sinditextil-sp-promove-encontro-do-forum-sindical\/\",\"url\":\"https:\/\/sinditextilsp.org.br\/home\/2024\/04\/sinditextil-sp-promove-encontro-do-forum-sindical\/\",\"name\":\"Sindit\u00eaxtil-SP promove encontro do F\u00f3rum Sindical - Sindit\u00eaxtil-SP\",\"isPartOf\":{\"@id\":\"https:\/\/sinditextilsp.org.br\/home\/#website\"},\"primaryImageOfPage\":{\"@id\":\"https:\/\/sinditextilsp.org.br\/home\/2024\/04\/sinditextil-sp-promove-encontro-do-forum-sindical\/#primaryimage\"},\"image\":{\"@id\":\"https:\/\/sinditextilsp.org.br\/home\/2024\/04\/sinditextil-sp-promove-encontro-do-forum-sindical\/#primaryimage\"},\"thumbnailUrl\":\"https:\/\/sinditextilsp.org.br\/home\/wp-content\/uploads\/2024\/04\/Fo\u0301rum-Sindical-panorama-geral.jpeg\",\"datePublished\":\"2024-04-12T00:27:23+00:00\",\"dateModified\":\"2024-04-12T00:27:23+00:00\",\"author\":{\"@id\":\"https:\/\/sinditextilsp.org.br\/home\/#\/schema\/person\/ceca3861f277dc1806d31199f1604264\"},\"breadcrumb\":{\"@id\":\"https:\/\/sinditextilsp.org.br\/home\/2024\/04\/sinditextil-sp-promove-encontro-do-forum-sindical\/#breadcrumb\"},\"inLanguage\":\"pt-BR\",\"potentialAction\":[{\"@type\":\"ReadAction\",\"target\":[\"https:\/\/sinditextilsp.org.br\/home\/2024\/04\/sinditextil-sp-promove-encontro-do-forum-sindical\/\"]}]},{\"@type\":\"ImageObject\",\"inLanguage\":\"pt-BR\",\"@id\":\"https:\/\/sinditextilsp.org.br\/home\/2024\/04\/sinditextil-sp-promove-encontro-do-forum-sindical\/#primaryimage\",\"url\":\"https:\/\/sinditextilsp.org.br\/home\/wp-content\/uploads\/2024\/04\/Fo\u0301rum-Sindical-panorama-geral.jpeg\",\"contentUrl\":\"https:\/\/sinditextilsp.org.br\/home\/wp-content\/uploads\/2024\/04\/Fo\u0301rum-Sindical-panorama-geral.jpeg\",\"width\":1280,\"height\":960,\"caption\":\"Participaram do F\u00f3rum Sindical a Comiss\u00e3o de Negocia\u00e7\u00e3o Sindical do Sindit\u00eaxtil-SP, advogados externos, Diretores e Conselheiros da Casa, al\u00e9m de v\u00e1rios Sindicatos de Trabalhadores\"},{\"@type\":\"BreadcrumbList\",\"@id\":\"https:\/\/sinditextilsp.org.br\/home\/2024\/04\/sinditextil-sp-promove-encontro-do-forum-sindical\/#breadcrumb\",\"itemListElement\":[{\"@type\":\"ListItem\",\"position\":1,\"name\":\"In\u00edcio\",\"item\":\"https:\/\/sinditextilsp.org.br\/home\/\"},{\"@type\":\"ListItem\",\"position\":2,\"name\":\"Sindit\u00eaxtil-SP promove encontro do F\u00f3rum Sindical\"}]},{\"@type\":\"WebSite\",\"@id\":\"https:\/\/sinditextilsp.org.br\/home\/#website\",\"url\":\"https:\/\/sinditextilsp.org.br\/home\/\",\"name\":\"Sindit\u00eaxtil-SP\",\"description\":\"Sindicato T\u00eaxtil de S\u00e3o Paulo\",\"potentialAction\":[{\"@type\":\"SearchAction\",\"target\":{\"@type\":\"EntryPoint\",\"urlTemplate\":\"https:\/\/sinditextilsp.org.br\/home\/?s={search_term_string}\"},\"query-input\":\"required name=search_term_string\"}],\"inLanguage\":\"pt-BR\"},{\"@type\":\"Person\",\"@id\":\"https:\/\/sinditextilsp.org.br\/home\/#\/schema\/person\/ceca3861f277dc1806d31199f1604264\",\"name\":\"Sindit\u00eaxtil-SP\",\"image\":{\"@type\":\"ImageObject\",\"inLanguage\":\"pt-BR\",\"@id\":\"https:\/\/sinditextilsp.org.br\/home\/#\/schema\/person\/image\/\",\"url\":\"https:\/\/secure.gravatar.com\/avatar\/1004e4f7c56213ad977aba92436bc447272b6a4743534ef04a82f43c866dd0e0?s=96&d=mm&r=g\",\"contentUrl\":\"https:\/\/secure.gravatar.com\/avatar\/1004e4f7c56213ad977aba92436bc447272b6a4743534ef04a82f43c866dd0e0?s=96&d=mm&r=g\",\"caption\":\"Sindit\u00eaxtil-SP\"},\"url\":\"https:\/\/sinditextilsp.org.br\/home\/author\/sinditextilsp\/\"}]}<\/script>\n<!-- \/ Yoast SEO plugin. -->","yoast_head_json":{"title":"Sindit\u00eaxtil-SP promove encontro do F\u00f3rum Sindical - Sindit\u00eaxtil-SP","robots":{"index":"index","follow":"follow","max-snippet":"max-snippet:-1","max-image-preview":"max-image-preview:large","max-video-preview":"max-video-preview:-1"},"canonical":"https:\/\/sinditextilsp.org.br\/home\/2024\/04\/sinditextil-sp-promove-encontro-do-forum-sindical\/","og_locale":"pt_BR","og_type":"article","og_title":"Sindit\u00eaxtil-SP promove encontro do F\u00f3rum Sindical - Sindit\u00eaxtil-SP","og_description":"A primeira edi\u00e7\u00e3o do F\u00f3rum Sindical de 2024 foi promovida pelo Sindit\u00eaxtil-SP, em 11 de abril, na sede do Sindicato, na capital. O encontro presencial foi conduzido pelo presidente do Sindit\u00eaxtil-SP, Julio Scudeler, e contou com a participa\u00e7\u00e3o da Comiss\u00e3o de Negocia\u00e7\u00e3o Sindical do Sindit\u00eaxtil-SP, advogados externos, Diretores e Conselheiros da Casa. Entre os Sindicatos [&hellip;]","og_url":"https:\/\/sinditextilsp.org.br\/home\/2024\/04\/sinditextil-sp-promove-encontro-do-forum-sindical\/","og_site_name":"Sindit\u00eaxtil-SP","article_publisher":"https:\/\/www.facebook.com\/sinditextilsp","article_published_time":"2024-04-12T00:27:23+00:00","og_image":[{"width":1280,"height":960,"url":"https:\/\/sinditextilsp.org.br\/home\/wp-content\/uploads\/2024\/04\/Fo\u0301rum-Sindical-panorama-geral.jpeg","type":"image\/jpeg"}],"author":"Sindit\u00eaxtil-SP","twitter_card":"summary_large_image","twitter_creator":"@SinditextilSP","twitter_site":"@SinditextilSP","twitter_misc":{"Escrito por":"Sindit\u00eaxtil-SP","Est. tempo de leitura":"1 minuto"},"schema":{"@context":"https:\/\/schema.org","@graph":[{"@type":"WebPage","@id":"https:\/\/sinditextilsp.org.br\/home\/2024\/04\/sinditextil-sp-promove-encontro-do-forum-sindical\/","url":"https:\/\/sinditextilsp.org.br\/home\/2024\/04\/sinditextil-sp-promove-encontro-do-forum-sindical\/","name":"Sindit\u00eaxtil-SP promove encontro do F\u00f3rum Sindical - Sindit\u00eaxtil-SP","isPartOf":{"@id":"https:\/\/sinditextilsp.org.br\/home\/#website"},"primaryImageOfPage":{"@id":"https:\/\/sinditextilsp.org.br\/home\/2024\/04\/sinditextil-sp-promove-encontro-do-forum-sindical\/#primaryimage"},"image":{"@id":"https:\/\/sinditextilsp.org.br\/home\/2024\/04\/sinditextil-sp-promove-encontro-do-forum-sindical\/#primaryimage"},"thumbnailUrl":"https:\/\/sinditextilsp.org.br\/home\/wp-content\/uploads\/2024\/04\/Fo\u0301rum-Sindical-panorama-geral.jpeg","datePublished":"2024-04-12T00:27:23+00:00","dateModified":"2024-04-12T00:27:23+00:00","author":{"@id":"https:\/\/sinditextilsp.org.br\/home\/#\/schema\/person\/ceca3861f277dc1806d31199f1604264"},"breadcrumb":{"@id":"https:\/\/sinditextilsp.org.br\/home\/2024\/04\/sinditextil-sp-promove-encontro-do-forum-sindical\/#breadcrumb"},"inLanguage":"pt-BR","potentialAction":[{"@type":"ReadAction","target":["https:\/\/sinditextilsp.org.br\/home\/2024\/04\/sinditextil-sp-promove-encontro-do-forum-sindical\/"]}]},{"@type":"ImageObject","inLanguage":"pt-BR","@id":"https:\/\/sinditextilsp.org.br\/home\/2024\/04\/sinditextil-sp-promove-encontro-do-forum-sindical\/#primaryimage","url":"https:\/\/sinditextilsp.org.br\/home\/wp-content\/uploads\/2024\/04\/Fo\u0301rum-Sindical-panorama-geral.jpeg","contentUrl":"https:\/\/sinditextilsp.org.br\/home\/wp-content\/uploads\/2024\/04\/Fo\u0301rum-Sindical-panorama-geral.jpeg","width":1280,"height":960,"caption":"Participaram do F\u00f3rum Sindical a Comiss\u00e3o de Negocia\u00e7\u00e3o Sindical do Sindit\u00eaxtil-SP, advogados externos, Diretores e Conselheiros da Casa, al\u00e9m de v\u00e1rios Sindicatos de Trabalhadores"},{"@type":"BreadcrumbList","@id":"https:\/\/sinditextilsp.org.br\/home\/2024\/04\/sinditextil-sp-promove-encontro-do-forum-sindical\/#breadcrumb","itemListElement":[{"@type":"ListItem","position":1,"name":"In\u00edcio","item":"https:\/\/sinditextilsp.org.br\/home\/"},{"@type":"ListItem","position":2,"name":"Sindit\u00eaxtil-SP promove encontro do F\u00f3rum Sindical"}]},{"@type":"WebSite","@id":"https:\/\/sinditextilsp.org.br\/home\/#website","url":"https:\/\/sinditextilsp.org.br\/home\/","name":"Sindit\u00eaxtil-SP","description":"Sindicato T\u00eaxtil de S\u00e3o Paulo","potentialAction":[{"@type":"SearchAction","target":{"@type":"EntryPoint","urlTemplate":"https:\/\/sinditextilsp.org.br\/home\/?s={search_term_string}"},"query-input":"required name=search_term_string"}],"inLanguage":"pt-BR"},{"@type":"Person","@id":"https:\/\/sinditextilsp.org.br\/home\/#\/schema\/person\/ceca3861f277dc1806d31199f1604264","name":"Sindit\u00eaxtil-SP","image":{"@type":"ImageObject","inLanguage":"pt-BR","@id":"https:\/\/sinditextilsp.org.br\/home\/#\/schema\/person\/image\/","url":"https:\/\/secure.gravatar.com\/avatar\/1004e4f7c56213ad977aba92436bc447272b6a4743534ef04a82f43c866dd0e0?s=96&d=mm&r=g","contentUrl":"https:\/\/secure.gravatar.com\/avatar\/1004e4f7c56213ad977aba92436bc447272b6a4743534ef04a82f43c866dd0e0?s=96&d=mm&r=g","caption":"Sindit\u00eaxtil-SP"},"url":"https:\/\/sinditextilsp.org.br\/home\/author\/sinditextilsp\/"}]}},"_links":{"self":[{"href":"https:\/\/sinditextilsp.org.br\/home\/wp-json\/wp\/v2\/posts\/5082","targetHints":{"allow":["GET"]}}],"collection":[{"href":"https:\/\/sinditextilsp.org.br\/home\/wp-json\/wp\/v2\/posts"}],"about":[{"href":"https:\/\/sinditextilsp.org.br\/home\/wp-json\/wp\/v2\/types\/post"}],"author":[{"embeddable":true,"href":"https:\/\/sinditextilsp.org.br\/home\/wp-json\/wp\/v2\/users\/2"}],"replies":[{"embeddable":true,"href":"https:\/\/sinditextilsp.org.br\/home\/wp-json\/wp\/v2\/comments?post=5082"}],"version-history":[{"count":1,"href":"https:\/\/sinditextilsp.org.br\/home\/wp-json\/wp\/v2\/posts\/5082\/revisions"}],"predecessor-version":[{"id":5086,"href":"https:\/\/sinditextilsp.org.br\/home\/wp-json\/wp\/v2\/posts\/5082\/revisions\/5086"}],"wp:featuredmedia":[{"embeddable":true,"href":"https:\/\/sinditextilsp.org.br\/home\/wp-json\/wp\/v2\/media\/5084"}],"wp:attachment":[{"href":"https:\/\/sinditextilsp.org.br\/home\/wp-json\/wp\/v2\/media?parent=5082"}],"wp:term":[{"taxonomy":"category","embeddable":true,"href":"https:\/\/sinditextilsp.org.br\/home\/wp-json\/wp\/v2\/categories?post=5082"},{"taxonomy":"post_tag","embeddable":true,"href":"https:\/\/sinditextilsp.org.br\/home\/wp-json\/wp\/v2\/tags?post=5082"}],"curies":[{"name":"wp","href":"https:\/\/api.w.org\/{rel}","templated":true}]}}