{"id":5215,"date":"2024-05-02T10:50:29","date_gmt":"2024-05-02T13:50:29","guid":{"rendered":"https:\/\/sinditextilsp.org.br\/home\/?p=5215"},"modified":"2024-05-02T10:50:29","modified_gmt":"2024-05-02T13:50:29","slug":"confianca-empresarial-segue-em-alta","status":"publish","type":"post","link":"https:\/\/sinditextilsp.org.br\/home\/2024\/05\/confianca-empresarial-segue-em-alta\/","title":{"rendered":"Confian\u00e7a Empresarial segue em alta"},"content":{"rendered":"<p>O\u00a0\u00cdndice de Confian\u00e7a Empresarial (ICE) do FGV IBRE avan\u00e7ou 0,6 ponto em abril, para 95,8 pontos, o maior valor desde outubro de 2022. Em m\u00e9dias m\u00f3veis trimestrais, o ICE ficou praticamente est\u00e1vel, ao variar +0,1 ponto.<\/p>\n<p>\u201cO aumento da confian\u00e7a empresarial em abril ocorre de maneira heterog\u00eanea, com eleva\u00e7\u00f5es no Com\u00e9rcio e Ind\u00fastria e quedas em Servi\u00e7os e Constru\u00e7\u00e3o. Destaca-se o aumento significativo de 5,1 pontos na confian\u00e7a do Com\u00e9rcio, impulsionado por uma melhora expressiva nas percep\u00e7\u00f5es sobre a situa\u00e7\u00e3o atual, tanto em segmentos mais relacionados a bens essenciais quanto em segmentos de compra eletiva, como o de m\u00f3veis e eletrodom\u00e9sticos. Com esse aumento, o n\u00edvel de confian\u00e7a do setor se aproximou dos demais, resultando na menor dispers\u00e3o entre os \u00edndices de confian\u00e7a dos quatro setores desde maio de 2015. O panorama neste in\u00edcio do segundo trimestre, assim como no primeiro, segue sendo de crescimento moderado do n\u00edvel de atividade\u201d, avalia Aloisio Campelo Jr., Superintendente de Estat\u00edsticas do FGV IBRE.<\/p>\n<p>No \u00faltimo m\u00eas, a alta do ICE foi impulsionada por avan\u00e7os em seus dois \u00edndices-componentes. O \u00cdndice de Expectativas Empresariais (IE-E) subiu 0,6 ponto, alcan\u00e7ando 95,7 pontos, com destaque para a melhora nas proje\u00e7\u00f5es de demanda para os pr\u00f3ximos tr\u00eas meses, especialmente nos setores do Com\u00e9rcio e Ind\u00fastria. O indicador que mensura essa percep\u00e7\u00e3o registrou um aumento de 1,0 ponto, atingindo 95,6 pontos. Al\u00e9m disso, o otimismo em rela\u00e7\u00e3o ao ambiente de neg\u00f3cios nos pr\u00f3ximos seis meses tamb\u00e9m apresentou uma eleva\u00e7\u00e3o, com alta de 0,3 ponto para 95,9 pontos.<\/p>\n<p>Por sua vez, o \u00cdndice da Situa\u00e7\u00e3o Atual Empresarial (ISA-E) avan\u00e7ou 0,5 ponto no m\u00eas, atingindo 95,9 pontos, o patamar mais elevado desde outubro de 2022. Ambos os seus componentes, que avaliam a percep\u00e7\u00e3o atual da Demanda Atual e a Situa\u00e7\u00e3o Atual dos Neg\u00f3cios, apresentaram incrementos de 0,6 e 0,3 ponto, respectivamente.<\/p>\n<p>Com informa\u00e7\u00f5es do PortaL Ibre.<\/p>\n","protected":false},"excerpt":{"rendered":"<p>O\u00a0\u00cdndice de Confian\u00e7a Empresarial (ICE) do FGV IBRE avan\u00e7ou 0,6 ponto em abril, para 95,8 pontos, o maior valor desde outubro de 2022. Em m\u00e9dias m\u00f3veis trimestrais, o ICE ficou praticamente est\u00e1vel, ao variar +0,1 ponto. \u201cO aumento da confian\u00e7a empresarial em abril ocorre de maneira heterog\u00eanea, com eleva\u00e7\u00f5es no Com\u00e9rcio e Ind\u00fastria e quedas [&hellip;]<\/p>\n","protected":false},"author":2,"featured_media":5216,"comment_status":"open","ping_status":"open","sticky":false,"template":"","format":"standard","meta":{"footnotes":""},"categories":[472,16,98],"tags":[488,504,104],"class_list":["post-5215","post","type-post","status-publish","format-standard","has-post-thumbnail","hentry","category-conteudo-para-associados","category-noticias","category-tendencias-de-mercado","tag-confianca-empresarial","tag-empresario-industrial","tag-industria"],"yoast_head":"<!-- This site is optimized with the Yoast SEO plugin v22.8 - https:\/\/yoast.com\/wordpress\/plugins\/seo\/ -->\n<title>Confian\u00e7a Empresarial segue em alta - Sindit\u00eaxtil-SP<\/title>\n<meta name=\"robots\" content=\"index, follow, max-snippet:-1, max-image-preview:large, max-video-preview:-1\" \/>\n<link rel=\"canonical\" href=\"https:\/\/sinditextilsp.org.br\/home\/2024\/05\/confianca-empresarial-segue-em-alta\/\" \/>\n<meta property=\"og:locale\" content=\"pt_BR\" \/>\n<meta property=\"og:type\" content=\"article\" \/>\n<meta property=\"og:title\" content=\"Confian\u00e7a Empresarial segue em alta - Sindit\u00eaxtil-SP\" \/>\n<meta property=\"og:description\" content=\"O\u00a0\u00cdndice de Confian\u00e7a Empresarial (ICE) do FGV IBRE avan\u00e7ou 0,6 ponto em abril, para 95,8 pontos, o maior valor desde outubro de 2022. Em m\u00e9dias m\u00f3veis trimestrais, o ICE ficou praticamente est\u00e1vel, ao variar +0,1 ponto. \u201cO aumento da confian\u00e7a empresarial em abril ocorre de maneira heterog\u00eanea, com eleva\u00e7\u00f5es no Com\u00e9rcio e Ind\u00fastria e quedas [&hellip;]\" \/>\n<meta property=\"og:url\" content=\"https:\/\/sinditextilsp.org.br\/home\/2024\/05\/confianca-empresarial-segue-em-alta\/\" \/>\n<meta property=\"og:site_name\" content=\"Sindit\u00eaxtil-SP\" \/>\n<meta property=\"article:publisher\" content=\"https:\/\/www.facebook.com\/sinditextilsp\" \/>\n<meta property=\"article:published_time\" content=\"2024-05-02T13:50:29+00:00\" \/>\n<meta property=\"og:image\" content=\"https:\/\/sinditextilsp.org.br\/home\/wp-content\/uploads\/2024\/05\/Foto-Adeolu-EletuUnsplash.jpeg\" \/>\n\t<meta property=\"og:image:width\" content=\"640\" \/>\n\t<meta property=\"og:image:height\" content=\"240\" \/>\n\t<meta property=\"og:image:type\" content=\"image\/jpeg\" \/>\n<meta name=\"author\" content=\"Sindit\u00eaxtil-SP\" \/>\n<meta name=\"twitter:card\" content=\"summary_large_image\" \/>\n<meta name=\"twitter:creator\" content=\"@SinditextilSP\" \/>\n<meta name=\"twitter:site\" content=\"@SinditextilSP\" \/>\n<meta name=\"twitter:label1\" content=\"Escrito por\" \/>\n\t<meta name=\"twitter:data1\" content=\"Sindit\u00eaxtil-SP\" \/>\n\t<meta name=\"twitter:label2\" content=\"Est. tempo de leitura\" \/>\n\t<meta name=\"twitter:data2\" content=\"2 minutos\" \/>\n<script type=\"application\/ld+json\" class=\"yoast-schema-graph\">{\"@context\":\"https:\/\/schema.org\",\"@graph\":[{\"@type\":\"WebPage\",\"@id\":\"https:\/\/sinditextilsp.org.br\/home\/2024\/05\/confianca-empresarial-segue-em-alta\/\",\"url\":\"https:\/\/sinditextilsp.org.br\/home\/2024\/05\/confianca-empresarial-segue-em-alta\/\",\"name\":\"Confian\u00e7a Empresarial segue em alta - Sindit\u00eaxtil-SP\",\"isPartOf\":{\"@id\":\"https:\/\/sinditextilsp.org.br\/home\/#website\"},\"primaryImageOfPage\":{\"@id\":\"https:\/\/sinditextilsp.org.br\/home\/2024\/05\/confianca-empresarial-segue-em-alta\/#primaryimage\"},\"image\":{\"@id\":\"https:\/\/sinditextilsp.org.br\/home\/2024\/05\/confianca-empresarial-segue-em-alta\/#primaryimage\"},\"thumbnailUrl\":\"https:\/\/sinditextilsp.org.br\/home\/wp-content\/uploads\/2024\/05\/Foto-Adeolu-EletuUnsplash.jpeg\",\"datePublished\":\"2024-05-02T13:50:29+00:00\",\"dateModified\":\"2024-05-02T13:50:29+00:00\",\"author\":{\"@id\":\"https:\/\/sinditextilsp.org.br\/home\/#\/schema\/person\/ceca3861f277dc1806d31199f1604264\"},\"breadcrumb\":{\"@id\":\"https:\/\/sinditextilsp.org.br\/home\/2024\/05\/confianca-empresarial-segue-em-alta\/#breadcrumb\"},\"inLanguage\":\"pt-BR\",\"potentialAction\":[{\"@type\":\"ReadAction\",\"target\":[\"https:\/\/sinditextilsp.org.br\/home\/2024\/05\/confianca-empresarial-segue-em-alta\/\"]}]},{\"@type\":\"ImageObject\",\"inLanguage\":\"pt-BR\",\"@id\":\"https:\/\/sinditextilsp.org.br\/home\/2024\/05\/confianca-empresarial-segue-em-alta\/#primaryimage\",\"url\":\"https:\/\/sinditextilsp.org.br\/home\/wp-content\/uploads\/2024\/05\/Foto-Adeolu-EletuUnsplash.jpeg\",\"contentUrl\":\"https:\/\/sinditextilsp.org.br\/home\/wp-content\/uploads\/2024\/05\/Foto-Adeolu-EletuUnsplash.jpeg\",\"width\":640,\"height\":240,\"caption\":\"Foto: Adeolu Eletu\/Unsplash\"},{\"@type\":\"BreadcrumbList\",\"@id\":\"https:\/\/sinditextilsp.org.br\/home\/2024\/05\/confianca-empresarial-segue-em-alta\/#breadcrumb\",\"itemListElement\":[{\"@type\":\"ListItem\",\"position\":1,\"name\":\"In\u00edcio\",\"item\":\"https:\/\/sinditextilsp.org.br\/home\/\"},{\"@type\":\"ListItem\",\"position\":2,\"name\":\"Confian\u00e7a Empresarial segue em alta\"}]},{\"@type\":\"WebSite\",\"@id\":\"https:\/\/sinditextilsp.org.br\/home\/#website\",\"url\":\"https:\/\/sinditextilsp.org.br\/home\/\",\"name\":\"Sindit\u00eaxtil-SP\",\"description\":\"Sindicato T\u00eaxtil de S\u00e3o Paulo\",\"potentialAction\":[{\"@type\":\"SearchAction\",\"target\":{\"@type\":\"EntryPoint\",\"urlTemplate\":\"https:\/\/sinditextilsp.org.br\/home\/?s={search_term_string}\"},\"query-input\":\"required name=search_term_string\"}],\"inLanguage\":\"pt-BR\"},{\"@type\":\"Person\",\"@id\":\"https:\/\/sinditextilsp.org.br\/home\/#\/schema\/person\/ceca3861f277dc1806d31199f1604264\",\"name\":\"Sindit\u00eaxtil-SP\",\"image\":{\"@type\":\"ImageObject\",\"inLanguage\":\"pt-BR\",\"@id\":\"https:\/\/sinditextilsp.org.br\/home\/#\/schema\/person\/image\/\",\"url\":\"https:\/\/secure.gravatar.com\/avatar\/1004e4f7c56213ad977aba92436bc447272b6a4743534ef04a82f43c866dd0e0?s=96&d=mm&r=g\",\"contentUrl\":\"https:\/\/secure.gravatar.com\/avatar\/1004e4f7c56213ad977aba92436bc447272b6a4743534ef04a82f43c866dd0e0?s=96&d=mm&r=g\",\"caption\":\"Sindit\u00eaxtil-SP\"},\"url\":\"https:\/\/sinditextilsp.org.br\/home\/author\/sinditextilsp\/\"}]}<\/script>\n<!-- \/ Yoast SEO plugin. -->","yoast_head_json":{"title":"Confian\u00e7a Empresarial segue em alta - Sindit\u00eaxtil-SP","robots":{"index":"index","follow":"follow","max-snippet":"max-snippet:-1","max-image-preview":"max-image-preview:large","max-video-preview":"max-video-preview:-1"},"canonical":"https:\/\/sinditextilsp.org.br\/home\/2024\/05\/confianca-empresarial-segue-em-alta\/","og_locale":"pt_BR","og_type":"article","og_title":"Confian\u00e7a Empresarial segue em alta - Sindit\u00eaxtil-SP","og_description":"O\u00a0\u00cdndice de Confian\u00e7a Empresarial (ICE) do FGV IBRE avan\u00e7ou 0,6 ponto em abril, para 95,8 pontos, o maior valor desde outubro de 2022. Em m\u00e9dias m\u00f3veis trimestrais, o ICE ficou praticamente est\u00e1vel, ao variar +0,1 ponto. \u201cO aumento da confian\u00e7a empresarial em abril ocorre de maneira heterog\u00eanea, com eleva\u00e7\u00f5es no Com\u00e9rcio e Ind\u00fastria e quedas [&hellip;]","og_url":"https:\/\/sinditextilsp.org.br\/home\/2024\/05\/confianca-empresarial-segue-em-alta\/","og_site_name":"Sindit\u00eaxtil-SP","article_publisher":"https:\/\/www.facebook.com\/sinditextilsp","article_published_time":"2024-05-02T13:50:29+00:00","og_image":[{"width":640,"height":240,"url":"https:\/\/sinditextilsp.org.br\/home\/wp-content\/uploads\/2024\/05\/Foto-Adeolu-EletuUnsplash.jpeg","type":"image\/jpeg"}],"author":"Sindit\u00eaxtil-SP","twitter_card":"summary_large_image","twitter_creator":"@SinditextilSP","twitter_site":"@SinditextilSP","twitter_misc":{"Escrito por":"Sindit\u00eaxtil-SP","Est. tempo de leitura":"2 minutos"},"schema":{"@context":"https:\/\/schema.org","@graph":[{"@type":"WebPage","@id":"https:\/\/sinditextilsp.org.br\/home\/2024\/05\/confianca-empresarial-segue-em-alta\/","url":"https:\/\/sinditextilsp.org.br\/home\/2024\/05\/confianca-empresarial-segue-em-alta\/","name":"Confian\u00e7a Empresarial segue em alta - Sindit\u00eaxtil-SP","isPartOf":{"@id":"https:\/\/sinditextilsp.org.br\/home\/#website"},"primaryImageOfPage":{"@id":"https:\/\/sinditextilsp.org.br\/home\/2024\/05\/confianca-empresarial-segue-em-alta\/#primaryimage"},"image":{"@id":"https:\/\/sinditextilsp.org.br\/home\/2024\/05\/confianca-empresarial-segue-em-alta\/#primaryimage"},"thumbnailUrl":"https:\/\/sinditextilsp.org.br\/home\/wp-content\/uploads\/2024\/05\/Foto-Adeolu-EletuUnsplash.jpeg","datePublished":"2024-05-02T13:50:29+00:00","dateModified":"2024-05-02T13:50:29+00:00","author":{"@id":"https:\/\/sinditextilsp.org.br\/home\/#\/schema\/person\/ceca3861f277dc1806d31199f1604264"},"breadcrumb":{"@id":"https:\/\/sinditextilsp.org.br\/home\/2024\/05\/confianca-empresarial-segue-em-alta\/#breadcrumb"},"inLanguage":"pt-BR","potentialAction":[{"@type":"ReadAction","target":["https:\/\/sinditextilsp.org.br\/home\/2024\/05\/confianca-empresarial-segue-em-alta\/"]}]},{"@type":"ImageObject","inLanguage":"pt-BR","@id":"https:\/\/sinditextilsp.org.br\/home\/2024\/05\/confianca-empresarial-segue-em-alta\/#primaryimage","url":"https:\/\/sinditextilsp.org.br\/home\/wp-content\/uploads\/2024\/05\/Foto-Adeolu-EletuUnsplash.jpeg","contentUrl":"https:\/\/sinditextilsp.org.br\/home\/wp-content\/uploads\/2024\/05\/Foto-Adeolu-EletuUnsplash.jpeg","width":640,"height":240,"caption":"Foto: Adeolu Eletu\/Unsplash"},{"@type":"BreadcrumbList","@id":"https:\/\/sinditextilsp.org.br\/home\/2024\/05\/confianca-empresarial-segue-em-alta\/#breadcrumb","itemListElement":[{"@type":"ListItem","position":1,"name":"In\u00edcio","item":"https:\/\/sinditextilsp.org.br\/home\/"},{"@type":"ListItem","position":2,"name":"Confian\u00e7a Empresarial segue em alta"}]},{"@type":"WebSite","@id":"https:\/\/sinditextilsp.org.br\/home\/#website","url":"https:\/\/sinditextilsp.org.br\/home\/","name":"Sindit\u00eaxtil-SP","description":"Sindicato T\u00eaxtil de S\u00e3o Paulo","potentialAction":[{"@type":"SearchAction","target":{"@type":"EntryPoint","urlTemplate":"https:\/\/sinditextilsp.org.br\/home\/?s={search_term_string}"},"query-input":"required name=search_term_string"}],"inLanguage":"pt-BR"},{"@type":"Person","@id":"https:\/\/sinditextilsp.org.br\/home\/#\/schema\/person\/ceca3861f277dc1806d31199f1604264","name":"Sindit\u00eaxtil-SP","image":{"@type":"ImageObject","inLanguage":"pt-BR","@id":"https:\/\/sinditextilsp.org.br\/home\/#\/schema\/person\/image\/","url":"https:\/\/secure.gravatar.com\/avatar\/1004e4f7c56213ad977aba92436bc447272b6a4743534ef04a82f43c866dd0e0?s=96&d=mm&r=g","contentUrl":"https:\/\/secure.gravatar.com\/avatar\/1004e4f7c56213ad977aba92436bc447272b6a4743534ef04a82f43c866dd0e0?s=96&d=mm&r=g","caption":"Sindit\u00eaxtil-SP"},"url":"https:\/\/sinditextilsp.org.br\/home\/author\/sinditextilsp\/"}]}},"_links":{"self":[{"href":"https:\/\/sinditextilsp.org.br\/home\/wp-json\/wp\/v2\/posts\/5215","targetHints":{"allow":["GET"]}}],"collection":[{"href":"https:\/\/sinditextilsp.org.br\/home\/wp-json\/wp\/v2\/posts"}],"about":[{"href":"https:\/\/sinditextilsp.org.br\/home\/wp-json\/wp\/v2\/types\/post"}],"author":[{"embeddable":true,"href":"https:\/\/sinditextilsp.org.br\/home\/wp-json\/wp\/v2\/users\/2"}],"replies":[{"embeddable":true,"href":"https:\/\/sinditextilsp.org.br\/home\/wp-json\/wp\/v2\/comments?post=5215"}],"version-history":[{"count":1,"href":"https:\/\/sinditextilsp.org.br\/home\/wp-json\/wp\/v2\/posts\/5215\/revisions"}],"predecessor-version":[{"id":5217,"href":"https:\/\/sinditextilsp.org.br\/home\/wp-json\/wp\/v2\/posts\/5215\/revisions\/5217"}],"wp:featuredmedia":[{"embeddable":true,"href":"https:\/\/sinditextilsp.org.br\/home\/wp-json\/wp\/v2\/media\/5216"}],"wp:attachment":[{"href":"https:\/\/sinditextilsp.org.br\/home\/wp-json\/wp\/v2\/media?parent=5215"}],"wp:term":[{"taxonomy":"category","embeddable":true,"href":"https:\/\/sinditextilsp.org.br\/home\/wp-json\/wp\/v2\/categories?post=5215"},{"taxonomy":"post_tag","embeddable":true,"href":"https:\/\/sinditextilsp.org.br\/home\/wp-json\/wp\/v2\/tags?post=5215"}],"curies":[{"name":"wp","href":"https:\/\/api.w.org\/{rel}","templated":true}]}}