{"id":5236,"date":"2024-05-07T11:37:13","date_gmt":"2024-05-07T14:37:13","guid":{"rendered":"https:\/\/sinditextilsp.org.br\/home\/?p=5236"},"modified":"2024-05-07T11:37:13","modified_gmt":"2024-05-07T14:37:13","slug":"horas-trabalhadas-na-industria-de-transformacao-sofrem-queda-em-marco","status":"publish","type":"post","link":"https:\/\/sinditextilsp.org.br\/home\/2024\/05\/horas-trabalhadas-na-industria-de-transformacao-sofrem-queda-em-marco\/","title":{"rendered":"Horas trabalhadas na ind\u00fastria de transforma\u00e7\u00e3o sofrem queda em mar\u00e7o"},"content":{"rendered":"<p>A ind\u00fastria de transforma\u00e7\u00e3o apresentou recuo no n\u00famero de horas trabalhadas em mar\u00e7o de 2024, que sugere baixa demanda e aus\u00eancia de novos impulsos na atividade industrial. O recuo de 1,6% de fevereiro para mar\u00e7o foi apontado <em>pelos <\/em>Indicadores Industriais, pesquisa da\u00a0Confedera\u00e7\u00e3o Nacional da Ind\u00fastria (CNI).<\/p>\n<p>\u201cO \u00edndice de horas trabalhadas recuou depois de dois meses em alta. N\u00e3o foi uma queda brusca e n\u00e3o representa, necessariamente, uma mudan\u00e7a de rumo. Pode ser apenas uma acomoda\u00e7\u00e3o. Apesar do m\u00eas mais fraco, quando comparamos todos os \u00edndices com o mesmo per\u00edodo de 2023, percebemos que a ind\u00fastria de transforma\u00e7\u00e3o est\u00e1 mais aquecida\u201d, explica o gerente de An\u00e1lise Econ\u00f4mica da\u00a0CNI, Marcelo Azevedo.<\/p>\n<p>O faturamento real da ind\u00fastria de transforma\u00e7\u00e3o permaneceu est\u00e1vel (-0,6%) na passagem de fevereiro para mar\u00e7o de 2024. Em compara\u00e7\u00e3o com mar\u00e7o de 2023, houve uma queda foi de 4,3%.<\/p>\n<p><strong>Utiliza\u00e7\u00e3o da Capacidade Instalada em mar\u00e7o<\/strong><\/p>\n<p>A Utiliza\u00e7\u00e3o da Capacidade Instalada (UCI) mostrou uma varia\u00e7\u00e3o de -0,2 ponto percentual na passagem de fevereiro para mar\u00e7o e ficou em 78,4%. Na compara\u00e7\u00e3o com mar\u00e7o de 2023, houve uma queda de 0,6 pontos percentual.<\/p>\n<p><strong>Mais sobre os Indicadores Industriais<\/strong><\/p>\n<p>O objetivo dos\u00a0Indicadores Industriais\u00a0\u00e9 identificar, mensalmente, a evolu\u00e7\u00e3o de curto prazo da atividade industrial, mais especificamente da ind\u00fastria de transforma\u00e7\u00e3o.<\/p>\n<p>Segundo os\u00a0Indicadores Industriais<em>,\u00a0<\/em>o emprego na ind\u00fastria de transforma\u00e7\u00e3o cresceu 0,5% de fevereiro para mar\u00e7o de 2024. Quando comparado com o mesmo per\u00edodo do ano passado, o indicador aumentou 2,2%.<\/p>\n<p>Em mar\u00e7o deste ano, os indicadores de rendimento m\u00e9dio e massa salarial registraram uma alta consider\u00e1vel de, respectivamente, 3,4% e 3,6% na passagem de fevereiro para mar\u00e7o. Quando comparados com o mesmo per\u00edodo do ano passado foi registrado crescimento 6,7% da massa salarial e 9,1% de rendimento m\u00e9dio.<\/p>\n<p>A alta \u00e9 explicada pelo pagamento relevante de verbas rescis\u00f3rias de uma f\u00e1brica de S\u00e3o Paulo que est\u00e1 transferindo a unidade para outro local. \u201c\u00c9 esperado que nos meses a seguir haja uma queda e esses indicadores apresentem um retorno \u00e0 tend\u00eancia anterior &#8211; de alta, mas mais moderada &#8211; ap\u00f3s o fim desse pagamento excepcional de verbas rescis\u00f3rias\u201d, adianta Azevedo.<\/p>\n<p>Para analisar a massa salarial e, consequentemente, o poder de compra dos trabalhadores na ind\u00fastria \u00e9 considerada toda remunera\u00e7\u00e3o paga aos empregados da unidade, como o valor bruto dos sal\u00e1rios-base; valor das horas extras; valor do 13\u00ba sal\u00e1rio; valor do aviso pr\u00e9vio; comiss\u00f5es e percentagens; abonos; premia\u00e7\u00f5es; sal\u00e1rio-maternidade; entre outros.<\/p>\n<p><strong>Faturamento ficou est\u00e1vel em mar\u00e7o<\/strong><\/p>\n<p>Como pesquisa conjuntural, a import\u00e2ncia deve-se \u00e0 capacidade de indicar o comportamento efetivo da atividade industrial por meio de vari\u00e1veis como faturamento, emprego, remunera\u00e7\u00e3o e utiliza\u00e7\u00e3o da capacidade.<\/p>\n<p>A pesquisa teve in\u00edcio em 1992 e resulta de parceria da\u00a0CNI\u00a0com as Federa\u00e7\u00f5es Estaduais das Ind\u00fastrias. Os estados pesquisados respondem por mais de 90% do produto industrial brasileiro.<\/p>\n<p>Confira os Indicadores Industriais <a href=\"https:\/\/www.portaldaindustria.com.br\/estatisticas\/indicadores-industriais\/?utm_source=jor&amp;utm_medium=comunique&amp;utm_campaign=release&amp;utm_content=texto-fixo\">aqui.<\/a><\/p>\n<p>Com Informa\u00e7\u00f5es da CNI.<\/p>\n","protected":false},"excerpt":{"rendered":"<p>A ind\u00fastria de transforma\u00e7\u00e3o apresentou recuo no n\u00famero de horas trabalhadas em mar\u00e7o de 2024, que sugere baixa demanda e aus\u00eancia de novos impulsos na atividade industrial. O recuo de 1,6% de fevereiro para mar\u00e7o foi apontado pelos Indicadores Industriais, pesquisa da\u00a0Confedera\u00e7\u00e3o Nacional da Ind\u00fastria (CNI). \u201cO \u00edndice de horas trabalhadas recuou depois de dois [&hellip;]<\/p>\n","protected":false},"author":2,"featured_media":4553,"comment_status":"open","ping_status":"open","sticky":false,"template":"","format":"standard","meta":{"footnotes":""},"categories":[472,56,16],"tags":[79,534,104,502],"class_list":["post-5236","post","type-post","status-publish","format-standard","has-post-thumbnail","hentry","category-conteudo-para-associados","category-destaques","category-noticias","tag-cni","tag-horas-trabalhadas","tag-industria","tag-industria-de-transformacao"],"yoast_head":"<!-- This site is optimized with the Yoast SEO plugin v22.8 - https:\/\/yoast.com\/wordpress\/plugins\/seo\/ -->\n<title>Horas trabalhadas na ind\u00fastria de transforma\u00e7\u00e3o sofrem queda em mar\u00e7o - Sindit\u00eaxtil-SP<\/title>\n<meta name=\"robots\" content=\"index, follow, max-snippet:-1, max-image-preview:large, max-video-preview:-1\" \/>\n<link rel=\"canonical\" href=\"https:\/\/sinditextilsp.org.br\/home\/2024\/05\/horas-trabalhadas-na-industria-de-transformacao-sofrem-queda-em-marco\/\" \/>\n<meta property=\"og:locale\" content=\"pt_BR\" \/>\n<meta property=\"og:type\" content=\"article\" \/>\n<meta property=\"og:title\" content=\"Horas trabalhadas na ind\u00fastria de transforma\u00e7\u00e3o sofrem queda em mar\u00e7o - Sindit\u00eaxtil-SP\" \/>\n<meta property=\"og:description\" content=\"A ind\u00fastria de transforma\u00e7\u00e3o apresentou recuo no n\u00famero de horas trabalhadas em mar\u00e7o de 2024, que sugere baixa demanda e aus\u00eancia de novos impulsos na atividade industrial. O recuo de 1,6% de fevereiro para mar\u00e7o foi apontado pelos Indicadores Industriais, pesquisa da\u00a0Confedera\u00e7\u00e3o Nacional da Ind\u00fastria (CNI). \u201cO \u00edndice de horas trabalhadas recuou depois de dois [&hellip;]\" \/>\n<meta property=\"og:url\" content=\"https:\/\/sinditextilsp.org.br\/home\/2024\/05\/horas-trabalhadas-na-industria-de-transformacao-sofrem-queda-em-marco\/\" \/>\n<meta property=\"og:site_name\" content=\"Sindit\u00eaxtil-SP\" \/>\n<meta property=\"article:publisher\" content=\"https:\/\/www.facebook.com\/sinditextilsp\" \/>\n<meta property=\"article:published_time\" content=\"2024-05-07T14:37:13+00:00\" \/>\n<meta property=\"og:image\" content=\"https:\/\/sinditextilsp.org.br\/home\/wp-content\/uploads\/2024\/01\/trabalhador-adulto-medio-operando-uma-maquina-cnc-enquanto-trabalhava-em-instalacoes-industriais-scaled.jpg\" \/>\n\t<meta property=\"og:image:width\" content=\"2560\" \/>\n\t<meta property=\"og:image:height\" content=\"1707\" \/>\n\t<meta property=\"og:image:type\" content=\"image\/jpeg\" \/>\n<meta name=\"author\" content=\"Sindit\u00eaxtil-SP\" \/>\n<meta name=\"twitter:card\" content=\"summary_large_image\" \/>\n<meta name=\"twitter:creator\" content=\"@SinditextilSP\" \/>\n<meta name=\"twitter:site\" content=\"@SinditextilSP\" \/>\n<meta name=\"twitter:label1\" content=\"Escrito por\" \/>\n\t<meta name=\"twitter:data1\" content=\"Sindit\u00eaxtil-SP\" \/>\n\t<meta name=\"twitter:label2\" content=\"Est. tempo de leitura\" \/>\n\t<meta name=\"twitter:data2\" content=\"3 minutos\" \/>\n<script type=\"application\/ld+json\" class=\"yoast-schema-graph\">{\"@context\":\"https:\/\/schema.org\",\"@graph\":[{\"@type\":\"WebPage\",\"@id\":\"https:\/\/sinditextilsp.org.br\/home\/2024\/05\/horas-trabalhadas-na-industria-de-transformacao-sofrem-queda-em-marco\/\",\"url\":\"https:\/\/sinditextilsp.org.br\/home\/2024\/05\/horas-trabalhadas-na-industria-de-transformacao-sofrem-queda-em-marco\/\",\"name\":\"Horas trabalhadas na ind\u00fastria de transforma\u00e7\u00e3o sofrem queda em mar\u00e7o - Sindit\u00eaxtil-SP\",\"isPartOf\":{\"@id\":\"https:\/\/sinditextilsp.org.br\/home\/#website\"},\"primaryImageOfPage\":{\"@id\":\"https:\/\/sinditextilsp.org.br\/home\/2024\/05\/horas-trabalhadas-na-industria-de-transformacao-sofrem-queda-em-marco\/#primaryimage\"},\"image\":{\"@id\":\"https:\/\/sinditextilsp.org.br\/home\/2024\/05\/horas-trabalhadas-na-industria-de-transformacao-sofrem-queda-em-marco\/#primaryimage\"},\"thumbnailUrl\":\"https:\/\/sinditextilsp.org.br\/home\/wp-content\/uploads\/2024\/01\/trabalhador-adulto-medio-operando-uma-maquina-cnc-enquanto-trabalhava-em-instalacoes-industriais-scaled.jpg\",\"datePublished\":\"2024-05-07T14:37:13+00:00\",\"dateModified\":\"2024-05-07T14:37:13+00:00\",\"author\":{\"@id\":\"https:\/\/sinditextilsp.org.br\/home\/#\/schema\/person\/ceca3861f277dc1806d31199f1604264\"},\"breadcrumb\":{\"@id\":\"https:\/\/sinditextilsp.org.br\/home\/2024\/05\/horas-trabalhadas-na-industria-de-transformacao-sofrem-queda-em-marco\/#breadcrumb\"},\"inLanguage\":\"pt-BR\",\"potentialAction\":[{\"@type\":\"ReadAction\",\"target\":[\"https:\/\/sinditextilsp.org.br\/home\/2024\/05\/horas-trabalhadas-na-industria-de-transformacao-sofrem-queda-em-marco\/\"]}]},{\"@type\":\"ImageObject\",\"inLanguage\":\"pt-BR\",\"@id\":\"https:\/\/sinditextilsp.org.br\/home\/2024\/05\/horas-trabalhadas-na-industria-de-transformacao-sofrem-queda-em-marco\/#primaryimage\",\"url\":\"https:\/\/sinditextilsp.org.br\/home\/wp-content\/uploads\/2024\/01\/trabalhador-adulto-medio-operando-uma-maquina-cnc-enquanto-trabalhava-em-instalacoes-industriais-scaled.jpg\",\"contentUrl\":\"https:\/\/sinditextilsp.org.br\/home\/wp-content\/uploads\/2024\/01\/trabalhador-adulto-medio-operando-uma-maquina-cnc-enquanto-trabalhava-em-instalacoes-industriais-scaled.jpg\",\"width\":2560,\"height\":1707,\"caption\":\"Mid adult worker operating a CNC machine while working in industrial facility.\"},{\"@type\":\"BreadcrumbList\",\"@id\":\"https:\/\/sinditextilsp.org.br\/home\/2024\/05\/horas-trabalhadas-na-industria-de-transformacao-sofrem-queda-em-marco\/#breadcrumb\",\"itemListElement\":[{\"@type\":\"ListItem\",\"position\":1,\"name\":\"In\u00edcio\",\"item\":\"https:\/\/sinditextilsp.org.br\/home\/\"},{\"@type\":\"ListItem\",\"position\":2,\"name\":\"Horas trabalhadas na ind\u00fastria de transforma\u00e7\u00e3o sofrem queda em mar\u00e7o\"}]},{\"@type\":\"WebSite\",\"@id\":\"https:\/\/sinditextilsp.org.br\/home\/#website\",\"url\":\"https:\/\/sinditextilsp.org.br\/home\/\",\"name\":\"Sindit\u00eaxtil-SP\",\"description\":\"Sindicato T\u00eaxtil de S\u00e3o Paulo\",\"potentialAction\":[{\"@type\":\"SearchAction\",\"target\":{\"@type\":\"EntryPoint\",\"urlTemplate\":\"https:\/\/sinditextilsp.org.br\/home\/?s={search_term_string}\"},\"query-input\":\"required name=search_term_string\"}],\"inLanguage\":\"pt-BR\"},{\"@type\":\"Person\",\"@id\":\"https:\/\/sinditextilsp.org.br\/home\/#\/schema\/person\/ceca3861f277dc1806d31199f1604264\",\"name\":\"Sindit\u00eaxtil-SP\",\"image\":{\"@type\":\"ImageObject\",\"inLanguage\":\"pt-BR\",\"@id\":\"https:\/\/sinditextilsp.org.br\/home\/#\/schema\/person\/image\/\",\"url\":\"https:\/\/secure.gravatar.com\/avatar\/1004e4f7c56213ad977aba92436bc447272b6a4743534ef04a82f43c866dd0e0?s=96&d=mm&r=g\",\"contentUrl\":\"https:\/\/secure.gravatar.com\/avatar\/1004e4f7c56213ad977aba92436bc447272b6a4743534ef04a82f43c866dd0e0?s=96&d=mm&r=g\",\"caption\":\"Sindit\u00eaxtil-SP\"},\"url\":\"https:\/\/sinditextilsp.org.br\/home\/author\/sinditextilsp\/\"}]}<\/script>\n<!-- \/ Yoast SEO plugin. -->","yoast_head_json":{"title":"Horas trabalhadas na ind\u00fastria de transforma\u00e7\u00e3o sofrem queda em mar\u00e7o - Sindit\u00eaxtil-SP","robots":{"index":"index","follow":"follow","max-snippet":"max-snippet:-1","max-image-preview":"max-image-preview:large","max-video-preview":"max-video-preview:-1"},"canonical":"https:\/\/sinditextilsp.org.br\/home\/2024\/05\/horas-trabalhadas-na-industria-de-transformacao-sofrem-queda-em-marco\/","og_locale":"pt_BR","og_type":"article","og_title":"Horas trabalhadas na ind\u00fastria de transforma\u00e7\u00e3o sofrem queda em mar\u00e7o - Sindit\u00eaxtil-SP","og_description":"A ind\u00fastria de transforma\u00e7\u00e3o apresentou recuo no n\u00famero de horas trabalhadas em mar\u00e7o de 2024, que sugere baixa demanda e aus\u00eancia de novos impulsos na atividade industrial. O recuo de 1,6% de fevereiro para mar\u00e7o foi apontado pelos Indicadores Industriais, pesquisa da\u00a0Confedera\u00e7\u00e3o Nacional da Ind\u00fastria (CNI). \u201cO \u00edndice de horas trabalhadas recuou depois de dois [&hellip;]","og_url":"https:\/\/sinditextilsp.org.br\/home\/2024\/05\/horas-trabalhadas-na-industria-de-transformacao-sofrem-queda-em-marco\/","og_site_name":"Sindit\u00eaxtil-SP","article_publisher":"https:\/\/www.facebook.com\/sinditextilsp","article_published_time":"2024-05-07T14:37:13+00:00","og_image":[{"width":2560,"height":1707,"url":"https:\/\/sinditextilsp.org.br\/home\/wp-content\/uploads\/2024\/01\/trabalhador-adulto-medio-operando-uma-maquina-cnc-enquanto-trabalhava-em-instalacoes-industriais-scaled.jpg","type":"image\/jpeg"}],"author":"Sindit\u00eaxtil-SP","twitter_card":"summary_large_image","twitter_creator":"@SinditextilSP","twitter_site":"@SinditextilSP","twitter_misc":{"Escrito por":"Sindit\u00eaxtil-SP","Est. tempo de leitura":"3 minutos"},"schema":{"@context":"https:\/\/schema.org","@graph":[{"@type":"WebPage","@id":"https:\/\/sinditextilsp.org.br\/home\/2024\/05\/horas-trabalhadas-na-industria-de-transformacao-sofrem-queda-em-marco\/","url":"https:\/\/sinditextilsp.org.br\/home\/2024\/05\/horas-trabalhadas-na-industria-de-transformacao-sofrem-queda-em-marco\/","name":"Horas trabalhadas na ind\u00fastria de transforma\u00e7\u00e3o sofrem queda em mar\u00e7o - Sindit\u00eaxtil-SP","isPartOf":{"@id":"https:\/\/sinditextilsp.org.br\/home\/#website"},"primaryImageOfPage":{"@id":"https:\/\/sinditextilsp.org.br\/home\/2024\/05\/horas-trabalhadas-na-industria-de-transformacao-sofrem-queda-em-marco\/#primaryimage"},"image":{"@id":"https:\/\/sinditextilsp.org.br\/home\/2024\/05\/horas-trabalhadas-na-industria-de-transformacao-sofrem-queda-em-marco\/#primaryimage"},"thumbnailUrl":"https:\/\/sinditextilsp.org.br\/home\/wp-content\/uploads\/2024\/01\/trabalhador-adulto-medio-operando-uma-maquina-cnc-enquanto-trabalhava-em-instalacoes-industriais-scaled.jpg","datePublished":"2024-05-07T14:37:13+00:00","dateModified":"2024-05-07T14:37:13+00:00","author":{"@id":"https:\/\/sinditextilsp.org.br\/home\/#\/schema\/person\/ceca3861f277dc1806d31199f1604264"},"breadcrumb":{"@id":"https:\/\/sinditextilsp.org.br\/home\/2024\/05\/horas-trabalhadas-na-industria-de-transformacao-sofrem-queda-em-marco\/#breadcrumb"},"inLanguage":"pt-BR","potentialAction":[{"@type":"ReadAction","target":["https:\/\/sinditextilsp.org.br\/home\/2024\/05\/horas-trabalhadas-na-industria-de-transformacao-sofrem-queda-em-marco\/"]}]},{"@type":"ImageObject","inLanguage":"pt-BR","@id":"https:\/\/sinditextilsp.org.br\/home\/2024\/05\/horas-trabalhadas-na-industria-de-transformacao-sofrem-queda-em-marco\/#primaryimage","url":"https:\/\/sinditextilsp.org.br\/home\/wp-content\/uploads\/2024\/01\/trabalhador-adulto-medio-operando-uma-maquina-cnc-enquanto-trabalhava-em-instalacoes-industriais-scaled.jpg","contentUrl":"https:\/\/sinditextilsp.org.br\/home\/wp-content\/uploads\/2024\/01\/trabalhador-adulto-medio-operando-uma-maquina-cnc-enquanto-trabalhava-em-instalacoes-industriais-scaled.jpg","width":2560,"height":1707,"caption":"Mid adult worker operating a CNC machine while working in industrial facility."},{"@type":"BreadcrumbList","@id":"https:\/\/sinditextilsp.org.br\/home\/2024\/05\/horas-trabalhadas-na-industria-de-transformacao-sofrem-queda-em-marco\/#breadcrumb","itemListElement":[{"@type":"ListItem","position":1,"name":"In\u00edcio","item":"https:\/\/sinditextilsp.org.br\/home\/"},{"@type":"ListItem","position":2,"name":"Horas trabalhadas na ind\u00fastria de transforma\u00e7\u00e3o sofrem queda em mar\u00e7o"}]},{"@type":"WebSite","@id":"https:\/\/sinditextilsp.org.br\/home\/#website","url":"https:\/\/sinditextilsp.org.br\/home\/","name":"Sindit\u00eaxtil-SP","description":"Sindicato T\u00eaxtil de S\u00e3o Paulo","potentialAction":[{"@type":"SearchAction","target":{"@type":"EntryPoint","urlTemplate":"https:\/\/sinditextilsp.org.br\/home\/?s={search_term_string}"},"query-input":"required name=search_term_string"}],"inLanguage":"pt-BR"},{"@type":"Person","@id":"https:\/\/sinditextilsp.org.br\/home\/#\/schema\/person\/ceca3861f277dc1806d31199f1604264","name":"Sindit\u00eaxtil-SP","image":{"@type":"ImageObject","inLanguage":"pt-BR","@id":"https:\/\/sinditextilsp.org.br\/home\/#\/schema\/person\/image\/","url":"https:\/\/secure.gravatar.com\/avatar\/1004e4f7c56213ad977aba92436bc447272b6a4743534ef04a82f43c866dd0e0?s=96&d=mm&r=g","contentUrl":"https:\/\/secure.gravatar.com\/avatar\/1004e4f7c56213ad977aba92436bc447272b6a4743534ef04a82f43c866dd0e0?s=96&d=mm&r=g","caption":"Sindit\u00eaxtil-SP"},"url":"https:\/\/sinditextilsp.org.br\/home\/author\/sinditextilsp\/"}]}},"_links":{"self":[{"href":"https:\/\/sinditextilsp.org.br\/home\/wp-json\/wp\/v2\/posts\/5236","targetHints":{"allow":["GET"]}}],"collection":[{"href":"https:\/\/sinditextilsp.org.br\/home\/wp-json\/wp\/v2\/posts"}],"about":[{"href":"https:\/\/sinditextilsp.org.br\/home\/wp-json\/wp\/v2\/types\/post"}],"author":[{"embeddable":true,"href":"https:\/\/sinditextilsp.org.br\/home\/wp-json\/wp\/v2\/users\/2"}],"replies":[{"embeddable":true,"href":"https:\/\/sinditextilsp.org.br\/home\/wp-json\/wp\/v2\/comments?post=5236"}],"version-history":[{"count":2,"href":"https:\/\/sinditextilsp.org.br\/home\/wp-json\/wp\/v2\/posts\/5236\/revisions"}],"predecessor-version":[{"id":5238,"href":"https:\/\/sinditextilsp.org.br\/home\/wp-json\/wp\/v2\/posts\/5236\/revisions\/5238"}],"wp:featuredmedia":[{"embeddable":true,"href":"https:\/\/sinditextilsp.org.br\/home\/wp-json\/wp\/v2\/media\/4553"}],"wp:attachment":[{"href":"https:\/\/sinditextilsp.org.br\/home\/wp-json\/wp\/v2\/media?parent=5236"}],"wp:term":[{"taxonomy":"category","embeddable":true,"href":"https:\/\/sinditextilsp.org.br\/home\/wp-json\/wp\/v2\/categories?post=5236"},{"taxonomy":"post_tag","embeddable":true,"href":"https:\/\/sinditextilsp.org.br\/home\/wp-json\/wp\/v2\/tags?post=5236"}],"curies":[{"name":"wp","href":"https:\/\/api.w.org\/{rel}","templated":true}]}}