{"id":5240,"date":"2024-05-08T11:42:14","date_gmt":"2024-05-08T14:42:14","guid":{"rendered":"https:\/\/sinditextilsp.org.br\/home\/?p=5240"},"modified":"2024-07-01T16:27:09","modified_gmt":"2024-07-01T19:27:09","slug":"estudo-lista-pontos-de-atencao-para-abertura-do-mercado-de-gas-natural-no-brasil","status":"publish","type":"post","link":"https:\/\/sinditextilsp.org.br\/home\/2024\/05\/estudo-lista-pontos-de-atencao-para-abertura-do-mercado-de-gas-natural-no-brasil\/","title":{"rendered":"Estudo lista pontos de aten\u00e7\u00e3o para abertura do mercado de g\u00e1s natural no Brasil"},"content":{"rendered":"<p>Apresentado este m\u00eas, o estudo da Funda\u00e7\u00e3o Get\u00falio Vargas (FGV), encomendado pelo Movimento Brasil Competitivo e Minist\u00e9rio do Desenvolvimento, Ind\u00fastria, Com\u00e9rcio e Servi\u00e7os (MDI), destacou 19 itens priorit\u00e1rios para a abertura do mercado de g\u00e1s natural no Brasil.<\/p>\n<p>O documento, que lista os principais gargalos e aponta caminhos para tornar o g\u00e1s brasileiro mais competitivo no cen\u00e1rio internacional, prop\u00f5e mais celeridade \u00e0 regulamenta\u00e7\u00e3o dos dispositivos da Nova Lei do G\u00e1s, considerado pelo estudo imprescind\u00edvel para aproveitar o potencial de v\u00e1rios mecanismos e dispositivos da norma e conferir consist\u00eancia, previsibilidade de regras e seguran\u00e7a jur\u00eddica.<\/p>\n<p>O estudo sugere tamb\u00e9m a necessidade de mais transpar\u00eancia em todas as etapas dos processos, desde acompanhamento e monitoramento de indicadores, at\u00e9 a forma\u00e7\u00e3o das tarifas de transporte e a previsibilidade de sua evolu\u00e7\u00e3o. Para isso, aponta a cria\u00e7\u00e3o de observat\u00f3rios p\u00fablicos e publica\u00e7\u00e3o de relat\u00f3rios peri\u00f3dicos, propondo medidas adicionais quando necess\u00e1rias, para tornar o processo mais seguro aos investidores.<\/p>\n<p>O Movimento Brasil Competitivo \u00e9 uma organiza\u00e7\u00e3o da sociedade civil e apartid\u00e1ria, que desenvolve iniciativas de governan\u00e7a e gest\u00e3o de excel\u00eancia em parceria com os setores p\u00fablico e privado. O objetivo \u00e9 aumentar a capacidade de investimento do Estado, desburocratizar processos e melhorar os servi\u00e7os p\u00fablicos.<\/p>\n<p>Confira o relat\u00f3rio <a href=\"https:\/\/www.mbc.org.br\/wp-content\/uploads\/2024\/04\/Reforma-do-G%C3%A1s-Natural_Diagnostico_FGV-MBC.pdf\">aqui.<\/a><\/p>\n<p>Com informa\u00e7\u00f5es do Movimento Brasil Competitivo<\/p>\n","protected":false},"excerpt":{"rendered":"<p>Apresentado este m\u00eas, o estudo da Funda\u00e7\u00e3o Get\u00falio Vargas (FGV), encomendado pelo Movimento Brasil Competitivo e Minist\u00e9rio do Desenvolvimento, Ind\u00fastria, Com\u00e9rcio e Servi\u00e7os (MDI), destacou 19 itens priorit\u00e1rios para a abertura do mercado de g\u00e1s natural no Brasil. O documento, que lista os principais gargalos e aponta caminhos para tornar o g\u00e1s brasileiro mais competitivo [&hellip;]<\/p>\n","protected":false},"author":2,"featured_media":5241,"comment_status":"open","ping_status":"open","sticky":false,"template":"","format":"standard","meta":{"footnotes":""},"categories":[472,56,16],"tags":[184,535,537,536],"class_list":["post-5240","post","type-post","status-publish","format-standard","has-post-thumbnail","hentry","category-conteudo-para-associados","category-destaques","category-noticias","tag-fgv","tag-gas-natural","tag-mdi","tag-movimento-brasil-competitivo"],"yoast_head":"<!-- This site is optimized with the Yoast SEO plugin v22.8 - https:\/\/yoast.com\/wordpress\/plugins\/seo\/ -->\n<title>Estudo lista pontos de aten\u00e7\u00e3o para abertura do mercado de g\u00e1s natural no Brasil - Sindit\u00eaxtil-SP<\/title>\n<meta name=\"robots\" content=\"index, follow, max-snippet:-1, max-image-preview:large, max-video-preview:-1\" \/>\n<link rel=\"canonical\" href=\"https:\/\/sinditextilsp.org.br\/home\/2024\/05\/estudo-lista-pontos-de-atencao-para-abertura-do-mercado-de-gas-natural-no-brasil\/\" \/>\n<meta property=\"og:locale\" content=\"pt_BR\" \/>\n<meta property=\"og:type\" content=\"article\" \/>\n<meta property=\"og:title\" content=\"Estudo lista pontos de aten\u00e7\u00e3o para abertura do mercado de g\u00e1s natural no Brasil - Sindit\u00eaxtil-SP\" \/>\n<meta property=\"og:description\" content=\"Apresentado este m\u00eas, o estudo da Funda\u00e7\u00e3o Get\u00falio Vargas (FGV), encomendado pelo Movimento Brasil Competitivo e Minist\u00e9rio do Desenvolvimento, Ind\u00fastria, Com\u00e9rcio e Servi\u00e7os (MDI), destacou 19 itens priorit\u00e1rios para a abertura do mercado de g\u00e1s natural no Brasil. O documento, que lista os principais gargalos e aponta caminhos para tornar o g\u00e1s brasileiro mais competitivo [&hellip;]\" \/>\n<meta property=\"og:url\" content=\"https:\/\/sinditextilsp.org.br\/home\/2024\/05\/estudo-lista-pontos-de-atencao-para-abertura-do-mercado-de-gas-natural-no-brasil\/\" \/>\n<meta property=\"og:site_name\" content=\"Sindit\u00eaxtil-SP\" \/>\n<meta property=\"article:publisher\" content=\"https:\/\/www.facebook.com\/sinditextilsp\" \/>\n<meta property=\"article:published_time\" content=\"2024-05-08T14:42:14+00:00\" \/>\n<meta property=\"article:modified_time\" content=\"2024-07-01T19:27:09+00:00\" \/>\n<meta property=\"og:image\" content=\"https:\/\/sinditextilsp.org.br\/home\/wp-content\/uploads\/2024\/05\/Martin-AdamsUnsplash.jpeg\" \/>\n\t<meta property=\"og:image:width\" content=\"640\" \/>\n\t<meta property=\"og:image:height\" content=\"427\" \/>\n\t<meta property=\"og:image:type\" content=\"image\/jpeg\" \/>\n<meta name=\"author\" content=\"Sindit\u00eaxtil-SP\" \/>\n<meta name=\"twitter:card\" content=\"summary_large_image\" \/>\n<meta name=\"twitter:creator\" content=\"@SinditextilSP\" \/>\n<meta name=\"twitter:site\" content=\"@SinditextilSP\" \/>\n<meta name=\"twitter:label1\" content=\"Escrito por\" \/>\n\t<meta name=\"twitter:data1\" content=\"Sindit\u00eaxtil-SP\" \/>\n\t<meta name=\"twitter:label2\" content=\"Est. tempo de leitura\" \/>\n\t<meta name=\"twitter:data2\" content=\"2 minutos\" \/>\n<script type=\"application\/ld+json\" class=\"yoast-schema-graph\">{\"@context\":\"https:\/\/schema.org\",\"@graph\":[{\"@type\":\"WebPage\",\"@id\":\"https:\/\/sinditextilsp.org.br\/home\/2024\/05\/estudo-lista-pontos-de-atencao-para-abertura-do-mercado-de-gas-natural-no-brasil\/\",\"url\":\"https:\/\/sinditextilsp.org.br\/home\/2024\/05\/estudo-lista-pontos-de-atencao-para-abertura-do-mercado-de-gas-natural-no-brasil\/\",\"name\":\"Estudo lista pontos de aten\u00e7\u00e3o para abertura do mercado de g\u00e1s natural no Brasil - Sindit\u00eaxtil-SP\",\"isPartOf\":{\"@id\":\"https:\/\/sinditextilsp.org.br\/home\/#website\"},\"primaryImageOfPage\":{\"@id\":\"https:\/\/sinditextilsp.org.br\/home\/2024\/05\/estudo-lista-pontos-de-atencao-para-abertura-do-mercado-de-gas-natural-no-brasil\/#primaryimage\"},\"image\":{\"@id\":\"https:\/\/sinditextilsp.org.br\/home\/2024\/05\/estudo-lista-pontos-de-atencao-para-abertura-do-mercado-de-gas-natural-no-brasil\/#primaryimage\"},\"thumbnailUrl\":\"https:\/\/sinditextilsp.org.br\/home\/wp-content\/uploads\/2024\/05\/Martin-AdamsUnsplash.jpeg\",\"datePublished\":\"2024-05-08T14:42:14+00:00\",\"dateModified\":\"2024-07-01T19:27:09+00:00\",\"author\":{\"@id\":\"https:\/\/sinditextilsp.org.br\/home\/#\/schema\/person\/ceca3861f277dc1806d31199f1604264\"},\"breadcrumb\":{\"@id\":\"https:\/\/sinditextilsp.org.br\/home\/2024\/05\/estudo-lista-pontos-de-atencao-para-abertura-do-mercado-de-gas-natural-no-brasil\/#breadcrumb\"},\"inLanguage\":\"pt-BR\",\"potentialAction\":[{\"@type\":\"ReadAction\",\"target\":[\"https:\/\/sinditextilsp.org.br\/home\/2024\/05\/estudo-lista-pontos-de-atencao-para-abertura-do-mercado-de-gas-natural-no-brasil\/\"]}]},{\"@type\":\"ImageObject\",\"inLanguage\":\"pt-BR\",\"@id\":\"https:\/\/sinditextilsp.org.br\/home\/2024\/05\/estudo-lista-pontos-de-atencao-para-abertura-do-mercado-de-gas-natural-no-brasil\/#primaryimage\",\"url\":\"https:\/\/sinditextilsp.org.br\/home\/wp-content\/uploads\/2024\/05\/Martin-AdamsUnsplash.jpeg\",\"contentUrl\":\"https:\/\/sinditextilsp.org.br\/home\/wp-content\/uploads\/2024\/05\/Martin-AdamsUnsplash.jpeg\",\"width\":640,\"height\":427,\"caption\":\"Foto: Martin Adams\/Unsplash\"},{\"@type\":\"BreadcrumbList\",\"@id\":\"https:\/\/sinditextilsp.org.br\/home\/2024\/05\/estudo-lista-pontos-de-atencao-para-abertura-do-mercado-de-gas-natural-no-brasil\/#breadcrumb\",\"itemListElement\":[{\"@type\":\"ListItem\",\"position\":1,\"name\":\"In\u00edcio\",\"item\":\"https:\/\/sinditextilsp.org.br\/home\/\"},{\"@type\":\"ListItem\",\"position\":2,\"name\":\"Estudo lista pontos de aten\u00e7\u00e3o para abertura do mercado de g\u00e1s natural no Brasil\"}]},{\"@type\":\"WebSite\",\"@id\":\"https:\/\/sinditextilsp.org.br\/home\/#website\",\"url\":\"https:\/\/sinditextilsp.org.br\/home\/\",\"name\":\"Sindit\u00eaxtil-SP\",\"description\":\"Sindicato T\u00eaxtil de S\u00e3o Paulo\",\"potentialAction\":[{\"@type\":\"SearchAction\",\"target\":{\"@type\":\"EntryPoint\",\"urlTemplate\":\"https:\/\/sinditextilsp.org.br\/home\/?s={search_term_string}\"},\"query-input\":\"required name=search_term_string\"}],\"inLanguage\":\"pt-BR\"},{\"@type\":\"Person\",\"@id\":\"https:\/\/sinditextilsp.org.br\/home\/#\/schema\/person\/ceca3861f277dc1806d31199f1604264\",\"name\":\"Sindit\u00eaxtil-SP\",\"image\":{\"@type\":\"ImageObject\",\"inLanguage\":\"pt-BR\",\"@id\":\"https:\/\/sinditextilsp.org.br\/home\/#\/schema\/person\/image\/\",\"url\":\"https:\/\/secure.gravatar.com\/avatar\/1004e4f7c56213ad977aba92436bc447272b6a4743534ef04a82f43c866dd0e0?s=96&d=mm&r=g\",\"contentUrl\":\"https:\/\/secure.gravatar.com\/avatar\/1004e4f7c56213ad977aba92436bc447272b6a4743534ef04a82f43c866dd0e0?s=96&d=mm&r=g\",\"caption\":\"Sindit\u00eaxtil-SP\"},\"url\":\"https:\/\/sinditextilsp.org.br\/home\/author\/sinditextilsp\/\"}]}<\/script>\n<!-- \/ Yoast SEO plugin. -->","yoast_head_json":{"title":"Estudo lista pontos de aten\u00e7\u00e3o para abertura do mercado de g\u00e1s natural no Brasil - Sindit\u00eaxtil-SP","robots":{"index":"index","follow":"follow","max-snippet":"max-snippet:-1","max-image-preview":"max-image-preview:large","max-video-preview":"max-video-preview:-1"},"canonical":"https:\/\/sinditextilsp.org.br\/home\/2024\/05\/estudo-lista-pontos-de-atencao-para-abertura-do-mercado-de-gas-natural-no-brasil\/","og_locale":"pt_BR","og_type":"article","og_title":"Estudo lista pontos de aten\u00e7\u00e3o para abertura do mercado de g\u00e1s natural no Brasil - Sindit\u00eaxtil-SP","og_description":"Apresentado este m\u00eas, o estudo da Funda\u00e7\u00e3o Get\u00falio Vargas (FGV), encomendado pelo Movimento Brasil Competitivo e Minist\u00e9rio do Desenvolvimento, Ind\u00fastria, Com\u00e9rcio e Servi\u00e7os (MDI), destacou 19 itens priorit\u00e1rios para a abertura do mercado de g\u00e1s natural no Brasil. O documento, que lista os principais gargalos e aponta caminhos para tornar o g\u00e1s brasileiro mais competitivo [&hellip;]","og_url":"https:\/\/sinditextilsp.org.br\/home\/2024\/05\/estudo-lista-pontos-de-atencao-para-abertura-do-mercado-de-gas-natural-no-brasil\/","og_site_name":"Sindit\u00eaxtil-SP","article_publisher":"https:\/\/www.facebook.com\/sinditextilsp","article_published_time":"2024-05-08T14:42:14+00:00","article_modified_time":"2024-07-01T19:27:09+00:00","og_image":[{"width":640,"height":427,"url":"https:\/\/sinditextilsp.org.br\/home\/wp-content\/uploads\/2024\/05\/Martin-AdamsUnsplash.jpeg","type":"image\/jpeg"}],"author":"Sindit\u00eaxtil-SP","twitter_card":"summary_large_image","twitter_creator":"@SinditextilSP","twitter_site":"@SinditextilSP","twitter_misc":{"Escrito por":"Sindit\u00eaxtil-SP","Est. tempo de leitura":"2 minutos"},"schema":{"@context":"https:\/\/schema.org","@graph":[{"@type":"WebPage","@id":"https:\/\/sinditextilsp.org.br\/home\/2024\/05\/estudo-lista-pontos-de-atencao-para-abertura-do-mercado-de-gas-natural-no-brasil\/","url":"https:\/\/sinditextilsp.org.br\/home\/2024\/05\/estudo-lista-pontos-de-atencao-para-abertura-do-mercado-de-gas-natural-no-brasil\/","name":"Estudo lista pontos de aten\u00e7\u00e3o para abertura do mercado de g\u00e1s natural no Brasil - Sindit\u00eaxtil-SP","isPartOf":{"@id":"https:\/\/sinditextilsp.org.br\/home\/#website"},"primaryImageOfPage":{"@id":"https:\/\/sinditextilsp.org.br\/home\/2024\/05\/estudo-lista-pontos-de-atencao-para-abertura-do-mercado-de-gas-natural-no-brasil\/#primaryimage"},"image":{"@id":"https:\/\/sinditextilsp.org.br\/home\/2024\/05\/estudo-lista-pontos-de-atencao-para-abertura-do-mercado-de-gas-natural-no-brasil\/#primaryimage"},"thumbnailUrl":"https:\/\/sinditextilsp.org.br\/home\/wp-content\/uploads\/2024\/05\/Martin-AdamsUnsplash.jpeg","datePublished":"2024-05-08T14:42:14+00:00","dateModified":"2024-07-01T19:27:09+00:00","author":{"@id":"https:\/\/sinditextilsp.org.br\/home\/#\/schema\/person\/ceca3861f277dc1806d31199f1604264"},"breadcrumb":{"@id":"https:\/\/sinditextilsp.org.br\/home\/2024\/05\/estudo-lista-pontos-de-atencao-para-abertura-do-mercado-de-gas-natural-no-brasil\/#breadcrumb"},"inLanguage":"pt-BR","potentialAction":[{"@type":"ReadAction","target":["https:\/\/sinditextilsp.org.br\/home\/2024\/05\/estudo-lista-pontos-de-atencao-para-abertura-do-mercado-de-gas-natural-no-brasil\/"]}]},{"@type":"ImageObject","inLanguage":"pt-BR","@id":"https:\/\/sinditextilsp.org.br\/home\/2024\/05\/estudo-lista-pontos-de-atencao-para-abertura-do-mercado-de-gas-natural-no-brasil\/#primaryimage","url":"https:\/\/sinditextilsp.org.br\/home\/wp-content\/uploads\/2024\/05\/Martin-AdamsUnsplash.jpeg","contentUrl":"https:\/\/sinditextilsp.org.br\/home\/wp-content\/uploads\/2024\/05\/Martin-AdamsUnsplash.jpeg","width":640,"height":427,"caption":"Foto: Martin Adams\/Unsplash"},{"@type":"BreadcrumbList","@id":"https:\/\/sinditextilsp.org.br\/home\/2024\/05\/estudo-lista-pontos-de-atencao-para-abertura-do-mercado-de-gas-natural-no-brasil\/#breadcrumb","itemListElement":[{"@type":"ListItem","position":1,"name":"In\u00edcio","item":"https:\/\/sinditextilsp.org.br\/home\/"},{"@type":"ListItem","position":2,"name":"Estudo lista pontos de aten\u00e7\u00e3o para abertura do mercado de g\u00e1s natural no Brasil"}]},{"@type":"WebSite","@id":"https:\/\/sinditextilsp.org.br\/home\/#website","url":"https:\/\/sinditextilsp.org.br\/home\/","name":"Sindit\u00eaxtil-SP","description":"Sindicato T\u00eaxtil de S\u00e3o Paulo","potentialAction":[{"@type":"SearchAction","target":{"@type":"EntryPoint","urlTemplate":"https:\/\/sinditextilsp.org.br\/home\/?s={search_term_string}"},"query-input":"required name=search_term_string"}],"inLanguage":"pt-BR"},{"@type":"Person","@id":"https:\/\/sinditextilsp.org.br\/home\/#\/schema\/person\/ceca3861f277dc1806d31199f1604264","name":"Sindit\u00eaxtil-SP","image":{"@type":"ImageObject","inLanguage":"pt-BR","@id":"https:\/\/sinditextilsp.org.br\/home\/#\/schema\/person\/image\/","url":"https:\/\/secure.gravatar.com\/avatar\/1004e4f7c56213ad977aba92436bc447272b6a4743534ef04a82f43c866dd0e0?s=96&d=mm&r=g","contentUrl":"https:\/\/secure.gravatar.com\/avatar\/1004e4f7c56213ad977aba92436bc447272b6a4743534ef04a82f43c866dd0e0?s=96&d=mm&r=g","caption":"Sindit\u00eaxtil-SP"},"url":"https:\/\/sinditextilsp.org.br\/home\/author\/sinditextilsp\/"}]}},"_links":{"self":[{"href":"https:\/\/sinditextilsp.org.br\/home\/wp-json\/wp\/v2\/posts\/5240","targetHints":{"allow":["GET"]}}],"collection":[{"href":"https:\/\/sinditextilsp.org.br\/home\/wp-json\/wp\/v2\/posts"}],"about":[{"href":"https:\/\/sinditextilsp.org.br\/home\/wp-json\/wp\/v2\/types\/post"}],"author":[{"embeddable":true,"href":"https:\/\/sinditextilsp.org.br\/home\/wp-json\/wp\/v2\/users\/2"}],"replies":[{"embeddable":true,"href":"https:\/\/sinditextilsp.org.br\/home\/wp-json\/wp\/v2\/comments?post=5240"}],"version-history":[{"count":2,"href":"https:\/\/sinditextilsp.org.br\/home\/wp-json\/wp\/v2\/posts\/5240\/revisions"}],"predecessor-version":[{"id":5243,"href":"https:\/\/sinditextilsp.org.br\/home\/wp-json\/wp\/v2\/posts\/5240\/revisions\/5243"}],"wp:featuredmedia":[{"embeddable":true,"href":"https:\/\/sinditextilsp.org.br\/home\/wp-json\/wp\/v2\/media\/5241"}],"wp:attachment":[{"href":"https:\/\/sinditextilsp.org.br\/home\/wp-json\/wp\/v2\/media?parent=5240"}],"wp:term":[{"taxonomy":"category","embeddable":true,"href":"https:\/\/sinditextilsp.org.br\/home\/wp-json\/wp\/v2\/categories?post=5240"},{"taxonomy":"post_tag","embeddable":true,"href":"https:\/\/sinditextilsp.org.br\/home\/wp-json\/wp\/v2\/tags?post=5240"}],"curies":[{"name":"wp","href":"https:\/\/api.w.org\/{rel}","templated":true}]}}