{"id":5259,"date":"2024-05-13T11:54:02","date_gmt":"2024-05-13T14:54:02","guid":{"rendered":"https:\/\/sinditextilsp.org.br\/home\/?p=5259"},"modified":"2024-05-13T11:54:02","modified_gmt":"2024-05-13T14:54:02","slug":"iaemp-sobe-pelo-quinto-mes-seguido","status":"publish","type":"post","link":"https:\/\/sinditextilsp.org.br\/home\/2024\/05\/iaemp-sobe-pelo-quinto-mes-seguido\/","title":{"rendered":"IAEmp sobe pelo quinto m\u00eas seguido"},"content":{"rendered":"<p>O\u00a0Indicador Antecedente de Emprego (IAEmp)\u00a0do FGV IBRE\u00a0subiu 0,7 ponto em abril, para 80,2 pontos, maior n\u00edvel desde setembro de 2022 (83,8 pontos).\u00a0Em m\u00e9dias m\u00f3veis trimestrais, o IAEmp tamb\u00e9m avan\u00e7ou 0,7 ponto, para 79,4 pontos.<\/p>\n<p>\u201cO resultado de abril do IAEmp mant\u00e9m a trajet\u00f3ria positiva dos \u00faltimos meses, acumulando alta de 5,2 pontos nos \u00faltimos cinco meses. A melhora nas previs\u00f5es da economia brasileira para o ano de 2024 pode estar influenciado as decis\u00f5es dos empres\u00e1rios e sugerindo um cen\u00e1rio positivo para o mercado de trabalho nessa primeira metade do ano. Ainda \u00e9 preciso cautela pelo patamar baixo do indicador, retornando para o n\u00edvel de 2022, e pela recente alta da incerteza, que pode ser um obst\u00e1culo para a continuidade dessa retomada do indicador\u201d, avaliou Rodolpho Tobler, economista do FGV IBRE.<\/p>\n<p><strong>Destaques do IAEmp<\/strong><\/p>\n<p>A alta do IAEmp em abril veio da contribui\u00e7\u00e3o de 4 dos 7 componentes do indicador, com destaques positivos para o indicador de\u00a0<em>Tend\u00eancia dos Neg\u00f3cios<\/em>\u00a0da Ind\u00fastria que contribuiu com 0,9 ponto e para o indicador de \u00a0<em>Emprego Previsto<\/em>\u00a0de Servi\u00e7os que contribuiu com 0,5 ponto. J\u00e1 os destaques negativos foram para indicador\u00a0<em>Tend\u00eancia dos Neg\u00f3cios<\/em>\u00a0de Servi\u00e7os contribuindo com -0,5\u00a0ponto e para os indicadores de\u00a0<em>Situa\u00e7\u00e3o Atual dos Neg\u00f3cios<\/em>\u00a0de Servi\u00e7os e da Ind\u00fastria que contribu\u00edram com -0,3 ponto cada.<\/p>\n<p>Com informa\u00e7\u00f5es do Portal Ibre.<\/p>\n","protected":false},"excerpt":{"rendered":"<p>O\u00a0Indicador Antecedente de Emprego (IAEmp)\u00a0do FGV IBRE\u00a0subiu 0,7 ponto em abril, para 80,2 pontos, maior n\u00edvel desde setembro de 2022 (83,8 pontos).\u00a0Em m\u00e9dias m\u00f3veis trimestrais, o IAEmp tamb\u00e9m avan\u00e7ou 0,7 ponto, para 79,4 pontos. \u201cO resultado de abril do IAEmp mant\u00e9m a trajet\u00f3ria positiva dos \u00faltimos meses, acumulando alta de 5,2 pontos nos \u00faltimos cinco [&hellip;]<\/p>\n","protected":false},"author":2,"featured_media":2129,"comment_status":"open","ping_status":"open","sticky":false,"template":"","format":"standard","meta":{"footnotes":""},"categories":[472,16,98],"tags":[117,496,104],"class_list":["post-5259","post","type-post","status-publish","format-standard","has-post-thumbnail","hentry","category-conteudo-para-associados","category-noticias","category-tendencias-de-mercado","tag-emprego","tag-iaemp","tag-industria"],"yoast_head":"<!-- This site is optimized with the Yoast SEO plugin v22.8 - https:\/\/yoast.com\/wordpress\/plugins\/seo\/ -->\n<title>IAEmp sobe pelo quinto m\u00eas seguido - Sindit\u00eaxtil-SP<\/title>\n<meta name=\"robots\" content=\"index, follow, max-snippet:-1, max-image-preview:large, max-video-preview:-1\" \/>\n<link rel=\"canonical\" href=\"https:\/\/sinditextilsp.org.br\/home\/2024\/05\/iaemp-sobe-pelo-quinto-mes-seguido\/\" \/>\n<meta property=\"og:locale\" content=\"pt_BR\" \/>\n<meta property=\"og:type\" content=\"article\" \/>\n<meta property=\"og:title\" content=\"IAEmp sobe pelo quinto m\u00eas seguido - Sindit\u00eaxtil-SP\" \/>\n<meta property=\"og:description\" content=\"O\u00a0Indicador Antecedente de Emprego (IAEmp)\u00a0do FGV IBRE\u00a0subiu 0,7 ponto em abril, para 80,2 pontos, maior n\u00edvel desde setembro de 2022 (83,8 pontos).\u00a0Em m\u00e9dias m\u00f3veis trimestrais, o IAEmp tamb\u00e9m avan\u00e7ou 0,7 ponto, para 79,4 pontos. \u201cO resultado de abril do IAEmp mant\u00e9m a trajet\u00f3ria positiva dos \u00faltimos meses, acumulando alta de 5,2 pontos nos \u00faltimos cinco [&hellip;]\" \/>\n<meta property=\"og:url\" content=\"https:\/\/sinditextilsp.org.br\/home\/2024\/05\/iaemp-sobe-pelo-quinto-mes-seguido\/\" \/>\n<meta property=\"og:site_name\" content=\"Sindit\u00eaxtil-SP\" \/>\n<meta property=\"article:publisher\" content=\"https:\/\/www.facebook.com\/sinditextilsp\" \/>\n<meta property=\"article:published_time\" content=\"2024-05-13T14:54:02+00:00\" \/>\n<meta property=\"og:image\" content=\"https:\/\/sinditextilsp.org.br\/home\/wp-content\/uploads\/2022\/04\/n0_workshop_nr_Linkedin.png\" \/>\n\t<meta property=\"og:image:width\" content=\"545\" \/>\n\t<meta property=\"og:image:height\" content=\"416\" \/>\n\t<meta property=\"og:image:type\" content=\"image\/png\" \/>\n<meta name=\"author\" content=\"Sindit\u00eaxtil-SP\" \/>\n<meta name=\"twitter:card\" content=\"summary_large_image\" \/>\n<meta name=\"twitter:creator\" content=\"@SinditextilSP\" \/>\n<meta name=\"twitter:site\" content=\"@SinditextilSP\" \/>\n<meta name=\"twitter:label1\" content=\"Escrito por\" \/>\n\t<meta name=\"twitter:data1\" content=\"Sindit\u00eaxtil-SP\" \/>\n\t<meta name=\"twitter:label2\" content=\"Est. tempo de leitura\" \/>\n\t<meta name=\"twitter:data2\" content=\"1 minuto\" \/>\n<script type=\"application\/ld+json\" class=\"yoast-schema-graph\">{\"@context\":\"https:\/\/schema.org\",\"@graph\":[{\"@type\":\"WebPage\",\"@id\":\"https:\/\/sinditextilsp.org.br\/home\/2024\/05\/iaemp-sobe-pelo-quinto-mes-seguido\/\",\"url\":\"https:\/\/sinditextilsp.org.br\/home\/2024\/05\/iaemp-sobe-pelo-quinto-mes-seguido\/\",\"name\":\"IAEmp sobe pelo quinto m\u00eas seguido - Sindit\u00eaxtil-SP\",\"isPartOf\":{\"@id\":\"https:\/\/sinditextilsp.org.br\/home\/#website\"},\"primaryImageOfPage\":{\"@id\":\"https:\/\/sinditextilsp.org.br\/home\/2024\/05\/iaemp-sobe-pelo-quinto-mes-seguido\/#primaryimage\"},\"image\":{\"@id\":\"https:\/\/sinditextilsp.org.br\/home\/2024\/05\/iaemp-sobe-pelo-quinto-mes-seguido\/#primaryimage\"},\"thumbnailUrl\":\"https:\/\/sinditextilsp.org.br\/home\/wp-content\/uploads\/2022\/04\/n0_workshop_nr_Linkedin.png\",\"datePublished\":\"2024-05-13T14:54:02+00:00\",\"dateModified\":\"2024-05-13T14:54:02+00:00\",\"author\":{\"@id\":\"https:\/\/sinditextilsp.org.br\/home\/#\/schema\/person\/ceca3861f277dc1806d31199f1604264\"},\"breadcrumb\":{\"@id\":\"https:\/\/sinditextilsp.org.br\/home\/2024\/05\/iaemp-sobe-pelo-quinto-mes-seguido\/#breadcrumb\"},\"inLanguage\":\"pt-BR\",\"potentialAction\":[{\"@type\":\"ReadAction\",\"target\":[\"https:\/\/sinditextilsp.org.br\/home\/2024\/05\/iaemp-sobe-pelo-quinto-mes-seguido\/\"]}]},{\"@type\":\"ImageObject\",\"inLanguage\":\"pt-BR\",\"@id\":\"https:\/\/sinditextilsp.org.br\/home\/2024\/05\/iaemp-sobe-pelo-quinto-mes-seguido\/#primaryimage\",\"url\":\"https:\/\/sinditextilsp.org.br\/home\/wp-content\/uploads\/2022\/04\/n0_workshop_nr_Linkedin.png\",\"contentUrl\":\"https:\/\/sinditextilsp.org.br\/home\/wp-content\/uploads\/2022\/04\/n0_workshop_nr_Linkedin.png\",\"width\":545,\"height\":416},{\"@type\":\"BreadcrumbList\",\"@id\":\"https:\/\/sinditextilsp.org.br\/home\/2024\/05\/iaemp-sobe-pelo-quinto-mes-seguido\/#breadcrumb\",\"itemListElement\":[{\"@type\":\"ListItem\",\"position\":1,\"name\":\"In\u00edcio\",\"item\":\"https:\/\/sinditextilsp.org.br\/home\/\"},{\"@type\":\"ListItem\",\"position\":2,\"name\":\"IAEmp sobe pelo quinto m\u00eas seguido\"}]},{\"@type\":\"WebSite\",\"@id\":\"https:\/\/sinditextilsp.org.br\/home\/#website\",\"url\":\"https:\/\/sinditextilsp.org.br\/home\/\",\"name\":\"Sindit\u00eaxtil-SP\",\"description\":\"Sindicato T\u00eaxtil de S\u00e3o Paulo\",\"potentialAction\":[{\"@type\":\"SearchAction\",\"target\":{\"@type\":\"EntryPoint\",\"urlTemplate\":\"https:\/\/sinditextilsp.org.br\/home\/?s={search_term_string}\"},\"query-input\":\"required name=search_term_string\"}],\"inLanguage\":\"pt-BR\"},{\"@type\":\"Person\",\"@id\":\"https:\/\/sinditextilsp.org.br\/home\/#\/schema\/person\/ceca3861f277dc1806d31199f1604264\",\"name\":\"Sindit\u00eaxtil-SP\",\"image\":{\"@type\":\"ImageObject\",\"inLanguage\":\"pt-BR\",\"@id\":\"https:\/\/sinditextilsp.org.br\/home\/#\/schema\/person\/image\/\",\"url\":\"https:\/\/secure.gravatar.com\/avatar\/1004e4f7c56213ad977aba92436bc447272b6a4743534ef04a82f43c866dd0e0?s=96&d=mm&r=g\",\"contentUrl\":\"https:\/\/secure.gravatar.com\/avatar\/1004e4f7c56213ad977aba92436bc447272b6a4743534ef04a82f43c866dd0e0?s=96&d=mm&r=g\",\"caption\":\"Sindit\u00eaxtil-SP\"},\"url\":\"https:\/\/sinditextilsp.org.br\/home\/author\/sinditextilsp\/\"}]}<\/script>\n<!-- \/ Yoast SEO plugin. -->","yoast_head_json":{"title":"IAEmp sobe pelo quinto m\u00eas seguido - Sindit\u00eaxtil-SP","robots":{"index":"index","follow":"follow","max-snippet":"max-snippet:-1","max-image-preview":"max-image-preview:large","max-video-preview":"max-video-preview:-1"},"canonical":"https:\/\/sinditextilsp.org.br\/home\/2024\/05\/iaemp-sobe-pelo-quinto-mes-seguido\/","og_locale":"pt_BR","og_type":"article","og_title":"IAEmp sobe pelo quinto m\u00eas seguido - Sindit\u00eaxtil-SP","og_description":"O\u00a0Indicador Antecedente de Emprego (IAEmp)\u00a0do FGV IBRE\u00a0subiu 0,7 ponto em abril, para 80,2 pontos, maior n\u00edvel desde setembro de 2022 (83,8 pontos).\u00a0Em m\u00e9dias m\u00f3veis trimestrais, o IAEmp tamb\u00e9m avan\u00e7ou 0,7 ponto, para 79,4 pontos. \u201cO resultado de abril do IAEmp mant\u00e9m a trajet\u00f3ria positiva dos \u00faltimos meses, acumulando alta de 5,2 pontos nos \u00faltimos cinco [&hellip;]","og_url":"https:\/\/sinditextilsp.org.br\/home\/2024\/05\/iaemp-sobe-pelo-quinto-mes-seguido\/","og_site_name":"Sindit\u00eaxtil-SP","article_publisher":"https:\/\/www.facebook.com\/sinditextilsp","article_published_time":"2024-05-13T14:54:02+00:00","og_image":[{"width":545,"height":416,"url":"https:\/\/sinditextilsp.org.br\/home\/wp-content\/uploads\/2022\/04\/n0_workshop_nr_Linkedin.png","type":"image\/png"}],"author":"Sindit\u00eaxtil-SP","twitter_card":"summary_large_image","twitter_creator":"@SinditextilSP","twitter_site":"@SinditextilSP","twitter_misc":{"Escrito por":"Sindit\u00eaxtil-SP","Est. tempo de leitura":"1 minuto"},"schema":{"@context":"https:\/\/schema.org","@graph":[{"@type":"WebPage","@id":"https:\/\/sinditextilsp.org.br\/home\/2024\/05\/iaemp-sobe-pelo-quinto-mes-seguido\/","url":"https:\/\/sinditextilsp.org.br\/home\/2024\/05\/iaemp-sobe-pelo-quinto-mes-seguido\/","name":"IAEmp sobe pelo quinto m\u00eas seguido - Sindit\u00eaxtil-SP","isPartOf":{"@id":"https:\/\/sinditextilsp.org.br\/home\/#website"},"primaryImageOfPage":{"@id":"https:\/\/sinditextilsp.org.br\/home\/2024\/05\/iaemp-sobe-pelo-quinto-mes-seguido\/#primaryimage"},"image":{"@id":"https:\/\/sinditextilsp.org.br\/home\/2024\/05\/iaemp-sobe-pelo-quinto-mes-seguido\/#primaryimage"},"thumbnailUrl":"https:\/\/sinditextilsp.org.br\/home\/wp-content\/uploads\/2022\/04\/n0_workshop_nr_Linkedin.png","datePublished":"2024-05-13T14:54:02+00:00","dateModified":"2024-05-13T14:54:02+00:00","author":{"@id":"https:\/\/sinditextilsp.org.br\/home\/#\/schema\/person\/ceca3861f277dc1806d31199f1604264"},"breadcrumb":{"@id":"https:\/\/sinditextilsp.org.br\/home\/2024\/05\/iaemp-sobe-pelo-quinto-mes-seguido\/#breadcrumb"},"inLanguage":"pt-BR","potentialAction":[{"@type":"ReadAction","target":["https:\/\/sinditextilsp.org.br\/home\/2024\/05\/iaemp-sobe-pelo-quinto-mes-seguido\/"]}]},{"@type":"ImageObject","inLanguage":"pt-BR","@id":"https:\/\/sinditextilsp.org.br\/home\/2024\/05\/iaemp-sobe-pelo-quinto-mes-seguido\/#primaryimage","url":"https:\/\/sinditextilsp.org.br\/home\/wp-content\/uploads\/2022\/04\/n0_workshop_nr_Linkedin.png","contentUrl":"https:\/\/sinditextilsp.org.br\/home\/wp-content\/uploads\/2022\/04\/n0_workshop_nr_Linkedin.png","width":545,"height":416},{"@type":"BreadcrumbList","@id":"https:\/\/sinditextilsp.org.br\/home\/2024\/05\/iaemp-sobe-pelo-quinto-mes-seguido\/#breadcrumb","itemListElement":[{"@type":"ListItem","position":1,"name":"In\u00edcio","item":"https:\/\/sinditextilsp.org.br\/home\/"},{"@type":"ListItem","position":2,"name":"IAEmp sobe pelo quinto m\u00eas seguido"}]},{"@type":"WebSite","@id":"https:\/\/sinditextilsp.org.br\/home\/#website","url":"https:\/\/sinditextilsp.org.br\/home\/","name":"Sindit\u00eaxtil-SP","description":"Sindicato T\u00eaxtil de S\u00e3o Paulo","potentialAction":[{"@type":"SearchAction","target":{"@type":"EntryPoint","urlTemplate":"https:\/\/sinditextilsp.org.br\/home\/?s={search_term_string}"},"query-input":"required name=search_term_string"}],"inLanguage":"pt-BR"},{"@type":"Person","@id":"https:\/\/sinditextilsp.org.br\/home\/#\/schema\/person\/ceca3861f277dc1806d31199f1604264","name":"Sindit\u00eaxtil-SP","image":{"@type":"ImageObject","inLanguage":"pt-BR","@id":"https:\/\/sinditextilsp.org.br\/home\/#\/schema\/person\/image\/","url":"https:\/\/secure.gravatar.com\/avatar\/1004e4f7c56213ad977aba92436bc447272b6a4743534ef04a82f43c866dd0e0?s=96&d=mm&r=g","contentUrl":"https:\/\/secure.gravatar.com\/avatar\/1004e4f7c56213ad977aba92436bc447272b6a4743534ef04a82f43c866dd0e0?s=96&d=mm&r=g","caption":"Sindit\u00eaxtil-SP"},"url":"https:\/\/sinditextilsp.org.br\/home\/author\/sinditextilsp\/"}]}},"_links":{"self":[{"href":"https:\/\/sinditextilsp.org.br\/home\/wp-json\/wp\/v2\/posts\/5259","targetHints":{"allow":["GET"]}}],"collection":[{"href":"https:\/\/sinditextilsp.org.br\/home\/wp-json\/wp\/v2\/posts"}],"about":[{"href":"https:\/\/sinditextilsp.org.br\/home\/wp-json\/wp\/v2\/types\/post"}],"author":[{"embeddable":true,"href":"https:\/\/sinditextilsp.org.br\/home\/wp-json\/wp\/v2\/users\/2"}],"replies":[{"embeddable":true,"href":"https:\/\/sinditextilsp.org.br\/home\/wp-json\/wp\/v2\/comments?post=5259"}],"version-history":[{"count":1,"href":"https:\/\/sinditextilsp.org.br\/home\/wp-json\/wp\/v2\/posts\/5259\/revisions"}],"predecessor-version":[{"id":5260,"href":"https:\/\/sinditextilsp.org.br\/home\/wp-json\/wp\/v2\/posts\/5259\/revisions\/5260"}],"wp:featuredmedia":[{"embeddable":true,"href":"https:\/\/sinditextilsp.org.br\/home\/wp-json\/wp\/v2\/media\/2129"}],"wp:attachment":[{"href":"https:\/\/sinditextilsp.org.br\/home\/wp-json\/wp\/v2\/media?parent=5259"}],"wp:term":[{"taxonomy":"category","embeddable":true,"href":"https:\/\/sinditextilsp.org.br\/home\/wp-json\/wp\/v2\/categories?post=5259"},{"taxonomy":"post_tag","embeddable":true,"href":"https:\/\/sinditextilsp.org.br\/home\/wp-json\/wp\/v2\/tags?post=5259"}],"curies":[{"name":"wp","href":"https:\/\/api.w.org\/{rel}","templated":true}]}}