{"id":5262,"date":"2024-05-14T09:42:26","date_gmt":"2024-05-14T12:42:26","guid":{"rendered":"https:\/\/sinditextilsp.org.br\/home\/?p=5262"},"modified":"2024-05-14T09:44:25","modified_gmt":"2024-05-14T12:44:25","slug":"diga-sim-ao-relatorio-do-deputado-atila-lira-sobre-o-pl-914-24","status":"publish","type":"post","link":"https:\/\/sinditextilsp.org.br\/home\/2024\/05\/diga-sim-ao-relatorio-do-deputado-atila-lira-sobre-o-pl-914-24\/","title":{"rendered":"Diga sim ao relat\u00f3rio do deputado \u00c1tila Lira sobre o PL 914\/24"},"content":{"rendered":"<h4 class=\"Text__TextBase-sc-1d75gww-0 cUGlZd noticiaCabecalho__subtitulo\" style=\"text-align: center;\">Sras. deputadas e srs. deputados federais: a sobreviv\u00eancia do Varejo e da Ind\u00fastria nacional e seus empregos est\u00e1 em suas m\u00e3os!<\/h4>\n<p>O segmento brasileiro da Ind\u00fastria e do Varejo pede o apoio das deputadas e deputados federais ao relat\u00f3rio do dep. \u00c1tila Lira sobre o projeto de lei 914\/24, que prev\u00ea o fim da isen\u00e7\u00e3o de imposto de importa\u00e7\u00e3o no envio de encomendas feitas por meio de plataformas de e-commerce internacionais. A proposta atende aos apelos de todo o setor varejista e produtivo brasileiro, que enfrenta, desde agosto de 2023, UMA LUTA PELA SOBREVIV\u00caNCIA, em um cen\u00e1rio de total desequil\u00edbrio entre os impostos cobrados da Ind\u00fastria e do Varejo atuantes no Brasil e das plataformas de e-commerce internacionais.<\/p>\n<p>Esta absoluta falta de isonomia tribut\u00e1ria foi gerada pela edi\u00e7\u00e3o de portaria do governo federal que isentou do imposto de importa\u00e7\u00e3o as vendas feitas por estas plataformas internacionais at\u00e9 o limite de US$ 50. Estas PLATAFORMAS DE E-COMMERCE PAGAM APENAS O ICMS DE 17%, enquanto IND\u00daSTRIA E VAREJO SUPORTAM ELEVADA CARGA TRIBUT\u00c1RIA, PR\u00d3XIMA A 90%. \u00c9 INACEIT\u00c1VEL ESTA INJUSTI\u00c7A TRIBUT\u00c1RIA!!! ESTAMOS ACELERANDO AINDA MAIS A DESINDUSTRIALIZA\u00c7\u00c3O DO PA\u00cdS, NA CONTRAM\u00c3O DOS PLANOS ANUNCIADOS PELO GOVERNO.<\/p>\n<p><img loading=\"lazy\" decoding=\"async\" class=\"aligncenter wp-image-5263 size-large\" src=\"https:\/\/sinditextilsp.org.br\/home\/wp-content\/uploads\/2024\/05\/Anuncio-196-x-296-cm-AF-2_page-0001-678x1024.jpg\" alt=\"\" width=\"678\" height=\"1024\" srcset=\"https:\/\/sinditextilsp.org.br\/home\/wp-content\/uploads\/2024\/05\/Anuncio-196-x-296-cm-AF-2_page-0001-678x1024.jpg 678w, https:\/\/sinditextilsp.org.br\/home\/wp-content\/uploads\/2024\/05\/Anuncio-196-x-296-cm-AF-2_page-0001-640x967.jpg 640w, https:\/\/sinditextilsp.org.br\/home\/wp-content\/uploads\/2024\/05\/Anuncio-196-x-296-cm-AF-2_page-0001-400x604.jpg 400w, https:\/\/sinditextilsp.org.br\/home\/wp-content\/uploads\/2024\/05\/Anuncio-196-x-296-cm-AF-2_page-0001-367x554.jpg 367w\" sizes=\"auto, (max-width: 678px) 100vw, 678px\" \/><\/p>\n","protected":false},"excerpt":{"rendered":"<p>Sras. deputadas e srs. deputados federais: a sobreviv\u00eancia do Varejo e da Ind\u00fastria nacional e seus empregos est\u00e1 em suas m\u00e3os! O segmento brasileiro da Ind\u00fastria e do Varejo pede o apoio das deputadas e deputados federais ao relat\u00f3rio do dep. \u00c1tila Lira sobre o projeto de lei 914\/24, que prev\u00ea o fim da isen\u00e7\u00e3o [&hellip;]<\/p>\n","protected":false},"author":7,"featured_media":5265,"comment_status":"open","ping_status":"open","sticky":false,"template":"","format":"standard","meta":{"footnotes":""},"categories":[56,16],"tags":[],"class_list":["post-5262","post","type-post","status-publish","format-standard","has-post-thumbnail","hentry","category-destaques","category-noticias"],"yoast_head":"<!-- This site is optimized with the Yoast SEO plugin v22.8 - https:\/\/yoast.com\/wordpress\/plugins\/seo\/ -->\n<title>Diga sim ao relat\u00f3rio do deputado \u00c1tila Lira sobre o PL 914\/24 - Sindit\u00eaxtil-SP<\/title>\n<meta name=\"robots\" content=\"index, follow, max-snippet:-1, max-image-preview:large, max-video-preview:-1\" \/>\n<link rel=\"canonical\" href=\"https:\/\/sinditextilsp.org.br\/home\/2024\/05\/diga-sim-ao-relatorio-do-deputado-atila-lira-sobre-o-pl-914-24\/\" \/>\n<meta property=\"og:locale\" content=\"pt_BR\" \/>\n<meta property=\"og:type\" content=\"article\" \/>\n<meta property=\"og:title\" content=\"Diga sim ao relat\u00f3rio do deputado \u00c1tila Lira sobre o PL 914\/24 - Sindit\u00eaxtil-SP\" \/>\n<meta property=\"og:description\" content=\"Sras. deputadas e srs. deputados federais: a sobreviv\u00eancia do Varejo e da Ind\u00fastria nacional e seus empregos est\u00e1 em suas m\u00e3os! O segmento brasileiro da Ind\u00fastria e do Varejo pede o apoio das deputadas e deputados federais ao relat\u00f3rio do dep. \u00c1tila Lira sobre o projeto de lei 914\/24, que prev\u00ea o fim da isen\u00e7\u00e3o [&hellip;]\" \/>\n<meta property=\"og:url\" content=\"https:\/\/sinditextilsp.org.br\/home\/2024\/05\/diga-sim-ao-relatorio-do-deputado-atila-lira-sobre-o-pl-914-24\/\" \/>\n<meta property=\"og:site_name\" content=\"Sindit\u00eaxtil-SP\" \/>\n<meta property=\"article:publisher\" content=\"https:\/\/www.facebook.com\/sinditextilsp\" \/>\n<meta property=\"article:published_time\" content=\"2024-05-14T12:42:26+00:00\" \/>\n<meta property=\"article:modified_time\" content=\"2024-05-14T12:44:25+00:00\" \/>\n<meta property=\"og:image\" content=\"https:\/\/sinditextilsp.org.br\/home\/wp-content\/uploads\/2024\/05\/calculator-723925_1280.jpg\" \/>\n\t<meta property=\"og:image:width\" content=\"1280\" \/>\n\t<meta property=\"og:image:height\" content=\"960\" \/>\n\t<meta property=\"og:image:type\" content=\"image\/jpeg\" \/>\n<meta name=\"author\" content=\"Roberto Lima\" \/>\n<meta name=\"twitter:card\" content=\"summary_large_image\" \/>\n<meta name=\"twitter:creator\" content=\"@SinditextilSP\" \/>\n<meta name=\"twitter:site\" content=\"@SinditextilSP\" \/>\n<meta name=\"twitter:label1\" content=\"Escrito por\" \/>\n\t<meta name=\"twitter:data1\" content=\"Roberto Lima\" \/>\n\t<meta name=\"twitter:label2\" content=\"Est. tempo de leitura\" \/>\n\t<meta name=\"twitter:data2\" content=\"2 minutos\" \/>\n<script type=\"application\/ld+json\" class=\"yoast-schema-graph\">{\"@context\":\"https:\/\/schema.org\",\"@graph\":[{\"@type\":\"WebPage\",\"@id\":\"https:\/\/sinditextilsp.org.br\/home\/2024\/05\/diga-sim-ao-relatorio-do-deputado-atila-lira-sobre-o-pl-914-24\/\",\"url\":\"https:\/\/sinditextilsp.org.br\/home\/2024\/05\/diga-sim-ao-relatorio-do-deputado-atila-lira-sobre-o-pl-914-24\/\",\"name\":\"Diga sim ao relat\u00f3rio do deputado \u00c1tila Lira sobre o PL 914\/24 - Sindit\u00eaxtil-SP\",\"isPartOf\":{\"@id\":\"https:\/\/sinditextilsp.org.br\/home\/#website\"},\"primaryImageOfPage\":{\"@id\":\"https:\/\/sinditextilsp.org.br\/home\/2024\/05\/diga-sim-ao-relatorio-do-deputado-atila-lira-sobre-o-pl-914-24\/#primaryimage\"},\"image\":{\"@id\":\"https:\/\/sinditextilsp.org.br\/home\/2024\/05\/diga-sim-ao-relatorio-do-deputado-atila-lira-sobre-o-pl-914-24\/#primaryimage\"},\"thumbnailUrl\":\"https:\/\/sinditextilsp.org.br\/home\/wp-content\/uploads\/2024\/05\/calculator-723925_1280.jpg\",\"datePublished\":\"2024-05-14T12:42:26+00:00\",\"dateModified\":\"2024-05-14T12:44:25+00:00\",\"author\":{\"@id\":\"https:\/\/sinditextilsp.org.br\/home\/#\/schema\/person\/f2652ee75ed0db87c6a4c63cfba51dd9\"},\"breadcrumb\":{\"@id\":\"https:\/\/sinditextilsp.org.br\/home\/2024\/05\/diga-sim-ao-relatorio-do-deputado-atila-lira-sobre-o-pl-914-24\/#breadcrumb\"},\"inLanguage\":\"pt-BR\",\"potentialAction\":[{\"@type\":\"ReadAction\",\"target\":[\"https:\/\/sinditextilsp.org.br\/home\/2024\/05\/diga-sim-ao-relatorio-do-deputado-atila-lira-sobre-o-pl-914-24\/\"]}]},{\"@type\":\"ImageObject\",\"inLanguage\":\"pt-BR\",\"@id\":\"https:\/\/sinditextilsp.org.br\/home\/2024\/05\/diga-sim-ao-relatorio-do-deputado-atila-lira-sobre-o-pl-914-24\/#primaryimage\",\"url\":\"https:\/\/sinditextilsp.org.br\/home\/wp-content\/uploads\/2024\/05\/calculator-723925_1280.jpg\",\"contentUrl\":\"https:\/\/sinditextilsp.org.br\/home\/wp-content\/uploads\/2024\/05\/calculator-723925_1280.jpg\",\"width\":1280,\"height\":960},{\"@type\":\"BreadcrumbList\",\"@id\":\"https:\/\/sinditextilsp.org.br\/home\/2024\/05\/diga-sim-ao-relatorio-do-deputado-atila-lira-sobre-o-pl-914-24\/#breadcrumb\",\"itemListElement\":[{\"@type\":\"ListItem\",\"position\":1,\"name\":\"In\u00edcio\",\"item\":\"https:\/\/sinditextilsp.org.br\/home\/\"},{\"@type\":\"ListItem\",\"position\":2,\"name\":\"Diga sim ao relat\u00f3rio do deputado \u00c1tila Lira sobre o PL 914\/24\"}]},{\"@type\":\"WebSite\",\"@id\":\"https:\/\/sinditextilsp.org.br\/home\/#website\",\"url\":\"https:\/\/sinditextilsp.org.br\/home\/\",\"name\":\"Sindit\u00eaxtil-SP\",\"description\":\"Sindicato T\u00eaxtil de S\u00e3o Paulo\",\"potentialAction\":[{\"@type\":\"SearchAction\",\"target\":{\"@type\":\"EntryPoint\",\"urlTemplate\":\"https:\/\/sinditextilsp.org.br\/home\/?s={search_term_string}\"},\"query-input\":\"required name=search_term_string\"}],\"inLanguage\":\"pt-BR\"},{\"@type\":\"Person\",\"@id\":\"https:\/\/sinditextilsp.org.br\/home\/#\/schema\/person\/f2652ee75ed0db87c6a4c63cfba51dd9\",\"name\":\"Roberto Lima\",\"image\":{\"@type\":\"ImageObject\",\"inLanguage\":\"pt-BR\",\"@id\":\"https:\/\/sinditextilsp.org.br\/home\/#\/schema\/person\/image\/\",\"url\":\"https:\/\/secure.gravatar.com\/avatar\/e5e9ded7ca9297005415a6263122555b6a112c409111396e3416a952302fb1bf?s=96&d=mm&r=g\",\"contentUrl\":\"https:\/\/secure.gravatar.com\/avatar\/e5e9ded7ca9297005415a6263122555b6a112c409111396e3416a952302fb1bf?s=96&d=mm&r=g\",\"caption\":\"Roberto Lima\"},\"url\":\"https:\/\/sinditextilsp.org.br\/home\/author\/roberto-lima\/\"}]}<\/script>\n<!-- \/ Yoast SEO plugin. -->","yoast_head_json":{"title":"Diga sim ao relat\u00f3rio do deputado \u00c1tila Lira sobre o PL 914\/24 - Sindit\u00eaxtil-SP","robots":{"index":"index","follow":"follow","max-snippet":"max-snippet:-1","max-image-preview":"max-image-preview:large","max-video-preview":"max-video-preview:-1"},"canonical":"https:\/\/sinditextilsp.org.br\/home\/2024\/05\/diga-sim-ao-relatorio-do-deputado-atila-lira-sobre-o-pl-914-24\/","og_locale":"pt_BR","og_type":"article","og_title":"Diga sim ao relat\u00f3rio do deputado \u00c1tila Lira sobre o PL 914\/24 - Sindit\u00eaxtil-SP","og_description":"Sras. deputadas e srs. deputados federais: a sobreviv\u00eancia do Varejo e da Ind\u00fastria nacional e seus empregos est\u00e1 em suas m\u00e3os! O segmento brasileiro da Ind\u00fastria e do Varejo pede o apoio das deputadas e deputados federais ao relat\u00f3rio do dep. \u00c1tila Lira sobre o projeto de lei 914\/24, que prev\u00ea o fim da isen\u00e7\u00e3o [&hellip;]","og_url":"https:\/\/sinditextilsp.org.br\/home\/2024\/05\/diga-sim-ao-relatorio-do-deputado-atila-lira-sobre-o-pl-914-24\/","og_site_name":"Sindit\u00eaxtil-SP","article_publisher":"https:\/\/www.facebook.com\/sinditextilsp","article_published_time":"2024-05-14T12:42:26+00:00","article_modified_time":"2024-05-14T12:44:25+00:00","og_image":[{"width":1280,"height":960,"url":"https:\/\/sinditextilsp.org.br\/home\/wp-content\/uploads\/2024\/05\/calculator-723925_1280.jpg","type":"image\/jpeg"}],"author":"Roberto Lima","twitter_card":"summary_large_image","twitter_creator":"@SinditextilSP","twitter_site":"@SinditextilSP","twitter_misc":{"Escrito por":"Roberto Lima","Est. tempo de leitura":"2 minutos"},"schema":{"@context":"https:\/\/schema.org","@graph":[{"@type":"WebPage","@id":"https:\/\/sinditextilsp.org.br\/home\/2024\/05\/diga-sim-ao-relatorio-do-deputado-atila-lira-sobre-o-pl-914-24\/","url":"https:\/\/sinditextilsp.org.br\/home\/2024\/05\/diga-sim-ao-relatorio-do-deputado-atila-lira-sobre-o-pl-914-24\/","name":"Diga sim ao relat\u00f3rio do deputado \u00c1tila Lira sobre o PL 914\/24 - Sindit\u00eaxtil-SP","isPartOf":{"@id":"https:\/\/sinditextilsp.org.br\/home\/#website"},"primaryImageOfPage":{"@id":"https:\/\/sinditextilsp.org.br\/home\/2024\/05\/diga-sim-ao-relatorio-do-deputado-atila-lira-sobre-o-pl-914-24\/#primaryimage"},"image":{"@id":"https:\/\/sinditextilsp.org.br\/home\/2024\/05\/diga-sim-ao-relatorio-do-deputado-atila-lira-sobre-o-pl-914-24\/#primaryimage"},"thumbnailUrl":"https:\/\/sinditextilsp.org.br\/home\/wp-content\/uploads\/2024\/05\/calculator-723925_1280.jpg","datePublished":"2024-05-14T12:42:26+00:00","dateModified":"2024-05-14T12:44:25+00:00","author":{"@id":"https:\/\/sinditextilsp.org.br\/home\/#\/schema\/person\/f2652ee75ed0db87c6a4c63cfba51dd9"},"breadcrumb":{"@id":"https:\/\/sinditextilsp.org.br\/home\/2024\/05\/diga-sim-ao-relatorio-do-deputado-atila-lira-sobre-o-pl-914-24\/#breadcrumb"},"inLanguage":"pt-BR","potentialAction":[{"@type":"ReadAction","target":["https:\/\/sinditextilsp.org.br\/home\/2024\/05\/diga-sim-ao-relatorio-do-deputado-atila-lira-sobre-o-pl-914-24\/"]}]},{"@type":"ImageObject","inLanguage":"pt-BR","@id":"https:\/\/sinditextilsp.org.br\/home\/2024\/05\/diga-sim-ao-relatorio-do-deputado-atila-lira-sobre-o-pl-914-24\/#primaryimage","url":"https:\/\/sinditextilsp.org.br\/home\/wp-content\/uploads\/2024\/05\/calculator-723925_1280.jpg","contentUrl":"https:\/\/sinditextilsp.org.br\/home\/wp-content\/uploads\/2024\/05\/calculator-723925_1280.jpg","width":1280,"height":960},{"@type":"BreadcrumbList","@id":"https:\/\/sinditextilsp.org.br\/home\/2024\/05\/diga-sim-ao-relatorio-do-deputado-atila-lira-sobre-o-pl-914-24\/#breadcrumb","itemListElement":[{"@type":"ListItem","position":1,"name":"In\u00edcio","item":"https:\/\/sinditextilsp.org.br\/home\/"},{"@type":"ListItem","position":2,"name":"Diga sim ao relat\u00f3rio do deputado \u00c1tila Lira sobre o PL 914\/24"}]},{"@type":"WebSite","@id":"https:\/\/sinditextilsp.org.br\/home\/#website","url":"https:\/\/sinditextilsp.org.br\/home\/","name":"Sindit\u00eaxtil-SP","description":"Sindicato T\u00eaxtil de S\u00e3o Paulo","potentialAction":[{"@type":"SearchAction","target":{"@type":"EntryPoint","urlTemplate":"https:\/\/sinditextilsp.org.br\/home\/?s={search_term_string}"},"query-input":"required name=search_term_string"}],"inLanguage":"pt-BR"},{"@type":"Person","@id":"https:\/\/sinditextilsp.org.br\/home\/#\/schema\/person\/f2652ee75ed0db87c6a4c63cfba51dd9","name":"Roberto Lima","image":{"@type":"ImageObject","inLanguage":"pt-BR","@id":"https:\/\/sinditextilsp.org.br\/home\/#\/schema\/person\/image\/","url":"https:\/\/secure.gravatar.com\/avatar\/e5e9ded7ca9297005415a6263122555b6a112c409111396e3416a952302fb1bf?s=96&d=mm&r=g","contentUrl":"https:\/\/secure.gravatar.com\/avatar\/e5e9ded7ca9297005415a6263122555b6a112c409111396e3416a952302fb1bf?s=96&d=mm&r=g","caption":"Roberto Lima"},"url":"https:\/\/sinditextilsp.org.br\/home\/author\/roberto-lima\/"}]}},"_links":{"self":[{"href":"https:\/\/sinditextilsp.org.br\/home\/wp-json\/wp\/v2\/posts\/5262","targetHints":{"allow":["GET"]}}],"collection":[{"href":"https:\/\/sinditextilsp.org.br\/home\/wp-json\/wp\/v2\/posts"}],"about":[{"href":"https:\/\/sinditextilsp.org.br\/home\/wp-json\/wp\/v2\/types\/post"}],"author":[{"embeddable":true,"href":"https:\/\/sinditextilsp.org.br\/home\/wp-json\/wp\/v2\/users\/7"}],"replies":[{"embeddable":true,"href":"https:\/\/sinditextilsp.org.br\/home\/wp-json\/wp\/v2\/comments?post=5262"}],"version-history":[{"count":3,"href":"https:\/\/sinditextilsp.org.br\/home\/wp-json\/wp\/v2\/posts\/5262\/revisions"}],"predecessor-version":[{"id":5268,"href":"https:\/\/sinditextilsp.org.br\/home\/wp-json\/wp\/v2\/posts\/5262\/revisions\/5268"}],"wp:featuredmedia":[{"embeddable":true,"href":"https:\/\/sinditextilsp.org.br\/home\/wp-json\/wp\/v2\/media\/5265"}],"wp:attachment":[{"href":"https:\/\/sinditextilsp.org.br\/home\/wp-json\/wp\/v2\/media?parent=5262"}],"wp:term":[{"taxonomy":"category","embeddable":true,"href":"https:\/\/sinditextilsp.org.br\/home\/wp-json\/wp\/v2\/categories?post=5262"},{"taxonomy":"post_tag","embeddable":true,"href":"https:\/\/sinditextilsp.org.br\/home\/wp-json\/wp\/v2\/tags?post=5262"}],"curies":[{"name":"wp","href":"https:\/\/api.w.org\/{rel}","templated":true}]}}