{"id":5332,"date":"2024-05-16T12:03:36","date_gmt":"2024-05-16T15:03:36","guid":{"rendered":"https:\/\/sinditextilsp.org.br\/home\/?p=5332"},"modified":"2024-05-16T16:57:15","modified_gmt":"2024-05-16T19:57:15","slug":"a-balanca-comercial-as-exportacoes-de-commodities-da-industria-de-transformacao","status":"publish","type":"post","link":"https:\/\/sinditextilsp.org.br\/home\/2024\/05\/a-balanca-comercial-as-exportacoes-de-commodities-da-industria-de-transformacao\/","title":{"rendered":"A balan\u00e7a comercial: as exporta\u00e7\u00f5es de commodities da ind\u00fastria de transforma\u00e7\u00e3o"},"content":{"rendered":"<p>A FGV publica os resultados da an\u00e1lise da balan\u00e7a comercial e destaca a import\u00e2ncia das commodities nas exporta\u00e7\u00f5es da ind\u00fastria de transforma\u00e7\u00e3o.<\/p>\n<p>De acordo com a an\u00e1lise o saldo da balan\u00e7a comercial em abril foi de US$ 9,0 bilh\u00f5es, um bilh\u00e3o a mais do que em abril de 2023. As exporta\u00e7\u00f5es aumentaram, em valor, 14,1% e as importa\u00e7\u00f5es, 14,3%. No acumulado do ano at\u00e9 abril, o valor exportado cresceu 5,7% e o importado, 2,2%, em rela\u00e7\u00e3o a igual per\u00edodo de 2023. O saldo acumulado no ano at\u00e9 abril foi de US$ 27,7 bilh\u00f5es, US$ 4,1 bilh\u00f5es superior ao do primeiro quadrimestre de 2023.<\/p>\n<p>O aumento em valor das exporta\u00e7\u00f5es e importa\u00e7\u00f5es, seja na compara\u00e7\u00e3o mensal ou na do acumulado do ano, \u00e9 explicado pelo aumento do volume, pois os pre\u00e7os caem para as exporta\u00e7\u00f5es e as importa\u00e7\u00f5es nas duas bases de compara\u00e7\u00e3o . Chama aten\u00e7\u00e3o o aumento do volume exportado, 22,6%, e o importado, entre os meses de abril.<\/p>\n<p>Repetindo o comportamento observado no ano anterior, o volume exportado das commodities supera o das n\u00e3o commodities. No acumulado do ano at\u00e9 abril, em rela\u00e7\u00e3o a igual per\u00edodo em 2023, o volume exportado das commodities cresceu 18,7% e o das n\u00e3o commodities recuou 5,2%. No m\u00eas de abril, no entanto, tanto as commodities (31,4%) quanto as n\u00e3o commodities (4,2%) registraram varia\u00e7\u00e3o positiva. A varia\u00e7\u00e3o dos pre\u00e7os foi negativa para os dois agregados, na base mensal ou na do acumulado do ano.<\/p>\n<p>O crescimento do volume exportado no m\u00eas de abril foi liderado pela ind\u00fastria extrativa (61,1%), seguida da transforma\u00e7\u00e3o (20,5%) e por \u00faltimo, a agropecu\u00e1ria (7,7%). Na extrativa, a exporta\u00e7\u00e3o de petr\u00f3leo bruto, 14,9% do total exportado pelo pa\u00eds, aumentou em valor 92,4% e 103,8%, em Kg, segundo a Secretaria de Com\u00e9rcio Exterior. Na ind\u00fastria de transforma\u00e7\u00e3o, o principal produto exportado foi o \u00f3leo combust\u00edvel de petr\u00f3leo, com participa\u00e7\u00e3o de 4,6% na pauta total das exporta\u00e7\u00f5es, aumento de valor em 129,9% e, em Kg, 124,4%. O segundo principal produto exportado foi farelo de soja, com varia\u00e7\u00e3o de 45,8% em Kg seguido de a\u00e7ucares, 94,4%, carne bovina, 89,0% e celulose, 10,4%. Juntos, esses 5 produtos explicam 34,7% das exporta\u00e7\u00f5es da ind\u00fastria de transforma\u00e7\u00e3o e 0,02% das exporta\u00e7\u00f5es brasileiras. O setor agropecu\u00e1rio registrou aumento de 7,7%, liderado pela soja, participa\u00e7\u00e3o de 20,6% nas exporta\u00e7\u00f5es totais e aumento em Kg de 2,5%.<\/p>\n<p>O crescimento das exporta\u00e7\u00f5es da ind\u00fastria de transforma\u00e7\u00e3o foi puxado, como descrito, por mercadorias que s\u00e3o commodities. O ICOMEX &#8211; Indicador de Com\u00e9rcio Exterior &#8211; separa as commodities e n\u00e3o commodities da ind\u00fastria de transforma\u00e7\u00e3o. Em abril, as commodities representavam 48,7% das exporta\u00e7\u00f5es dessa ind\u00fastria e registraram aumento de 41,9%.<\/p>\n<p>Na compara\u00e7\u00e3o interanual do acumulado do ano at\u00e9 abril entre 2023 e 2024, a lideran\u00e7a em volume permanece com a ind\u00fastria extrativa (24,2%), seguida da agropecu\u00e1ria (9,6%) e da transforma\u00e7\u00e3o (6,0%). O principal produto exportado, com participa\u00e7\u00e3o de 14,8% nas exporta\u00e7\u00f5es totais, foi a soja em gr\u00e3o, com aumento de volume (em Kg) de 10% e queda nos pre\u00e7os de 20,5%. O segundo principal foi o \u00f3leo bruto de petr\u00f3leo, com participa\u00e7\u00e3o de 14,5%, varia\u00e7\u00e3o no volume de 33,4% e queda nos pre\u00e7os de 3,0%. O terceiro foi o min\u00e9rio de ferro com participa\u00e7\u00e3o de 9,6%, crescimento no volume de 13,6% e nos pre\u00e7os de 9,8%.<\/p>\n<p>As importa\u00e7\u00f5es por setor de atividade mostram a lideran\u00e7a do setor agropecu\u00e1rio em termos de volume, na compara\u00e7\u00e3o entre os meses de abril de 2023 e 2024 . Foi registrado aumento de 73,1% nesse setor, seguido da transforma\u00e7\u00e3o, 22,7% e da extrativa, 3,0%.\u00a0 A an\u00e1lise ressalta que as importa\u00e7\u00f5es da agropecu\u00e1ria representam 2,5% das importa\u00e7\u00f5es totais do pa\u00eds, seguida da extrativa (7,2%) e da transforma\u00e7\u00e3o, 89,9%. Diferente das exporta\u00e7\u00f5es da ind\u00fastria de transforma\u00e7\u00e3o, em que as commodities explicam 48,7% das vendas do setor, como j\u00e1 mencionado, aqui o percentual das commodities no total das importa\u00e7\u00f5es da transforma\u00e7\u00e3o foi de 5,9%. Todas as informa\u00e7\u00f5es das participa\u00e7\u00f5es se referem ao m\u00eas de abril de 2024.<\/p>\n<p>Na compara\u00e7\u00e3o dos acumulados do ano at\u00e9 abril entre 2023 e 2024, a agropecu\u00e1ria lidera (28,2%) em termos de volume, seguida pela transforma\u00e7\u00e3o (12,3%) e a extrativa, que recua (0,8%). Em termos de participa\u00e7\u00e3o na pauta de importa\u00e7\u00f5es, por\u00e9m, os percentuais dos principais produtos do setor da agropecu\u00e1ria s\u00e3o inferiores a 1%: trigo (0,6%); pescado (0,4%); e frutas e oleaginosas (0,4%).<\/p>\n<p>Em abril, as importa\u00e7\u00f5es de bens de capital na FBCF foram de 30,2% e dos bens de capital na agropecu\u00e1ria de 51,4%, o que indicava um setor de agropecu\u00e1ria com expectativas favor\u00e1veis, embora no acumulado do ano as importa\u00e7\u00f5es de bens de capital recuaram em 20,5% nesse setor. \u00c9 preciso, portanto, acompanhar o setor para se afirmar que as expectativas s\u00e3o de aumento na taxa de investimento.<\/p>\n<p>No caso, das compras de bens intermedi\u00e1rios, a ind\u00fastria tem uma sinaliza\u00e7\u00e3o positiva, com aumento de 24,0%, mas as compras do setor de agropecu\u00e1ria recuaram 3,9%. O mesmo comportamento se repete na compara\u00e7\u00e3o do acumulado do ano.<\/p>\n<p>A novidade do m\u00eas de abril, em termos de mercado de destino, foi o aumento no volume exportado para a Uni\u00e3o Europeia (46,2%) que superou o dos Estados Unidos e o da China. Segundo a Secretaria de Com\u00e9rcio Exterior, o aumento para a Europa foi puxado pelas exporta\u00e7\u00f5es de petr\u00f3leo, caf\u00e9 n\u00e3o torrado e farelo de soja.<\/p>\n<p>Os volumes importados aumentaram para a China, Argentina, Demais Am\u00e9rica do Sul e Demais \u00c1sia, acima de 30% na compara\u00e7\u00e3o do m\u00eas de abril. No entanto, na compara\u00e7\u00e3o do acumulado do ano, s\u00f3 a China supera 30%. A compara\u00e7\u00e3o de um \u00fanico m\u00eas n\u00e3o permite afirmar uma tend\u00eancia de aumentos expressivos nas exporta\u00e7\u00f5es para a Uni\u00e3o Europeia ou das importa\u00e7\u00f5es para os pa\u00edses mencionados.<\/p>\n<p>Em termos de contribui\u00e7\u00e3o para o super\u00e1vit da balan\u00e7a comercial, a China continua na lideran\u00e7a com saldo de US$ 13,9 bilh\u00f5es, \u201cdemais pa\u00edses da \u00c1sia\u201d, US$ 3,4 bilh\u00f5es, \u201cdemais pa\u00edses da Am\u00e9rica do Sul\u201d, US$ 2,0 bilh\u00f5es e Estados Unidos, US$ 412 milh\u00f5es. Com a Uni\u00e3o Europeia, o saldo \u00e9 deficit\u00e1rio em 817 milh\u00f5es.<\/p>\n<p>A tend\u00eancia de queda nos termos de troca iniciada em dezembro de 2023 continuou, e comparando esse m\u00eas com abril de 2024, a queda foi de 4,1%. A queda est\u00e1 associada a uma varia\u00e7\u00e3o negativa de 5,9% nos pre\u00e7os exportados e aumento de 1,0% nos pre\u00e7os das importa\u00e7\u00f5es. Em suma, \u00e9 a queda nos pre\u00e7os de exporta\u00e7\u00f5es que est\u00e1 puxando os termos de troca para a trajet\u00f3ria descendente at\u00e9 o momento.<\/p>\n<p>Com informa\u00e7\u00f5es do Portal Ibre.<\/p>\n","protected":false},"excerpt":{"rendered":"<p>A FGV publica os resultados da an\u00e1lise da balan\u00e7a comercial e destaca a import\u00e2ncia das commodities nas exporta\u00e7\u00f5es da ind\u00fastria de transforma\u00e7\u00e3o. De acordo com a an\u00e1lise o saldo da balan\u00e7a comercial em abril foi de US$ 9,0 bilh\u00f5es, um bilh\u00e3o a mais do que em abril de 2023. As exporta\u00e7\u00f5es aumentaram, em valor, 14,1% [&hellip;]<\/p>\n","protected":false},"author":2,"featured_media":4139,"comment_status":"open","ping_status":"open","sticky":false,"template":"","format":"standard","meta":{"footnotes":""},"categories":[472,56,16],"tags":[175,539,133,54,502],"class_list":["post-5332","post","type-post","status-publish","format-standard","has-post-thumbnail","hentry","category-conteudo-para-associados","category-destaques","category-noticias","tag-balanca-comercial","tag-commodities","tag-exportacao","tag-importacao","tag-industria-de-transformacao"],"yoast_head":"<!-- This site is optimized with the Yoast SEO plugin v22.8 - https:\/\/yoast.com\/wordpress\/plugins\/seo\/ -->\n<title>A balan\u00e7a comercial: as exporta\u00e7\u00f5es de commodities da ind\u00fastria de transforma\u00e7\u00e3o - Sindit\u00eaxtil-SP<\/title>\n<meta name=\"robots\" content=\"index, follow, max-snippet:-1, max-image-preview:large, max-video-preview:-1\" \/>\n<link rel=\"canonical\" href=\"https:\/\/sinditextilsp.org.br\/home\/2024\/05\/a-balanca-comercial-as-exportacoes-de-commodities-da-industria-de-transformacao\/\" \/>\n<meta property=\"og:locale\" content=\"pt_BR\" \/>\n<meta property=\"og:type\" content=\"article\" \/>\n<meta property=\"og:title\" content=\"A balan\u00e7a comercial: as exporta\u00e7\u00f5es de commodities da ind\u00fastria de transforma\u00e7\u00e3o - Sindit\u00eaxtil-SP\" \/>\n<meta property=\"og:description\" content=\"A FGV publica os resultados da an\u00e1lise da balan\u00e7a comercial e destaca a import\u00e2ncia das commodities nas exporta\u00e7\u00f5es da ind\u00fastria de transforma\u00e7\u00e3o. De acordo com a an\u00e1lise o saldo da balan\u00e7a comercial em abril foi de US$ 9,0 bilh\u00f5es, um bilh\u00e3o a mais do que em abril de 2023. As exporta\u00e7\u00f5es aumentaram, em valor, 14,1% [&hellip;]\" \/>\n<meta property=\"og:url\" content=\"https:\/\/sinditextilsp.org.br\/home\/2024\/05\/a-balanca-comercial-as-exportacoes-de-commodities-da-industria-de-transformacao\/\" \/>\n<meta property=\"og:site_name\" content=\"Sindit\u00eaxtil-SP\" \/>\n<meta property=\"article:publisher\" content=\"https:\/\/www.facebook.com\/sinditextilsp\" \/>\n<meta property=\"article:published_time\" content=\"2024-05-16T15:03:36+00:00\" \/>\n<meta property=\"article:modified_time\" content=\"2024-05-16T19:57:15+00:00\" \/>\n<meta property=\"og:image\" content=\"https:\/\/sinditextilsp.org.br\/home\/wp-content\/uploads\/2023\/10\/vista-aerea-do-navio-de-carga-e-conteiner-de-carga-no-porto-scaled.jpg\" \/>\n\t<meta property=\"og:image:width\" content=\"2560\" \/>\n\t<meta property=\"og:image:height\" content=\"1707\" \/>\n\t<meta property=\"og:image:type\" content=\"image\/jpeg\" \/>\n<meta name=\"author\" content=\"Sindit\u00eaxtil-SP\" \/>\n<meta name=\"twitter:card\" content=\"summary_large_image\" \/>\n<meta name=\"twitter:creator\" content=\"@SinditextilSP\" \/>\n<meta name=\"twitter:site\" content=\"@SinditextilSP\" \/>\n<meta name=\"twitter:label1\" content=\"Escrito por\" \/>\n\t<meta name=\"twitter:data1\" content=\"Sindit\u00eaxtil-SP\" \/>\n\t<meta name=\"twitter:label2\" content=\"Est. tempo de leitura\" \/>\n\t<meta name=\"twitter:data2\" content=\"5 minutos\" \/>\n<script type=\"application\/ld+json\" class=\"yoast-schema-graph\">{\"@context\":\"https:\/\/schema.org\",\"@graph\":[{\"@type\":\"WebPage\",\"@id\":\"https:\/\/sinditextilsp.org.br\/home\/2024\/05\/a-balanca-comercial-as-exportacoes-de-commodities-da-industria-de-transformacao\/\",\"url\":\"https:\/\/sinditextilsp.org.br\/home\/2024\/05\/a-balanca-comercial-as-exportacoes-de-commodities-da-industria-de-transformacao\/\",\"name\":\"A balan\u00e7a comercial: as exporta\u00e7\u00f5es de commodities da ind\u00fastria de transforma\u00e7\u00e3o - Sindit\u00eaxtil-SP\",\"isPartOf\":{\"@id\":\"https:\/\/sinditextilsp.org.br\/home\/#website\"},\"primaryImageOfPage\":{\"@id\":\"https:\/\/sinditextilsp.org.br\/home\/2024\/05\/a-balanca-comercial-as-exportacoes-de-commodities-da-industria-de-transformacao\/#primaryimage\"},\"image\":{\"@id\":\"https:\/\/sinditextilsp.org.br\/home\/2024\/05\/a-balanca-comercial-as-exportacoes-de-commodities-da-industria-de-transformacao\/#primaryimage\"},\"thumbnailUrl\":\"https:\/\/sinditextilsp.org.br\/home\/wp-content\/uploads\/2023\/10\/vista-aerea-do-navio-de-carga-e-conteiner-de-carga-no-porto-scaled.jpg\",\"datePublished\":\"2024-05-16T15:03:36+00:00\",\"dateModified\":\"2024-05-16T19:57:15+00:00\",\"author\":{\"@id\":\"https:\/\/sinditextilsp.org.br\/home\/#\/schema\/person\/ceca3861f277dc1806d31199f1604264\"},\"breadcrumb\":{\"@id\":\"https:\/\/sinditextilsp.org.br\/home\/2024\/05\/a-balanca-comercial-as-exportacoes-de-commodities-da-industria-de-transformacao\/#breadcrumb\"},\"inLanguage\":\"pt-BR\",\"potentialAction\":[{\"@type\":\"ReadAction\",\"target\":[\"https:\/\/sinditextilsp.org.br\/home\/2024\/05\/a-balanca-comercial-as-exportacoes-de-commodities-da-industria-de-transformacao\/\"]}]},{\"@type\":\"ImageObject\",\"inLanguage\":\"pt-BR\",\"@id\":\"https:\/\/sinditextilsp.org.br\/home\/2024\/05\/a-balanca-comercial-as-exportacoes-de-commodities-da-industria-de-transformacao\/#primaryimage\",\"url\":\"https:\/\/sinditextilsp.org.br\/home\/wp-content\/uploads\/2023\/10\/vista-aerea-do-navio-de-carga-e-conteiner-de-carga-no-porto-scaled.jpg\",\"contentUrl\":\"https:\/\/sinditextilsp.org.br\/home\/wp-content\/uploads\/2023\/10\/vista-aerea-do-navio-de-carga-e-conteiner-de-carga-no-porto-scaled.jpg\",\"width\":2560,\"height\":1707},{\"@type\":\"BreadcrumbList\",\"@id\":\"https:\/\/sinditextilsp.org.br\/home\/2024\/05\/a-balanca-comercial-as-exportacoes-de-commodities-da-industria-de-transformacao\/#breadcrumb\",\"itemListElement\":[{\"@type\":\"ListItem\",\"position\":1,\"name\":\"In\u00edcio\",\"item\":\"https:\/\/sinditextilsp.org.br\/home\/\"},{\"@type\":\"ListItem\",\"position\":2,\"name\":\"A balan\u00e7a comercial: as exporta\u00e7\u00f5es de commodities da ind\u00fastria de transforma\u00e7\u00e3o\"}]},{\"@type\":\"WebSite\",\"@id\":\"https:\/\/sinditextilsp.org.br\/home\/#website\",\"url\":\"https:\/\/sinditextilsp.org.br\/home\/\",\"name\":\"Sindit\u00eaxtil-SP\",\"description\":\"Sindicato T\u00eaxtil de S\u00e3o Paulo\",\"potentialAction\":[{\"@type\":\"SearchAction\",\"target\":{\"@type\":\"EntryPoint\",\"urlTemplate\":\"https:\/\/sinditextilsp.org.br\/home\/?s={search_term_string}\"},\"query-input\":\"required name=search_term_string\"}],\"inLanguage\":\"pt-BR\"},{\"@type\":\"Person\",\"@id\":\"https:\/\/sinditextilsp.org.br\/home\/#\/schema\/person\/ceca3861f277dc1806d31199f1604264\",\"name\":\"Sindit\u00eaxtil-SP\",\"image\":{\"@type\":\"ImageObject\",\"inLanguage\":\"pt-BR\",\"@id\":\"https:\/\/sinditextilsp.org.br\/home\/#\/schema\/person\/image\/\",\"url\":\"https:\/\/secure.gravatar.com\/avatar\/1004e4f7c56213ad977aba92436bc447272b6a4743534ef04a82f43c866dd0e0?s=96&d=mm&r=g\",\"contentUrl\":\"https:\/\/secure.gravatar.com\/avatar\/1004e4f7c56213ad977aba92436bc447272b6a4743534ef04a82f43c866dd0e0?s=96&d=mm&r=g\",\"caption\":\"Sindit\u00eaxtil-SP\"},\"url\":\"https:\/\/sinditextilsp.org.br\/home\/author\/sinditextilsp\/\"}]}<\/script>\n<!-- \/ Yoast SEO plugin. -->","yoast_head_json":{"title":"A balan\u00e7a comercial: as exporta\u00e7\u00f5es de commodities da ind\u00fastria de transforma\u00e7\u00e3o - Sindit\u00eaxtil-SP","robots":{"index":"index","follow":"follow","max-snippet":"max-snippet:-1","max-image-preview":"max-image-preview:large","max-video-preview":"max-video-preview:-1"},"canonical":"https:\/\/sinditextilsp.org.br\/home\/2024\/05\/a-balanca-comercial-as-exportacoes-de-commodities-da-industria-de-transformacao\/","og_locale":"pt_BR","og_type":"article","og_title":"A balan\u00e7a comercial: as exporta\u00e7\u00f5es de commodities da ind\u00fastria de transforma\u00e7\u00e3o - Sindit\u00eaxtil-SP","og_description":"A FGV publica os resultados da an\u00e1lise da balan\u00e7a comercial e destaca a import\u00e2ncia das commodities nas exporta\u00e7\u00f5es da ind\u00fastria de transforma\u00e7\u00e3o. De acordo com a an\u00e1lise o saldo da balan\u00e7a comercial em abril foi de US$ 9,0 bilh\u00f5es, um bilh\u00e3o a mais do que em abril de 2023. As exporta\u00e7\u00f5es aumentaram, em valor, 14,1% [&hellip;]","og_url":"https:\/\/sinditextilsp.org.br\/home\/2024\/05\/a-balanca-comercial-as-exportacoes-de-commodities-da-industria-de-transformacao\/","og_site_name":"Sindit\u00eaxtil-SP","article_publisher":"https:\/\/www.facebook.com\/sinditextilsp","article_published_time":"2024-05-16T15:03:36+00:00","article_modified_time":"2024-05-16T19:57:15+00:00","og_image":[{"width":2560,"height":1707,"url":"https:\/\/sinditextilsp.org.br\/home\/wp-content\/uploads\/2023\/10\/vista-aerea-do-navio-de-carga-e-conteiner-de-carga-no-porto-scaled.jpg","type":"image\/jpeg"}],"author":"Sindit\u00eaxtil-SP","twitter_card":"summary_large_image","twitter_creator":"@SinditextilSP","twitter_site":"@SinditextilSP","twitter_misc":{"Escrito por":"Sindit\u00eaxtil-SP","Est. tempo de leitura":"5 minutos"},"schema":{"@context":"https:\/\/schema.org","@graph":[{"@type":"WebPage","@id":"https:\/\/sinditextilsp.org.br\/home\/2024\/05\/a-balanca-comercial-as-exportacoes-de-commodities-da-industria-de-transformacao\/","url":"https:\/\/sinditextilsp.org.br\/home\/2024\/05\/a-balanca-comercial-as-exportacoes-de-commodities-da-industria-de-transformacao\/","name":"A balan\u00e7a comercial: as exporta\u00e7\u00f5es de commodities da ind\u00fastria de transforma\u00e7\u00e3o - Sindit\u00eaxtil-SP","isPartOf":{"@id":"https:\/\/sinditextilsp.org.br\/home\/#website"},"primaryImageOfPage":{"@id":"https:\/\/sinditextilsp.org.br\/home\/2024\/05\/a-balanca-comercial-as-exportacoes-de-commodities-da-industria-de-transformacao\/#primaryimage"},"image":{"@id":"https:\/\/sinditextilsp.org.br\/home\/2024\/05\/a-balanca-comercial-as-exportacoes-de-commodities-da-industria-de-transformacao\/#primaryimage"},"thumbnailUrl":"https:\/\/sinditextilsp.org.br\/home\/wp-content\/uploads\/2023\/10\/vista-aerea-do-navio-de-carga-e-conteiner-de-carga-no-porto-scaled.jpg","datePublished":"2024-05-16T15:03:36+00:00","dateModified":"2024-05-16T19:57:15+00:00","author":{"@id":"https:\/\/sinditextilsp.org.br\/home\/#\/schema\/person\/ceca3861f277dc1806d31199f1604264"},"breadcrumb":{"@id":"https:\/\/sinditextilsp.org.br\/home\/2024\/05\/a-balanca-comercial-as-exportacoes-de-commodities-da-industria-de-transformacao\/#breadcrumb"},"inLanguage":"pt-BR","potentialAction":[{"@type":"ReadAction","target":["https:\/\/sinditextilsp.org.br\/home\/2024\/05\/a-balanca-comercial-as-exportacoes-de-commodities-da-industria-de-transformacao\/"]}]},{"@type":"ImageObject","inLanguage":"pt-BR","@id":"https:\/\/sinditextilsp.org.br\/home\/2024\/05\/a-balanca-comercial-as-exportacoes-de-commodities-da-industria-de-transformacao\/#primaryimage","url":"https:\/\/sinditextilsp.org.br\/home\/wp-content\/uploads\/2023\/10\/vista-aerea-do-navio-de-carga-e-conteiner-de-carga-no-porto-scaled.jpg","contentUrl":"https:\/\/sinditextilsp.org.br\/home\/wp-content\/uploads\/2023\/10\/vista-aerea-do-navio-de-carga-e-conteiner-de-carga-no-porto-scaled.jpg","width":2560,"height":1707},{"@type":"BreadcrumbList","@id":"https:\/\/sinditextilsp.org.br\/home\/2024\/05\/a-balanca-comercial-as-exportacoes-de-commodities-da-industria-de-transformacao\/#breadcrumb","itemListElement":[{"@type":"ListItem","position":1,"name":"In\u00edcio","item":"https:\/\/sinditextilsp.org.br\/home\/"},{"@type":"ListItem","position":2,"name":"A balan\u00e7a comercial: as exporta\u00e7\u00f5es de commodities da ind\u00fastria de transforma\u00e7\u00e3o"}]},{"@type":"WebSite","@id":"https:\/\/sinditextilsp.org.br\/home\/#website","url":"https:\/\/sinditextilsp.org.br\/home\/","name":"Sindit\u00eaxtil-SP","description":"Sindicato T\u00eaxtil de S\u00e3o Paulo","potentialAction":[{"@type":"SearchAction","target":{"@type":"EntryPoint","urlTemplate":"https:\/\/sinditextilsp.org.br\/home\/?s={search_term_string}"},"query-input":"required name=search_term_string"}],"inLanguage":"pt-BR"},{"@type":"Person","@id":"https:\/\/sinditextilsp.org.br\/home\/#\/schema\/person\/ceca3861f277dc1806d31199f1604264","name":"Sindit\u00eaxtil-SP","image":{"@type":"ImageObject","inLanguage":"pt-BR","@id":"https:\/\/sinditextilsp.org.br\/home\/#\/schema\/person\/image\/","url":"https:\/\/secure.gravatar.com\/avatar\/1004e4f7c56213ad977aba92436bc447272b6a4743534ef04a82f43c866dd0e0?s=96&d=mm&r=g","contentUrl":"https:\/\/secure.gravatar.com\/avatar\/1004e4f7c56213ad977aba92436bc447272b6a4743534ef04a82f43c866dd0e0?s=96&d=mm&r=g","caption":"Sindit\u00eaxtil-SP"},"url":"https:\/\/sinditextilsp.org.br\/home\/author\/sinditextilsp\/"}]}},"_links":{"self":[{"href":"https:\/\/sinditextilsp.org.br\/home\/wp-json\/wp\/v2\/posts\/5332","targetHints":{"allow":["GET"]}}],"collection":[{"href":"https:\/\/sinditextilsp.org.br\/home\/wp-json\/wp\/v2\/posts"}],"about":[{"href":"https:\/\/sinditextilsp.org.br\/home\/wp-json\/wp\/v2\/types\/post"}],"author":[{"embeddable":true,"href":"https:\/\/sinditextilsp.org.br\/home\/wp-json\/wp\/v2\/users\/2"}],"replies":[{"embeddable":true,"href":"https:\/\/sinditextilsp.org.br\/home\/wp-json\/wp\/v2\/comments?post=5332"}],"version-history":[{"count":3,"href":"https:\/\/sinditextilsp.org.br\/home\/wp-json\/wp\/v2\/posts\/5332\/revisions"}],"predecessor-version":[{"id":5336,"href":"https:\/\/sinditextilsp.org.br\/home\/wp-json\/wp\/v2\/posts\/5332\/revisions\/5336"}],"wp:featuredmedia":[{"embeddable":true,"href":"https:\/\/sinditextilsp.org.br\/home\/wp-json\/wp\/v2\/media\/4139"}],"wp:attachment":[{"href":"https:\/\/sinditextilsp.org.br\/home\/wp-json\/wp\/v2\/media?parent=5332"}],"wp:term":[{"taxonomy":"category","embeddable":true,"href":"https:\/\/sinditextilsp.org.br\/home\/wp-json\/wp\/v2\/categories?post=5332"},{"taxonomy":"post_tag","embeddable":true,"href":"https:\/\/sinditextilsp.org.br\/home\/wp-json\/wp\/v2\/tags?post=5332"}],"curies":[{"name":"wp","href":"https:\/\/api.w.org\/{rel}","templated":true}]}}