{"id":5790,"date":"2024-07-04T08:26:00","date_gmt":"2024-07-04T11:26:00","guid":{"rendered":"https:\/\/sinditextilsp.org.br\/home\/?p=5790"},"modified":"2024-07-03T16:27:03","modified_gmt":"2024-07-03T19:27:03","slug":"sinditextil-sp-promove-missao-de-inovacao","status":"publish","type":"post","link":"https:\/\/sinditextilsp.org.br\/home\/2024\/07\/sinditextil-sp-promove-missao-de-inovacao\/","title":{"rendered":"Sindit\u00eaxtil-SP promove Miss\u00e3o de Inova\u00e7\u00e3o"},"content":{"rendered":"\n<p><\/p>\n\n\n\n<p>A velocidade das inova\u00e7\u00f5es tecnol\u00f3gicas aumenta a cada dia e \u00e9 preciso estar antenado com as novidades que est\u00e3o impactando todos os setores da economia. O Sindit\u00eaxtil-SP, antecipando as necessidades da ind\u00fastria t\u00eaxtil paulista, promove assim uma nova miss\u00e3o, com a visita em duas das empresas que s\u00e3o refer\u00eancias tecnol\u00f3gicas no Brasil e no mundo: a Embraer e a Golden Technolgy.<\/p>\n\n\n\n<p>Na Embraer, empresa 100% brasileira, reconhecida mundialmente por seus jatos comerciais, os visitantes da miss\u00e3o conhecer\u00e3o os carros voadores que ser\u00e3o entregues em 2026 (eVTOL), aeronaves 100% carbono zero e a educa\u00e7\u00e3o como estrat\u00e9gia para o futuro.<\/p>\n\n\n\n<p>Na Golden Technology, multinacional brasileira, com plantas na Europa e Am\u00e9rica Central, ter\u00e3o a oportunidade de visitar o laborat\u00f3rio localizado na Universidade do Vale do Para\u00edba (UNIVAP). Durante a visita, ir\u00e3o conferir o que a empresa tem desenvolvido para incrementar a performance de produ\u00e7\u00e3o e de produtos acabados.<\/p>\n\n\n\n<p>A miss\u00e3o acontecer\u00e1 dia 8 de agosto, saindo da sede do Sindit\u00eaxtil-SP \u00e0s 7h30 da manh\u00e3, com a volta para a sede prevista para \u00e0s 18h30. As vagas s\u00e3o limitadas e associados do Sindit\u00eaxtil-SP e Abit investem R$ 270,00 e n\u00e3o associados, R$ 380,00. Informa\u00e7\u00f5es adicionais poder\u00e3o ser obtidas com Karen Oliveira, no e-mail <a href=\"mailto:karen@sinditextilsp.org.br\">karen@sinditextilsp.org.br<\/a><\/p>\n","protected":false},"excerpt":{"rendered":"<p>A velocidade das inova\u00e7\u00f5es tecnol\u00f3gicas aumenta a cada dia e \u00e9 preciso estar antenado com as novidades que est\u00e3o impactando todos os setores da economia. O Sindit\u00eaxtil-SP, antecipando as necessidades da ind\u00fastria t\u00eaxtil paulista, promove assim uma nova miss\u00e3o, com a visita em duas das empresas que s\u00e3o refer\u00eancias tecnol\u00f3gicas no Brasil e no mundo: [&hellip;]<\/p>\n","protected":false},"author":2,"featured_media":5791,"comment_status":"open","ping_status":"open","sticky":false,"template":"","format":"standard","meta":{"footnotes":""},"categories":[56,16],"tags":[594,595,593,26],"class_list":["post-5790","post","type-post","status-publish","format-standard","has-post-thumbnail","hentry","category-destaques","category-noticias","tag-embraer","tag-goden-technology","tag-missao-de-inovacao","tag-sinditextil-sp"],"yoast_head":"<!-- This site is optimized with the Yoast SEO plugin v22.8 - https:\/\/yoast.com\/wordpress\/plugins\/seo\/ -->\n<title>Sindit\u00eaxtil-SP promove Miss\u00e3o de Inova\u00e7\u00e3o - Sindit\u00eaxtil-SP<\/title>\n<meta name=\"description\" content=\"Os participantes da Miss\u00e3o de Inova\u00e7\u00e3o visitar\u00e3o a Embraer e a Golden Technology no interior paulista.\" \/>\n<meta name=\"robots\" content=\"index, follow, max-snippet:-1, max-image-preview:large, max-video-preview:-1\" \/>\n<link rel=\"canonical\" href=\"https:\/\/sinditextilsp.org.br\/home\/2024\/07\/sinditextil-sp-promove-missao-de-inovacao\/\" \/>\n<meta property=\"og:locale\" content=\"pt_BR\" \/>\n<meta property=\"og:type\" content=\"article\" \/>\n<meta property=\"og:title\" content=\"Sindit\u00eaxtil-SP promove Miss\u00e3o de Inova\u00e7\u00e3o - Sindit\u00eaxtil-SP\" \/>\n<meta property=\"og:description\" content=\"Os participantes da Miss\u00e3o de Inova\u00e7\u00e3o visitar\u00e3o a Embraer e a Golden Technology no interior paulista.\" \/>\n<meta property=\"og:url\" content=\"https:\/\/sinditextilsp.org.br\/home\/2024\/07\/sinditextil-sp-promove-missao-de-inovacao\/\" \/>\n<meta property=\"og:site_name\" content=\"Sindit\u00eaxtil-SP\" \/>\n<meta property=\"article:publisher\" content=\"https:\/\/www.facebook.com\/sinditextilsp\" \/>\n<meta property=\"article:published_time\" content=\"2024-07-04T11:26:00+00:00\" \/>\n<meta property=\"article:modified_time\" content=\"2024-07-03T19:27:03+00:00\" \/>\n<meta property=\"og:image\" content=\"https:\/\/sinditextilsp.org.br\/home\/wp-content\/uploads\/2024\/07\/missa\u0303o.png\" \/>\n\t<meta property=\"og:image:width\" content=\"706\" \/>\n\t<meta property=\"og:image:height\" content=\"432\" \/>\n\t<meta property=\"og:image:type\" content=\"image\/png\" \/>\n<meta name=\"author\" content=\"Sindit\u00eaxtil-SP\" \/>\n<meta name=\"twitter:card\" content=\"summary_large_image\" \/>\n<meta name=\"twitter:creator\" content=\"@SinditextilSP\" \/>\n<meta name=\"twitter:site\" content=\"@SinditextilSP\" \/>\n<meta name=\"twitter:label1\" content=\"Escrito por\" \/>\n\t<meta name=\"twitter:data1\" content=\"Sindit\u00eaxtil-SP\" \/>\n\t<meta name=\"twitter:label2\" content=\"Est. tempo de leitura\" \/>\n\t<meta name=\"twitter:data2\" content=\"2 minutos\" \/>\n<script type=\"application\/ld+json\" class=\"yoast-schema-graph\">{\"@context\":\"https:\/\/schema.org\",\"@graph\":[{\"@type\":\"WebPage\",\"@id\":\"https:\/\/sinditextilsp.org.br\/home\/2024\/07\/sinditextil-sp-promove-missao-de-inovacao\/\",\"url\":\"https:\/\/sinditextilsp.org.br\/home\/2024\/07\/sinditextil-sp-promove-missao-de-inovacao\/\",\"name\":\"Sindit\u00eaxtil-SP promove Miss\u00e3o de Inova\u00e7\u00e3o - Sindit\u00eaxtil-SP\",\"isPartOf\":{\"@id\":\"https:\/\/sinditextilsp.org.br\/home\/#website\"},\"primaryImageOfPage\":{\"@id\":\"https:\/\/sinditextilsp.org.br\/home\/2024\/07\/sinditextil-sp-promove-missao-de-inovacao\/#primaryimage\"},\"image\":{\"@id\":\"https:\/\/sinditextilsp.org.br\/home\/2024\/07\/sinditextil-sp-promove-missao-de-inovacao\/#primaryimage\"},\"thumbnailUrl\":\"https:\/\/sinditextilsp.org.br\/home\/wp-content\/uploads\/2024\/07\/missa\u0303o.png\",\"datePublished\":\"2024-07-04T11:26:00+00:00\",\"dateModified\":\"2024-07-03T19:27:03+00:00\",\"author\":{\"@id\":\"https:\/\/sinditextilsp.org.br\/home\/#\/schema\/person\/ceca3861f277dc1806d31199f1604264\"},\"description\":\"Os participantes da Miss\u00e3o de Inova\u00e7\u00e3o visitar\u00e3o a Embraer e a Golden Technology no interior paulista.\",\"breadcrumb\":{\"@id\":\"https:\/\/sinditextilsp.org.br\/home\/2024\/07\/sinditextil-sp-promove-missao-de-inovacao\/#breadcrumb\"},\"inLanguage\":\"pt-BR\",\"potentialAction\":[{\"@type\":\"ReadAction\",\"target\":[\"https:\/\/sinditextilsp.org.br\/home\/2024\/07\/sinditextil-sp-promove-missao-de-inovacao\/\"]}]},{\"@type\":\"ImageObject\",\"inLanguage\":\"pt-BR\",\"@id\":\"https:\/\/sinditextilsp.org.br\/home\/2024\/07\/sinditextil-sp-promove-missao-de-inovacao\/#primaryimage\",\"url\":\"https:\/\/sinditextilsp.org.br\/home\/wp-content\/uploads\/2024\/07\/missa\u0303o.png\",\"contentUrl\":\"https:\/\/sinditextilsp.org.br\/home\/wp-content\/uploads\/2024\/07\/missa\u0303o.png\",\"width\":706,\"height\":432},{\"@type\":\"BreadcrumbList\",\"@id\":\"https:\/\/sinditextilsp.org.br\/home\/2024\/07\/sinditextil-sp-promove-missao-de-inovacao\/#breadcrumb\",\"itemListElement\":[{\"@type\":\"ListItem\",\"position\":1,\"name\":\"In\u00edcio\",\"item\":\"https:\/\/sinditextilsp.org.br\/home\/\"},{\"@type\":\"ListItem\",\"position\":2,\"name\":\"Sindit\u00eaxtil-SP promove Miss\u00e3o de Inova\u00e7\u00e3o\"}]},{\"@type\":\"WebSite\",\"@id\":\"https:\/\/sinditextilsp.org.br\/home\/#website\",\"url\":\"https:\/\/sinditextilsp.org.br\/home\/\",\"name\":\"Sindit\u00eaxtil-SP\",\"description\":\"Sindicato T\u00eaxtil de S\u00e3o Paulo\",\"potentialAction\":[{\"@type\":\"SearchAction\",\"target\":{\"@type\":\"EntryPoint\",\"urlTemplate\":\"https:\/\/sinditextilsp.org.br\/home\/?s={search_term_string}\"},\"query-input\":\"required name=search_term_string\"}],\"inLanguage\":\"pt-BR\"},{\"@type\":\"Person\",\"@id\":\"https:\/\/sinditextilsp.org.br\/home\/#\/schema\/person\/ceca3861f277dc1806d31199f1604264\",\"name\":\"Sindit\u00eaxtil-SP\",\"image\":{\"@type\":\"ImageObject\",\"inLanguage\":\"pt-BR\",\"@id\":\"https:\/\/sinditextilsp.org.br\/home\/#\/schema\/person\/image\/\",\"url\":\"https:\/\/secure.gravatar.com\/avatar\/1004e4f7c56213ad977aba92436bc447272b6a4743534ef04a82f43c866dd0e0?s=96&d=mm&r=g\",\"contentUrl\":\"https:\/\/secure.gravatar.com\/avatar\/1004e4f7c56213ad977aba92436bc447272b6a4743534ef04a82f43c866dd0e0?s=96&d=mm&r=g\",\"caption\":\"Sindit\u00eaxtil-SP\"},\"url\":\"https:\/\/sinditextilsp.org.br\/home\/author\/sinditextilsp\/\"}]}<\/script>\n<!-- \/ Yoast SEO plugin. -->","yoast_head_json":{"title":"Sindit\u00eaxtil-SP promove Miss\u00e3o de Inova\u00e7\u00e3o - Sindit\u00eaxtil-SP","description":"Os participantes da Miss\u00e3o de Inova\u00e7\u00e3o visitar\u00e3o a Embraer e a Golden Technology no interior paulista.","robots":{"index":"index","follow":"follow","max-snippet":"max-snippet:-1","max-image-preview":"max-image-preview:large","max-video-preview":"max-video-preview:-1"},"canonical":"https:\/\/sinditextilsp.org.br\/home\/2024\/07\/sinditextil-sp-promove-missao-de-inovacao\/","og_locale":"pt_BR","og_type":"article","og_title":"Sindit\u00eaxtil-SP promove Miss\u00e3o de Inova\u00e7\u00e3o - Sindit\u00eaxtil-SP","og_description":"Os participantes da Miss\u00e3o de Inova\u00e7\u00e3o visitar\u00e3o a Embraer e a Golden Technology no interior paulista.","og_url":"https:\/\/sinditextilsp.org.br\/home\/2024\/07\/sinditextil-sp-promove-missao-de-inovacao\/","og_site_name":"Sindit\u00eaxtil-SP","article_publisher":"https:\/\/www.facebook.com\/sinditextilsp","article_published_time":"2024-07-04T11:26:00+00:00","article_modified_time":"2024-07-03T19:27:03+00:00","og_image":[{"width":706,"height":432,"url":"https:\/\/sinditextilsp.org.br\/home\/wp-content\/uploads\/2024\/07\/missa\u0303o.png","type":"image\/png"}],"author":"Sindit\u00eaxtil-SP","twitter_card":"summary_large_image","twitter_creator":"@SinditextilSP","twitter_site":"@SinditextilSP","twitter_misc":{"Escrito por":"Sindit\u00eaxtil-SP","Est. tempo de leitura":"2 minutos"},"schema":{"@context":"https:\/\/schema.org","@graph":[{"@type":"WebPage","@id":"https:\/\/sinditextilsp.org.br\/home\/2024\/07\/sinditextil-sp-promove-missao-de-inovacao\/","url":"https:\/\/sinditextilsp.org.br\/home\/2024\/07\/sinditextil-sp-promove-missao-de-inovacao\/","name":"Sindit\u00eaxtil-SP promove Miss\u00e3o de Inova\u00e7\u00e3o - Sindit\u00eaxtil-SP","isPartOf":{"@id":"https:\/\/sinditextilsp.org.br\/home\/#website"},"primaryImageOfPage":{"@id":"https:\/\/sinditextilsp.org.br\/home\/2024\/07\/sinditextil-sp-promove-missao-de-inovacao\/#primaryimage"},"image":{"@id":"https:\/\/sinditextilsp.org.br\/home\/2024\/07\/sinditextil-sp-promove-missao-de-inovacao\/#primaryimage"},"thumbnailUrl":"https:\/\/sinditextilsp.org.br\/home\/wp-content\/uploads\/2024\/07\/missa\u0303o.png","datePublished":"2024-07-04T11:26:00+00:00","dateModified":"2024-07-03T19:27:03+00:00","author":{"@id":"https:\/\/sinditextilsp.org.br\/home\/#\/schema\/person\/ceca3861f277dc1806d31199f1604264"},"description":"Os participantes da Miss\u00e3o de Inova\u00e7\u00e3o visitar\u00e3o a Embraer e a Golden Technology no interior paulista.","breadcrumb":{"@id":"https:\/\/sinditextilsp.org.br\/home\/2024\/07\/sinditextil-sp-promove-missao-de-inovacao\/#breadcrumb"},"inLanguage":"pt-BR","potentialAction":[{"@type":"ReadAction","target":["https:\/\/sinditextilsp.org.br\/home\/2024\/07\/sinditextil-sp-promove-missao-de-inovacao\/"]}]},{"@type":"ImageObject","inLanguage":"pt-BR","@id":"https:\/\/sinditextilsp.org.br\/home\/2024\/07\/sinditextil-sp-promove-missao-de-inovacao\/#primaryimage","url":"https:\/\/sinditextilsp.org.br\/home\/wp-content\/uploads\/2024\/07\/missa\u0303o.png","contentUrl":"https:\/\/sinditextilsp.org.br\/home\/wp-content\/uploads\/2024\/07\/missa\u0303o.png","width":706,"height":432},{"@type":"BreadcrumbList","@id":"https:\/\/sinditextilsp.org.br\/home\/2024\/07\/sinditextil-sp-promove-missao-de-inovacao\/#breadcrumb","itemListElement":[{"@type":"ListItem","position":1,"name":"In\u00edcio","item":"https:\/\/sinditextilsp.org.br\/home\/"},{"@type":"ListItem","position":2,"name":"Sindit\u00eaxtil-SP promove Miss\u00e3o de Inova\u00e7\u00e3o"}]},{"@type":"WebSite","@id":"https:\/\/sinditextilsp.org.br\/home\/#website","url":"https:\/\/sinditextilsp.org.br\/home\/","name":"Sindit\u00eaxtil-SP","description":"Sindicato T\u00eaxtil de S\u00e3o Paulo","potentialAction":[{"@type":"SearchAction","target":{"@type":"EntryPoint","urlTemplate":"https:\/\/sinditextilsp.org.br\/home\/?s={search_term_string}"},"query-input":"required name=search_term_string"}],"inLanguage":"pt-BR"},{"@type":"Person","@id":"https:\/\/sinditextilsp.org.br\/home\/#\/schema\/person\/ceca3861f277dc1806d31199f1604264","name":"Sindit\u00eaxtil-SP","image":{"@type":"ImageObject","inLanguage":"pt-BR","@id":"https:\/\/sinditextilsp.org.br\/home\/#\/schema\/person\/image\/","url":"https:\/\/secure.gravatar.com\/avatar\/1004e4f7c56213ad977aba92436bc447272b6a4743534ef04a82f43c866dd0e0?s=96&d=mm&r=g","contentUrl":"https:\/\/secure.gravatar.com\/avatar\/1004e4f7c56213ad977aba92436bc447272b6a4743534ef04a82f43c866dd0e0?s=96&d=mm&r=g","caption":"Sindit\u00eaxtil-SP"},"url":"https:\/\/sinditextilsp.org.br\/home\/author\/sinditextilsp\/"}]}},"_links":{"self":[{"href":"https:\/\/sinditextilsp.org.br\/home\/wp-json\/wp\/v2\/posts\/5790","targetHints":{"allow":["GET"]}}],"collection":[{"href":"https:\/\/sinditextilsp.org.br\/home\/wp-json\/wp\/v2\/posts"}],"about":[{"href":"https:\/\/sinditextilsp.org.br\/home\/wp-json\/wp\/v2\/types\/post"}],"author":[{"embeddable":true,"href":"https:\/\/sinditextilsp.org.br\/home\/wp-json\/wp\/v2\/users\/2"}],"replies":[{"embeddable":true,"href":"https:\/\/sinditextilsp.org.br\/home\/wp-json\/wp\/v2\/comments?post=5790"}],"version-history":[{"count":1,"href":"https:\/\/sinditextilsp.org.br\/home\/wp-json\/wp\/v2\/posts\/5790\/revisions"}],"predecessor-version":[{"id":5792,"href":"https:\/\/sinditextilsp.org.br\/home\/wp-json\/wp\/v2\/posts\/5790\/revisions\/5792"}],"wp:featuredmedia":[{"embeddable":true,"href":"https:\/\/sinditextilsp.org.br\/home\/wp-json\/wp\/v2\/media\/5791"}],"wp:attachment":[{"href":"https:\/\/sinditextilsp.org.br\/home\/wp-json\/wp\/v2\/media?parent=5790"}],"wp:term":[{"taxonomy":"category","embeddable":true,"href":"https:\/\/sinditextilsp.org.br\/home\/wp-json\/wp\/v2\/categories?post=5790"},{"taxonomy":"post_tag","embeddable":true,"href":"https:\/\/sinditextilsp.org.br\/home\/wp-json\/wp\/v2\/tags?post=5790"}],"curies":[{"name":"wp","href":"https:\/\/api.w.org\/{rel}","templated":true}]}}