{"id":6063,"date":"2024-08-06T16:39:27","date_gmt":"2024-08-06T19:39:27","guid":{"rendered":"https:\/\/sinditextilsp.org.br\/home\/?p=6063"},"modified":"2024-08-06T17:43:20","modified_gmt":"2024-08-06T20:43:20","slug":"sinditextil-sp-e-coalizao-textil-tem-reuniao-com-o-secretario-da-fazenda-de-sp","status":"publish","type":"post","link":"https:\/\/sinditextilsp.org.br\/home\/2024\/08\/sinditextil-sp-e-coalizao-textil-tem-reuniao-com-o-secretario-da-fazenda-de-sp\/","title":{"rendered":"Sindit\u00eaxtil-SP e Coaliz\u00e3o T\u00eaxtil t\u00eam reuni\u00e3o com o Secret\u00e1rio da Fazenda de SP"},"content":{"rendered":"\n<p><\/p>\n\n\n<div class=\"wp-block-image\">\n<figure class=\"aligncenter size-large\"><img loading=\"lazy\" decoding=\"async\" width=\"1024\" height=\"768\" src=\"https:\/\/sinditextilsp.org.br\/home\/wp-content\/uploads\/2024\/08\/secretario-5824-b-1024x768.jpg\" alt=\"\" class=\"wp-image-6065\" srcset=\"https:\/\/sinditextilsp.org.br\/home\/wp-content\/uploads\/2024\/08\/secretario-5824-b-1024x768.jpg 1024w, https:\/\/sinditextilsp.org.br\/home\/wp-content\/uploads\/2024\/08\/secretario-5824-b-768x576.jpg 768w, https:\/\/sinditextilsp.org.br\/home\/wp-content\/uploads\/2024\/08\/secretario-5824-b-463x348.jpg 463w, https:\/\/sinditextilsp.org.br\/home\/wp-content\/uploads\/2024\/08\/secretario-5824-b-640x480.jpg 640w, https:\/\/sinditextilsp.org.br\/home\/wp-content\/uploads\/2024\/08\/secretario-5824-b-400x300.jpg 400w, https:\/\/sinditextilsp.org.br\/home\/wp-content\/uploads\/2024\/08\/secretario-5824-b-367x275.jpg 367w\" sizes=\"auto, (max-width: 1024px) 100vw, 1024px\" \/><figcaption class=\"wp-element-caption\"><em>Audi\u00eancia com o secret\u00e1rio da Fazenda de SP<\/em><\/figcaption><\/figure>\n<\/div>\n\n\n<p>Um grupo liderado pelo presidente do Sindit\u00eaxtil-SP, Julio Scudeler, e outros representantes da Coaliz\u00e3o T\u00eaxtil (composto pelo Sinditec de Americana, Sinesp e Ciesp de Americana) estiveram em reuni\u00e3o com o secret\u00e1rio da Fazenda e Planejamento de S\u00e3o Paulo, Samuel Kinoshita, em 5 de agosto, com o objetivo de tratar a prorroga\u00e7\u00e3o do cr\u00e9dito outorgado de ICMS para o setor t\u00eaxtil, a partir de janeiro de 2025. Participaram tamb\u00e9m da audi\u00eancia o presidente da Assembl\u00e9ia Legislativa de S\u00e3o Paulo, deputado Andr\u00e9 do Prado (PL), e a deputada Carla Morando (PSDB), coordenadora da Frente Parlamentar pelo Desenvolvimento da Ind\u00fastria e do Com\u00e9rcio do Estado de S\u00e3o Paulo, al\u00e9m de Oswaldo de Oliveira, vice-presidente do Sindit\u00eaxtil-SP, o economista da entidade, Haroldo Silva, e Luiz Arthur Pacheco, presidente em\u00e9rito do Sindicato.<\/p>\n\n\n\n<figure class=\"wp-block-image size-large\"><img loading=\"lazy\" decoding=\"async\" width=\"1024\" height=\"768\" src=\"https:\/\/sinditextilsp.org.br\/home\/wp-content\/uploads\/2024\/08\/Reunia\u0303o-da-Coaliza\u0303o-com-o-Secreta\u0301rio-da-Fazenda-do-Governo-do-Estado-de-SP-1024x768.jpeg\" alt=\"\" class=\"wp-image-6061\" srcset=\"https:\/\/sinditextilsp.org.br\/home\/wp-content\/uploads\/2024\/08\/Reunia\u0303o-da-Coaliza\u0303o-com-o-Secreta\u0301rio-da-Fazenda-do-Governo-do-Estado-de-SP-1024x768.jpeg 1024w, https:\/\/sinditextilsp.org.br\/home\/wp-content\/uploads\/2024\/08\/Reunia\u0303o-da-Coaliza\u0303o-com-o-Secreta\u0301rio-da-Fazenda-do-Governo-do-Estado-de-SP-768x576.jpeg 768w, https:\/\/sinditextilsp.org.br\/home\/wp-content\/uploads\/2024\/08\/Reunia\u0303o-da-Coaliza\u0303o-com-o-Secreta\u0301rio-da-Fazenda-do-Governo-do-Estado-de-SP-463x348.jpeg 463w, https:\/\/sinditextilsp.org.br\/home\/wp-content\/uploads\/2024\/08\/Reunia\u0303o-da-Coaliza\u0303o-com-o-Secreta\u0301rio-da-Fazenda-do-Governo-do-Estado-de-SP-640x480.jpeg 640w, https:\/\/sinditextilsp.org.br\/home\/wp-content\/uploads\/2024\/08\/Reunia\u0303o-da-Coaliza\u0303o-com-o-Secreta\u0301rio-da-Fazenda-do-Governo-do-Estado-de-SP-400x300.jpeg 400w, https:\/\/sinditextilsp.org.br\/home\/wp-content\/uploads\/2024\/08\/Reunia\u0303o-da-Coaliza\u0303o-com-o-Secreta\u0301rio-da-Fazenda-do-Governo-do-Estado-de-SP-367x275.jpeg 367w\" sizes=\"auto, (max-width: 1024px) 100vw, 1024px\" \/><figcaption class=\"wp-element-caption\"><em>Sindit\u00eaxtil-SP, parlamentares e membros da Coaliz\u00e3o entregam pleito \u00e0 Fazenda<\/em><\/figcaption><\/figure>\n\n\n\n<p>De acordo com Julio Scudeler, o secret\u00e1rio se mostrou bastante receptivo \u00e0s demandas apresentadas, destacando inclusive a import\u00e2ncia do segmento t\u00eaxtil para a movimenta\u00e7\u00e3o da economia e gera\u00e7\u00e3o de empregos. Samuel Kinoshita mencionou tamb\u00e9m o conhecimento a respeito da quest\u00e3o da concorr\u00eancia que o setor t\u00eaxtil sofre frente aos produtos importados do continente Asi\u00e1tico, al\u00e9m dos efeitos delet\u00e9rios da guerra fiscal. Assim, firmou o compromisso de analisar com muita aten\u00e7\u00e3o, por meio de um vi\u00e9s t\u00e9cnico e econ\u00f4mico, o pleito apresentado.<\/p>\n\n\n\n<p>\u201cSa\u00edmos da reuni\u00e3o bastante entusiasmados e esperan\u00e7osos quando \u00e0 prorroga\u00e7\u00e3o do cr\u00e9dito outorgado do ICMS para o nosso segmento, devido \u00e0 aten\u00e7\u00e3o que nos foi dada,\u201d resumiu o presidente.<\/p>\n\n\n<div class=\"wp-block-image\">\n<figure class=\"aligncenter size-large\"><img loading=\"lazy\" decoding=\"async\" width=\"1024\" height=\"768\" src=\"https:\/\/sinditextilsp.org.br\/home\/wp-content\/uploads\/2024\/08\/WhatsApp-Image-2024-08-06-at-09.53.28-1024x768.jpeg\" alt=\"\" class=\"wp-image-6064\" srcset=\"https:\/\/sinditextilsp.org.br\/home\/wp-content\/uploads\/2024\/08\/WhatsApp-Image-2024-08-06-at-09.53.28-1024x768.jpeg 1024w, https:\/\/sinditextilsp.org.br\/home\/wp-content\/uploads\/2024\/08\/WhatsApp-Image-2024-08-06-at-09.53.28-768x576.jpeg 768w, https:\/\/sinditextilsp.org.br\/home\/wp-content\/uploads\/2024\/08\/WhatsApp-Image-2024-08-06-at-09.53.28-463x348.jpeg 463w, https:\/\/sinditextilsp.org.br\/home\/wp-content\/uploads\/2024\/08\/WhatsApp-Image-2024-08-06-at-09.53.28-640x480.jpeg 640w, https:\/\/sinditextilsp.org.br\/home\/wp-content\/uploads\/2024\/08\/WhatsApp-Image-2024-08-06-at-09.53.28-400x300.jpeg 400w, https:\/\/sinditextilsp.org.br\/home\/wp-content\/uploads\/2024\/08\/WhatsApp-Image-2024-08-06-at-09.53.28-367x275.jpeg 367w\" sizes=\"auto, (max-width: 1024px) 100vw, 1024px\" \/><figcaption class=\"wp-element-caption\"><em>Julio Scudeler e secret\u00e1rio Samuel Kinoshita<\/em><\/figcaption><\/figure>\n<\/div>","protected":false},"excerpt":{"rendered":"<p>Um grupo liderado pelo presidente do Sindit\u00eaxtil-SP, Julio Scudeler, e outros representantes da Coaliz\u00e3o T\u00eaxtil (composto pelo Sinditec de Americana, Sinesp e Ciesp de Americana) estiveram em reuni\u00e3o com o secret\u00e1rio da Fazenda e Planejamento de S\u00e3o Paulo, Samuel Kinoshita, em 5 de agosto, com o objetivo de tratar a prorroga\u00e7\u00e3o do cr\u00e9dito outorgado de [&hellip;]<\/p>\n","protected":false},"author":7,"featured_media":6066,"comment_status":"open","ping_status":"open","sticky":false,"template":"","format":"standard","meta":{"footnotes":""},"categories":[56,16],"tags":[],"class_list":["post-6063","post","type-post","status-publish","format-standard","has-post-thumbnail","hentry","category-destaques","category-noticias"],"yoast_head":"<!-- This site is optimized with the Yoast SEO plugin v22.8 - https:\/\/yoast.com\/wordpress\/plugins\/seo\/ -->\n<title>Sindit\u00eaxtil-SP e Coaliz\u00e3o T\u00eaxtil t\u00eam reuni\u00e3o com o Secret\u00e1rio da Fazenda de SP - Sindit\u00eaxtil-SP<\/title>\n<meta name=\"robots\" content=\"index, follow, max-snippet:-1, max-image-preview:large, max-video-preview:-1\" \/>\n<link rel=\"canonical\" href=\"https:\/\/sinditextilsp.org.br\/home\/2024\/08\/sinditextil-sp-e-coalizao-textil-tem-reuniao-com-o-secretario-da-fazenda-de-sp\/\" \/>\n<meta property=\"og:locale\" content=\"pt_BR\" \/>\n<meta property=\"og:type\" content=\"article\" \/>\n<meta property=\"og:title\" content=\"Sindit\u00eaxtil-SP e Coaliz\u00e3o T\u00eaxtil t\u00eam reuni\u00e3o com o Secret\u00e1rio da Fazenda de SP - Sindit\u00eaxtil-SP\" \/>\n<meta property=\"og:description\" content=\"Um grupo liderado pelo presidente do Sindit\u00eaxtil-SP, Julio Scudeler, e outros representantes da Coaliz\u00e3o T\u00eaxtil (composto pelo Sinditec de Americana, Sinesp e Ciesp de Americana) estiveram em reuni\u00e3o com o secret\u00e1rio da Fazenda e Planejamento de S\u00e3o Paulo, Samuel Kinoshita, em 5 de agosto, com o objetivo de tratar a prorroga\u00e7\u00e3o do cr\u00e9dito outorgado de [&hellip;]\" \/>\n<meta property=\"og:url\" content=\"https:\/\/sinditextilsp.org.br\/home\/2024\/08\/sinditextil-sp-e-coalizao-textil-tem-reuniao-com-o-secretario-da-fazenda-de-sp\/\" \/>\n<meta property=\"og:site_name\" content=\"Sindit\u00eaxtil-SP\" \/>\n<meta property=\"article:publisher\" content=\"https:\/\/www.facebook.com\/sinditextilsp\" \/>\n<meta property=\"article:published_time\" content=\"2024-08-06T19:39:27+00:00\" \/>\n<meta property=\"article:modified_time\" content=\"2024-08-06T20:43:20+00:00\" \/>\n<meta property=\"og:image\" content=\"https:\/\/sinditextilsp.org.br\/home\/wp-content\/uploads\/2024\/08\/secretario-5824.jpg\" \/>\n\t<meta property=\"og:image:width\" content=\"1200\" \/>\n\t<meta property=\"og:image:height\" content=\"1600\" \/>\n\t<meta property=\"og:image:type\" content=\"image\/jpeg\" \/>\n<meta name=\"author\" content=\"Roberto Lima\" \/>\n<meta name=\"twitter:card\" content=\"summary_large_image\" \/>\n<meta name=\"twitter:creator\" content=\"@SinditextilSP\" \/>\n<meta name=\"twitter:site\" content=\"@SinditextilSP\" \/>\n<meta name=\"twitter:label1\" content=\"Escrito por\" \/>\n\t<meta name=\"twitter:data1\" content=\"Roberto Lima\" \/>\n\t<meta name=\"twitter:label2\" content=\"Est. tempo de leitura\" \/>\n\t<meta name=\"twitter:data2\" content=\"3 minutos\" \/>\n<script type=\"application\/ld+json\" class=\"yoast-schema-graph\">{\"@context\":\"https:\/\/schema.org\",\"@graph\":[{\"@type\":\"WebPage\",\"@id\":\"https:\/\/sinditextilsp.org.br\/home\/2024\/08\/sinditextil-sp-e-coalizao-textil-tem-reuniao-com-o-secretario-da-fazenda-de-sp\/\",\"url\":\"https:\/\/sinditextilsp.org.br\/home\/2024\/08\/sinditextil-sp-e-coalizao-textil-tem-reuniao-com-o-secretario-da-fazenda-de-sp\/\",\"name\":\"Sindit\u00eaxtil-SP e Coaliz\u00e3o T\u00eaxtil t\u00eam reuni\u00e3o com o Secret\u00e1rio da Fazenda de SP - Sindit\u00eaxtil-SP\",\"isPartOf\":{\"@id\":\"https:\/\/sinditextilsp.org.br\/home\/#website\"},\"primaryImageOfPage\":{\"@id\":\"https:\/\/sinditextilsp.org.br\/home\/2024\/08\/sinditextil-sp-e-coalizao-textil-tem-reuniao-com-o-secretario-da-fazenda-de-sp\/#primaryimage\"},\"image\":{\"@id\":\"https:\/\/sinditextilsp.org.br\/home\/2024\/08\/sinditextil-sp-e-coalizao-textil-tem-reuniao-com-o-secretario-da-fazenda-de-sp\/#primaryimage\"},\"thumbnailUrl\":\"https:\/\/sinditextilsp.org.br\/home\/wp-content\/uploads\/2024\/08\/secretario-5824.jpg\",\"datePublished\":\"2024-08-06T19:39:27+00:00\",\"dateModified\":\"2024-08-06T20:43:20+00:00\",\"author\":{\"@id\":\"https:\/\/sinditextilsp.org.br\/home\/#\/schema\/person\/f2652ee75ed0db87c6a4c63cfba51dd9\"},\"breadcrumb\":{\"@id\":\"https:\/\/sinditextilsp.org.br\/home\/2024\/08\/sinditextil-sp-e-coalizao-textil-tem-reuniao-com-o-secretario-da-fazenda-de-sp\/#breadcrumb\"},\"inLanguage\":\"pt-BR\",\"potentialAction\":[{\"@type\":\"ReadAction\",\"target\":[\"https:\/\/sinditextilsp.org.br\/home\/2024\/08\/sinditextil-sp-e-coalizao-textil-tem-reuniao-com-o-secretario-da-fazenda-de-sp\/\"]}]},{\"@type\":\"ImageObject\",\"inLanguage\":\"pt-BR\",\"@id\":\"https:\/\/sinditextilsp.org.br\/home\/2024\/08\/sinditextil-sp-e-coalizao-textil-tem-reuniao-com-o-secretario-da-fazenda-de-sp\/#primaryimage\",\"url\":\"https:\/\/sinditextilsp.org.br\/home\/wp-content\/uploads\/2024\/08\/secretario-5824.jpg\",\"contentUrl\":\"https:\/\/sinditextilsp.org.br\/home\/wp-content\/uploads\/2024\/08\/secretario-5824.jpg\",\"width\":1200,\"height\":1600},{\"@type\":\"BreadcrumbList\",\"@id\":\"https:\/\/sinditextilsp.org.br\/home\/2024\/08\/sinditextil-sp-e-coalizao-textil-tem-reuniao-com-o-secretario-da-fazenda-de-sp\/#breadcrumb\",\"itemListElement\":[{\"@type\":\"ListItem\",\"position\":1,\"name\":\"In\u00edcio\",\"item\":\"https:\/\/sinditextilsp.org.br\/home\/\"},{\"@type\":\"ListItem\",\"position\":2,\"name\":\"Sindit\u00eaxtil-SP e Coaliz\u00e3o T\u00eaxtil t\u00eam reuni\u00e3o com o Secret\u00e1rio da Fazenda de SP\"}]},{\"@type\":\"WebSite\",\"@id\":\"https:\/\/sinditextilsp.org.br\/home\/#website\",\"url\":\"https:\/\/sinditextilsp.org.br\/home\/\",\"name\":\"Sindit\u00eaxtil-SP\",\"description\":\"Sindicato T\u00eaxtil de S\u00e3o Paulo\",\"potentialAction\":[{\"@type\":\"SearchAction\",\"target\":{\"@type\":\"EntryPoint\",\"urlTemplate\":\"https:\/\/sinditextilsp.org.br\/home\/?s={search_term_string}\"},\"query-input\":\"required name=search_term_string\"}],\"inLanguage\":\"pt-BR\"},{\"@type\":\"Person\",\"@id\":\"https:\/\/sinditextilsp.org.br\/home\/#\/schema\/person\/f2652ee75ed0db87c6a4c63cfba51dd9\",\"name\":\"Roberto Lima\",\"image\":{\"@type\":\"ImageObject\",\"inLanguage\":\"pt-BR\",\"@id\":\"https:\/\/sinditextilsp.org.br\/home\/#\/schema\/person\/image\/\",\"url\":\"https:\/\/secure.gravatar.com\/avatar\/e5e9ded7ca9297005415a6263122555b6a112c409111396e3416a952302fb1bf?s=96&d=mm&r=g\",\"contentUrl\":\"https:\/\/secure.gravatar.com\/avatar\/e5e9ded7ca9297005415a6263122555b6a112c409111396e3416a952302fb1bf?s=96&d=mm&r=g\",\"caption\":\"Roberto Lima\"},\"url\":\"https:\/\/sinditextilsp.org.br\/home\/author\/roberto-lima\/\"}]}<\/script>\n<!-- \/ Yoast SEO plugin. -->","yoast_head_json":{"title":"Sindit\u00eaxtil-SP e Coaliz\u00e3o T\u00eaxtil t\u00eam reuni\u00e3o com o Secret\u00e1rio da Fazenda de SP - Sindit\u00eaxtil-SP","robots":{"index":"index","follow":"follow","max-snippet":"max-snippet:-1","max-image-preview":"max-image-preview:large","max-video-preview":"max-video-preview:-1"},"canonical":"https:\/\/sinditextilsp.org.br\/home\/2024\/08\/sinditextil-sp-e-coalizao-textil-tem-reuniao-com-o-secretario-da-fazenda-de-sp\/","og_locale":"pt_BR","og_type":"article","og_title":"Sindit\u00eaxtil-SP e Coaliz\u00e3o T\u00eaxtil t\u00eam reuni\u00e3o com o Secret\u00e1rio da Fazenda de SP - Sindit\u00eaxtil-SP","og_description":"Um grupo liderado pelo presidente do Sindit\u00eaxtil-SP, Julio Scudeler, e outros representantes da Coaliz\u00e3o T\u00eaxtil (composto pelo Sinditec de Americana, Sinesp e Ciesp de Americana) estiveram em reuni\u00e3o com o secret\u00e1rio da Fazenda e Planejamento de S\u00e3o Paulo, Samuel Kinoshita, em 5 de agosto, com o objetivo de tratar a prorroga\u00e7\u00e3o do cr\u00e9dito outorgado de [&hellip;]","og_url":"https:\/\/sinditextilsp.org.br\/home\/2024\/08\/sinditextil-sp-e-coalizao-textil-tem-reuniao-com-o-secretario-da-fazenda-de-sp\/","og_site_name":"Sindit\u00eaxtil-SP","article_publisher":"https:\/\/www.facebook.com\/sinditextilsp","article_published_time":"2024-08-06T19:39:27+00:00","article_modified_time":"2024-08-06T20:43:20+00:00","og_image":[{"width":1200,"height":1600,"url":"https:\/\/sinditextilsp.org.br\/home\/wp-content\/uploads\/2024\/08\/secretario-5824.jpg","type":"image\/jpeg"}],"author":"Roberto Lima","twitter_card":"summary_large_image","twitter_creator":"@SinditextilSP","twitter_site":"@SinditextilSP","twitter_misc":{"Escrito por":"Roberto Lima","Est. tempo de leitura":"3 minutos"},"schema":{"@context":"https:\/\/schema.org","@graph":[{"@type":"WebPage","@id":"https:\/\/sinditextilsp.org.br\/home\/2024\/08\/sinditextil-sp-e-coalizao-textil-tem-reuniao-com-o-secretario-da-fazenda-de-sp\/","url":"https:\/\/sinditextilsp.org.br\/home\/2024\/08\/sinditextil-sp-e-coalizao-textil-tem-reuniao-com-o-secretario-da-fazenda-de-sp\/","name":"Sindit\u00eaxtil-SP e Coaliz\u00e3o T\u00eaxtil t\u00eam reuni\u00e3o com o Secret\u00e1rio da Fazenda de SP - Sindit\u00eaxtil-SP","isPartOf":{"@id":"https:\/\/sinditextilsp.org.br\/home\/#website"},"primaryImageOfPage":{"@id":"https:\/\/sinditextilsp.org.br\/home\/2024\/08\/sinditextil-sp-e-coalizao-textil-tem-reuniao-com-o-secretario-da-fazenda-de-sp\/#primaryimage"},"image":{"@id":"https:\/\/sinditextilsp.org.br\/home\/2024\/08\/sinditextil-sp-e-coalizao-textil-tem-reuniao-com-o-secretario-da-fazenda-de-sp\/#primaryimage"},"thumbnailUrl":"https:\/\/sinditextilsp.org.br\/home\/wp-content\/uploads\/2024\/08\/secretario-5824.jpg","datePublished":"2024-08-06T19:39:27+00:00","dateModified":"2024-08-06T20:43:20+00:00","author":{"@id":"https:\/\/sinditextilsp.org.br\/home\/#\/schema\/person\/f2652ee75ed0db87c6a4c63cfba51dd9"},"breadcrumb":{"@id":"https:\/\/sinditextilsp.org.br\/home\/2024\/08\/sinditextil-sp-e-coalizao-textil-tem-reuniao-com-o-secretario-da-fazenda-de-sp\/#breadcrumb"},"inLanguage":"pt-BR","potentialAction":[{"@type":"ReadAction","target":["https:\/\/sinditextilsp.org.br\/home\/2024\/08\/sinditextil-sp-e-coalizao-textil-tem-reuniao-com-o-secretario-da-fazenda-de-sp\/"]}]},{"@type":"ImageObject","inLanguage":"pt-BR","@id":"https:\/\/sinditextilsp.org.br\/home\/2024\/08\/sinditextil-sp-e-coalizao-textil-tem-reuniao-com-o-secretario-da-fazenda-de-sp\/#primaryimage","url":"https:\/\/sinditextilsp.org.br\/home\/wp-content\/uploads\/2024\/08\/secretario-5824.jpg","contentUrl":"https:\/\/sinditextilsp.org.br\/home\/wp-content\/uploads\/2024\/08\/secretario-5824.jpg","width":1200,"height":1600},{"@type":"BreadcrumbList","@id":"https:\/\/sinditextilsp.org.br\/home\/2024\/08\/sinditextil-sp-e-coalizao-textil-tem-reuniao-com-o-secretario-da-fazenda-de-sp\/#breadcrumb","itemListElement":[{"@type":"ListItem","position":1,"name":"In\u00edcio","item":"https:\/\/sinditextilsp.org.br\/home\/"},{"@type":"ListItem","position":2,"name":"Sindit\u00eaxtil-SP e Coaliz\u00e3o T\u00eaxtil t\u00eam reuni\u00e3o com o Secret\u00e1rio da Fazenda de SP"}]},{"@type":"WebSite","@id":"https:\/\/sinditextilsp.org.br\/home\/#website","url":"https:\/\/sinditextilsp.org.br\/home\/","name":"Sindit\u00eaxtil-SP","description":"Sindicato T\u00eaxtil de S\u00e3o Paulo","potentialAction":[{"@type":"SearchAction","target":{"@type":"EntryPoint","urlTemplate":"https:\/\/sinditextilsp.org.br\/home\/?s={search_term_string}"},"query-input":"required name=search_term_string"}],"inLanguage":"pt-BR"},{"@type":"Person","@id":"https:\/\/sinditextilsp.org.br\/home\/#\/schema\/person\/f2652ee75ed0db87c6a4c63cfba51dd9","name":"Roberto Lima","image":{"@type":"ImageObject","inLanguage":"pt-BR","@id":"https:\/\/sinditextilsp.org.br\/home\/#\/schema\/person\/image\/","url":"https:\/\/secure.gravatar.com\/avatar\/e5e9ded7ca9297005415a6263122555b6a112c409111396e3416a952302fb1bf?s=96&d=mm&r=g","contentUrl":"https:\/\/secure.gravatar.com\/avatar\/e5e9ded7ca9297005415a6263122555b6a112c409111396e3416a952302fb1bf?s=96&d=mm&r=g","caption":"Roberto Lima"},"url":"https:\/\/sinditextilsp.org.br\/home\/author\/roberto-lima\/"}]}},"_links":{"self":[{"href":"https:\/\/sinditextilsp.org.br\/home\/wp-json\/wp\/v2\/posts\/6063","targetHints":{"allow":["GET"]}}],"collection":[{"href":"https:\/\/sinditextilsp.org.br\/home\/wp-json\/wp\/v2\/posts"}],"about":[{"href":"https:\/\/sinditextilsp.org.br\/home\/wp-json\/wp\/v2\/types\/post"}],"author":[{"embeddable":true,"href":"https:\/\/sinditextilsp.org.br\/home\/wp-json\/wp\/v2\/users\/7"}],"replies":[{"embeddable":true,"href":"https:\/\/sinditextilsp.org.br\/home\/wp-json\/wp\/v2\/comments?post=6063"}],"version-history":[{"count":3,"href":"https:\/\/sinditextilsp.org.br\/home\/wp-json\/wp\/v2\/posts\/6063\/revisions"}],"predecessor-version":[{"id":6079,"href":"https:\/\/sinditextilsp.org.br\/home\/wp-json\/wp\/v2\/posts\/6063\/revisions\/6079"}],"wp:featuredmedia":[{"embeddable":true,"href":"https:\/\/sinditextilsp.org.br\/home\/wp-json\/wp\/v2\/media\/6066"}],"wp:attachment":[{"href":"https:\/\/sinditextilsp.org.br\/home\/wp-json\/wp\/v2\/media?parent=6063"}],"wp:term":[{"taxonomy":"category","embeddable":true,"href":"https:\/\/sinditextilsp.org.br\/home\/wp-json\/wp\/v2\/categories?post=6063"},{"taxonomy":"post_tag","embeddable":true,"href":"https:\/\/sinditextilsp.org.br\/home\/wp-json\/wp\/v2\/tags?post=6063"}],"curies":[{"name":"wp","href":"https:\/\/api.w.org\/{rel}","templated":true}]}}