{"id":6100,"date":"2024-08-08T10:41:14","date_gmt":"2024-08-08T13:41:14","guid":{"rendered":"https:\/\/sinditextilsp.org.br\/home\/?p=6100"},"modified":"2024-08-08T10:41:18","modified_gmt":"2024-08-08T13:41:18","slug":"desafios-e-praticas-da-aplicacao-da-economia-circular","status":"publish","type":"post","link":"https:\/\/sinditextilsp.org.br\/home\/2024\/08\/desafios-e-praticas-da-aplicacao-da-economia-circular\/","title":{"rendered":"Desafios e pr\u00e1ticas da aplica\u00e7\u00e3o da economia circular"},"content":{"rendered":"\n<p><\/p>\n\n\n\n<p>A economia circular \u00e9 um sistema econ\u00f4mico que busca manter um fluxo circular de recursos, recuperando, retendo ou agregando valor, enquanto contribui para o desenvolvimento sustent\u00e1vel.<\/p>\n\n\n\n<p>Esse novo padr\u00e3o almeja conciliar crescimento econ\u00f4mico com uso eficiente dos recursos naturais e aumento da competitividade industrial.<\/p>\n\n\n\n<p>Para debater economia circular na cadeia produtiva da moda, o Comit\u00ea da Cadeia Produtiva da Moda (Commoda) da Fiesp, coordenado por Wayner Machado, convidou para falar sobre o tema, na reuni\u00e3o da \u00faltima ter\u00e7a-feira (6\/8), o diretor titular adjunto do Departamento de Desenvolvimento Sustent\u00e1vel (DDS) da Fiesp, Kalil Cury Filho.<\/p>\n\n\n\n<p>Na apresenta\u00e7\u00e3o, Kalil Cury citou alguns desafios para implementar a economia circular na cadeia produtiva da moda, entre eles, viabilidade t\u00e9cnica e econ\u00f4mica; quest\u00f5es tribut\u00e1rias; mecanismos de incentivos, infraestrutura do setor, entraves regulat\u00f3rios e Pesquisa, Desenvolvimento e Inova\u00e7\u00e3o (PD&amp;I).<\/p>\n\n\n\n<p>\u201cPara mexer na economia circular toda a cadeia de fornecimento tem que estar integrada, \u00e9 um processo longo e de transforma\u00e7\u00e3o, mas n\u00e3o tem volta\u201d, pontuou Kalil Cury.<\/p>\n\n\n\n<p>Ele tamb\u00e9m mostrou algumas pr\u00e1ticas de como aplicar a economia circular na ind\u00fastria: efici\u00eancia no uso de recursos e utilidades, compartilhamento, remanufatura e reparo, prolongamento da vida \u00fatil, valoriza\u00e7\u00e3o de res\u00edduos e recupera\u00e7\u00e3o energ\u00e9tica.<\/p>\n\n\n\n<p>Usando dados de um relat\u00f3rio feito pela consultoria empresarial McKinsey&amp;Company e pela Global Fashion Agenda, Kalil Cury apontou as grandes oportunidades para redu\u00e7\u00e3o das emiss\u00f5es de Gases de Efeito Estufa (GEE), um dos respons\u00e1veis pelo aquecimento global, na ind\u00fastria da moda.<\/p>\n\n\n\n<p>Segundo o estudo, \u00e9 preciso intensificar as a\u00e7\u00f5es de redu\u00e7\u00e3o de emiss\u00e3o e aumentar os esfor\u00e7os de descarboniza\u00e7\u00e3o para reduzir as emiss\u00f5es anuais para 1,1 bilh\u00e3o de toneladas de GEE em 2030.<\/p>\n\n\n\n<p>O estudo diz que 61% da queda nas emiss\u00f5es adicionais sob este cen\u00e1rio de redu\u00e7\u00e3o acelerada poderia ser alcan\u00e7ada por meio de iniciativas como melhorias de efici\u00eancia energ\u00e9tica e transi\u00e7\u00e3o para energia renov\u00e1vel, com o apoio de marcas e varejistas. Outros 18% das emiss\u00f5es poderiam ser reduzidas por meio de melhorias operacionais por marcas de moda e outros 21% por meio de mudan\u00e7as no comportamento do consumidor. Juntos, esses esfor\u00e7os podem remodelar o cen\u00e1rio da moda.<\/p>\n\n\n\n<p>Segundo dados da Ellen McArthur Foundation, modelos de neg\u00f3cios circulares para a moda, que permitem que empresas obtenham receita sem fabricar pe\u00e7as novas, representam uma oportunidade de US$ 560 bilh\u00f5es. Esses modelos que incluem restauro, reparo, revenda, customiza\u00e7\u00e3o e mercados de aluguel j\u00e1 representam US$ 73 bilh\u00f5es do mercado global da moda, segundo dados da institui\u00e7\u00e3o.<\/p>\n\n\n\n<p><strong>F\u00f3rum Mundial de Economia Circular 2025<\/strong><\/p>\n\n\n\n<p>Em 2025, S\u00e3o Paulo sediar\u00e1 o mais importante evento de economia circular do mundo, o&nbsp; World Circular Economy Forum(WCEF),F\u00f3rum Mundial de Economia Circular. Ele ser\u00e1 realizado nos dias 13 e 14 de maio de 2025, no Parque do Ibirapuera, na capital paulista.<\/p>\n\n\n\n<p>Ser\u00e1 a primeira vez que o evento ocorrer\u00e1 na Am\u00e9rica Latina, onde tamb\u00e9m ser\u00e3o feitas as negocia\u00e7\u00f5es sobre clima e diversidade, oferecendo uma oportunidade para fortalecer a colabora\u00e7\u00e3o global e envolver as empresas na constru\u00e7\u00e3o de um futuro de economia circular.<\/p>\n\n\n\n<p>O evento foi anunciado no F\u00f3rum Mundial de Economia Circular 2024 em Bruxelas, B\u00e9lgica.<\/p>\n\n\n\n<p>A organiza\u00e7\u00e3o do F\u00f3rum Mundial 2025 \u00e9 encabe\u00e7ada pela Fiesp, pela Ag\u00eancia Brasileira de Promo\u00e7\u00e3o de Exporta\u00e7\u00f5es e Investimentos (Apex-Brasil), pela Confedera\u00e7\u00e3o Nacional da Ind\u00fastria (CNI) e pelo Fundo de Inova\u00e7\u00e3o Finland\u00eas \u2013 Sitra, criador da primeira estrat\u00e9gia de economia circular, em 2016. O Fundo tamb\u00e9m criou o evento F\u00f3rum Mundial de Economia Circular, que tem sido realizado desde 2017 em v\u00e1rios pa\u00edses, como Finl\u00e2ndia, Holanda, Canad\u00e1, Jap\u00e3o, \u00c1frica e Bruxelas.<\/p>\n\n\n\n<p>Com informa\u00e7\u00f5es da Ag\u00eancia Indusnet Fiesp<\/p>\n\n\n\n<p><\/p>\n","protected":false},"excerpt":{"rendered":"<p>A economia circular \u00e9 um sistema econ\u00f4mico que busca manter um fluxo circular de recursos, recuperando, retendo ou agregando valor, enquanto contribui para o desenvolvimento sustent\u00e1vel. Esse novo padr\u00e3o almeja conciliar crescimento econ\u00f4mico com uso eficiente dos recursos naturais e aumento da competitividade industrial. Para debater economia circular na cadeia produtiva da moda, o Comit\u00ea [&hellip;]<\/p>\n","protected":false},"author":2,"featured_media":6101,"comment_status":"open","ping_status":"open","sticky":false,"template":"","format":"standard","meta":{"footnotes":""},"categories":[56,16],"tags":[637,640,506,638,116,639],"class_list":["post-6100","post","type-post","status-publish","format-standard","has-post-thumbnail","hentry","category-destaques","category-noticias","tag-economia-circular","tag-gee","tag-industria-textil","tag-reuso-de-materiais","tag-sustentabilidade","tag-upcycling"],"yoast_head":"<!-- This site is optimized with the Yoast SEO plugin v22.8 - https:\/\/yoast.com\/wordpress\/plugins\/seo\/ -->\n<title>Desafios e pr\u00e1ticas da aplica\u00e7\u00e3o da economia circular - Sindit\u00eaxtil-SP<\/title>\n<meta name=\"robots\" content=\"index, follow, max-snippet:-1, max-image-preview:large, max-video-preview:-1\" \/>\n<link rel=\"canonical\" href=\"https:\/\/sinditextilsp.org.br\/home\/2024\/08\/desafios-e-praticas-da-aplicacao-da-economia-circular\/\" \/>\n<meta property=\"og:locale\" content=\"pt_BR\" \/>\n<meta property=\"og:type\" content=\"article\" \/>\n<meta property=\"og:title\" content=\"Desafios e pr\u00e1ticas da aplica\u00e7\u00e3o da economia circular - Sindit\u00eaxtil-SP\" \/>\n<meta property=\"og:description\" content=\"A economia circular \u00e9 um sistema econ\u00f4mico que busca manter um fluxo circular de recursos, recuperando, retendo ou agregando valor, enquanto contribui para o desenvolvimento sustent\u00e1vel. Esse novo padr\u00e3o almeja conciliar crescimento econ\u00f4mico com uso eficiente dos recursos naturais e aumento da competitividade industrial. Para debater economia circular na cadeia produtiva da moda, o Comit\u00ea [&hellip;]\" \/>\n<meta property=\"og:url\" content=\"https:\/\/sinditextilsp.org.br\/home\/2024\/08\/desafios-e-praticas-da-aplicacao-da-economia-circular\/\" \/>\n<meta property=\"og:site_name\" content=\"Sindit\u00eaxtil-SP\" \/>\n<meta property=\"article:publisher\" content=\"https:\/\/www.facebook.com\/sinditextilsp\" \/>\n<meta property=\"article:published_time\" content=\"2024-08-08T13:41:14+00:00\" \/>\n<meta property=\"article:modified_time\" content=\"2024-08-08T13:41:18+00:00\" \/>\n<meta property=\"og:image\" content=\"https:\/\/sinditextilsp.org.br\/home\/wp-content\/uploads\/2024\/08\/calvin-sihongo-x0UE544VD74-unsplash.jpeg\" \/>\n\t<meta property=\"og:image:width\" content=\"640\" \/>\n\t<meta property=\"og:image:height\" content=\"427\" \/>\n\t<meta property=\"og:image:type\" content=\"image\/jpeg\" \/>\n<meta name=\"author\" content=\"Sindit\u00eaxtil-SP\" \/>\n<meta name=\"twitter:card\" content=\"summary_large_image\" \/>\n<meta name=\"twitter:creator\" content=\"@SinditextilSP\" \/>\n<meta name=\"twitter:site\" content=\"@SinditextilSP\" \/>\n<meta name=\"twitter:label1\" content=\"Escrito por\" \/>\n\t<meta name=\"twitter:data1\" content=\"Sindit\u00eaxtil-SP\" \/>\n\t<meta name=\"twitter:label2\" content=\"Est. tempo de leitura\" \/>\n\t<meta name=\"twitter:data2\" content=\"4 minutos\" \/>\n<script type=\"application\/ld+json\" class=\"yoast-schema-graph\">{\"@context\":\"https:\/\/schema.org\",\"@graph\":[{\"@type\":\"WebPage\",\"@id\":\"https:\/\/sinditextilsp.org.br\/home\/2024\/08\/desafios-e-praticas-da-aplicacao-da-economia-circular\/\",\"url\":\"https:\/\/sinditextilsp.org.br\/home\/2024\/08\/desafios-e-praticas-da-aplicacao-da-economia-circular\/\",\"name\":\"Desafios e pr\u00e1ticas da aplica\u00e7\u00e3o da economia circular - Sindit\u00eaxtil-SP\",\"isPartOf\":{\"@id\":\"https:\/\/sinditextilsp.org.br\/home\/#website\"},\"primaryImageOfPage\":{\"@id\":\"https:\/\/sinditextilsp.org.br\/home\/2024\/08\/desafios-e-praticas-da-aplicacao-da-economia-circular\/#primaryimage\"},\"image\":{\"@id\":\"https:\/\/sinditextilsp.org.br\/home\/2024\/08\/desafios-e-praticas-da-aplicacao-da-economia-circular\/#primaryimage\"},\"thumbnailUrl\":\"https:\/\/sinditextilsp.org.br\/home\/wp-content\/uploads\/2024\/08\/calvin-sihongo-x0UE544VD74-unsplash.jpeg\",\"datePublished\":\"2024-08-08T13:41:14+00:00\",\"dateModified\":\"2024-08-08T13:41:18+00:00\",\"author\":{\"@id\":\"https:\/\/sinditextilsp.org.br\/home\/#\/schema\/person\/ceca3861f277dc1806d31199f1604264\"},\"breadcrumb\":{\"@id\":\"https:\/\/sinditextilsp.org.br\/home\/2024\/08\/desafios-e-praticas-da-aplicacao-da-economia-circular\/#breadcrumb\"},\"inLanguage\":\"pt-BR\",\"potentialAction\":[{\"@type\":\"ReadAction\",\"target\":[\"https:\/\/sinditextilsp.org.br\/home\/2024\/08\/desafios-e-praticas-da-aplicacao-da-economia-circular\/\"]}]},{\"@type\":\"ImageObject\",\"inLanguage\":\"pt-BR\",\"@id\":\"https:\/\/sinditextilsp.org.br\/home\/2024\/08\/desafios-e-praticas-da-aplicacao-da-economia-circular\/#primaryimage\",\"url\":\"https:\/\/sinditextilsp.org.br\/home\/wp-content\/uploads\/2024\/08\/calvin-sihongo-x0UE544VD74-unsplash.jpeg\",\"contentUrl\":\"https:\/\/sinditextilsp.org.br\/home\/wp-content\/uploads\/2024\/08\/calvin-sihongo-x0UE544VD74-unsplash.jpeg\",\"width\":640,\"height\":427,\"caption\":\"Recycling Foto: Calvin Sihongo\/Unsplash\"},{\"@type\":\"BreadcrumbList\",\"@id\":\"https:\/\/sinditextilsp.org.br\/home\/2024\/08\/desafios-e-praticas-da-aplicacao-da-economia-circular\/#breadcrumb\",\"itemListElement\":[{\"@type\":\"ListItem\",\"position\":1,\"name\":\"In\u00edcio\",\"item\":\"https:\/\/sinditextilsp.org.br\/home\/\"},{\"@type\":\"ListItem\",\"position\":2,\"name\":\"Desafios e pr\u00e1ticas da aplica\u00e7\u00e3o da economia circular\"}]},{\"@type\":\"WebSite\",\"@id\":\"https:\/\/sinditextilsp.org.br\/home\/#website\",\"url\":\"https:\/\/sinditextilsp.org.br\/home\/\",\"name\":\"Sindit\u00eaxtil-SP\",\"description\":\"Sindicato T\u00eaxtil de S\u00e3o Paulo\",\"potentialAction\":[{\"@type\":\"SearchAction\",\"target\":{\"@type\":\"EntryPoint\",\"urlTemplate\":\"https:\/\/sinditextilsp.org.br\/home\/?s={search_term_string}\"},\"query-input\":\"required name=search_term_string\"}],\"inLanguage\":\"pt-BR\"},{\"@type\":\"Person\",\"@id\":\"https:\/\/sinditextilsp.org.br\/home\/#\/schema\/person\/ceca3861f277dc1806d31199f1604264\",\"name\":\"Sindit\u00eaxtil-SP\",\"image\":{\"@type\":\"ImageObject\",\"inLanguage\":\"pt-BR\",\"@id\":\"https:\/\/sinditextilsp.org.br\/home\/#\/schema\/person\/image\/\",\"url\":\"https:\/\/secure.gravatar.com\/avatar\/1004e4f7c56213ad977aba92436bc447272b6a4743534ef04a82f43c866dd0e0?s=96&d=mm&r=g\",\"contentUrl\":\"https:\/\/secure.gravatar.com\/avatar\/1004e4f7c56213ad977aba92436bc447272b6a4743534ef04a82f43c866dd0e0?s=96&d=mm&r=g\",\"caption\":\"Sindit\u00eaxtil-SP\"},\"url\":\"https:\/\/sinditextilsp.org.br\/home\/author\/sinditextilsp\/\"}]}<\/script>\n<!-- \/ Yoast SEO plugin. -->","yoast_head_json":{"title":"Desafios e pr\u00e1ticas da aplica\u00e7\u00e3o da economia circular - Sindit\u00eaxtil-SP","robots":{"index":"index","follow":"follow","max-snippet":"max-snippet:-1","max-image-preview":"max-image-preview:large","max-video-preview":"max-video-preview:-1"},"canonical":"https:\/\/sinditextilsp.org.br\/home\/2024\/08\/desafios-e-praticas-da-aplicacao-da-economia-circular\/","og_locale":"pt_BR","og_type":"article","og_title":"Desafios e pr\u00e1ticas da aplica\u00e7\u00e3o da economia circular - Sindit\u00eaxtil-SP","og_description":"A economia circular \u00e9 um sistema econ\u00f4mico que busca manter um fluxo circular de recursos, recuperando, retendo ou agregando valor, enquanto contribui para o desenvolvimento sustent\u00e1vel. Esse novo padr\u00e3o almeja conciliar crescimento econ\u00f4mico com uso eficiente dos recursos naturais e aumento da competitividade industrial. Para debater economia circular na cadeia produtiva da moda, o Comit\u00ea [&hellip;]","og_url":"https:\/\/sinditextilsp.org.br\/home\/2024\/08\/desafios-e-praticas-da-aplicacao-da-economia-circular\/","og_site_name":"Sindit\u00eaxtil-SP","article_publisher":"https:\/\/www.facebook.com\/sinditextilsp","article_published_time":"2024-08-08T13:41:14+00:00","article_modified_time":"2024-08-08T13:41:18+00:00","og_image":[{"width":640,"height":427,"url":"https:\/\/sinditextilsp.org.br\/home\/wp-content\/uploads\/2024\/08\/calvin-sihongo-x0UE544VD74-unsplash.jpeg","type":"image\/jpeg"}],"author":"Sindit\u00eaxtil-SP","twitter_card":"summary_large_image","twitter_creator":"@SinditextilSP","twitter_site":"@SinditextilSP","twitter_misc":{"Escrito por":"Sindit\u00eaxtil-SP","Est. tempo de leitura":"4 minutos"},"schema":{"@context":"https:\/\/schema.org","@graph":[{"@type":"WebPage","@id":"https:\/\/sinditextilsp.org.br\/home\/2024\/08\/desafios-e-praticas-da-aplicacao-da-economia-circular\/","url":"https:\/\/sinditextilsp.org.br\/home\/2024\/08\/desafios-e-praticas-da-aplicacao-da-economia-circular\/","name":"Desafios e pr\u00e1ticas da aplica\u00e7\u00e3o da economia circular - Sindit\u00eaxtil-SP","isPartOf":{"@id":"https:\/\/sinditextilsp.org.br\/home\/#website"},"primaryImageOfPage":{"@id":"https:\/\/sinditextilsp.org.br\/home\/2024\/08\/desafios-e-praticas-da-aplicacao-da-economia-circular\/#primaryimage"},"image":{"@id":"https:\/\/sinditextilsp.org.br\/home\/2024\/08\/desafios-e-praticas-da-aplicacao-da-economia-circular\/#primaryimage"},"thumbnailUrl":"https:\/\/sinditextilsp.org.br\/home\/wp-content\/uploads\/2024\/08\/calvin-sihongo-x0UE544VD74-unsplash.jpeg","datePublished":"2024-08-08T13:41:14+00:00","dateModified":"2024-08-08T13:41:18+00:00","author":{"@id":"https:\/\/sinditextilsp.org.br\/home\/#\/schema\/person\/ceca3861f277dc1806d31199f1604264"},"breadcrumb":{"@id":"https:\/\/sinditextilsp.org.br\/home\/2024\/08\/desafios-e-praticas-da-aplicacao-da-economia-circular\/#breadcrumb"},"inLanguage":"pt-BR","potentialAction":[{"@type":"ReadAction","target":["https:\/\/sinditextilsp.org.br\/home\/2024\/08\/desafios-e-praticas-da-aplicacao-da-economia-circular\/"]}]},{"@type":"ImageObject","inLanguage":"pt-BR","@id":"https:\/\/sinditextilsp.org.br\/home\/2024\/08\/desafios-e-praticas-da-aplicacao-da-economia-circular\/#primaryimage","url":"https:\/\/sinditextilsp.org.br\/home\/wp-content\/uploads\/2024\/08\/calvin-sihongo-x0UE544VD74-unsplash.jpeg","contentUrl":"https:\/\/sinditextilsp.org.br\/home\/wp-content\/uploads\/2024\/08\/calvin-sihongo-x0UE544VD74-unsplash.jpeg","width":640,"height":427,"caption":"Recycling Foto: Calvin Sihongo\/Unsplash"},{"@type":"BreadcrumbList","@id":"https:\/\/sinditextilsp.org.br\/home\/2024\/08\/desafios-e-praticas-da-aplicacao-da-economia-circular\/#breadcrumb","itemListElement":[{"@type":"ListItem","position":1,"name":"In\u00edcio","item":"https:\/\/sinditextilsp.org.br\/home\/"},{"@type":"ListItem","position":2,"name":"Desafios e pr\u00e1ticas da aplica\u00e7\u00e3o da economia circular"}]},{"@type":"WebSite","@id":"https:\/\/sinditextilsp.org.br\/home\/#website","url":"https:\/\/sinditextilsp.org.br\/home\/","name":"Sindit\u00eaxtil-SP","description":"Sindicato T\u00eaxtil de S\u00e3o Paulo","potentialAction":[{"@type":"SearchAction","target":{"@type":"EntryPoint","urlTemplate":"https:\/\/sinditextilsp.org.br\/home\/?s={search_term_string}"},"query-input":"required name=search_term_string"}],"inLanguage":"pt-BR"},{"@type":"Person","@id":"https:\/\/sinditextilsp.org.br\/home\/#\/schema\/person\/ceca3861f277dc1806d31199f1604264","name":"Sindit\u00eaxtil-SP","image":{"@type":"ImageObject","inLanguage":"pt-BR","@id":"https:\/\/sinditextilsp.org.br\/home\/#\/schema\/person\/image\/","url":"https:\/\/secure.gravatar.com\/avatar\/1004e4f7c56213ad977aba92436bc447272b6a4743534ef04a82f43c866dd0e0?s=96&d=mm&r=g","contentUrl":"https:\/\/secure.gravatar.com\/avatar\/1004e4f7c56213ad977aba92436bc447272b6a4743534ef04a82f43c866dd0e0?s=96&d=mm&r=g","caption":"Sindit\u00eaxtil-SP"},"url":"https:\/\/sinditextilsp.org.br\/home\/author\/sinditextilsp\/"}]}},"_links":{"self":[{"href":"https:\/\/sinditextilsp.org.br\/home\/wp-json\/wp\/v2\/posts\/6100","targetHints":{"allow":["GET"]}}],"collection":[{"href":"https:\/\/sinditextilsp.org.br\/home\/wp-json\/wp\/v2\/posts"}],"about":[{"href":"https:\/\/sinditextilsp.org.br\/home\/wp-json\/wp\/v2\/types\/post"}],"author":[{"embeddable":true,"href":"https:\/\/sinditextilsp.org.br\/home\/wp-json\/wp\/v2\/users\/2"}],"replies":[{"embeddable":true,"href":"https:\/\/sinditextilsp.org.br\/home\/wp-json\/wp\/v2\/comments?post=6100"}],"version-history":[{"count":1,"href":"https:\/\/sinditextilsp.org.br\/home\/wp-json\/wp\/v2\/posts\/6100\/revisions"}],"predecessor-version":[{"id":6102,"href":"https:\/\/sinditextilsp.org.br\/home\/wp-json\/wp\/v2\/posts\/6100\/revisions\/6102"}],"wp:featuredmedia":[{"embeddable":true,"href":"https:\/\/sinditextilsp.org.br\/home\/wp-json\/wp\/v2\/media\/6101"}],"wp:attachment":[{"href":"https:\/\/sinditextilsp.org.br\/home\/wp-json\/wp\/v2\/media?parent=6100"}],"wp:term":[{"taxonomy":"category","embeddable":true,"href":"https:\/\/sinditextilsp.org.br\/home\/wp-json\/wp\/v2\/categories?post=6100"},{"taxonomy":"post_tag","embeddable":true,"href":"https:\/\/sinditextilsp.org.br\/home\/wp-json\/wp\/v2\/tags?post=6100"}],"curies":[{"name":"wp","href":"https:\/\/api.w.org\/{rel}","templated":true}]}}