{"id":6282,"date":"2024-09-03T11:26:35","date_gmt":"2024-09-03T14:26:35","guid":{"rendered":"https:\/\/sinditextilsp.org.br\/home\/?p=6282"},"modified":"2024-09-03T11:26:39","modified_gmt":"2024-09-03T14:26:39","slug":"quarta-edicao-do-boletim-verde-ja-esta-disponivel","status":"publish","type":"post","link":"https:\/\/sinditextilsp.org.br\/home\/2024\/09\/quarta-edicao-do-boletim-verde-ja-esta-disponivel\/","title":{"rendered":"Quarta edi\u00e7\u00e3o do Boletim Verde j\u00e1 est\u00e1 dispon\u00edvel"},"content":{"rendered":"\n<p><\/p>\n\n\n\n<p>A sustentabilidade e a ecologia, fundamentais para todos n\u00f3s, \u00e9 o assunto do <a href=\"https:\/\/app.rdstation.email\/mail\/ccb86433-402b-46b8-be0f-c1017cc5a888\"><strong>Boletim Verde<\/strong><\/a>, que chega \u00e0 sua quarta edi\u00e7\u00e3o, trazendo conte\u00fados importantes para todos os que gostam e necessitam se manter informados.<\/p>\n\n\n\n<p>Em <strong>Not\u00edcias<\/strong> os leitores poder\u00e3o conferir como a Vicunha, por meio de pr\u00e1ticas de produ\u00e7\u00e3o sustent\u00e1veis, conseguiu economizar 227 milh\u00f5es de litros de \u00e1gua.<\/p>\n\n\n\n<p>Na mesma se\u00e7\u00e3o est\u00e1 o lan\u00e7amento da jornada de descarboniza\u00e7\u00e3o para a ind\u00fastria paulista, e a hist\u00f3ria de como um doutorando portugu\u00eas obteve um tecido a partir de cascas de alho. J\u00e1 os investimentos em projetos de hidrog\u00eanio de baixo carbono, que atingiram mais de R$ 188 bilh\u00f5es, s\u00e3o um alento para quem preza a energia renov\u00e1vel.<\/p>\n\n\n\n<p>Em <strong>Dicas<\/strong> o relat\u00f3rio Fashion Revolution: What Fuels Fashion? (O que alimenta a moda?) provoca discuss\u00f5es interessantes. J\u00e1 o podcast Cultura e ESG: o alicerce da sustentabilidade corporativa &#8211; instiga os ouvintes a pensar e elaborar estrat\u00e9gias as mais variadas.<\/p>\n\n\n\n<p>Todo m\u00eas o <strong>Boletim Verde<\/strong> traz informa\u00e7\u00f5es sobre inova\u00e7\u00f5es e temas relevantes \u00e0 implementa\u00e7\u00e3o das pr\u00e1ticas de sustentabilidade.<\/p>\n\n\n\n<p><\/p>\n\n\n\n<p><\/p>\n","protected":false},"excerpt":{"rendered":"<p>A sustentabilidade e a ecologia, fundamentais para todos n\u00f3s, \u00e9 o assunto do Boletim Verde, que chega \u00e0 sua quarta edi\u00e7\u00e3o, trazendo conte\u00fados importantes para todos os que gostam e necessitam se manter informados. Em Not\u00edcias os leitores poder\u00e3o conferir como a Vicunha, por meio de pr\u00e1ticas de produ\u00e7\u00e3o sustent\u00e1veis, conseguiu economizar 227 milh\u00f5es de [&hellip;]<\/p>\n","protected":false},"author":2,"featured_media":6277,"comment_status":"open","ping_status":"open","sticky":false,"template":"","format":"standard","meta":{"footnotes":""},"categories":[56,16],"tags":[631,523,319,686,685,116],"class_list":["post-6282","post","type-post","status-publish","format-standard","has-post-thumbnail","hentry","category-destaques","category-noticias","tag-boletim-verde","tag-ecologia","tag-esg","tag-fashion-revolution","tag-hidrogenio-de-baixo-carbono","tag-sustentabilidade"],"yoast_head":"<!-- This site is optimized with the Yoast SEO plugin v22.8 - https:\/\/yoast.com\/wordpress\/plugins\/seo\/ -->\n<title>Quarta edi\u00e7\u00e3o do Boletim Verde j\u00e1 est\u00e1 dispon\u00edvel - Sindit\u00eaxtil-SP<\/title>\n<meta name=\"robots\" content=\"index, follow, max-snippet:-1, max-image-preview:large, max-video-preview:-1\" \/>\n<link rel=\"canonical\" href=\"https:\/\/sinditextilsp.org.br\/home\/2024\/09\/quarta-edicao-do-boletim-verde-ja-esta-disponivel\/\" \/>\n<meta property=\"og:locale\" content=\"pt_BR\" \/>\n<meta property=\"og:type\" content=\"article\" \/>\n<meta property=\"og:title\" content=\"Quarta edi\u00e7\u00e3o do Boletim Verde j\u00e1 est\u00e1 dispon\u00edvel - Sindit\u00eaxtil-SP\" \/>\n<meta property=\"og:description\" content=\"A sustentabilidade e a ecologia, fundamentais para todos n\u00f3s, \u00e9 o assunto do Boletim Verde, que chega \u00e0 sua quarta edi\u00e7\u00e3o, trazendo conte\u00fados importantes para todos os que gostam e necessitam se manter informados. Em Not\u00edcias os leitores poder\u00e3o conferir como a Vicunha, por meio de pr\u00e1ticas de produ\u00e7\u00e3o sustent\u00e1veis, conseguiu economizar 227 milh\u00f5es de [&hellip;]\" \/>\n<meta property=\"og:url\" content=\"https:\/\/sinditextilsp.org.br\/home\/2024\/09\/quarta-edicao-do-boletim-verde-ja-esta-disponivel\/\" \/>\n<meta property=\"og:site_name\" content=\"Sindit\u00eaxtil-SP\" \/>\n<meta property=\"article:publisher\" content=\"https:\/\/www.facebook.com\/sinditextilsp\" \/>\n<meta property=\"article:published_time\" content=\"2024-09-03T14:26:35+00:00\" \/>\n<meta property=\"article:modified_time\" content=\"2024-09-03T14:26:39+00:00\" \/>\n<meta property=\"og:image\" content=\"https:\/\/sinditextilsp.org.br\/home\/wp-content\/uploads\/2024\/09\/Boletim-Verde-4.jpeg\" \/>\n\t<meta property=\"og:image:width\" content=\"531\" \/>\n\t<meta property=\"og:image:height\" content=\"515\" \/>\n\t<meta property=\"og:image:type\" content=\"image\/jpeg\" \/>\n<meta name=\"author\" content=\"Sindit\u00eaxtil-SP\" \/>\n<meta name=\"twitter:card\" content=\"summary_large_image\" \/>\n<meta name=\"twitter:creator\" content=\"@SinditextilSP\" \/>\n<meta name=\"twitter:site\" content=\"@SinditextilSP\" \/>\n<meta name=\"twitter:label1\" content=\"Escrito por\" \/>\n\t<meta name=\"twitter:data1\" content=\"Sindit\u00eaxtil-SP\" \/>\n\t<meta name=\"twitter:label2\" content=\"Est. tempo de leitura\" \/>\n\t<meta name=\"twitter:data2\" content=\"2 minutos\" \/>\n<script type=\"application\/ld+json\" class=\"yoast-schema-graph\">{\"@context\":\"https:\/\/schema.org\",\"@graph\":[{\"@type\":\"WebPage\",\"@id\":\"https:\/\/sinditextilsp.org.br\/home\/2024\/09\/quarta-edicao-do-boletim-verde-ja-esta-disponivel\/\",\"url\":\"https:\/\/sinditextilsp.org.br\/home\/2024\/09\/quarta-edicao-do-boletim-verde-ja-esta-disponivel\/\",\"name\":\"Quarta edi\u00e7\u00e3o do Boletim Verde j\u00e1 est\u00e1 dispon\u00edvel - Sindit\u00eaxtil-SP\",\"isPartOf\":{\"@id\":\"https:\/\/sinditextilsp.org.br\/home\/#website\"},\"primaryImageOfPage\":{\"@id\":\"https:\/\/sinditextilsp.org.br\/home\/2024\/09\/quarta-edicao-do-boletim-verde-ja-esta-disponivel\/#primaryimage\"},\"image\":{\"@id\":\"https:\/\/sinditextilsp.org.br\/home\/2024\/09\/quarta-edicao-do-boletim-verde-ja-esta-disponivel\/#primaryimage\"},\"thumbnailUrl\":\"https:\/\/sinditextilsp.org.br\/home\/wp-content\/uploads\/2024\/09\/Boletim-Verde-4.jpeg\",\"datePublished\":\"2024-09-03T14:26:35+00:00\",\"dateModified\":\"2024-09-03T14:26:39+00:00\",\"author\":{\"@id\":\"https:\/\/sinditextilsp.org.br\/home\/#\/schema\/person\/ceca3861f277dc1806d31199f1604264\"},\"breadcrumb\":{\"@id\":\"https:\/\/sinditextilsp.org.br\/home\/2024\/09\/quarta-edicao-do-boletim-verde-ja-esta-disponivel\/#breadcrumb\"},\"inLanguage\":\"pt-BR\",\"potentialAction\":[{\"@type\":\"ReadAction\",\"target\":[\"https:\/\/sinditextilsp.org.br\/home\/2024\/09\/quarta-edicao-do-boletim-verde-ja-esta-disponivel\/\"]}]},{\"@type\":\"ImageObject\",\"inLanguage\":\"pt-BR\",\"@id\":\"https:\/\/sinditextilsp.org.br\/home\/2024\/09\/quarta-edicao-do-boletim-verde-ja-esta-disponivel\/#primaryimage\",\"url\":\"https:\/\/sinditextilsp.org.br\/home\/wp-content\/uploads\/2024\/09\/Boletim-Verde-4.jpeg\",\"contentUrl\":\"https:\/\/sinditextilsp.org.br\/home\/wp-content\/uploads\/2024\/09\/Boletim-Verde-4.jpeg\",\"width\":531,\"height\":515},{\"@type\":\"BreadcrumbList\",\"@id\":\"https:\/\/sinditextilsp.org.br\/home\/2024\/09\/quarta-edicao-do-boletim-verde-ja-esta-disponivel\/#breadcrumb\",\"itemListElement\":[{\"@type\":\"ListItem\",\"position\":1,\"name\":\"In\u00edcio\",\"item\":\"https:\/\/sinditextilsp.org.br\/home\/\"},{\"@type\":\"ListItem\",\"position\":2,\"name\":\"Quarta edi\u00e7\u00e3o do Boletim Verde j\u00e1 est\u00e1 dispon\u00edvel\"}]},{\"@type\":\"WebSite\",\"@id\":\"https:\/\/sinditextilsp.org.br\/home\/#website\",\"url\":\"https:\/\/sinditextilsp.org.br\/home\/\",\"name\":\"Sindit\u00eaxtil-SP\",\"description\":\"Sindicato T\u00eaxtil de S\u00e3o Paulo\",\"potentialAction\":[{\"@type\":\"SearchAction\",\"target\":{\"@type\":\"EntryPoint\",\"urlTemplate\":\"https:\/\/sinditextilsp.org.br\/home\/?s={search_term_string}\"},\"query-input\":\"required name=search_term_string\"}],\"inLanguage\":\"pt-BR\"},{\"@type\":\"Person\",\"@id\":\"https:\/\/sinditextilsp.org.br\/home\/#\/schema\/person\/ceca3861f277dc1806d31199f1604264\",\"name\":\"Sindit\u00eaxtil-SP\",\"image\":{\"@type\":\"ImageObject\",\"inLanguage\":\"pt-BR\",\"@id\":\"https:\/\/sinditextilsp.org.br\/home\/#\/schema\/person\/image\/\",\"url\":\"https:\/\/secure.gravatar.com\/avatar\/1004e4f7c56213ad977aba92436bc447272b6a4743534ef04a82f43c866dd0e0?s=96&d=mm&r=g\",\"contentUrl\":\"https:\/\/secure.gravatar.com\/avatar\/1004e4f7c56213ad977aba92436bc447272b6a4743534ef04a82f43c866dd0e0?s=96&d=mm&r=g\",\"caption\":\"Sindit\u00eaxtil-SP\"},\"url\":\"https:\/\/sinditextilsp.org.br\/home\/author\/sinditextilsp\/\"}]}<\/script>\n<!-- \/ Yoast SEO plugin. -->","yoast_head_json":{"title":"Quarta edi\u00e7\u00e3o do Boletim Verde j\u00e1 est\u00e1 dispon\u00edvel - Sindit\u00eaxtil-SP","robots":{"index":"index","follow":"follow","max-snippet":"max-snippet:-1","max-image-preview":"max-image-preview:large","max-video-preview":"max-video-preview:-1"},"canonical":"https:\/\/sinditextilsp.org.br\/home\/2024\/09\/quarta-edicao-do-boletim-verde-ja-esta-disponivel\/","og_locale":"pt_BR","og_type":"article","og_title":"Quarta edi\u00e7\u00e3o do Boletim Verde j\u00e1 est\u00e1 dispon\u00edvel - Sindit\u00eaxtil-SP","og_description":"A sustentabilidade e a ecologia, fundamentais para todos n\u00f3s, \u00e9 o assunto do Boletim Verde, que chega \u00e0 sua quarta edi\u00e7\u00e3o, trazendo conte\u00fados importantes para todos os que gostam e necessitam se manter informados. Em Not\u00edcias os leitores poder\u00e3o conferir como a Vicunha, por meio de pr\u00e1ticas de produ\u00e7\u00e3o sustent\u00e1veis, conseguiu economizar 227 milh\u00f5es de [&hellip;]","og_url":"https:\/\/sinditextilsp.org.br\/home\/2024\/09\/quarta-edicao-do-boletim-verde-ja-esta-disponivel\/","og_site_name":"Sindit\u00eaxtil-SP","article_publisher":"https:\/\/www.facebook.com\/sinditextilsp","article_published_time":"2024-09-03T14:26:35+00:00","article_modified_time":"2024-09-03T14:26:39+00:00","og_image":[{"width":531,"height":515,"url":"https:\/\/sinditextilsp.org.br\/home\/wp-content\/uploads\/2024\/09\/Boletim-Verde-4.jpeg","type":"image\/jpeg"}],"author":"Sindit\u00eaxtil-SP","twitter_card":"summary_large_image","twitter_creator":"@SinditextilSP","twitter_site":"@SinditextilSP","twitter_misc":{"Escrito por":"Sindit\u00eaxtil-SP","Est. tempo de leitura":"2 minutos"},"schema":{"@context":"https:\/\/schema.org","@graph":[{"@type":"WebPage","@id":"https:\/\/sinditextilsp.org.br\/home\/2024\/09\/quarta-edicao-do-boletim-verde-ja-esta-disponivel\/","url":"https:\/\/sinditextilsp.org.br\/home\/2024\/09\/quarta-edicao-do-boletim-verde-ja-esta-disponivel\/","name":"Quarta edi\u00e7\u00e3o do Boletim Verde j\u00e1 est\u00e1 dispon\u00edvel - Sindit\u00eaxtil-SP","isPartOf":{"@id":"https:\/\/sinditextilsp.org.br\/home\/#website"},"primaryImageOfPage":{"@id":"https:\/\/sinditextilsp.org.br\/home\/2024\/09\/quarta-edicao-do-boletim-verde-ja-esta-disponivel\/#primaryimage"},"image":{"@id":"https:\/\/sinditextilsp.org.br\/home\/2024\/09\/quarta-edicao-do-boletim-verde-ja-esta-disponivel\/#primaryimage"},"thumbnailUrl":"https:\/\/sinditextilsp.org.br\/home\/wp-content\/uploads\/2024\/09\/Boletim-Verde-4.jpeg","datePublished":"2024-09-03T14:26:35+00:00","dateModified":"2024-09-03T14:26:39+00:00","author":{"@id":"https:\/\/sinditextilsp.org.br\/home\/#\/schema\/person\/ceca3861f277dc1806d31199f1604264"},"breadcrumb":{"@id":"https:\/\/sinditextilsp.org.br\/home\/2024\/09\/quarta-edicao-do-boletim-verde-ja-esta-disponivel\/#breadcrumb"},"inLanguage":"pt-BR","potentialAction":[{"@type":"ReadAction","target":["https:\/\/sinditextilsp.org.br\/home\/2024\/09\/quarta-edicao-do-boletim-verde-ja-esta-disponivel\/"]}]},{"@type":"ImageObject","inLanguage":"pt-BR","@id":"https:\/\/sinditextilsp.org.br\/home\/2024\/09\/quarta-edicao-do-boletim-verde-ja-esta-disponivel\/#primaryimage","url":"https:\/\/sinditextilsp.org.br\/home\/wp-content\/uploads\/2024\/09\/Boletim-Verde-4.jpeg","contentUrl":"https:\/\/sinditextilsp.org.br\/home\/wp-content\/uploads\/2024\/09\/Boletim-Verde-4.jpeg","width":531,"height":515},{"@type":"BreadcrumbList","@id":"https:\/\/sinditextilsp.org.br\/home\/2024\/09\/quarta-edicao-do-boletim-verde-ja-esta-disponivel\/#breadcrumb","itemListElement":[{"@type":"ListItem","position":1,"name":"In\u00edcio","item":"https:\/\/sinditextilsp.org.br\/home\/"},{"@type":"ListItem","position":2,"name":"Quarta edi\u00e7\u00e3o do Boletim Verde j\u00e1 est\u00e1 dispon\u00edvel"}]},{"@type":"WebSite","@id":"https:\/\/sinditextilsp.org.br\/home\/#website","url":"https:\/\/sinditextilsp.org.br\/home\/","name":"Sindit\u00eaxtil-SP","description":"Sindicato T\u00eaxtil de S\u00e3o Paulo","potentialAction":[{"@type":"SearchAction","target":{"@type":"EntryPoint","urlTemplate":"https:\/\/sinditextilsp.org.br\/home\/?s={search_term_string}"},"query-input":"required name=search_term_string"}],"inLanguage":"pt-BR"},{"@type":"Person","@id":"https:\/\/sinditextilsp.org.br\/home\/#\/schema\/person\/ceca3861f277dc1806d31199f1604264","name":"Sindit\u00eaxtil-SP","image":{"@type":"ImageObject","inLanguage":"pt-BR","@id":"https:\/\/sinditextilsp.org.br\/home\/#\/schema\/person\/image\/","url":"https:\/\/secure.gravatar.com\/avatar\/1004e4f7c56213ad977aba92436bc447272b6a4743534ef04a82f43c866dd0e0?s=96&d=mm&r=g","contentUrl":"https:\/\/secure.gravatar.com\/avatar\/1004e4f7c56213ad977aba92436bc447272b6a4743534ef04a82f43c866dd0e0?s=96&d=mm&r=g","caption":"Sindit\u00eaxtil-SP"},"url":"https:\/\/sinditextilsp.org.br\/home\/author\/sinditextilsp\/"}]}},"_links":{"self":[{"href":"https:\/\/sinditextilsp.org.br\/home\/wp-json\/wp\/v2\/posts\/6282","targetHints":{"allow":["GET"]}}],"collection":[{"href":"https:\/\/sinditextilsp.org.br\/home\/wp-json\/wp\/v2\/posts"}],"about":[{"href":"https:\/\/sinditextilsp.org.br\/home\/wp-json\/wp\/v2\/types\/post"}],"author":[{"embeddable":true,"href":"https:\/\/sinditextilsp.org.br\/home\/wp-json\/wp\/v2\/users\/2"}],"replies":[{"embeddable":true,"href":"https:\/\/sinditextilsp.org.br\/home\/wp-json\/wp\/v2\/comments?post=6282"}],"version-history":[{"count":2,"href":"https:\/\/sinditextilsp.org.br\/home\/wp-json\/wp\/v2\/posts\/6282\/revisions"}],"predecessor-version":[{"id":6284,"href":"https:\/\/sinditextilsp.org.br\/home\/wp-json\/wp\/v2\/posts\/6282\/revisions\/6284"}],"wp:featuredmedia":[{"embeddable":true,"href":"https:\/\/sinditextilsp.org.br\/home\/wp-json\/wp\/v2\/media\/6277"}],"wp:attachment":[{"href":"https:\/\/sinditextilsp.org.br\/home\/wp-json\/wp\/v2\/media?parent=6282"}],"wp:term":[{"taxonomy":"category","embeddable":true,"href":"https:\/\/sinditextilsp.org.br\/home\/wp-json\/wp\/v2\/categories?post=6282"},{"taxonomy":"post_tag","embeddable":true,"href":"https:\/\/sinditextilsp.org.br\/home\/wp-json\/wp\/v2\/tags?post=6282"}],"curies":[{"name":"wp","href":"https:\/\/api.w.org\/{rel}","templated":true}]}}