{"id":693,"date":"2021-07-22T14:58:41","date_gmt":"2021-07-22T17:58:41","guid":{"rendered":"https:\/\/sinditextilsp.org.br\/home\/?p=693"},"modified":"2021-07-22T14:58:43","modified_gmt":"2021-07-22T17:58:43","slug":"colombiatex-2021-vicunha-confirma-presenca-com-novidades-para-a-america-latina","status":"publish","type":"post","link":"https:\/\/sinditextilsp.org.br\/home\/2021\/07\/colombiatex-2021-vicunha-confirma-presenca-com-novidades-para-a-america-latina\/","title":{"rendered":"Colombiatex 2021: Vicunha confirma presen\u00e7a com novidades para a Am\u00e9rica Latina"},"content":{"rendered":"\n<p>Desde 1989, a Vicunha, multinacional brasileira refer\u00eancia em solu\u00e7\u00f5es jeanswear, marca presen\u00e7a na Colombiatex, a principal feira de neg\u00f3cios da Am\u00e9rica Latina voltada para o segmento t\u00eaxtil. E em 2021 n\u00e3o vai ser diferente. Sendo realizado em Medell\u00edn, na Col\u00f4mbia, o evento acontecer\u00e1 entre os dias 27 e 29 de julho, de forma online e f\u00edsica.<\/p>\n\n\n\n<p>Para a ocasi\u00e3o, que re\u00fane as maiores ind\u00fastrias do setor e conta com visitantes de todo o mundo dispostos a fechar neg\u00f3cios e conhecer tend\u00eancias, a Vicunha apresenta seus \u00faltimos lan\u00e7amentos em jeans, com seis novos artigos em denim e tr\u00eas em denim color. Entre as novidades est\u00e3o tecidos tecnol\u00f3gicos como o Ritz, com tecnologia de fia\u00e7\u00e3o LYCRA\u00ae FreeFit, que possui alto stretch, alta recupera\u00e7\u00e3o e baixo \u00edndice de encolhimento e agrega uma nova tecnologia Vicunha.&nbsp;<\/p>\n\n\n\n<p>Al\u00e9m de lan\u00e7ar produtos exclusivos, a empresa, em um evento online especial para clientes e convidados, o Trends &amp; Collabs Edition, tamb\u00e9m vai apresentar tr\u00eas caminhos criativos para o vestu\u00e1rio de jeans que influenciar\u00e3o o mercado da moda nas pr\u00f3ximas cole\u00e7\u00f5es. O evento ser\u00e1 ministrado pelas cool hunters Lorena Botti (Brasil) e Lary Ferreira (Col\u00f4mbia), com abertura de German Silva, diretor de Marketing e Vendas da Vicunha no Brasil.<\/p>\n\n\n\n<p><\/p>\n\n\n\n<p><strong>Anote:<\/strong><\/p>\n\n\n\n<p>Colombiatex 2021<\/p>\n\n\n\n<p>Dias: 27, 28 e 29 de julho<\/p>\n\n\n\n<p>Local: Plaza Mayor, Medell\u00edn, Col\u00f4mbia<\/p>\n\n\n\n<p>Ingressos:&nbsp;<a href=\"https:\/\/www.inexmoda.org.co\/\">https:\/\/www.inexmoda.org.co\/<\/a><\/p>\n\n\n\n<p>Trends &amp; Collab Edition &#8211; Evento Online Vicunha<\/p>\n\n\n\n<p>Data: 28 de julho<\/p>\n\n\n\n<p>Hor\u00e1rio: 13h \/ Hor\u00e1rio de Bras\u00edlia<\/p>\n\n\n\n<p>Link do evento:&nbsp;<a href=\"https:\/\/vicunhatendencias2021.com\/\">https:\/\/vicunhatendencias2021.com\/<\/a><\/p>\n","protected":false},"excerpt":{"rendered":"<p>Desde 1989, a Vicunha, multinacional brasileira refer\u00eancia em solu\u00e7\u00f5es jeanswear, marca presen\u00e7a na Colombiatex, a principal feira de neg\u00f3cios da Am\u00e9rica Latina voltada para o segmento t\u00eaxtil. E em 2021 n\u00e3o vai ser diferente. Sendo realizado em Medell\u00edn, na Col\u00f4mbia, o evento acontecer\u00e1 entre os dias 27 e 29 de julho, de forma online e [&hellip;]<\/p>\n","protected":false},"author":2,"featured_media":694,"comment_status":"open","ping_status":"open","sticky":false,"template":"","format":"standard","meta":{"footnotes":""},"categories":[16],"tags":[97,26,96],"class_list":["post-693","post","type-post","status-publish","format-standard","has-post-thumbnail","hentry","category-noticias","tag-colombiatex","tag-sinditextil-sp","tag-vicunha"],"yoast_head":"<!-- This site is optimized with the Yoast SEO plugin v22.8 - https:\/\/yoast.com\/wordpress\/plugins\/seo\/ -->\n<title>Colombiatex 2021: Vicunha confirma presen\u00e7a com novidades para a Am\u00e9rica Latina - Sindit\u00eaxtil-SP<\/title>\n<meta name=\"description\" content=\"Sindit\u00eaxtil-SP %Colombiatex 2021: Vicunha confirma presen\u00e7a com novidades para a Am\u00e9rica Latina -\" \/>\n<meta name=\"robots\" content=\"index, follow, max-snippet:-1, max-image-preview:large, max-video-preview:-1\" \/>\n<link rel=\"canonical\" href=\"https:\/\/sinditextilsp.org.br\/home\/2021\/07\/colombiatex-2021-vicunha-confirma-presenca-com-novidades-para-a-america-latina\/\" \/>\n<meta property=\"og:locale\" content=\"pt_BR\" \/>\n<meta property=\"og:type\" content=\"article\" \/>\n<meta property=\"og:title\" content=\"Colombiatex 2021: Vicunha confirma presen\u00e7a com novidades para a Am\u00e9rica Latina - Sindit\u00eaxtil-SP\" \/>\n<meta property=\"og:description\" content=\"Sindit\u00eaxtil-SP %Colombiatex 2021: Vicunha confirma presen\u00e7a com novidades para a Am\u00e9rica Latina -\" \/>\n<meta property=\"og:url\" content=\"https:\/\/sinditextilsp.org.br\/home\/2021\/07\/colombiatex-2021-vicunha-confirma-presenca-com-novidades-para-a-america-latina\/\" \/>\n<meta property=\"og:site_name\" content=\"Sindit\u00eaxtil-SP\" \/>\n<meta property=\"article:publisher\" content=\"https:\/\/www.facebook.com\/sinditextilsp\" \/>\n<meta property=\"article:published_time\" content=\"2021-07-22T17:58:41+00:00\" \/>\n<meta property=\"article:modified_time\" content=\"2021-07-22T17:58:43+00:00\" \/>\n<meta property=\"og:image\" content=\"https:\/\/sinditextilsp.org.br\/home\/wp-content\/uploads\/2021\/07\/vicunha.png\" \/>\n\t<meta property=\"og:image:width\" content=\"697\" \/>\n\t<meta property=\"og:image:height\" content=\"802\" \/>\n\t<meta property=\"og:image:type\" content=\"image\/png\" \/>\n<meta name=\"author\" content=\"Sindit\u00eaxtil-SP\" \/>\n<meta name=\"twitter:card\" content=\"summary_large_image\" \/>\n<meta name=\"twitter:creator\" content=\"@SinditextilSP\" \/>\n<meta name=\"twitter:site\" content=\"@SinditextilSP\" \/>\n<meta name=\"twitter:label1\" content=\"Escrito por\" \/>\n\t<meta name=\"twitter:data1\" content=\"Sindit\u00eaxtil-SP\" \/>\n\t<meta name=\"twitter:label2\" content=\"Est. tempo de leitura\" \/>\n\t<meta name=\"twitter:data2\" content=\"2 minutos\" \/>\n<script type=\"application\/ld+json\" class=\"yoast-schema-graph\">{\"@context\":\"https:\/\/schema.org\",\"@graph\":[{\"@type\":\"WebPage\",\"@id\":\"https:\/\/sinditextilsp.org.br\/home\/2021\/07\/colombiatex-2021-vicunha-confirma-presenca-com-novidades-para-a-america-latina\/\",\"url\":\"https:\/\/sinditextilsp.org.br\/home\/2021\/07\/colombiatex-2021-vicunha-confirma-presenca-com-novidades-para-a-america-latina\/\",\"name\":\"Colombiatex 2021: Vicunha confirma presen\u00e7a com novidades para a Am\u00e9rica Latina - Sindit\u00eaxtil-SP\",\"isPartOf\":{\"@id\":\"https:\/\/sinditextilsp.org.br\/home\/#website\"},\"primaryImageOfPage\":{\"@id\":\"https:\/\/sinditextilsp.org.br\/home\/2021\/07\/colombiatex-2021-vicunha-confirma-presenca-com-novidades-para-a-america-latina\/#primaryimage\"},\"image\":{\"@id\":\"https:\/\/sinditextilsp.org.br\/home\/2021\/07\/colombiatex-2021-vicunha-confirma-presenca-com-novidades-para-a-america-latina\/#primaryimage\"},\"thumbnailUrl\":\"https:\/\/sinditextilsp.org.br\/home\/wp-content\/uploads\/2021\/07\/vicunha.png\",\"datePublished\":\"2021-07-22T17:58:41+00:00\",\"dateModified\":\"2021-07-22T17:58:43+00:00\",\"author\":{\"@id\":\"https:\/\/sinditextilsp.org.br\/home\/#\/schema\/person\/ceca3861f277dc1806d31199f1604264\"},\"description\":\"Sindit\u00eaxtil-SP %Colombiatex 2021: Vicunha confirma presen\u00e7a com novidades para a Am\u00e9rica Latina -\",\"breadcrumb\":{\"@id\":\"https:\/\/sinditextilsp.org.br\/home\/2021\/07\/colombiatex-2021-vicunha-confirma-presenca-com-novidades-para-a-america-latina\/#breadcrumb\"},\"inLanguage\":\"pt-BR\",\"potentialAction\":[{\"@type\":\"ReadAction\",\"target\":[\"https:\/\/sinditextilsp.org.br\/home\/2021\/07\/colombiatex-2021-vicunha-confirma-presenca-com-novidades-para-a-america-latina\/\"]}]},{\"@type\":\"ImageObject\",\"inLanguage\":\"pt-BR\",\"@id\":\"https:\/\/sinditextilsp.org.br\/home\/2021\/07\/colombiatex-2021-vicunha-confirma-presenca-com-novidades-para-a-america-latina\/#primaryimage\",\"url\":\"https:\/\/sinditextilsp.org.br\/home\/wp-content\/uploads\/2021\/07\/vicunha.png\",\"contentUrl\":\"https:\/\/sinditextilsp.org.br\/home\/wp-content\/uploads\/2021\/07\/vicunha.png\",\"width\":697,\"height\":802},{\"@type\":\"BreadcrumbList\",\"@id\":\"https:\/\/sinditextilsp.org.br\/home\/2021\/07\/colombiatex-2021-vicunha-confirma-presenca-com-novidades-para-a-america-latina\/#breadcrumb\",\"itemListElement\":[{\"@type\":\"ListItem\",\"position\":1,\"name\":\"In\u00edcio\",\"item\":\"https:\/\/sinditextilsp.org.br\/home\/\"},{\"@type\":\"ListItem\",\"position\":2,\"name\":\"Colombiatex 2021: Vicunha confirma presen\u00e7a com novidades para a Am\u00e9rica Latina\"}]},{\"@type\":\"WebSite\",\"@id\":\"https:\/\/sinditextilsp.org.br\/home\/#website\",\"url\":\"https:\/\/sinditextilsp.org.br\/home\/\",\"name\":\"Sindit\u00eaxtil-SP\",\"description\":\"Sindicato T\u00eaxtil de S\u00e3o Paulo\",\"potentialAction\":[{\"@type\":\"SearchAction\",\"target\":{\"@type\":\"EntryPoint\",\"urlTemplate\":\"https:\/\/sinditextilsp.org.br\/home\/?s={search_term_string}\"},\"query-input\":\"required name=search_term_string\"}],\"inLanguage\":\"pt-BR\"},{\"@type\":\"Person\",\"@id\":\"https:\/\/sinditextilsp.org.br\/home\/#\/schema\/person\/ceca3861f277dc1806d31199f1604264\",\"name\":\"Sindit\u00eaxtil-SP\",\"image\":{\"@type\":\"ImageObject\",\"inLanguage\":\"pt-BR\",\"@id\":\"https:\/\/sinditextilsp.org.br\/home\/#\/schema\/person\/image\/\",\"url\":\"https:\/\/secure.gravatar.com\/avatar\/1004e4f7c56213ad977aba92436bc447272b6a4743534ef04a82f43c866dd0e0?s=96&d=mm&r=g\",\"contentUrl\":\"https:\/\/secure.gravatar.com\/avatar\/1004e4f7c56213ad977aba92436bc447272b6a4743534ef04a82f43c866dd0e0?s=96&d=mm&r=g\",\"caption\":\"Sindit\u00eaxtil-SP\"},\"url\":\"https:\/\/sinditextilsp.org.br\/home\/author\/sinditextilsp\/\"}]}<\/script>\n<!-- \/ Yoast SEO plugin. -->","yoast_head_json":{"title":"Colombiatex 2021: Vicunha confirma presen\u00e7a com novidades para a Am\u00e9rica Latina - Sindit\u00eaxtil-SP","description":"Sindit\u00eaxtil-SP %Colombiatex 2021: Vicunha confirma presen\u00e7a com novidades para a Am\u00e9rica Latina -","robots":{"index":"index","follow":"follow","max-snippet":"max-snippet:-1","max-image-preview":"max-image-preview:large","max-video-preview":"max-video-preview:-1"},"canonical":"https:\/\/sinditextilsp.org.br\/home\/2021\/07\/colombiatex-2021-vicunha-confirma-presenca-com-novidades-para-a-america-latina\/","og_locale":"pt_BR","og_type":"article","og_title":"Colombiatex 2021: Vicunha confirma presen\u00e7a com novidades para a Am\u00e9rica Latina - Sindit\u00eaxtil-SP","og_description":"Sindit\u00eaxtil-SP %Colombiatex 2021: Vicunha confirma presen\u00e7a com novidades para a Am\u00e9rica Latina -","og_url":"https:\/\/sinditextilsp.org.br\/home\/2021\/07\/colombiatex-2021-vicunha-confirma-presenca-com-novidades-para-a-america-latina\/","og_site_name":"Sindit\u00eaxtil-SP","article_publisher":"https:\/\/www.facebook.com\/sinditextilsp","article_published_time":"2021-07-22T17:58:41+00:00","article_modified_time":"2021-07-22T17:58:43+00:00","og_image":[{"width":697,"height":802,"url":"https:\/\/sinditextilsp.org.br\/home\/wp-content\/uploads\/2021\/07\/vicunha.png","type":"image\/png"}],"author":"Sindit\u00eaxtil-SP","twitter_card":"summary_large_image","twitter_creator":"@SinditextilSP","twitter_site":"@SinditextilSP","twitter_misc":{"Escrito por":"Sindit\u00eaxtil-SP","Est. tempo de leitura":"2 minutos"},"schema":{"@context":"https:\/\/schema.org","@graph":[{"@type":"WebPage","@id":"https:\/\/sinditextilsp.org.br\/home\/2021\/07\/colombiatex-2021-vicunha-confirma-presenca-com-novidades-para-a-america-latina\/","url":"https:\/\/sinditextilsp.org.br\/home\/2021\/07\/colombiatex-2021-vicunha-confirma-presenca-com-novidades-para-a-america-latina\/","name":"Colombiatex 2021: Vicunha confirma presen\u00e7a com novidades para a Am\u00e9rica Latina - Sindit\u00eaxtil-SP","isPartOf":{"@id":"https:\/\/sinditextilsp.org.br\/home\/#website"},"primaryImageOfPage":{"@id":"https:\/\/sinditextilsp.org.br\/home\/2021\/07\/colombiatex-2021-vicunha-confirma-presenca-com-novidades-para-a-america-latina\/#primaryimage"},"image":{"@id":"https:\/\/sinditextilsp.org.br\/home\/2021\/07\/colombiatex-2021-vicunha-confirma-presenca-com-novidades-para-a-america-latina\/#primaryimage"},"thumbnailUrl":"https:\/\/sinditextilsp.org.br\/home\/wp-content\/uploads\/2021\/07\/vicunha.png","datePublished":"2021-07-22T17:58:41+00:00","dateModified":"2021-07-22T17:58:43+00:00","author":{"@id":"https:\/\/sinditextilsp.org.br\/home\/#\/schema\/person\/ceca3861f277dc1806d31199f1604264"},"description":"Sindit\u00eaxtil-SP %Colombiatex 2021: Vicunha confirma presen\u00e7a com novidades para a Am\u00e9rica Latina -","breadcrumb":{"@id":"https:\/\/sinditextilsp.org.br\/home\/2021\/07\/colombiatex-2021-vicunha-confirma-presenca-com-novidades-para-a-america-latina\/#breadcrumb"},"inLanguage":"pt-BR","potentialAction":[{"@type":"ReadAction","target":["https:\/\/sinditextilsp.org.br\/home\/2021\/07\/colombiatex-2021-vicunha-confirma-presenca-com-novidades-para-a-america-latina\/"]}]},{"@type":"ImageObject","inLanguage":"pt-BR","@id":"https:\/\/sinditextilsp.org.br\/home\/2021\/07\/colombiatex-2021-vicunha-confirma-presenca-com-novidades-para-a-america-latina\/#primaryimage","url":"https:\/\/sinditextilsp.org.br\/home\/wp-content\/uploads\/2021\/07\/vicunha.png","contentUrl":"https:\/\/sinditextilsp.org.br\/home\/wp-content\/uploads\/2021\/07\/vicunha.png","width":697,"height":802},{"@type":"BreadcrumbList","@id":"https:\/\/sinditextilsp.org.br\/home\/2021\/07\/colombiatex-2021-vicunha-confirma-presenca-com-novidades-para-a-america-latina\/#breadcrumb","itemListElement":[{"@type":"ListItem","position":1,"name":"In\u00edcio","item":"https:\/\/sinditextilsp.org.br\/home\/"},{"@type":"ListItem","position":2,"name":"Colombiatex 2021: Vicunha confirma presen\u00e7a com novidades para a Am\u00e9rica Latina"}]},{"@type":"WebSite","@id":"https:\/\/sinditextilsp.org.br\/home\/#website","url":"https:\/\/sinditextilsp.org.br\/home\/","name":"Sindit\u00eaxtil-SP","description":"Sindicato T\u00eaxtil de S\u00e3o Paulo","potentialAction":[{"@type":"SearchAction","target":{"@type":"EntryPoint","urlTemplate":"https:\/\/sinditextilsp.org.br\/home\/?s={search_term_string}"},"query-input":"required name=search_term_string"}],"inLanguage":"pt-BR"},{"@type":"Person","@id":"https:\/\/sinditextilsp.org.br\/home\/#\/schema\/person\/ceca3861f277dc1806d31199f1604264","name":"Sindit\u00eaxtil-SP","image":{"@type":"ImageObject","inLanguage":"pt-BR","@id":"https:\/\/sinditextilsp.org.br\/home\/#\/schema\/person\/image\/","url":"https:\/\/secure.gravatar.com\/avatar\/1004e4f7c56213ad977aba92436bc447272b6a4743534ef04a82f43c866dd0e0?s=96&d=mm&r=g","contentUrl":"https:\/\/secure.gravatar.com\/avatar\/1004e4f7c56213ad977aba92436bc447272b6a4743534ef04a82f43c866dd0e0?s=96&d=mm&r=g","caption":"Sindit\u00eaxtil-SP"},"url":"https:\/\/sinditextilsp.org.br\/home\/author\/sinditextilsp\/"}]}},"_links":{"self":[{"href":"https:\/\/sinditextilsp.org.br\/home\/wp-json\/wp\/v2\/posts\/693","targetHints":{"allow":["GET"]}}],"collection":[{"href":"https:\/\/sinditextilsp.org.br\/home\/wp-json\/wp\/v2\/posts"}],"about":[{"href":"https:\/\/sinditextilsp.org.br\/home\/wp-json\/wp\/v2\/types\/post"}],"author":[{"embeddable":true,"href":"https:\/\/sinditextilsp.org.br\/home\/wp-json\/wp\/v2\/users\/2"}],"replies":[{"embeddable":true,"href":"https:\/\/sinditextilsp.org.br\/home\/wp-json\/wp\/v2\/comments?post=693"}],"version-history":[{"count":1,"href":"https:\/\/sinditextilsp.org.br\/home\/wp-json\/wp\/v2\/posts\/693\/revisions"}],"predecessor-version":[{"id":695,"href":"https:\/\/sinditextilsp.org.br\/home\/wp-json\/wp\/v2\/posts\/693\/revisions\/695"}],"wp:featuredmedia":[{"embeddable":true,"href":"https:\/\/sinditextilsp.org.br\/home\/wp-json\/wp\/v2\/media\/694"}],"wp:attachment":[{"href":"https:\/\/sinditextilsp.org.br\/home\/wp-json\/wp\/v2\/media?parent=693"}],"wp:term":[{"taxonomy":"category","embeddable":true,"href":"https:\/\/sinditextilsp.org.br\/home\/wp-json\/wp\/v2\/categories?post=693"},{"taxonomy":"post_tag","embeddable":true,"href":"https:\/\/sinditextilsp.org.br\/home\/wp-json\/wp\/v2\/tags?post=693"}],"curies":[{"name":"wp","href":"https:\/\/api.w.org\/{rel}","templated":true}]}}