{"id":7137,"date":"2024-12-18T09:00:00","date_gmt":"2024-12-18T12:00:00","guid":{"rendered":"https:\/\/sinditextilsp.org.br\/home\/?p=7137"},"modified":"2024-12-17T22:12:26","modified_gmt":"2024-12-18T01:12:26","slug":"brasil-ja-se-prepara-para-o-mercado-global-de-carbono","status":"publish","type":"post","link":"https:\/\/sinditextilsp.org.br\/home\/2024\/12\/brasil-ja-se-prepara-para-o-mercado-global-de-carbono\/","title":{"rendered":"Brasil j\u00e1 se prepara para o mercado global de carbono"},"content":{"rendered":"\n<p><\/p>\n\n\n\n<p>Sancionado pelo presidente Luiz In\u00e1cio Lula da Silva na semana passada, o marco legal do mercado de carbono no Brasil (<a href=\"https:\/\/pesquisa.in.gov.br\/imprensa\/jsp\/visualiza\/index.jsp?data=12\/12\/2024&amp;jornal=515&amp;pagina=4&amp;totalArquivos=248\">Lei 15.042\/2024<\/a>) foi tema do f\u00f3rum promovido pelo jornal Valor, na manh\u00e3 da \u00faltima segunda-feira (16\/12), em S\u00e3o Paulo, com transmiss\u00e3o pelo canal do jornal no Youtube. No painel de abertura do evento, o secret\u00e1rio de Pol\u00edtica Econ\u00f4mica do Minist\u00e9rio da Fazenda, Guilherme Mello, disse que o Brasil, com a nova regula\u00e7\u00e3o, se prepara para o momento de integra\u00e7\u00e3o global do mercado de carbono. <\/p>\n\n\n\n<p>\u201cO modelo criado para o mercado de carbono no Brasil dialoga com o que est\u00e1 sendo feito no mundo. Traz mecanismos de regula\u00e7\u00e3o de pre\u00e7os e de monitoramento que nos preparam para a internacionaliza\u00e7\u00e3o\u201d, disse Mello, ap\u00f3s explicar como funcionar\u00e3o no Brasil os mercados regulados e volunt\u00e1rio de carbono e a integra\u00e7\u00e3o entre eles.<\/p>\n\n\n\n<p>No mercado regulado, cerca de cinco mil empresas do setor industrial ter\u00e3o metas de descarboniza\u00e7\u00e3o e poder\u00e3o cumpri-las aquirindo Cotas Brasileiras de Emiss\u00e3o (CBEs), que s\u00e3o cr\u00e9ditos de carbono gerados pelo novo\u00a0<a href=\"https:\/\/www.gov.br\/fazenda\/pt-br\/assuntos\/noticias\/2024\/novembro\/congresso-nacional-aprova-lei-que-estabelece-o-sistema-brasileiro-de-comercio-de-emissoes-de-gases-de-efeito-estufa\">Sistema Brasileiro de Com\u00e9rcio de Emiss\u00f5es de Gases de Efeito Estufa (SBCE)<\/a>. Do mercado volunt\u00e1rio participar\u00e3o empresas n\u00e3o obrigadas a reduzir emiss\u00f5es, mas interessadas em atingir suas metas corporativas de descarboniza\u00e7\u00e3o.<\/p>\n\n\n\n<p>\u201cO modelo mais comum nos pa\u00edses que t\u00eam mercado de carbono \u00e9 o que estamos adotando, chamado\u00a0<em>cap-and-trade\u201d,\u00a0<\/em>refor\u00e7ou o secret\u00e1rio referindo-se ao modelo em que o governo define um teto de emiss\u00f5es e emite uma quantidade de permiss\u00f5es de emiss\u00e3o.<\/p>\n\n\n\n<p>Relator do projeto de lei que deu origem \u00e0 regulamenta\u00e7\u00e3o do mercado de carbono, o senador Aliel Machado explicou os limites de compra de cr\u00e9ditos para compensa\u00e7\u00e3o de emiss\u00f5es e comentou que o agroneg\u00f3cio futuramente ser\u00e1 inclu\u00eddo no mercado regulado: \u201cN\u00e3o foi ainda porque n\u00e3o h\u00e1 par\u00e2metros para medir as emiss\u00f5es e remiss\u00f5es do setor\u201d.<\/p>\n\n\n\n<p>Participando virtualmente do painel de abertura do f\u00f3rum, Ana Toni, secret\u00e1ria nacional de Mudan\u00e7a do Clima, do Minist\u00e9rio do Meio Ambiente comentou sobre a import\u00e2ncia da integridade do mercado de carbono: \u201cN\u00e3o adianta vender cr\u00e9dito de carbono que n\u00e3o tenha valor sob a perspectiva clim\u00e1tica\u201d, ressaltou mencionando as iniciativas classificadas como\u00a0<em>greenwashing<\/em>\u00a0(aquelas que visam ganho de imagem corporativa, mas n\u00e3o t\u00eam efetivamente um impacto ambiental favor\u00e1vel).<\/p>\n\n\n\n<p><strong>Taxonomia<\/strong><\/p>\n\n\n\n<p>O secret\u00e1rio Guilherme Mello destacou que, al\u00e9m da regula\u00e7\u00e3o do mercado de carbono, como parte do\u00a0<a href=\"https:\/\/www.gov.br\/fazenda\/pt-br\/acesso-a-informacao\/acoes-e-programas\/transformacao-ecologica#:~:text=O%20Plano%20de%20Transforma%C3%A7%C3%A3o%20Ecol%C3%B3gica,distribui%C3%A7%C3%A3o%20justa%20e%20compartilhada%2C%20com\">Plano de Transforma\u00e7\u00e3o Ecol\u00f3gica<\/a>, o Minist\u00e9rio da Fazenda elabora a\u00a0<a href=\"https:\/\/www.gov.br\/participamaisbrasil\/taxonomia-sustentavel-brasilieira\">Taxonomia Sustent\u00e1vel Brasileira<\/a>, instrumento de classifica\u00e7\u00e3o objetiva, e com base cient\u00edfica, de iniciativas que contribuem para objetivos clim\u00e1ticos, ambientais e sociais.<\/p>\n\n\n\n<p>\u201cBasicamente, \u00e9 um dicion\u00e1rio que vai dizer o que \u00e9 considerado pr\u00e1tica sustent\u00e1vel e o que n\u00e3o \u00e9. O mercado de carbono e a taxonomia devem ser reconhecidos internacionalmente como sistemas s\u00e9rios, robustos, que realmente incentivem as pr\u00e1ticas sustent\u00e1veis e desincentivem aquelas emissoras\u201d, explicou.<\/p>\n\n\n\n<p><strong>Taxa\u00e7\u00e3o na fronteira<\/strong><\/p>\n\n\n\n<p>Outro tema em debate no painel foi o CBAM (Carbon Border Adjustment Mechanism, Mecanismo de Ajuste de Carbono na Fronteira), sistema criado pela Uni\u00e3o Europeia para taxa\u00e7\u00e3o de produtos com base em suas emiss\u00f5es de carbono. \u201cFaz sentido pensar \u2018eu estou punindo os meus emissores com taxa\u00e7\u00e3o ou cr\u00e9dito regular de carbono, enquanto outros pa\u00edses n\u00e3o est\u00e3o punindo seus emissores e, portanto, t\u00eam um custo menor\u2019. Mas o que nos preocupa \u00e9 que esse instrumento pode ser usado em estrat\u00e9gia de protecionismo comercial. N\u00e3o podemos usar instrumentos t\u00e3o importantes como os que visam a prote\u00e7\u00e3o ambiental, a mitiga\u00e7\u00e3o de emiss\u00f5es, com finalidade meramente desglobalizante\u201d, pontuou Guilherme Mello.<\/p>\n\n\n\n<p>O secret\u00e1rio defendeu a cria\u00e7\u00e3o de um grupo de pa\u00edses com mercado de carbono regulado sob crit\u00e9rios e metodologias comuns que experimente um controle de fronteiras n\u00e3o protecionista. Segundo Mello, o Brasil, a partir de agora, vai exercitar e calibrar o mercado de carbono, atento \u00e0s pr\u00e1ticas internacionais.<\/p>\n\n\n\n<p>Com informa\u00e7\u00f5es do Portal do Minist\u00e9rio da Fazenda. <\/p>\n\n\n\n<p><br><\/p>\n","protected":false},"excerpt":{"rendered":"<p>Sancionado pelo presidente Luiz In\u00e1cio Lula da Silva na semana passada, o marco legal do mercado de carbono no Brasil (Lei 15.042\/2024) foi tema do f\u00f3rum promovido pelo jornal Valor, na manh\u00e3 da \u00faltima segunda-feira (16\/12), em S\u00e3o Paulo, com transmiss\u00e3o pelo canal do jornal no Youtube. No painel de abertura do evento, o secret\u00e1rio [&hellip;]<\/p>\n","protected":false},"author":2,"featured_media":7140,"comment_status":"open","ping_status":"open","sticky":false,"template":"","format":"standard","meta":{"footnotes":""},"categories":[472,16,98],"tags":[811,812,613,815,813],"class_list":["post-7137","post","type-post","status-publish","format-standard","has-post-thumbnail","hentry","category-conteudo-para-associados","category-noticias","category-tendencias-de-mercado","tag-carbono","tag-cbes","tag-descarbonizacao","tag-greenwashing","tag-sustentabilidade-2"],"yoast_head":"<!-- This site is optimized with the Yoast SEO plugin v22.8 - https:\/\/yoast.com\/wordpress\/plugins\/seo\/ -->\n<title>Brasil j\u00e1 se prepara para o mercado global de carbono - Sindit\u00eaxtil-SP<\/title>\n<meta name=\"robots\" content=\"index, follow, max-snippet:-1, max-image-preview:large, max-video-preview:-1\" \/>\n<link rel=\"canonical\" href=\"https:\/\/sinditextilsp.org.br\/home\/2024\/12\/brasil-ja-se-prepara-para-o-mercado-global-de-carbono\/\" \/>\n<meta property=\"og:locale\" content=\"pt_BR\" \/>\n<meta property=\"og:type\" content=\"article\" \/>\n<meta property=\"og:title\" content=\"Brasil j\u00e1 se prepara para o mercado global de carbono - Sindit\u00eaxtil-SP\" \/>\n<meta property=\"og:description\" content=\"Sancionado pelo presidente Luiz In\u00e1cio Lula da Silva na semana passada, o marco legal do mercado de carbono no Brasil (Lei 15.042\/2024) foi tema do f\u00f3rum promovido pelo jornal Valor, na manh\u00e3 da \u00faltima segunda-feira (16\/12), em S\u00e3o Paulo, com transmiss\u00e3o pelo canal do jornal no Youtube. No painel de abertura do evento, o secret\u00e1rio [&hellip;]\" \/>\n<meta property=\"og:url\" content=\"https:\/\/sinditextilsp.org.br\/home\/2024\/12\/brasil-ja-se-prepara-para-o-mercado-global-de-carbono\/\" \/>\n<meta property=\"og:site_name\" content=\"Sindit\u00eaxtil-SP\" \/>\n<meta property=\"article:publisher\" content=\"https:\/\/www.facebook.com\/sinditextilsp\" \/>\n<meta property=\"article:published_time\" content=\"2024-12-18T12:00:00+00:00\" \/>\n<meta property=\"article:modified_time\" content=\"2024-12-18T01:12:26+00:00\" \/>\n<meta property=\"og:image\" content=\"https:\/\/sinditextilsp.org.br\/home\/wp-content\/uploads\/2024\/12\/Captura-de-Tela-2024-12-17-a\u0300s-22.09.26.png\" \/>\n\t<meta property=\"og:image:width\" content=\"976\" \/>\n\t<meta property=\"og:image:height\" content=\"840\" \/>\n\t<meta property=\"og:image:type\" content=\"image\/png\" \/>\n<meta name=\"author\" content=\"Sindit\u00eaxtil-SP\" \/>\n<meta name=\"twitter:card\" content=\"summary_large_image\" \/>\n<meta name=\"twitter:creator\" content=\"@SinditextilSP\" \/>\n<meta name=\"twitter:site\" content=\"@SinditextilSP\" \/>\n<meta name=\"twitter:label1\" content=\"Escrito por\" \/>\n\t<meta name=\"twitter:data1\" content=\"Sindit\u00eaxtil-SP\" \/>\n\t<meta name=\"twitter:label2\" content=\"Est. tempo de leitura\" \/>\n\t<meta name=\"twitter:data2\" content=\"4 minutos\" \/>\n<script type=\"application\/ld+json\" class=\"yoast-schema-graph\">{\"@context\":\"https:\/\/schema.org\",\"@graph\":[{\"@type\":\"WebPage\",\"@id\":\"https:\/\/sinditextilsp.org.br\/home\/2024\/12\/brasil-ja-se-prepara-para-o-mercado-global-de-carbono\/\",\"url\":\"https:\/\/sinditextilsp.org.br\/home\/2024\/12\/brasil-ja-se-prepara-para-o-mercado-global-de-carbono\/\",\"name\":\"Brasil j\u00e1 se prepara para o mercado global de carbono - Sindit\u00eaxtil-SP\",\"isPartOf\":{\"@id\":\"https:\/\/sinditextilsp.org.br\/home\/#website\"},\"primaryImageOfPage\":{\"@id\":\"https:\/\/sinditextilsp.org.br\/home\/2024\/12\/brasil-ja-se-prepara-para-o-mercado-global-de-carbono\/#primaryimage\"},\"image\":{\"@id\":\"https:\/\/sinditextilsp.org.br\/home\/2024\/12\/brasil-ja-se-prepara-para-o-mercado-global-de-carbono\/#primaryimage\"},\"thumbnailUrl\":\"https:\/\/sinditextilsp.org.br\/home\/wp-content\/uploads\/2024\/12\/Captura-de-Tela-2024-12-17-a\u0300s-22.09.26.png\",\"datePublished\":\"2024-12-18T12:00:00+00:00\",\"dateModified\":\"2024-12-18T01:12:26+00:00\",\"author\":{\"@id\":\"https:\/\/sinditextilsp.org.br\/home\/#\/schema\/person\/ceca3861f277dc1806d31199f1604264\"},\"breadcrumb\":{\"@id\":\"https:\/\/sinditextilsp.org.br\/home\/2024\/12\/brasil-ja-se-prepara-para-o-mercado-global-de-carbono\/#breadcrumb\"},\"inLanguage\":\"pt-BR\",\"potentialAction\":[{\"@type\":\"ReadAction\",\"target\":[\"https:\/\/sinditextilsp.org.br\/home\/2024\/12\/brasil-ja-se-prepara-para-o-mercado-global-de-carbono\/\"]}]},{\"@type\":\"ImageObject\",\"inLanguage\":\"pt-BR\",\"@id\":\"https:\/\/sinditextilsp.org.br\/home\/2024\/12\/brasil-ja-se-prepara-para-o-mercado-global-de-carbono\/#primaryimage\",\"url\":\"https:\/\/sinditextilsp.org.br\/home\/wp-content\/uploads\/2024\/12\/Captura-de-Tela-2024-12-17-a\u0300s-22.09.26.png\",\"contentUrl\":\"https:\/\/sinditextilsp.org.br\/home\/wp-content\/uploads\/2024\/12\/Captura-de-Tela-2024-12-17-a\u0300s-22.09.26.png\",\"width\":976,\"height\":840,\"caption\":\"Unsplash\"},{\"@type\":\"BreadcrumbList\",\"@id\":\"https:\/\/sinditextilsp.org.br\/home\/2024\/12\/brasil-ja-se-prepara-para-o-mercado-global-de-carbono\/#breadcrumb\",\"itemListElement\":[{\"@type\":\"ListItem\",\"position\":1,\"name\":\"In\u00edcio\",\"item\":\"https:\/\/sinditextilsp.org.br\/home\/\"},{\"@type\":\"ListItem\",\"position\":2,\"name\":\"Brasil j\u00e1 se prepara para o mercado global de carbono\"}]},{\"@type\":\"WebSite\",\"@id\":\"https:\/\/sinditextilsp.org.br\/home\/#website\",\"url\":\"https:\/\/sinditextilsp.org.br\/home\/\",\"name\":\"Sindit\u00eaxtil-SP\",\"description\":\"Sindicato T\u00eaxtil de S\u00e3o Paulo\",\"potentialAction\":[{\"@type\":\"SearchAction\",\"target\":{\"@type\":\"EntryPoint\",\"urlTemplate\":\"https:\/\/sinditextilsp.org.br\/home\/?s={search_term_string}\"},\"query-input\":\"required name=search_term_string\"}],\"inLanguage\":\"pt-BR\"},{\"@type\":\"Person\",\"@id\":\"https:\/\/sinditextilsp.org.br\/home\/#\/schema\/person\/ceca3861f277dc1806d31199f1604264\",\"name\":\"Sindit\u00eaxtil-SP\",\"image\":{\"@type\":\"ImageObject\",\"inLanguage\":\"pt-BR\",\"@id\":\"https:\/\/sinditextilsp.org.br\/home\/#\/schema\/person\/image\/\",\"url\":\"https:\/\/secure.gravatar.com\/avatar\/1004e4f7c56213ad977aba92436bc447272b6a4743534ef04a82f43c866dd0e0?s=96&d=mm&r=g\",\"contentUrl\":\"https:\/\/secure.gravatar.com\/avatar\/1004e4f7c56213ad977aba92436bc447272b6a4743534ef04a82f43c866dd0e0?s=96&d=mm&r=g\",\"caption\":\"Sindit\u00eaxtil-SP\"},\"url\":\"https:\/\/sinditextilsp.org.br\/home\/author\/sinditextilsp\/\"}]}<\/script>\n<!-- \/ Yoast SEO plugin. -->","yoast_head_json":{"title":"Brasil j\u00e1 se prepara para o mercado global de carbono - Sindit\u00eaxtil-SP","robots":{"index":"index","follow":"follow","max-snippet":"max-snippet:-1","max-image-preview":"max-image-preview:large","max-video-preview":"max-video-preview:-1"},"canonical":"https:\/\/sinditextilsp.org.br\/home\/2024\/12\/brasil-ja-se-prepara-para-o-mercado-global-de-carbono\/","og_locale":"pt_BR","og_type":"article","og_title":"Brasil j\u00e1 se prepara para o mercado global de carbono - Sindit\u00eaxtil-SP","og_description":"Sancionado pelo presidente Luiz In\u00e1cio Lula da Silva na semana passada, o marco legal do mercado de carbono no Brasil (Lei 15.042\/2024) foi tema do f\u00f3rum promovido pelo jornal Valor, na manh\u00e3 da \u00faltima segunda-feira (16\/12), em S\u00e3o Paulo, com transmiss\u00e3o pelo canal do jornal no Youtube. No painel de abertura do evento, o secret\u00e1rio [&hellip;]","og_url":"https:\/\/sinditextilsp.org.br\/home\/2024\/12\/brasil-ja-se-prepara-para-o-mercado-global-de-carbono\/","og_site_name":"Sindit\u00eaxtil-SP","article_publisher":"https:\/\/www.facebook.com\/sinditextilsp","article_published_time":"2024-12-18T12:00:00+00:00","article_modified_time":"2024-12-18T01:12:26+00:00","og_image":[{"width":976,"height":840,"url":"https:\/\/sinditextilsp.org.br\/home\/wp-content\/uploads\/2024\/12\/Captura-de-Tela-2024-12-17-a\u0300s-22.09.26.png","type":"image\/png"}],"author":"Sindit\u00eaxtil-SP","twitter_card":"summary_large_image","twitter_creator":"@SinditextilSP","twitter_site":"@SinditextilSP","twitter_misc":{"Escrito por":"Sindit\u00eaxtil-SP","Est. tempo de leitura":"4 minutos"},"schema":{"@context":"https:\/\/schema.org","@graph":[{"@type":"WebPage","@id":"https:\/\/sinditextilsp.org.br\/home\/2024\/12\/brasil-ja-se-prepara-para-o-mercado-global-de-carbono\/","url":"https:\/\/sinditextilsp.org.br\/home\/2024\/12\/brasil-ja-se-prepara-para-o-mercado-global-de-carbono\/","name":"Brasil j\u00e1 se prepara para o mercado global de carbono - Sindit\u00eaxtil-SP","isPartOf":{"@id":"https:\/\/sinditextilsp.org.br\/home\/#website"},"primaryImageOfPage":{"@id":"https:\/\/sinditextilsp.org.br\/home\/2024\/12\/brasil-ja-se-prepara-para-o-mercado-global-de-carbono\/#primaryimage"},"image":{"@id":"https:\/\/sinditextilsp.org.br\/home\/2024\/12\/brasil-ja-se-prepara-para-o-mercado-global-de-carbono\/#primaryimage"},"thumbnailUrl":"https:\/\/sinditextilsp.org.br\/home\/wp-content\/uploads\/2024\/12\/Captura-de-Tela-2024-12-17-a\u0300s-22.09.26.png","datePublished":"2024-12-18T12:00:00+00:00","dateModified":"2024-12-18T01:12:26+00:00","author":{"@id":"https:\/\/sinditextilsp.org.br\/home\/#\/schema\/person\/ceca3861f277dc1806d31199f1604264"},"breadcrumb":{"@id":"https:\/\/sinditextilsp.org.br\/home\/2024\/12\/brasil-ja-se-prepara-para-o-mercado-global-de-carbono\/#breadcrumb"},"inLanguage":"pt-BR","potentialAction":[{"@type":"ReadAction","target":["https:\/\/sinditextilsp.org.br\/home\/2024\/12\/brasil-ja-se-prepara-para-o-mercado-global-de-carbono\/"]}]},{"@type":"ImageObject","inLanguage":"pt-BR","@id":"https:\/\/sinditextilsp.org.br\/home\/2024\/12\/brasil-ja-se-prepara-para-o-mercado-global-de-carbono\/#primaryimage","url":"https:\/\/sinditextilsp.org.br\/home\/wp-content\/uploads\/2024\/12\/Captura-de-Tela-2024-12-17-a\u0300s-22.09.26.png","contentUrl":"https:\/\/sinditextilsp.org.br\/home\/wp-content\/uploads\/2024\/12\/Captura-de-Tela-2024-12-17-a\u0300s-22.09.26.png","width":976,"height":840,"caption":"Unsplash"},{"@type":"BreadcrumbList","@id":"https:\/\/sinditextilsp.org.br\/home\/2024\/12\/brasil-ja-se-prepara-para-o-mercado-global-de-carbono\/#breadcrumb","itemListElement":[{"@type":"ListItem","position":1,"name":"In\u00edcio","item":"https:\/\/sinditextilsp.org.br\/home\/"},{"@type":"ListItem","position":2,"name":"Brasil j\u00e1 se prepara para o mercado global de carbono"}]},{"@type":"WebSite","@id":"https:\/\/sinditextilsp.org.br\/home\/#website","url":"https:\/\/sinditextilsp.org.br\/home\/","name":"Sindit\u00eaxtil-SP","description":"Sindicato T\u00eaxtil de S\u00e3o Paulo","potentialAction":[{"@type":"SearchAction","target":{"@type":"EntryPoint","urlTemplate":"https:\/\/sinditextilsp.org.br\/home\/?s={search_term_string}"},"query-input":"required name=search_term_string"}],"inLanguage":"pt-BR"},{"@type":"Person","@id":"https:\/\/sinditextilsp.org.br\/home\/#\/schema\/person\/ceca3861f277dc1806d31199f1604264","name":"Sindit\u00eaxtil-SP","image":{"@type":"ImageObject","inLanguage":"pt-BR","@id":"https:\/\/sinditextilsp.org.br\/home\/#\/schema\/person\/image\/","url":"https:\/\/secure.gravatar.com\/avatar\/1004e4f7c56213ad977aba92436bc447272b6a4743534ef04a82f43c866dd0e0?s=96&d=mm&r=g","contentUrl":"https:\/\/secure.gravatar.com\/avatar\/1004e4f7c56213ad977aba92436bc447272b6a4743534ef04a82f43c866dd0e0?s=96&d=mm&r=g","caption":"Sindit\u00eaxtil-SP"},"url":"https:\/\/sinditextilsp.org.br\/home\/author\/sinditextilsp\/"}]}},"_links":{"self":[{"href":"https:\/\/sinditextilsp.org.br\/home\/wp-json\/wp\/v2\/posts\/7137","targetHints":{"allow":["GET"]}}],"collection":[{"href":"https:\/\/sinditextilsp.org.br\/home\/wp-json\/wp\/v2\/posts"}],"about":[{"href":"https:\/\/sinditextilsp.org.br\/home\/wp-json\/wp\/v2\/types\/post"}],"author":[{"embeddable":true,"href":"https:\/\/sinditextilsp.org.br\/home\/wp-json\/wp\/v2\/users\/2"}],"replies":[{"embeddable":true,"href":"https:\/\/sinditextilsp.org.br\/home\/wp-json\/wp\/v2\/comments?post=7137"}],"version-history":[{"count":1,"href":"https:\/\/sinditextilsp.org.br\/home\/wp-json\/wp\/v2\/posts\/7137\/revisions"}],"predecessor-version":[{"id":7139,"href":"https:\/\/sinditextilsp.org.br\/home\/wp-json\/wp\/v2\/posts\/7137\/revisions\/7139"}],"wp:featuredmedia":[{"embeddable":true,"href":"https:\/\/sinditextilsp.org.br\/home\/wp-json\/wp\/v2\/media\/7140"}],"wp:attachment":[{"href":"https:\/\/sinditextilsp.org.br\/home\/wp-json\/wp\/v2\/media?parent=7137"}],"wp:term":[{"taxonomy":"category","embeddable":true,"href":"https:\/\/sinditextilsp.org.br\/home\/wp-json\/wp\/v2\/categories?post=7137"},{"taxonomy":"post_tag","embeddable":true,"href":"https:\/\/sinditextilsp.org.br\/home\/wp-json\/wp\/v2\/tags?post=7137"}],"curies":[{"name":"wp","href":"https:\/\/api.w.org\/{rel}","templated":true}]}}