{"id":7208,"date":"2025-01-02T11:34:15","date_gmt":"2025-01-02T14:34:15","guid":{"rendered":"https:\/\/sinditextilsp.org.br\/home\/?p=7208"},"modified":"2025-01-02T11:41:58","modified_gmt":"2025-01-02T14:41:58","slug":"confianca-empresarial-fecha-2024-com-leve-queda","status":"publish","type":"post","link":"https:\/\/sinditextilsp.org.br\/home\/2025\/01\/confianca-empresarial-fecha-2024-com-leve-queda\/","title":{"rendered":"Ano de 2024 encerra com leve queda da confian\u00e7a empresarial"},"content":{"rendered":"\n<p><\/p>\n\n\n\n<p>O \u00cdndice de Confian\u00e7a Empresarial (ICE) do FGV IBRE registrou uma queda de 0,1 ponto em novembro, atingindo 97,3 pontos. O resultado, assim como no m\u00eas anterior, reflete din\u00e2micas opostas em seus dois \u00edndices-componentes: enquanto o \u00cdndice de Situa\u00e7\u00e3o Atual apresentou alta, o \u00cdndice de Expectativas recuou. Em m\u00e9dias m\u00f3veis trimestrais, o ICE se manteve est\u00e1vel.<\/p>\n\n\n\n<p>\u201cA confian\u00e7a empresarial encerra 2024 indicando perda de f\u00f4lego da retomada observada ao longo do ano. A virtual estabilidade de dezembro ocorre pela combina\u00e7\u00e3o de melhora dos indicadores sobre o momento presente e piora nas expectativas. Por um lado, os empres\u00e1rios t\u00eam reportado sinaliza\u00e7\u00e3o de demanda aquecida, retratando o ritmo favor\u00e1vel da economia brasileira. Por outro lado, a piora nas expectativas, disseminada entre os setores, sugere que 2025 ser\u00e1 um ano mais desafiador. O cen\u00e1rio macroecon\u00f4mico com aumento dos juros, d\u00f3lar em alta e incerteza sobre sustentabilidade fiscal, contribui para maior cautela dos empres\u00e1rios na virada do ano\u201d, avalia Rodolpho Tobler, economista do FGV IBRE.<\/p>\n\n\n\n<p>Em dezembro, o \u00cdndice de Expectativas Empresariais (IE-E) recuou 1,0 ponto, para 95,0 pontos, influenciado exclusivamente pela queda de 2,1 pontos no m\u00eas, para 94,9 pontos, do indicador que mede as expectativas com a evolu\u00e7\u00e3o dos neg\u00f3cios seis meses \u00e0 frente. O indicador que mede as expectativas com rela\u00e7\u00e3o \u00e0 demanda, por sua vez, registrou leve alta no m\u00eas, avan\u00e7ando 0,1 ponto, para 95,2 pontos. O \u00cdndice da Situa\u00e7\u00e3o Atual Empresarial (ISA-E), em um movimento oposto, avan\u00e7ou 0,7 ponto em dezembro, para 99,6 pontos, e atingindo o maior n\u00edvel desde dezembro de 2013 (100,2 pontos naquela ocasi\u00e3o). Seus dois componentes, o indicador que mede a percep\u00e7\u00e3o sobre a situa\u00e7\u00e3o atual dos neg\u00f3cios e o que avalia a demanda corrente, avan\u00e7aram 0,5 e 0,9 ponto, respectivamente, para 99,0 e 100,1 pontos.<\/p>\n\n\n\n<p>Com informa\u00e7\u00f5es do Portal Ibre. <\/p>\n\n\n\n<p><\/p>\n","protected":false},"excerpt":{"rendered":"<p>O \u00cdndice de Confian\u00e7a Empresarial (ICE) do FGV IBRE registrou uma queda de 0,1 ponto em novembro, atingindo 97,3 pontos. O resultado, assim como no m\u00eas anterior, reflete din\u00e2micas opostas em seus dois \u00edndices-componentes: enquanto o \u00cdndice de Situa\u00e7\u00e3o Atual apresentou alta, o \u00cdndice de Expectativas recuou. Em m\u00e9dias m\u00f3veis trimestrais, o ICE se manteve [&hellip;]<\/p>\n","protected":false},"author":2,"featured_media":3044,"comment_status":"open","ping_status":"open","sticky":false,"template":"","format":"standard","meta":{"footnotes":""},"categories":[472,16,98],"tags":[103,817,769],"class_list":["post-7208","post","type-post","status-publish","format-standard","has-post-thumbnail","hentry","category-conteudo-para-associados","category-noticias","category-tendencias-de-mercado","tag-confianca","tag-empresariado","tag-ice"],"yoast_head":"<!-- This site is optimized with the Yoast SEO plugin v22.8 - https:\/\/yoast.com\/wordpress\/plugins\/seo\/ -->\n<title>Ano de 2024 encerra com leve queda da confian\u00e7a empresarial - Sindit\u00eaxtil-SP<\/title>\n<meta name=\"robots\" content=\"index, follow, max-snippet:-1, max-image-preview:large, max-video-preview:-1\" \/>\n<link rel=\"canonical\" href=\"https:\/\/sinditextilsp.org.br\/home\/2025\/01\/confianca-empresarial-fecha-2024-com-leve-queda\/\" \/>\n<meta property=\"og:locale\" content=\"pt_BR\" \/>\n<meta property=\"og:type\" content=\"article\" \/>\n<meta property=\"og:title\" content=\"Ano de 2024 encerra com leve queda da confian\u00e7a empresarial - Sindit\u00eaxtil-SP\" \/>\n<meta property=\"og:description\" content=\"O \u00cdndice de Confian\u00e7a Empresarial (ICE) do FGV IBRE registrou uma queda de 0,1 ponto em novembro, atingindo 97,3 pontos. O resultado, assim como no m\u00eas anterior, reflete din\u00e2micas opostas em seus dois \u00edndices-componentes: enquanto o \u00cdndice de Situa\u00e7\u00e3o Atual apresentou alta, o \u00cdndice de Expectativas recuou. Em m\u00e9dias m\u00f3veis trimestrais, o ICE se manteve [&hellip;]\" \/>\n<meta property=\"og:url\" content=\"https:\/\/sinditextilsp.org.br\/home\/2025\/01\/confianca-empresarial-fecha-2024-com-leve-queda\/\" \/>\n<meta property=\"og:site_name\" content=\"Sindit\u00eaxtil-SP\" \/>\n<meta property=\"article:publisher\" content=\"https:\/\/www.facebook.com\/sinditextilsp\" \/>\n<meta property=\"article:published_time\" content=\"2025-01-02T14:34:15+00:00\" \/>\n<meta property=\"article:modified_time\" content=\"2025-01-02T14:41:58+00:00\" \/>\n<meta property=\"og:image\" content=\"https:\/\/sinditextilsp.org.br\/home\/wp-content\/uploads\/2022\/12\/confianca-empresario-caiu-sinditextil-scaled.jpg\" \/>\n\t<meta property=\"og:image:width\" content=\"2560\" \/>\n\t<meta property=\"og:image:height\" content=\"1707\" \/>\n\t<meta property=\"og:image:type\" content=\"image\/jpeg\" \/>\n<meta name=\"author\" content=\"Sindit\u00eaxtil-SP\" \/>\n<meta name=\"twitter:card\" content=\"summary_large_image\" \/>\n<meta name=\"twitter:creator\" content=\"@SinditextilSP\" \/>\n<meta name=\"twitter:site\" content=\"@SinditextilSP\" \/>\n<meta name=\"twitter:label1\" content=\"Escrito por\" \/>\n\t<meta name=\"twitter:data1\" content=\"Sindit\u00eaxtil-SP\" \/>\n\t<meta name=\"twitter:label2\" content=\"Est. tempo de leitura\" \/>\n\t<meta name=\"twitter:data2\" content=\"2 minutos\" \/>\n<script type=\"application\/ld+json\" class=\"yoast-schema-graph\">{\"@context\":\"https:\/\/schema.org\",\"@graph\":[{\"@type\":\"WebPage\",\"@id\":\"https:\/\/sinditextilsp.org.br\/home\/2025\/01\/confianca-empresarial-fecha-2024-com-leve-queda\/\",\"url\":\"https:\/\/sinditextilsp.org.br\/home\/2025\/01\/confianca-empresarial-fecha-2024-com-leve-queda\/\",\"name\":\"Ano de 2024 encerra com leve queda da confian\u00e7a empresarial - Sindit\u00eaxtil-SP\",\"isPartOf\":{\"@id\":\"https:\/\/sinditextilsp.org.br\/home\/#website\"},\"primaryImageOfPage\":{\"@id\":\"https:\/\/sinditextilsp.org.br\/home\/2025\/01\/confianca-empresarial-fecha-2024-com-leve-queda\/#primaryimage\"},\"image\":{\"@id\":\"https:\/\/sinditextilsp.org.br\/home\/2025\/01\/confianca-empresarial-fecha-2024-com-leve-queda\/#primaryimage\"},\"thumbnailUrl\":\"https:\/\/sinditextilsp.org.br\/home\/wp-content\/uploads\/2022\/12\/confianca-empresario-caiu-sinditextil-scaled.jpg\",\"datePublished\":\"2025-01-02T14:34:15+00:00\",\"dateModified\":\"2025-01-02T14:41:58+00:00\",\"author\":{\"@id\":\"https:\/\/sinditextilsp.org.br\/home\/#\/schema\/person\/ceca3861f277dc1806d31199f1604264\"},\"breadcrumb\":{\"@id\":\"https:\/\/sinditextilsp.org.br\/home\/2025\/01\/confianca-empresarial-fecha-2024-com-leve-queda\/#breadcrumb\"},\"inLanguage\":\"pt-BR\",\"potentialAction\":[{\"@type\":\"ReadAction\",\"target\":[\"https:\/\/sinditextilsp.org.br\/home\/2025\/01\/confianca-empresarial-fecha-2024-com-leve-queda\/\"]}]},{\"@type\":\"ImageObject\",\"inLanguage\":\"pt-BR\",\"@id\":\"https:\/\/sinditextilsp.org.br\/home\/2025\/01\/confianca-empresarial-fecha-2024-com-leve-queda\/#primaryimage\",\"url\":\"https:\/\/sinditextilsp.org.br\/home\/wp-content\/uploads\/2022\/12\/confianca-empresario-caiu-sinditextil-scaled.jpg\",\"contentUrl\":\"https:\/\/sinditextilsp.org.br\/home\/wp-content\/uploads\/2022\/12\/confianca-empresario-caiu-sinditextil-scaled.jpg\",\"width\":2560,\"height\":1707},{\"@type\":\"BreadcrumbList\",\"@id\":\"https:\/\/sinditextilsp.org.br\/home\/2025\/01\/confianca-empresarial-fecha-2024-com-leve-queda\/#breadcrumb\",\"itemListElement\":[{\"@type\":\"ListItem\",\"position\":1,\"name\":\"In\u00edcio\",\"item\":\"https:\/\/sinditextilsp.org.br\/home\/\"},{\"@type\":\"ListItem\",\"position\":2,\"name\":\"Ano de 2024 encerra com leve queda da confian\u00e7a empresarial\"}]},{\"@type\":\"WebSite\",\"@id\":\"https:\/\/sinditextilsp.org.br\/home\/#website\",\"url\":\"https:\/\/sinditextilsp.org.br\/home\/\",\"name\":\"Sindit\u00eaxtil-SP\",\"description\":\"Sindicato T\u00eaxtil de S\u00e3o Paulo\",\"potentialAction\":[{\"@type\":\"SearchAction\",\"target\":{\"@type\":\"EntryPoint\",\"urlTemplate\":\"https:\/\/sinditextilsp.org.br\/home\/?s={search_term_string}\"},\"query-input\":\"required name=search_term_string\"}],\"inLanguage\":\"pt-BR\"},{\"@type\":\"Person\",\"@id\":\"https:\/\/sinditextilsp.org.br\/home\/#\/schema\/person\/ceca3861f277dc1806d31199f1604264\",\"name\":\"Sindit\u00eaxtil-SP\",\"image\":{\"@type\":\"ImageObject\",\"inLanguage\":\"pt-BR\",\"@id\":\"https:\/\/sinditextilsp.org.br\/home\/#\/schema\/person\/image\/\",\"url\":\"https:\/\/secure.gravatar.com\/avatar\/1004e4f7c56213ad977aba92436bc447272b6a4743534ef04a82f43c866dd0e0?s=96&d=mm&r=g\",\"contentUrl\":\"https:\/\/secure.gravatar.com\/avatar\/1004e4f7c56213ad977aba92436bc447272b6a4743534ef04a82f43c866dd0e0?s=96&d=mm&r=g\",\"caption\":\"Sindit\u00eaxtil-SP\"},\"url\":\"https:\/\/sinditextilsp.org.br\/home\/author\/sinditextilsp\/\"}]}<\/script>\n<!-- \/ Yoast SEO plugin. -->","yoast_head_json":{"title":"Ano de 2024 encerra com leve queda da confian\u00e7a empresarial - Sindit\u00eaxtil-SP","robots":{"index":"index","follow":"follow","max-snippet":"max-snippet:-1","max-image-preview":"max-image-preview:large","max-video-preview":"max-video-preview:-1"},"canonical":"https:\/\/sinditextilsp.org.br\/home\/2025\/01\/confianca-empresarial-fecha-2024-com-leve-queda\/","og_locale":"pt_BR","og_type":"article","og_title":"Ano de 2024 encerra com leve queda da confian\u00e7a empresarial - Sindit\u00eaxtil-SP","og_description":"O \u00cdndice de Confian\u00e7a Empresarial (ICE) do FGV IBRE registrou uma queda de 0,1 ponto em novembro, atingindo 97,3 pontos. O resultado, assim como no m\u00eas anterior, reflete din\u00e2micas opostas em seus dois \u00edndices-componentes: enquanto o \u00cdndice de Situa\u00e7\u00e3o Atual apresentou alta, o \u00cdndice de Expectativas recuou. Em m\u00e9dias m\u00f3veis trimestrais, o ICE se manteve [&hellip;]","og_url":"https:\/\/sinditextilsp.org.br\/home\/2025\/01\/confianca-empresarial-fecha-2024-com-leve-queda\/","og_site_name":"Sindit\u00eaxtil-SP","article_publisher":"https:\/\/www.facebook.com\/sinditextilsp","article_published_time":"2025-01-02T14:34:15+00:00","article_modified_time":"2025-01-02T14:41:58+00:00","og_image":[{"width":2560,"height":1707,"url":"https:\/\/sinditextilsp.org.br\/home\/wp-content\/uploads\/2022\/12\/confianca-empresario-caiu-sinditextil-scaled.jpg","type":"image\/jpeg"}],"author":"Sindit\u00eaxtil-SP","twitter_card":"summary_large_image","twitter_creator":"@SinditextilSP","twitter_site":"@SinditextilSP","twitter_misc":{"Escrito por":"Sindit\u00eaxtil-SP","Est. tempo de leitura":"2 minutos"},"schema":{"@context":"https:\/\/schema.org","@graph":[{"@type":"WebPage","@id":"https:\/\/sinditextilsp.org.br\/home\/2025\/01\/confianca-empresarial-fecha-2024-com-leve-queda\/","url":"https:\/\/sinditextilsp.org.br\/home\/2025\/01\/confianca-empresarial-fecha-2024-com-leve-queda\/","name":"Ano de 2024 encerra com leve queda da confian\u00e7a empresarial - Sindit\u00eaxtil-SP","isPartOf":{"@id":"https:\/\/sinditextilsp.org.br\/home\/#website"},"primaryImageOfPage":{"@id":"https:\/\/sinditextilsp.org.br\/home\/2025\/01\/confianca-empresarial-fecha-2024-com-leve-queda\/#primaryimage"},"image":{"@id":"https:\/\/sinditextilsp.org.br\/home\/2025\/01\/confianca-empresarial-fecha-2024-com-leve-queda\/#primaryimage"},"thumbnailUrl":"https:\/\/sinditextilsp.org.br\/home\/wp-content\/uploads\/2022\/12\/confianca-empresario-caiu-sinditextil-scaled.jpg","datePublished":"2025-01-02T14:34:15+00:00","dateModified":"2025-01-02T14:41:58+00:00","author":{"@id":"https:\/\/sinditextilsp.org.br\/home\/#\/schema\/person\/ceca3861f277dc1806d31199f1604264"},"breadcrumb":{"@id":"https:\/\/sinditextilsp.org.br\/home\/2025\/01\/confianca-empresarial-fecha-2024-com-leve-queda\/#breadcrumb"},"inLanguage":"pt-BR","potentialAction":[{"@type":"ReadAction","target":["https:\/\/sinditextilsp.org.br\/home\/2025\/01\/confianca-empresarial-fecha-2024-com-leve-queda\/"]}]},{"@type":"ImageObject","inLanguage":"pt-BR","@id":"https:\/\/sinditextilsp.org.br\/home\/2025\/01\/confianca-empresarial-fecha-2024-com-leve-queda\/#primaryimage","url":"https:\/\/sinditextilsp.org.br\/home\/wp-content\/uploads\/2022\/12\/confianca-empresario-caiu-sinditextil-scaled.jpg","contentUrl":"https:\/\/sinditextilsp.org.br\/home\/wp-content\/uploads\/2022\/12\/confianca-empresario-caiu-sinditextil-scaled.jpg","width":2560,"height":1707},{"@type":"BreadcrumbList","@id":"https:\/\/sinditextilsp.org.br\/home\/2025\/01\/confianca-empresarial-fecha-2024-com-leve-queda\/#breadcrumb","itemListElement":[{"@type":"ListItem","position":1,"name":"In\u00edcio","item":"https:\/\/sinditextilsp.org.br\/home\/"},{"@type":"ListItem","position":2,"name":"Ano de 2024 encerra com leve queda da confian\u00e7a empresarial"}]},{"@type":"WebSite","@id":"https:\/\/sinditextilsp.org.br\/home\/#website","url":"https:\/\/sinditextilsp.org.br\/home\/","name":"Sindit\u00eaxtil-SP","description":"Sindicato T\u00eaxtil de S\u00e3o Paulo","potentialAction":[{"@type":"SearchAction","target":{"@type":"EntryPoint","urlTemplate":"https:\/\/sinditextilsp.org.br\/home\/?s={search_term_string}"},"query-input":"required name=search_term_string"}],"inLanguage":"pt-BR"},{"@type":"Person","@id":"https:\/\/sinditextilsp.org.br\/home\/#\/schema\/person\/ceca3861f277dc1806d31199f1604264","name":"Sindit\u00eaxtil-SP","image":{"@type":"ImageObject","inLanguage":"pt-BR","@id":"https:\/\/sinditextilsp.org.br\/home\/#\/schema\/person\/image\/","url":"https:\/\/secure.gravatar.com\/avatar\/1004e4f7c56213ad977aba92436bc447272b6a4743534ef04a82f43c866dd0e0?s=96&d=mm&r=g","contentUrl":"https:\/\/secure.gravatar.com\/avatar\/1004e4f7c56213ad977aba92436bc447272b6a4743534ef04a82f43c866dd0e0?s=96&d=mm&r=g","caption":"Sindit\u00eaxtil-SP"},"url":"https:\/\/sinditextilsp.org.br\/home\/author\/sinditextilsp\/"}]}},"_links":{"self":[{"href":"https:\/\/sinditextilsp.org.br\/home\/wp-json\/wp\/v2\/posts\/7208","targetHints":{"allow":["GET"]}}],"collection":[{"href":"https:\/\/sinditextilsp.org.br\/home\/wp-json\/wp\/v2\/posts"}],"about":[{"href":"https:\/\/sinditextilsp.org.br\/home\/wp-json\/wp\/v2\/types\/post"}],"author":[{"embeddable":true,"href":"https:\/\/sinditextilsp.org.br\/home\/wp-json\/wp\/v2\/users\/2"}],"replies":[{"embeddable":true,"href":"https:\/\/sinditextilsp.org.br\/home\/wp-json\/wp\/v2\/comments?post=7208"}],"version-history":[{"count":4,"href":"https:\/\/sinditextilsp.org.br\/home\/wp-json\/wp\/v2\/posts\/7208\/revisions"}],"predecessor-version":[{"id":7213,"href":"https:\/\/sinditextilsp.org.br\/home\/wp-json\/wp\/v2\/posts\/7208\/revisions\/7213"}],"wp:featuredmedia":[{"embeddable":true,"href":"https:\/\/sinditextilsp.org.br\/home\/wp-json\/wp\/v2\/media\/3044"}],"wp:attachment":[{"href":"https:\/\/sinditextilsp.org.br\/home\/wp-json\/wp\/v2\/media?parent=7208"}],"wp:term":[{"taxonomy":"category","embeddable":true,"href":"https:\/\/sinditextilsp.org.br\/home\/wp-json\/wp\/v2\/categories?post=7208"},{"taxonomy":"post_tag","embeddable":true,"href":"https:\/\/sinditextilsp.org.br\/home\/wp-json\/wp\/v2\/tags?post=7208"}],"curies":[{"name":"wp","href":"https:\/\/api.w.org\/{rel}","templated":true}]}}