{"id":7439,"date":"2025-01-20T11:18:47","date_gmt":"2025-01-20T14:18:47","guid":{"rendered":"https:\/\/sinditextilsp.org.br\/home\/?p=7439"},"modified":"2025-01-24T11:25:33","modified_gmt":"2025-01-24T14:25:33","slug":"prevencao-do-burnout-e-discutido-no-decimo-episodio-do-podcast-fio-de-prosa","status":"publish","type":"post","link":"https:\/\/sinditextilsp.org.br\/home\/2025\/01\/prevencao-do-burnout-e-discutido-no-decimo-episodio-do-podcast-fio-de-prosa\/","title":{"rendered":"Preven\u00e7\u00e3o do Burnout \u00e9 discutido no d\u00e9cimo epis\u00f3dio do podcast Fio de Prosa\u00a0"},"content":{"rendered":"\n<p><\/p>\n\n\n\n<p>O Sindit\u00eaxtil-SP sempre buscando atualizar empres\u00e1rios, fornecedores, pesquisadores, estudantes e todos aqueles que se interessam pelo mercado de moda, traz, na d\u00e9cima edi\u00e7\u00e3o do podcast Fio de Prosa, a quest\u00e3o da S\u00edndrome de Burnout que, segundo dados da Associa\u00e7\u00e3o Nacional de Medicina do Trabalho (Anamt), afeta aproximadamente 30% dos trabalhadores brasileiros.\u00a0<\/p>\n\n\n\n<p>Para discutir o tema, al\u00e9m do presidente do Sindit\u00eaxtil-SP Julio Scudeler e a gerente de comunica\u00e7\u00e3o da entidade, Ligia Santos, condutora do programa, s\u00e3o convidados o Dr. Artur Zular e Oswaldo Oliveira. Zular \u00e9 presidente da Associa\u00e7\u00e3o Brasileira de Medicina Psicossom\u00e1tica \u2013 Regional S\u00e3o Paulo e coordenador da P\u00f3s-Gradua\u00e7\u00e3o de Psicossom\u00e1tica da Faculdade de Ci\u00eancias M\u00e9dicas de S\u00e3o Paulo, enquanto Oliveira \u00e9 diretor de opera\u00e7\u00f5es do Grupo Rosset.&nbsp;<\/p>\n\n\n\n<p>O assunto \u00e9 discutido tanto do ponto de vista m\u00e9dico, com Zular explicando o que caracteriza o Burnout, mostrando diferen\u00e7as com quest\u00f5es de sa\u00fade mental, quanto do ponto de vista empresarial, com Oliveira apresentando observa\u00e7\u00f5es sobre transtornos mentais que trabalhadores das ind\u00fastrias t\u00eaxteis podem sofrer, assim como as formas que as empresas tem trabalhado para evitar situa\u00e7\u00f5es de estresse que podem evoluir para a s\u00edndrome.&nbsp;<\/p>\n\n\n\n<p>O podcast \u00e9 mensal, pode ser conferido no <a href=\"https:\/\/www.youtube.com\/watch?v=K_VcDLR8xKE&amp;t=446s\">Youtube<\/a>,<a href=\"https:\/\/open.spotify.com\/episode\/1O3SLt9nyQQWsTxaSVXBNo\"> Spotify <\/a>e tamb\u00e9m no site do Sindit\u00eaxtil-SP e sempre traz especialistas que discutem temas pertinentes ao segmento t\u00eaxtil e corporativo, com dados da ind\u00fastria paulista.\u00a0<\/p>\n","protected":false},"excerpt":{"rendered":"<p>O Sindit\u00eaxtil-SP sempre buscando atualizar empres\u00e1rios, fornecedores, pesquisadores, estudantes e todos aqueles que se interessam pelo mercado de moda, traz, na d\u00e9cima edi\u00e7\u00e3o do podcast Fio de Prosa, a quest\u00e3o da S\u00edndrome de Burnout que, segundo dados da Associa\u00e7\u00e3o Nacional de Medicina do Trabalho (Anamt), afeta aproximadamente 30% dos trabalhadores brasileiros.\u00a0 Para discutir o tema, [&hellip;]<\/p>\n","protected":false},"author":2,"featured_media":7415,"comment_status":"open","ping_status":"open","sticky":false,"template":"","format":"standard","meta":{"footnotes":""},"categories":[56,16],"tags":[838,268],"class_list":["post-7439","post","type-post","status-publish","format-standard","has-post-thumbnail","hentry","category-destaques","category-noticias","tag-burnout","tag-fio-de-prosa"],"yoast_head":"<!-- This site is optimized with the Yoast SEO plugin v22.8 - https:\/\/yoast.com\/wordpress\/plugins\/seo\/ -->\n<title>Preven\u00e7\u00e3o do Burnout \u00e9 discutido no d\u00e9cimo epis\u00f3dio do podcast Fio de Prosa\u00a0 - Sindit\u00eaxtil-SP<\/title>\n<meta name=\"robots\" content=\"index, follow, max-snippet:-1, max-image-preview:large, max-video-preview:-1\" \/>\n<link rel=\"canonical\" href=\"https:\/\/sinditextilsp.org.br\/home\/2025\/01\/prevencao-do-burnout-e-discutido-no-decimo-episodio-do-podcast-fio-de-prosa\/\" \/>\n<meta property=\"og:locale\" content=\"pt_BR\" \/>\n<meta property=\"og:type\" content=\"article\" \/>\n<meta property=\"og:title\" content=\"Preven\u00e7\u00e3o do Burnout \u00e9 discutido no d\u00e9cimo epis\u00f3dio do podcast Fio de Prosa\u00a0 - Sindit\u00eaxtil-SP\" \/>\n<meta property=\"og:description\" content=\"O Sindit\u00eaxtil-SP sempre buscando atualizar empres\u00e1rios, fornecedores, pesquisadores, estudantes e todos aqueles que se interessam pelo mercado de moda, traz, na d\u00e9cima edi\u00e7\u00e3o do podcast Fio de Prosa, a quest\u00e3o da S\u00edndrome de Burnout que, segundo dados da Associa\u00e7\u00e3o Nacional de Medicina do Trabalho (Anamt), afeta aproximadamente 30% dos trabalhadores brasileiros.\u00a0 Para discutir o tema, [&hellip;]\" \/>\n<meta property=\"og:url\" content=\"https:\/\/sinditextilsp.org.br\/home\/2025\/01\/prevencao-do-burnout-e-discutido-no-decimo-episodio-do-podcast-fio-de-prosa\/\" \/>\n<meta property=\"og:site_name\" content=\"Sindit\u00eaxtil-SP\" \/>\n<meta property=\"article:publisher\" content=\"https:\/\/www.facebook.com\/sinditextilsp\" \/>\n<meta property=\"article:published_time\" content=\"2025-01-20T14:18:47+00:00\" \/>\n<meta property=\"article:modified_time\" content=\"2025-01-24T14:25:33+00:00\" \/>\n<meta property=\"og:image\" content=\"https:\/\/sinditextilsp.org.br\/home\/wp-content\/uploads\/2025\/01\/fio-de-prosa-mobile.png\" \/>\n\t<meta property=\"og:image:width\" content=\"801\" \/>\n\t<meta property=\"og:image:height\" content=\"913\" \/>\n\t<meta property=\"og:image:type\" content=\"image\/png\" \/>\n<meta name=\"author\" content=\"Sindit\u00eaxtil-SP\" \/>\n<meta name=\"twitter:card\" content=\"summary_large_image\" \/>\n<meta name=\"twitter:creator\" content=\"@SinditextilSP\" \/>\n<meta name=\"twitter:site\" content=\"@SinditextilSP\" \/>\n<meta name=\"twitter:label1\" content=\"Escrito por\" \/>\n\t<meta name=\"twitter:data1\" content=\"Sindit\u00eaxtil-SP\" \/>\n\t<meta name=\"twitter:label2\" content=\"Est. tempo de leitura\" \/>\n\t<meta name=\"twitter:data2\" content=\"2 minutos\" \/>\n<script type=\"application\/ld+json\" class=\"yoast-schema-graph\">{\"@context\":\"https:\/\/schema.org\",\"@graph\":[{\"@type\":\"WebPage\",\"@id\":\"https:\/\/sinditextilsp.org.br\/home\/2025\/01\/prevencao-do-burnout-e-discutido-no-decimo-episodio-do-podcast-fio-de-prosa\/\",\"url\":\"https:\/\/sinditextilsp.org.br\/home\/2025\/01\/prevencao-do-burnout-e-discutido-no-decimo-episodio-do-podcast-fio-de-prosa\/\",\"name\":\"Preven\u00e7\u00e3o do Burnout \u00e9 discutido no d\u00e9cimo epis\u00f3dio do podcast Fio de Prosa\u00a0 - Sindit\u00eaxtil-SP\",\"isPartOf\":{\"@id\":\"https:\/\/sinditextilsp.org.br\/home\/#website\"},\"primaryImageOfPage\":{\"@id\":\"https:\/\/sinditextilsp.org.br\/home\/2025\/01\/prevencao-do-burnout-e-discutido-no-decimo-episodio-do-podcast-fio-de-prosa\/#primaryimage\"},\"image\":{\"@id\":\"https:\/\/sinditextilsp.org.br\/home\/2025\/01\/prevencao-do-burnout-e-discutido-no-decimo-episodio-do-podcast-fio-de-prosa\/#primaryimage\"},\"thumbnailUrl\":\"https:\/\/sinditextilsp.org.br\/home\/wp-content\/uploads\/2025\/01\/fio-de-prosa-mobile.png\",\"datePublished\":\"2025-01-20T14:18:47+00:00\",\"dateModified\":\"2025-01-24T14:25:33+00:00\",\"author\":{\"@id\":\"https:\/\/sinditextilsp.org.br\/home\/#\/schema\/person\/ceca3861f277dc1806d31199f1604264\"},\"breadcrumb\":{\"@id\":\"https:\/\/sinditextilsp.org.br\/home\/2025\/01\/prevencao-do-burnout-e-discutido-no-decimo-episodio-do-podcast-fio-de-prosa\/#breadcrumb\"},\"inLanguage\":\"pt-BR\",\"potentialAction\":[{\"@type\":\"ReadAction\",\"target\":[\"https:\/\/sinditextilsp.org.br\/home\/2025\/01\/prevencao-do-burnout-e-discutido-no-decimo-episodio-do-podcast-fio-de-prosa\/\"]}]},{\"@type\":\"ImageObject\",\"inLanguage\":\"pt-BR\",\"@id\":\"https:\/\/sinditextilsp.org.br\/home\/2025\/01\/prevencao-do-burnout-e-discutido-no-decimo-episodio-do-podcast-fio-de-prosa\/#primaryimage\",\"url\":\"https:\/\/sinditextilsp.org.br\/home\/wp-content\/uploads\/2025\/01\/fio-de-prosa-mobile.png\",\"contentUrl\":\"https:\/\/sinditextilsp.org.br\/home\/wp-content\/uploads\/2025\/01\/fio-de-prosa-mobile.png\",\"width\":801,\"height\":913},{\"@type\":\"BreadcrumbList\",\"@id\":\"https:\/\/sinditextilsp.org.br\/home\/2025\/01\/prevencao-do-burnout-e-discutido-no-decimo-episodio-do-podcast-fio-de-prosa\/#breadcrumb\",\"itemListElement\":[{\"@type\":\"ListItem\",\"position\":1,\"name\":\"In\u00edcio\",\"item\":\"https:\/\/sinditextilsp.org.br\/home\/\"},{\"@type\":\"ListItem\",\"position\":2,\"name\":\"Preven\u00e7\u00e3o do Burnout \u00e9 discutido no d\u00e9cimo epis\u00f3dio do podcast Fio de Prosa\u00a0\"}]},{\"@type\":\"WebSite\",\"@id\":\"https:\/\/sinditextilsp.org.br\/home\/#website\",\"url\":\"https:\/\/sinditextilsp.org.br\/home\/\",\"name\":\"Sindit\u00eaxtil-SP\",\"description\":\"Sindicato T\u00eaxtil de S\u00e3o Paulo\",\"potentialAction\":[{\"@type\":\"SearchAction\",\"target\":{\"@type\":\"EntryPoint\",\"urlTemplate\":\"https:\/\/sinditextilsp.org.br\/home\/?s={search_term_string}\"},\"query-input\":\"required name=search_term_string\"}],\"inLanguage\":\"pt-BR\"},{\"@type\":\"Person\",\"@id\":\"https:\/\/sinditextilsp.org.br\/home\/#\/schema\/person\/ceca3861f277dc1806d31199f1604264\",\"name\":\"Sindit\u00eaxtil-SP\",\"image\":{\"@type\":\"ImageObject\",\"inLanguage\":\"pt-BR\",\"@id\":\"https:\/\/sinditextilsp.org.br\/home\/#\/schema\/person\/image\/\",\"url\":\"https:\/\/secure.gravatar.com\/avatar\/1004e4f7c56213ad977aba92436bc447272b6a4743534ef04a82f43c866dd0e0?s=96&d=mm&r=g\",\"contentUrl\":\"https:\/\/secure.gravatar.com\/avatar\/1004e4f7c56213ad977aba92436bc447272b6a4743534ef04a82f43c866dd0e0?s=96&d=mm&r=g\",\"caption\":\"Sindit\u00eaxtil-SP\"},\"url\":\"https:\/\/sinditextilsp.org.br\/home\/author\/sinditextilsp\/\"}]}<\/script>\n<!-- \/ Yoast SEO plugin. -->","yoast_head_json":{"title":"Preven\u00e7\u00e3o do Burnout \u00e9 discutido no d\u00e9cimo epis\u00f3dio do podcast Fio de Prosa\u00a0 - Sindit\u00eaxtil-SP","robots":{"index":"index","follow":"follow","max-snippet":"max-snippet:-1","max-image-preview":"max-image-preview:large","max-video-preview":"max-video-preview:-1"},"canonical":"https:\/\/sinditextilsp.org.br\/home\/2025\/01\/prevencao-do-burnout-e-discutido-no-decimo-episodio-do-podcast-fio-de-prosa\/","og_locale":"pt_BR","og_type":"article","og_title":"Preven\u00e7\u00e3o do Burnout \u00e9 discutido no d\u00e9cimo epis\u00f3dio do podcast Fio de Prosa\u00a0 - Sindit\u00eaxtil-SP","og_description":"O Sindit\u00eaxtil-SP sempre buscando atualizar empres\u00e1rios, fornecedores, pesquisadores, estudantes e todos aqueles que se interessam pelo mercado de moda, traz, na d\u00e9cima edi\u00e7\u00e3o do podcast Fio de Prosa, a quest\u00e3o da S\u00edndrome de Burnout que, segundo dados da Associa\u00e7\u00e3o Nacional de Medicina do Trabalho (Anamt), afeta aproximadamente 30% dos trabalhadores brasileiros.\u00a0 Para discutir o tema, [&hellip;]","og_url":"https:\/\/sinditextilsp.org.br\/home\/2025\/01\/prevencao-do-burnout-e-discutido-no-decimo-episodio-do-podcast-fio-de-prosa\/","og_site_name":"Sindit\u00eaxtil-SP","article_publisher":"https:\/\/www.facebook.com\/sinditextilsp","article_published_time":"2025-01-20T14:18:47+00:00","article_modified_time":"2025-01-24T14:25:33+00:00","og_image":[{"width":801,"height":913,"url":"https:\/\/sinditextilsp.org.br\/home\/wp-content\/uploads\/2025\/01\/fio-de-prosa-mobile.png","type":"image\/png"}],"author":"Sindit\u00eaxtil-SP","twitter_card":"summary_large_image","twitter_creator":"@SinditextilSP","twitter_site":"@SinditextilSP","twitter_misc":{"Escrito por":"Sindit\u00eaxtil-SP","Est. tempo de leitura":"2 minutos"},"schema":{"@context":"https:\/\/schema.org","@graph":[{"@type":"WebPage","@id":"https:\/\/sinditextilsp.org.br\/home\/2025\/01\/prevencao-do-burnout-e-discutido-no-decimo-episodio-do-podcast-fio-de-prosa\/","url":"https:\/\/sinditextilsp.org.br\/home\/2025\/01\/prevencao-do-burnout-e-discutido-no-decimo-episodio-do-podcast-fio-de-prosa\/","name":"Preven\u00e7\u00e3o do Burnout \u00e9 discutido no d\u00e9cimo epis\u00f3dio do podcast Fio de Prosa\u00a0 - Sindit\u00eaxtil-SP","isPartOf":{"@id":"https:\/\/sinditextilsp.org.br\/home\/#website"},"primaryImageOfPage":{"@id":"https:\/\/sinditextilsp.org.br\/home\/2025\/01\/prevencao-do-burnout-e-discutido-no-decimo-episodio-do-podcast-fio-de-prosa\/#primaryimage"},"image":{"@id":"https:\/\/sinditextilsp.org.br\/home\/2025\/01\/prevencao-do-burnout-e-discutido-no-decimo-episodio-do-podcast-fio-de-prosa\/#primaryimage"},"thumbnailUrl":"https:\/\/sinditextilsp.org.br\/home\/wp-content\/uploads\/2025\/01\/fio-de-prosa-mobile.png","datePublished":"2025-01-20T14:18:47+00:00","dateModified":"2025-01-24T14:25:33+00:00","author":{"@id":"https:\/\/sinditextilsp.org.br\/home\/#\/schema\/person\/ceca3861f277dc1806d31199f1604264"},"breadcrumb":{"@id":"https:\/\/sinditextilsp.org.br\/home\/2025\/01\/prevencao-do-burnout-e-discutido-no-decimo-episodio-do-podcast-fio-de-prosa\/#breadcrumb"},"inLanguage":"pt-BR","potentialAction":[{"@type":"ReadAction","target":["https:\/\/sinditextilsp.org.br\/home\/2025\/01\/prevencao-do-burnout-e-discutido-no-decimo-episodio-do-podcast-fio-de-prosa\/"]}]},{"@type":"ImageObject","inLanguage":"pt-BR","@id":"https:\/\/sinditextilsp.org.br\/home\/2025\/01\/prevencao-do-burnout-e-discutido-no-decimo-episodio-do-podcast-fio-de-prosa\/#primaryimage","url":"https:\/\/sinditextilsp.org.br\/home\/wp-content\/uploads\/2025\/01\/fio-de-prosa-mobile.png","contentUrl":"https:\/\/sinditextilsp.org.br\/home\/wp-content\/uploads\/2025\/01\/fio-de-prosa-mobile.png","width":801,"height":913},{"@type":"BreadcrumbList","@id":"https:\/\/sinditextilsp.org.br\/home\/2025\/01\/prevencao-do-burnout-e-discutido-no-decimo-episodio-do-podcast-fio-de-prosa\/#breadcrumb","itemListElement":[{"@type":"ListItem","position":1,"name":"In\u00edcio","item":"https:\/\/sinditextilsp.org.br\/home\/"},{"@type":"ListItem","position":2,"name":"Preven\u00e7\u00e3o do Burnout \u00e9 discutido no d\u00e9cimo epis\u00f3dio do podcast Fio de Prosa\u00a0"}]},{"@type":"WebSite","@id":"https:\/\/sinditextilsp.org.br\/home\/#website","url":"https:\/\/sinditextilsp.org.br\/home\/","name":"Sindit\u00eaxtil-SP","description":"Sindicato T\u00eaxtil de S\u00e3o Paulo","potentialAction":[{"@type":"SearchAction","target":{"@type":"EntryPoint","urlTemplate":"https:\/\/sinditextilsp.org.br\/home\/?s={search_term_string}"},"query-input":"required name=search_term_string"}],"inLanguage":"pt-BR"},{"@type":"Person","@id":"https:\/\/sinditextilsp.org.br\/home\/#\/schema\/person\/ceca3861f277dc1806d31199f1604264","name":"Sindit\u00eaxtil-SP","image":{"@type":"ImageObject","inLanguage":"pt-BR","@id":"https:\/\/sinditextilsp.org.br\/home\/#\/schema\/person\/image\/","url":"https:\/\/secure.gravatar.com\/avatar\/1004e4f7c56213ad977aba92436bc447272b6a4743534ef04a82f43c866dd0e0?s=96&d=mm&r=g","contentUrl":"https:\/\/secure.gravatar.com\/avatar\/1004e4f7c56213ad977aba92436bc447272b6a4743534ef04a82f43c866dd0e0?s=96&d=mm&r=g","caption":"Sindit\u00eaxtil-SP"},"url":"https:\/\/sinditextilsp.org.br\/home\/author\/sinditextilsp\/"}]}},"_links":{"self":[{"href":"https:\/\/sinditextilsp.org.br\/home\/wp-json\/wp\/v2\/posts\/7439","targetHints":{"allow":["GET"]}}],"collection":[{"href":"https:\/\/sinditextilsp.org.br\/home\/wp-json\/wp\/v2\/posts"}],"about":[{"href":"https:\/\/sinditextilsp.org.br\/home\/wp-json\/wp\/v2\/types\/post"}],"author":[{"embeddable":true,"href":"https:\/\/sinditextilsp.org.br\/home\/wp-json\/wp\/v2\/users\/2"}],"replies":[{"embeddable":true,"href":"https:\/\/sinditextilsp.org.br\/home\/wp-json\/wp\/v2\/comments?post=7439"}],"version-history":[{"count":2,"href":"https:\/\/sinditextilsp.org.br\/home\/wp-json\/wp\/v2\/posts\/7439\/revisions"}],"predecessor-version":[{"id":7442,"href":"https:\/\/sinditextilsp.org.br\/home\/wp-json\/wp\/v2\/posts\/7439\/revisions\/7442"}],"wp:featuredmedia":[{"embeddable":true,"href":"https:\/\/sinditextilsp.org.br\/home\/wp-json\/wp\/v2\/media\/7415"}],"wp:attachment":[{"href":"https:\/\/sinditextilsp.org.br\/home\/wp-json\/wp\/v2\/media?parent=7439"}],"wp:term":[{"taxonomy":"category","embeddable":true,"href":"https:\/\/sinditextilsp.org.br\/home\/wp-json\/wp\/v2\/categories?post=7439"},{"taxonomy":"post_tag","embeddable":true,"href":"https:\/\/sinditextilsp.org.br\/home\/wp-json\/wp\/v2\/tags?post=7439"}],"curies":[{"name":"wp","href":"https:\/\/api.w.org\/{rel}","templated":true}]}}