{"id":8464,"date":"2025-06-16T16:43:16","date_gmt":"2025-06-16T19:43:16","guid":{"rendered":"https:\/\/sinditextilsp.org.br\/home\/?p=8464"},"modified":"2025-06-17T14:33:20","modified_gmt":"2025-06-17T17:33:20","slug":"exportasp-oferece-150-vagas-para-empresas-paulistas","status":"publish","type":"post","link":"https:\/\/sinditextilsp.org.br\/home\/2025\/06\/exportasp-oferece-150-vagas-para-empresas-paulistas\/","title":{"rendered":"ExportaSP oferece 150 vagas para empresas Paulistas"},"content":{"rendered":"\n<p>A Secretaria de Desenvolvimento Econ\u00f4mico do Estado de S\u00e3o Paulo, por meio da InvestSP, est\u00e1 com inscri\u00e7\u00f5es abertas para o ExportaSP \u2013 o Programa Paulista de Capacita\u00e7\u00e3o para Exporta\u00e7\u00f5es. S\u00e3o 150 vagas gratuitas para micro, pequenas e m\u00e9dias empresas, startups e produtores rurais do estado interessados em exportar.<\/p>\n\n\n\n<p>O programa inclui aulas online e mentorias individuais, nas quais os participantes podem discutir as necessidades do seu neg\u00f3cio com especialistas em com\u00e9rcio exterior.<\/p>\n\n\n\n<p><strong>Conte\u00fado do programa<\/strong><\/p>\n\n\n\n<p>&#8211; Intelig\u00eancia comercial: como identificar oportunidades no mercado global;<\/p>\n\n\n\n<p>&#8211; Marketing internacional: estrat\u00e9gias para vender no exterior;<\/p>\n\n\n\n<p>&#8211; Log\u00edstica e contratos globais: aspectos pr\u00e1ticos da exporta\u00e7\u00e3o;<\/p>\n\n\n\n<p>&#8211; Forma\u00e7\u00e3o de pre\u00e7os: como calcular custos para mercados internacionais.<\/p>\n\n\n\n<p>As inscri\u00e7\u00f5es est\u00e3o dispon\u00edveis em: <a href=\"http:\/\/bit.ly\/venhaexportar\">http:\/\/bit.ly\/venhaexportar<\/a><\/p>\n","protected":false},"excerpt":{"rendered":"<p>A Secretaria de Desenvolvimento Econ\u00f4mico do Estado de S\u00e3o Paulo, por meio da InvestSP, est\u00e1 com inscri\u00e7\u00f5es abertas para o ExportaSP \u2013 o Programa Paulista de Capacita\u00e7\u00e3o para Exporta\u00e7\u00f5es. S\u00e3o 150 vagas gratuitas para micro, pequenas e m\u00e9dias empresas, startups e produtores rurais do estado interessados em exportar. O programa inclui aulas online e mentorias [&hellip;]<\/p>\n","protected":false},"author":2,"featured_media":8466,"comment_status":"open","ping_status":"open","sticky":false,"template":"","format":"standard","meta":{"footnotes":""},"categories":[472],"tags":[],"class_list":["post-8464","post","type-post","status-publish","format-standard","has-post-thumbnail","hentry","category-conteudo-para-associados"],"yoast_head":"<!-- This site is optimized with the Yoast SEO plugin v22.8 - https:\/\/yoast.com\/wordpress\/plugins\/seo\/ -->\n<title>ExportaSP oferece 150 vagas para empresas Paulistas - Sindit\u00eaxtil-SP<\/title>\n<meta name=\"robots\" content=\"index, follow, max-snippet:-1, max-image-preview:large, max-video-preview:-1\" \/>\n<link rel=\"canonical\" href=\"https:\/\/sinditextilsp.org.br\/home\/2025\/06\/exportasp-oferece-150-vagas-para-empresas-paulistas\/\" \/>\n<meta property=\"og:locale\" content=\"pt_BR\" \/>\n<meta property=\"og:type\" content=\"article\" \/>\n<meta property=\"og:title\" content=\"ExportaSP oferece 150 vagas para empresas Paulistas - Sindit\u00eaxtil-SP\" \/>\n<meta property=\"og:description\" content=\"A Secretaria de Desenvolvimento Econ\u00f4mico do Estado de S\u00e3o Paulo, por meio da InvestSP, est\u00e1 com inscri\u00e7\u00f5es abertas para o ExportaSP \u2013 o Programa Paulista de Capacita\u00e7\u00e3o para Exporta\u00e7\u00f5es. S\u00e3o 150 vagas gratuitas para micro, pequenas e m\u00e9dias empresas, startups e produtores rurais do estado interessados em exportar. O programa inclui aulas online e mentorias [&hellip;]\" \/>\n<meta property=\"og:url\" content=\"https:\/\/sinditextilsp.org.br\/home\/2025\/06\/exportasp-oferece-150-vagas-para-empresas-paulistas\/\" \/>\n<meta property=\"og:site_name\" content=\"Sindit\u00eaxtil-SP\" \/>\n<meta property=\"article:publisher\" content=\"https:\/\/www.facebook.com\/sinditextilsp\" \/>\n<meta property=\"article:published_time\" content=\"2025-06-16T19:43:16+00:00\" \/>\n<meta property=\"article:modified_time\" content=\"2025-06-17T17:33:20+00:00\" \/>\n<meta property=\"og:image\" content=\"https:\/\/sinditextilsp.org.br\/home\/wp-content\/uploads\/2025\/06\/6B-lancamento_3x2.jpg\" \/>\n\t<meta property=\"og:image:width\" content=\"1600\" \/>\n\t<meta property=\"og:image:height\" content=\"1067\" \/>\n\t<meta property=\"og:image:type\" content=\"image\/jpeg\" \/>\n<meta name=\"author\" content=\"Sindit\u00eaxtil-SP\" \/>\n<meta name=\"twitter:card\" content=\"summary_large_image\" \/>\n<meta name=\"twitter:creator\" content=\"@SinditextilSP\" \/>\n<meta name=\"twitter:site\" content=\"@SinditextilSP\" \/>\n<meta name=\"twitter:label1\" content=\"Escrito por\" \/>\n\t<meta name=\"twitter:data1\" content=\"Sindit\u00eaxtil-SP\" \/>\n\t<meta name=\"twitter:label2\" content=\"Est. tempo de leitura\" \/>\n\t<meta name=\"twitter:data2\" content=\"1 minuto\" \/>\n<script type=\"application\/ld+json\" class=\"yoast-schema-graph\">{\"@context\":\"https:\/\/schema.org\",\"@graph\":[{\"@type\":\"WebPage\",\"@id\":\"https:\/\/sinditextilsp.org.br\/home\/2025\/06\/exportasp-oferece-150-vagas-para-empresas-paulistas\/\",\"url\":\"https:\/\/sinditextilsp.org.br\/home\/2025\/06\/exportasp-oferece-150-vagas-para-empresas-paulistas\/\",\"name\":\"ExportaSP oferece 150 vagas para empresas Paulistas - Sindit\u00eaxtil-SP\",\"isPartOf\":{\"@id\":\"https:\/\/sinditextilsp.org.br\/home\/#website\"},\"primaryImageOfPage\":{\"@id\":\"https:\/\/sinditextilsp.org.br\/home\/2025\/06\/exportasp-oferece-150-vagas-para-empresas-paulistas\/#primaryimage\"},\"image\":{\"@id\":\"https:\/\/sinditextilsp.org.br\/home\/2025\/06\/exportasp-oferece-150-vagas-para-empresas-paulistas\/#primaryimage\"},\"thumbnailUrl\":\"https:\/\/sinditextilsp.org.br\/home\/wp-content\/uploads\/2025\/06\/6B-lancamento_3x2.jpg\",\"datePublished\":\"2025-06-16T19:43:16+00:00\",\"dateModified\":\"2025-06-17T17:33:20+00:00\",\"author\":{\"@id\":\"https:\/\/sinditextilsp.org.br\/home\/#\/schema\/person\/ceca3861f277dc1806d31199f1604264\"},\"breadcrumb\":{\"@id\":\"https:\/\/sinditextilsp.org.br\/home\/2025\/06\/exportasp-oferece-150-vagas-para-empresas-paulistas\/#breadcrumb\"},\"inLanguage\":\"pt-BR\",\"potentialAction\":[{\"@type\":\"ReadAction\",\"target\":[\"https:\/\/sinditextilsp.org.br\/home\/2025\/06\/exportasp-oferece-150-vagas-para-empresas-paulistas\/\"]}]},{\"@type\":\"ImageObject\",\"inLanguage\":\"pt-BR\",\"@id\":\"https:\/\/sinditextilsp.org.br\/home\/2025\/06\/exportasp-oferece-150-vagas-para-empresas-paulistas\/#primaryimage\",\"url\":\"https:\/\/sinditextilsp.org.br\/home\/wp-content\/uploads\/2025\/06\/6B-lancamento_3x2.jpg\",\"contentUrl\":\"https:\/\/sinditextilsp.org.br\/home\/wp-content\/uploads\/2025\/06\/6B-lancamento_3x2.jpg\",\"width\":1600,\"height\":1067},{\"@type\":\"BreadcrumbList\",\"@id\":\"https:\/\/sinditextilsp.org.br\/home\/2025\/06\/exportasp-oferece-150-vagas-para-empresas-paulistas\/#breadcrumb\",\"itemListElement\":[{\"@type\":\"ListItem\",\"position\":1,\"name\":\"In\u00edcio\",\"item\":\"https:\/\/sinditextilsp.org.br\/home\/\"},{\"@type\":\"ListItem\",\"position\":2,\"name\":\"ExportaSP oferece 150 vagas para empresas Paulistas\"}]},{\"@type\":\"WebSite\",\"@id\":\"https:\/\/sinditextilsp.org.br\/home\/#website\",\"url\":\"https:\/\/sinditextilsp.org.br\/home\/\",\"name\":\"Sindit\u00eaxtil-SP\",\"description\":\"Sindicato T\u00eaxtil de S\u00e3o Paulo\",\"potentialAction\":[{\"@type\":\"SearchAction\",\"target\":{\"@type\":\"EntryPoint\",\"urlTemplate\":\"https:\/\/sinditextilsp.org.br\/home\/?s={search_term_string}\"},\"query-input\":\"required name=search_term_string\"}],\"inLanguage\":\"pt-BR\"},{\"@type\":\"Person\",\"@id\":\"https:\/\/sinditextilsp.org.br\/home\/#\/schema\/person\/ceca3861f277dc1806d31199f1604264\",\"name\":\"Sindit\u00eaxtil-SP\",\"image\":{\"@type\":\"ImageObject\",\"inLanguage\":\"pt-BR\",\"@id\":\"https:\/\/sinditextilsp.org.br\/home\/#\/schema\/person\/image\/\",\"url\":\"https:\/\/secure.gravatar.com\/avatar\/1004e4f7c56213ad977aba92436bc447272b6a4743534ef04a82f43c866dd0e0?s=96&d=mm&r=g\",\"contentUrl\":\"https:\/\/secure.gravatar.com\/avatar\/1004e4f7c56213ad977aba92436bc447272b6a4743534ef04a82f43c866dd0e0?s=96&d=mm&r=g\",\"caption\":\"Sindit\u00eaxtil-SP\"},\"url\":\"https:\/\/sinditextilsp.org.br\/home\/author\/sinditextilsp\/\"}]}<\/script>\n<!-- \/ Yoast SEO plugin. -->","yoast_head_json":{"title":"ExportaSP oferece 150 vagas para empresas Paulistas - Sindit\u00eaxtil-SP","robots":{"index":"index","follow":"follow","max-snippet":"max-snippet:-1","max-image-preview":"max-image-preview:large","max-video-preview":"max-video-preview:-1"},"canonical":"https:\/\/sinditextilsp.org.br\/home\/2025\/06\/exportasp-oferece-150-vagas-para-empresas-paulistas\/","og_locale":"pt_BR","og_type":"article","og_title":"ExportaSP oferece 150 vagas para empresas Paulistas - Sindit\u00eaxtil-SP","og_description":"A Secretaria de Desenvolvimento Econ\u00f4mico do Estado de S\u00e3o Paulo, por meio da InvestSP, est\u00e1 com inscri\u00e7\u00f5es abertas para o ExportaSP \u2013 o Programa Paulista de Capacita\u00e7\u00e3o para Exporta\u00e7\u00f5es. S\u00e3o 150 vagas gratuitas para micro, pequenas e m\u00e9dias empresas, startups e produtores rurais do estado interessados em exportar. O programa inclui aulas online e mentorias [&hellip;]","og_url":"https:\/\/sinditextilsp.org.br\/home\/2025\/06\/exportasp-oferece-150-vagas-para-empresas-paulistas\/","og_site_name":"Sindit\u00eaxtil-SP","article_publisher":"https:\/\/www.facebook.com\/sinditextilsp","article_published_time":"2025-06-16T19:43:16+00:00","article_modified_time":"2025-06-17T17:33:20+00:00","og_image":[{"width":1600,"height":1067,"url":"https:\/\/sinditextilsp.org.br\/home\/wp-content\/uploads\/2025\/06\/6B-lancamento_3x2.jpg","type":"image\/jpeg"}],"author":"Sindit\u00eaxtil-SP","twitter_card":"summary_large_image","twitter_creator":"@SinditextilSP","twitter_site":"@SinditextilSP","twitter_misc":{"Escrito por":"Sindit\u00eaxtil-SP","Est. tempo de leitura":"1 minuto"},"schema":{"@context":"https:\/\/schema.org","@graph":[{"@type":"WebPage","@id":"https:\/\/sinditextilsp.org.br\/home\/2025\/06\/exportasp-oferece-150-vagas-para-empresas-paulistas\/","url":"https:\/\/sinditextilsp.org.br\/home\/2025\/06\/exportasp-oferece-150-vagas-para-empresas-paulistas\/","name":"ExportaSP oferece 150 vagas para empresas Paulistas - Sindit\u00eaxtil-SP","isPartOf":{"@id":"https:\/\/sinditextilsp.org.br\/home\/#website"},"primaryImageOfPage":{"@id":"https:\/\/sinditextilsp.org.br\/home\/2025\/06\/exportasp-oferece-150-vagas-para-empresas-paulistas\/#primaryimage"},"image":{"@id":"https:\/\/sinditextilsp.org.br\/home\/2025\/06\/exportasp-oferece-150-vagas-para-empresas-paulistas\/#primaryimage"},"thumbnailUrl":"https:\/\/sinditextilsp.org.br\/home\/wp-content\/uploads\/2025\/06\/6B-lancamento_3x2.jpg","datePublished":"2025-06-16T19:43:16+00:00","dateModified":"2025-06-17T17:33:20+00:00","author":{"@id":"https:\/\/sinditextilsp.org.br\/home\/#\/schema\/person\/ceca3861f277dc1806d31199f1604264"},"breadcrumb":{"@id":"https:\/\/sinditextilsp.org.br\/home\/2025\/06\/exportasp-oferece-150-vagas-para-empresas-paulistas\/#breadcrumb"},"inLanguage":"pt-BR","potentialAction":[{"@type":"ReadAction","target":["https:\/\/sinditextilsp.org.br\/home\/2025\/06\/exportasp-oferece-150-vagas-para-empresas-paulistas\/"]}]},{"@type":"ImageObject","inLanguage":"pt-BR","@id":"https:\/\/sinditextilsp.org.br\/home\/2025\/06\/exportasp-oferece-150-vagas-para-empresas-paulistas\/#primaryimage","url":"https:\/\/sinditextilsp.org.br\/home\/wp-content\/uploads\/2025\/06\/6B-lancamento_3x2.jpg","contentUrl":"https:\/\/sinditextilsp.org.br\/home\/wp-content\/uploads\/2025\/06\/6B-lancamento_3x2.jpg","width":1600,"height":1067},{"@type":"BreadcrumbList","@id":"https:\/\/sinditextilsp.org.br\/home\/2025\/06\/exportasp-oferece-150-vagas-para-empresas-paulistas\/#breadcrumb","itemListElement":[{"@type":"ListItem","position":1,"name":"In\u00edcio","item":"https:\/\/sinditextilsp.org.br\/home\/"},{"@type":"ListItem","position":2,"name":"ExportaSP oferece 150 vagas para empresas Paulistas"}]},{"@type":"WebSite","@id":"https:\/\/sinditextilsp.org.br\/home\/#website","url":"https:\/\/sinditextilsp.org.br\/home\/","name":"Sindit\u00eaxtil-SP","description":"Sindicato T\u00eaxtil de S\u00e3o Paulo","potentialAction":[{"@type":"SearchAction","target":{"@type":"EntryPoint","urlTemplate":"https:\/\/sinditextilsp.org.br\/home\/?s={search_term_string}"},"query-input":"required name=search_term_string"}],"inLanguage":"pt-BR"},{"@type":"Person","@id":"https:\/\/sinditextilsp.org.br\/home\/#\/schema\/person\/ceca3861f277dc1806d31199f1604264","name":"Sindit\u00eaxtil-SP","image":{"@type":"ImageObject","inLanguage":"pt-BR","@id":"https:\/\/sinditextilsp.org.br\/home\/#\/schema\/person\/image\/","url":"https:\/\/secure.gravatar.com\/avatar\/1004e4f7c56213ad977aba92436bc447272b6a4743534ef04a82f43c866dd0e0?s=96&d=mm&r=g","contentUrl":"https:\/\/secure.gravatar.com\/avatar\/1004e4f7c56213ad977aba92436bc447272b6a4743534ef04a82f43c866dd0e0?s=96&d=mm&r=g","caption":"Sindit\u00eaxtil-SP"},"url":"https:\/\/sinditextilsp.org.br\/home\/author\/sinditextilsp\/"}]}},"_links":{"self":[{"href":"https:\/\/sinditextilsp.org.br\/home\/wp-json\/wp\/v2\/posts\/8464","targetHints":{"allow":["GET"]}}],"collection":[{"href":"https:\/\/sinditextilsp.org.br\/home\/wp-json\/wp\/v2\/posts"}],"about":[{"href":"https:\/\/sinditextilsp.org.br\/home\/wp-json\/wp\/v2\/types\/post"}],"author":[{"embeddable":true,"href":"https:\/\/sinditextilsp.org.br\/home\/wp-json\/wp\/v2\/users\/2"}],"replies":[{"embeddable":true,"href":"https:\/\/sinditextilsp.org.br\/home\/wp-json\/wp\/v2\/comments?post=8464"}],"version-history":[{"count":1,"href":"https:\/\/sinditextilsp.org.br\/home\/wp-json\/wp\/v2\/posts\/8464\/revisions"}],"predecessor-version":[{"id":8467,"href":"https:\/\/sinditextilsp.org.br\/home\/wp-json\/wp\/v2\/posts\/8464\/revisions\/8467"}],"wp:featuredmedia":[{"embeddable":true,"href":"https:\/\/sinditextilsp.org.br\/home\/wp-json\/wp\/v2\/media\/8466"}],"wp:attachment":[{"href":"https:\/\/sinditextilsp.org.br\/home\/wp-json\/wp\/v2\/media?parent=8464"}],"wp:term":[{"taxonomy":"category","embeddable":true,"href":"https:\/\/sinditextilsp.org.br\/home\/wp-json\/wp\/v2\/categories?post=8464"},{"taxonomy":"post_tag","embeddable":true,"href":"https:\/\/sinditextilsp.org.br\/home\/wp-json\/wp\/v2\/tags?post=8464"}],"curies":[{"name":"wp","href":"https:\/\/api.w.org\/{rel}","templated":true}]}}