{"id":8473,"date":"2025-06-18T17:29:08","date_gmt":"2025-06-18T20:29:08","guid":{"rendered":"https:\/\/sinditextilsp.org.br\/home\/?p=8473"},"modified":"2025-06-18T17:50:13","modified_gmt":"2025-06-18T20:50:13","slug":"sintequimica-vence-em-dispersao-de-pigmentos-pelo-2o-ano","status":"publish","type":"post","link":"https:\/\/sinditextilsp.org.br\/home\/2025\/06\/sintequimica-vence-em-dispersao-de-pigmentos-pelo-2o-ano\/","title":{"rendered":"Sintequ\u00edmica vence em dispers\u00e3o de pigmentos pelo 2\u00ba ano"},"content":{"rendered":"\n<p>A Sintequ\u00edmica, empresa associada ao Sindit\u00eaxtil-SP, conquistou pelo segundo ano seguido o t\u00edtulo de melhor em dispers\u00e3o de pigmentos para a ind\u00fastria de tintas no Pr\u00eamio Paint &amp; Pintura. Organizado pela revista Paint &amp; Pintura, o evento reconhece a excel\u00eancia em um processo fundamental para a produ\u00e7\u00e3o de tintas, que define qualidade, tonalidade e acabamento do produto.<\/p>\n\n\n\n<p>A dispers\u00e3o de pigmentos \u00e9 uma etapa crucial na fabrica\u00e7\u00e3o de tintas, garantindo a homogeneiza\u00e7\u00e3o das part\u00edculas de cor no ve\u00edculo l\u00edquido. Um processo bem-executado assegura n\u00e3o apenas fidelidade crom\u00e1tica, mas tamb\u00e9m influencia brilho, cobertura e durabilidade da tinta.<\/p>\n\n\n\n<p>&#8220;\u00c9 uma honra receber, pelo segundo ano consecutivo, o Pr\u00eamio Paint &amp; Pintura como melhor em dispers\u00e3o de pigmentos para tintas no Brasil. Esse reconhecimento \u00e9 especialmente significativo porque vem diretamente dos nossos clientes \u2013 os fabricantes de tintas que avaliam e escolhem os melhores em cada categoria. A Sintequ\u00edmica j\u00e1 \u00e9 consolidada no mercado t\u00eaxtil, e dedicamos esfor\u00e7os para alcan\u00e7ar a mesma excel\u00eancia no segmento de tintas. Essa repeti\u00e7\u00e3o do pr\u00eamio comprova nosso compromisso com qualidade e atendimento. Agradecemos a todos os clientes que confiam em nosso trabalho e \u00e0 nossa equipe, cujo empenho foi essencial para essa conquista. Este pr\u00eamio \u00e9 de todos n\u00f3s!&#8221;, afirma Marcelo Macedo, Diretor Comercial da Sintequ\u00edmica.<\/p>\n","protected":false},"excerpt":{"rendered":"<p>A Sintequ\u00edmica, empresa associada ao Sindit\u00eaxtil-SP, conquistou pelo segundo ano seguido o t\u00edtulo de melhor em dispers\u00e3o de pigmentos para a ind\u00fastria de tintas no Pr\u00eamio Paint &amp; Pintura. Organizado pela revista Paint &amp; Pintura, o evento reconhece a excel\u00eancia em um processo fundamental para a produ\u00e7\u00e3o de tintas, que define qualidade, tonalidade e acabamento [&hellip;]<\/p>\n","protected":false},"author":2,"featured_media":8474,"comment_status":"open","ping_status":"open","sticky":false,"template":"","format":"standard","meta":{"footnotes":""},"categories":[56,16],"tags":[103,104,26],"class_list":["post-8473","post","type-post","status-publish","format-standard","has-post-thumbnail","hentry","category-destaques","category-noticias","tag-confianca","tag-industria","tag-sinditextil-sp"],"yoast_head":"<!-- This site is optimized with the Yoast SEO plugin v22.8 - https:\/\/yoast.com\/wordpress\/plugins\/seo\/ -->\n<title>Sintequ\u00edmica vence em dispers\u00e3o de pigmentos pelo 2\u00ba ano - Sindit\u00eaxtil-SP<\/title>\n<meta name=\"robots\" content=\"index, follow, max-snippet:-1, max-image-preview:large, max-video-preview:-1\" \/>\n<link rel=\"canonical\" href=\"https:\/\/sinditextilsp.org.br\/home\/2025\/06\/sintequimica-vence-em-dispersao-de-pigmentos-pelo-2o-ano\/\" \/>\n<meta property=\"og:locale\" content=\"pt_BR\" \/>\n<meta property=\"og:type\" content=\"article\" \/>\n<meta property=\"og:title\" content=\"Sintequ\u00edmica vence em dispers\u00e3o de pigmentos pelo 2\u00ba ano - Sindit\u00eaxtil-SP\" \/>\n<meta property=\"og:description\" content=\"A Sintequ\u00edmica, empresa associada ao Sindit\u00eaxtil-SP, conquistou pelo segundo ano seguido o t\u00edtulo de melhor em dispers\u00e3o de pigmentos para a ind\u00fastria de tintas no Pr\u00eamio Paint &amp; Pintura. Organizado pela revista Paint &amp; Pintura, o evento reconhece a excel\u00eancia em um processo fundamental para a produ\u00e7\u00e3o de tintas, que define qualidade, tonalidade e acabamento [&hellip;]\" \/>\n<meta property=\"og:url\" content=\"https:\/\/sinditextilsp.org.br\/home\/2025\/06\/sintequimica-vence-em-dispersao-de-pigmentos-pelo-2o-ano\/\" \/>\n<meta property=\"og:site_name\" content=\"Sindit\u00eaxtil-SP\" \/>\n<meta property=\"article:publisher\" content=\"https:\/\/www.facebook.com\/sinditextilsp\" \/>\n<meta property=\"article:published_time\" content=\"2025-06-18T20:29:08+00:00\" \/>\n<meta property=\"article:modified_time\" content=\"2025-06-18T20:50:13+00:00\" \/>\n<meta property=\"og:image\" content=\"https:\/\/sinditextilsp.org.br\/home\/wp-content\/uploads\/2025\/06\/Sintequi\u0301mica.jpeg\" \/>\n\t<meta property=\"og:image:width\" content=\"1500\" \/>\n\t<meta property=\"og:image:height\" content=\"1000\" \/>\n\t<meta property=\"og:image:type\" content=\"image\/jpeg\" \/>\n<meta name=\"author\" content=\"Sindit\u00eaxtil-SP\" \/>\n<meta name=\"twitter:card\" content=\"summary_large_image\" \/>\n<meta name=\"twitter:creator\" content=\"@SinditextilSP\" \/>\n<meta name=\"twitter:site\" content=\"@SinditextilSP\" \/>\n<meta name=\"twitter:label1\" content=\"Escrito por\" \/>\n\t<meta name=\"twitter:data1\" content=\"Sindit\u00eaxtil-SP\" \/>\n\t<meta name=\"twitter:label2\" content=\"Est. tempo de leitura\" \/>\n\t<meta name=\"twitter:data2\" content=\"2 minutos\" \/>\n<script type=\"application\/ld+json\" class=\"yoast-schema-graph\">{\"@context\":\"https:\/\/schema.org\",\"@graph\":[{\"@type\":\"WebPage\",\"@id\":\"https:\/\/sinditextilsp.org.br\/home\/2025\/06\/sintequimica-vence-em-dispersao-de-pigmentos-pelo-2o-ano\/\",\"url\":\"https:\/\/sinditextilsp.org.br\/home\/2025\/06\/sintequimica-vence-em-dispersao-de-pigmentos-pelo-2o-ano\/\",\"name\":\"Sintequ\u00edmica vence em dispers\u00e3o de pigmentos pelo 2\u00ba ano - Sindit\u00eaxtil-SP\",\"isPartOf\":{\"@id\":\"https:\/\/sinditextilsp.org.br\/home\/#website\"},\"primaryImageOfPage\":{\"@id\":\"https:\/\/sinditextilsp.org.br\/home\/2025\/06\/sintequimica-vence-em-dispersao-de-pigmentos-pelo-2o-ano\/#primaryimage\"},\"image\":{\"@id\":\"https:\/\/sinditextilsp.org.br\/home\/2025\/06\/sintequimica-vence-em-dispersao-de-pigmentos-pelo-2o-ano\/#primaryimage\"},\"thumbnailUrl\":\"https:\/\/sinditextilsp.org.br\/home\/wp-content\/uploads\/2025\/06\/Sintequi\u0301mica.jpeg\",\"datePublished\":\"2025-06-18T20:29:08+00:00\",\"dateModified\":\"2025-06-18T20:50:13+00:00\",\"author\":{\"@id\":\"https:\/\/sinditextilsp.org.br\/home\/#\/schema\/person\/ceca3861f277dc1806d31199f1604264\"},\"breadcrumb\":{\"@id\":\"https:\/\/sinditextilsp.org.br\/home\/2025\/06\/sintequimica-vence-em-dispersao-de-pigmentos-pelo-2o-ano\/#breadcrumb\"},\"inLanguage\":\"pt-BR\",\"potentialAction\":[{\"@type\":\"ReadAction\",\"target\":[\"https:\/\/sinditextilsp.org.br\/home\/2025\/06\/sintequimica-vence-em-dispersao-de-pigmentos-pelo-2o-ano\/\"]}]},{\"@type\":\"ImageObject\",\"inLanguage\":\"pt-BR\",\"@id\":\"https:\/\/sinditextilsp.org.br\/home\/2025\/06\/sintequimica-vence-em-dispersao-de-pigmentos-pelo-2o-ano\/#primaryimage\",\"url\":\"https:\/\/sinditextilsp.org.br\/home\/wp-content\/uploads\/2025\/06\/Sintequi\u0301mica.jpeg\",\"contentUrl\":\"https:\/\/sinditextilsp.org.br\/home\/wp-content\/uploads\/2025\/06\/Sintequi\u0301mica.jpeg\",\"width\":1500,\"height\":1000,\"caption\":\"Marcelo Amaral Leite de Macedo, Alexandre Albino da Silva, Eloy Pedro da Silva e Daiane Dorigo, com o pr\u00eamio entregue pela equipe da Tintas Lukscolor\"},{\"@type\":\"BreadcrumbList\",\"@id\":\"https:\/\/sinditextilsp.org.br\/home\/2025\/06\/sintequimica-vence-em-dispersao-de-pigmentos-pelo-2o-ano\/#breadcrumb\",\"itemListElement\":[{\"@type\":\"ListItem\",\"position\":1,\"name\":\"In\u00edcio\",\"item\":\"https:\/\/sinditextilsp.org.br\/home\/\"},{\"@type\":\"ListItem\",\"position\":2,\"name\":\"Sintequ\u00edmica vence em dispers\u00e3o de pigmentos pelo 2\u00ba ano\"}]},{\"@type\":\"WebSite\",\"@id\":\"https:\/\/sinditextilsp.org.br\/home\/#website\",\"url\":\"https:\/\/sinditextilsp.org.br\/home\/\",\"name\":\"Sindit\u00eaxtil-SP\",\"description\":\"Sindicato T\u00eaxtil de S\u00e3o Paulo\",\"potentialAction\":[{\"@type\":\"SearchAction\",\"target\":{\"@type\":\"EntryPoint\",\"urlTemplate\":\"https:\/\/sinditextilsp.org.br\/home\/?s={search_term_string}\"},\"query-input\":\"required name=search_term_string\"}],\"inLanguage\":\"pt-BR\"},{\"@type\":\"Person\",\"@id\":\"https:\/\/sinditextilsp.org.br\/home\/#\/schema\/person\/ceca3861f277dc1806d31199f1604264\",\"name\":\"Sindit\u00eaxtil-SP\",\"image\":{\"@type\":\"ImageObject\",\"inLanguage\":\"pt-BR\",\"@id\":\"https:\/\/sinditextilsp.org.br\/home\/#\/schema\/person\/image\/\",\"url\":\"https:\/\/secure.gravatar.com\/avatar\/1004e4f7c56213ad977aba92436bc447272b6a4743534ef04a82f43c866dd0e0?s=96&d=mm&r=g\",\"contentUrl\":\"https:\/\/secure.gravatar.com\/avatar\/1004e4f7c56213ad977aba92436bc447272b6a4743534ef04a82f43c866dd0e0?s=96&d=mm&r=g\",\"caption\":\"Sindit\u00eaxtil-SP\"},\"url\":\"https:\/\/sinditextilsp.org.br\/home\/author\/sinditextilsp\/\"}]}<\/script>\n<!-- \/ Yoast SEO plugin. -->","yoast_head_json":{"title":"Sintequ\u00edmica vence em dispers\u00e3o de pigmentos pelo 2\u00ba ano - Sindit\u00eaxtil-SP","robots":{"index":"index","follow":"follow","max-snippet":"max-snippet:-1","max-image-preview":"max-image-preview:large","max-video-preview":"max-video-preview:-1"},"canonical":"https:\/\/sinditextilsp.org.br\/home\/2025\/06\/sintequimica-vence-em-dispersao-de-pigmentos-pelo-2o-ano\/","og_locale":"pt_BR","og_type":"article","og_title":"Sintequ\u00edmica vence em dispers\u00e3o de pigmentos pelo 2\u00ba ano - Sindit\u00eaxtil-SP","og_description":"A Sintequ\u00edmica, empresa associada ao Sindit\u00eaxtil-SP, conquistou pelo segundo ano seguido o t\u00edtulo de melhor em dispers\u00e3o de pigmentos para a ind\u00fastria de tintas no Pr\u00eamio Paint &amp; Pintura. Organizado pela revista Paint &amp; Pintura, o evento reconhece a excel\u00eancia em um processo fundamental para a produ\u00e7\u00e3o de tintas, que define qualidade, tonalidade e acabamento [&hellip;]","og_url":"https:\/\/sinditextilsp.org.br\/home\/2025\/06\/sintequimica-vence-em-dispersao-de-pigmentos-pelo-2o-ano\/","og_site_name":"Sindit\u00eaxtil-SP","article_publisher":"https:\/\/www.facebook.com\/sinditextilsp","article_published_time":"2025-06-18T20:29:08+00:00","article_modified_time":"2025-06-18T20:50:13+00:00","og_image":[{"width":1500,"height":1000,"url":"https:\/\/sinditextilsp.org.br\/home\/wp-content\/uploads\/2025\/06\/Sintequi\u0301mica.jpeg","type":"image\/jpeg"}],"author":"Sindit\u00eaxtil-SP","twitter_card":"summary_large_image","twitter_creator":"@SinditextilSP","twitter_site":"@SinditextilSP","twitter_misc":{"Escrito por":"Sindit\u00eaxtil-SP","Est. tempo de leitura":"2 minutos"},"schema":{"@context":"https:\/\/schema.org","@graph":[{"@type":"WebPage","@id":"https:\/\/sinditextilsp.org.br\/home\/2025\/06\/sintequimica-vence-em-dispersao-de-pigmentos-pelo-2o-ano\/","url":"https:\/\/sinditextilsp.org.br\/home\/2025\/06\/sintequimica-vence-em-dispersao-de-pigmentos-pelo-2o-ano\/","name":"Sintequ\u00edmica vence em dispers\u00e3o de pigmentos pelo 2\u00ba ano - Sindit\u00eaxtil-SP","isPartOf":{"@id":"https:\/\/sinditextilsp.org.br\/home\/#website"},"primaryImageOfPage":{"@id":"https:\/\/sinditextilsp.org.br\/home\/2025\/06\/sintequimica-vence-em-dispersao-de-pigmentos-pelo-2o-ano\/#primaryimage"},"image":{"@id":"https:\/\/sinditextilsp.org.br\/home\/2025\/06\/sintequimica-vence-em-dispersao-de-pigmentos-pelo-2o-ano\/#primaryimage"},"thumbnailUrl":"https:\/\/sinditextilsp.org.br\/home\/wp-content\/uploads\/2025\/06\/Sintequi\u0301mica.jpeg","datePublished":"2025-06-18T20:29:08+00:00","dateModified":"2025-06-18T20:50:13+00:00","author":{"@id":"https:\/\/sinditextilsp.org.br\/home\/#\/schema\/person\/ceca3861f277dc1806d31199f1604264"},"breadcrumb":{"@id":"https:\/\/sinditextilsp.org.br\/home\/2025\/06\/sintequimica-vence-em-dispersao-de-pigmentos-pelo-2o-ano\/#breadcrumb"},"inLanguage":"pt-BR","potentialAction":[{"@type":"ReadAction","target":["https:\/\/sinditextilsp.org.br\/home\/2025\/06\/sintequimica-vence-em-dispersao-de-pigmentos-pelo-2o-ano\/"]}]},{"@type":"ImageObject","inLanguage":"pt-BR","@id":"https:\/\/sinditextilsp.org.br\/home\/2025\/06\/sintequimica-vence-em-dispersao-de-pigmentos-pelo-2o-ano\/#primaryimage","url":"https:\/\/sinditextilsp.org.br\/home\/wp-content\/uploads\/2025\/06\/Sintequi\u0301mica.jpeg","contentUrl":"https:\/\/sinditextilsp.org.br\/home\/wp-content\/uploads\/2025\/06\/Sintequi\u0301mica.jpeg","width":1500,"height":1000,"caption":"Marcelo Amaral Leite de Macedo, Alexandre Albino da Silva, Eloy Pedro da Silva e Daiane Dorigo, com o pr\u00eamio entregue pela equipe da Tintas Lukscolor"},{"@type":"BreadcrumbList","@id":"https:\/\/sinditextilsp.org.br\/home\/2025\/06\/sintequimica-vence-em-dispersao-de-pigmentos-pelo-2o-ano\/#breadcrumb","itemListElement":[{"@type":"ListItem","position":1,"name":"In\u00edcio","item":"https:\/\/sinditextilsp.org.br\/home\/"},{"@type":"ListItem","position":2,"name":"Sintequ\u00edmica vence em dispers\u00e3o de pigmentos pelo 2\u00ba ano"}]},{"@type":"WebSite","@id":"https:\/\/sinditextilsp.org.br\/home\/#website","url":"https:\/\/sinditextilsp.org.br\/home\/","name":"Sindit\u00eaxtil-SP","description":"Sindicato T\u00eaxtil de S\u00e3o Paulo","potentialAction":[{"@type":"SearchAction","target":{"@type":"EntryPoint","urlTemplate":"https:\/\/sinditextilsp.org.br\/home\/?s={search_term_string}"},"query-input":"required name=search_term_string"}],"inLanguage":"pt-BR"},{"@type":"Person","@id":"https:\/\/sinditextilsp.org.br\/home\/#\/schema\/person\/ceca3861f277dc1806d31199f1604264","name":"Sindit\u00eaxtil-SP","image":{"@type":"ImageObject","inLanguage":"pt-BR","@id":"https:\/\/sinditextilsp.org.br\/home\/#\/schema\/person\/image\/","url":"https:\/\/secure.gravatar.com\/avatar\/1004e4f7c56213ad977aba92436bc447272b6a4743534ef04a82f43c866dd0e0?s=96&d=mm&r=g","contentUrl":"https:\/\/secure.gravatar.com\/avatar\/1004e4f7c56213ad977aba92436bc447272b6a4743534ef04a82f43c866dd0e0?s=96&d=mm&r=g","caption":"Sindit\u00eaxtil-SP"},"url":"https:\/\/sinditextilsp.org.br\/home\/author\/sinditextilsp\/"}]}},"_links":{"self":[{"href":"https:\/\/sinditextilsp.org.br\/home\/wp-json\/wp\/v2\/posts\/8473","targetHints":{"allow":["GET"]}}],"collection":[{"href":"https:\/\/sinditextilsp.org.br\/home\/wp-json\/wp\/v2\/posts"}],"about":[{"href":"https:\/\/sinditextilsp.org.br\/home\/wp-json\/wp\/v2\/types\/post"}],"author":[{"embeddable":true,"href":"https:\/\/sinditextilsp.org.br\/home\/wp-json\/wp\/v2\/users\/2"}],"replies":[{"embeddable":true,"href":"https:\/\/sinditextilsp.org.br\/home\/wp-json\/wp\/v2\/comments?post=8473"}],"version-history":[{"count":2,"href":"https:\/\/sinditextilsp.org.br\/home\/wp-json\/wp\/v2\/posts\/8473\/revisions"}],"predecessor-version":[{"id":8476,"href":"https:\/\/sinditextilsp.org.br\/home\/wp-json\/wp\/v2\/posts\/8473\/revisions\/8476"}],"wp:featuredmedia":[{"embeddable":true,"href":"https:\/\/sinditextilsp.org.br\/home\/wp-json\/wp\/v2\/media\/8474"}],"wp:attachment":[{"href":"https:\/\/sinditextilsp.org.br\/home\/wp-json\/wp\/v2\/media?parent=8473"}],"wp:term":[{"taxonomy":"category","embeddable":true,"href":"https:\/\/sinditextilsp.org.br\/home\/wp-json\/wp\/v2\/categories?post=8473"},{"taxonomy":"post_tag","embeddable":true,"href":"https:\/\/sinditextilsp.org.br\/home\/wp-json\/wp\/v2\/tags?post=8473"}],"curies":[{"name":"wp","href":"https:\/\/api.w.org\/{rel}","templated":true}]}}