{"id":8765,"date":"2025-07-31T16:33:10","date_gmt":"2025-07-31T19:33:10","guid":{"rendered":"https:\/\/sinditextilsp.org.br\/home\/?p=8765"},"modified":"2025-07-31T16:33:11","modified_gmt":"2025-07-31T19:33:11","slug":"estados-unidos-acaba-com-isencao-tarifaria-para-pequenos-pacotes","status":"publish","type":"post","link":"https:\/\/sinditextilsp.org.br\/home\/2025\/07\/estados-unidos-acaba-com-isencao-tarifaria-para-pequenos-pacotes\/","title":{"rendered":"Estados Unidos acaba com isen\u00e7\u00e3o tarif\u00e1ria para pequenos pacotes"},"content":{"rendered":"\n<p><\/p>\n\n\n\n<p>Na \u00faltima quarta-feira, 30 de julho, foi publicada nos Estados Unidos uma&nbsp;<a href=\"https:\/\/www.whitehouse.gov\/presidential-actions\/2025\/07\/suspending-duty-free-de-minimis-treatment-for-all-countries\/\" target=\"_blank\" rel=\"noreferrer noopener\">Ordem Executiva&nbsp;<\/a>que elimina o benef\u00edcio tarif\u00e1rio conhecido como \u201cde minimis\u201d, que permitia que importa\u00e7\u00f5es de at\u00e9 US$800 enviadas via courrier ou rede postal ficassem isentas do pagamento de imposto de importa\u00e7\u00e3o ao entrar em territ\u00f3rio norte-americano.<\/p>\n\n\n\n<p>H\u00e1 alguns meses os Estados Unidos j\u00e1 havia eliminado esse benef\u00edcio para compras com origem na China e em Hong Kong, mas com a recente publica\u00e7\u00e3o, o benef\u00edcio passa a ser eliminado para todas as origens a partir de&nbsp;<strong>29 de agosto de 2025<\/strong>.<\/p>\n\n\n\n<p>Com isso, a partir desta data, para as importa\u00e7\u00f5es de at\u00e9 US$800 feitas por qualquer modalidade exceto a postal dever\u00e3o ser pagos todos os impostos aplic\u00e1veis, ou seja, o imposto de importa\u00e7\u00e3o mais a tarifa adicional. J\u00e1 sobre as importa\u00e7\u00f5es via rede postal dever\u00e3o ser pagos os impostos calculados por uma de duas metodologias:<\/p>\n\n\n\n<p>1) O imposto pago ser\u00e1 igual \u00e0 tarifa adicional aplicada ao pa\u00eds de origem do bem definida pela Lei de Poderes Econ\u00f4micos de Emerg\u00eancia Internacional (IEEPA). Ou seja, no caso de um pacote que \u00e9 enviado do Brasil aos Estados Unidos via rede postal ou courrier, o imposto ser\u00e1 de 50% sobre o valor do pacote; ou<\/p>\n\n\n\n<p>2) O imposto ad valorem pago ter\u00e1 como base a tarifa adicional dada pela IEEPA aplic\u00e1vel ao pa\u00eds de origem do produto, da seguinte forma:<\/p>\n\n\n\n<p>(i) Pa\u00edses com uma tarifa efetiva da IEEPA inferior a 16%: US$ 80 por item;<\/p>\n\n\n\n<p>(ii) Pa\u00edses com uma tarifa efetiva da IEEPA entre 16% e 25% (inclusive): US$ 160 por item; e<\/p>\n\n\n\n<p>(iii) Pa\u00edses com uma tarifa efetiva da IEEPA acima de 25%: US$ 200 por item.<\/p>\n\n\n\n<p>No caso atual do Brasil, usando a segunda metodologia, todos os pacotes estariam sujeitos ao terceiro caso.<\/p>\n\n\n\n<p>As duas metodologias de c\u00e1lculos estar\u00e3o dispon\u00edveis por um per\u00edodo de 6 meses desde a entrada em vigor da medida. Ap\u00f3s esse per\u00edodo, somente a primeira metodologia poder\u00e1 ser utilizada.<\/p>\n\n\n\n<p>Para saber mais sobre a medida, consulte o&nbsp;<a href=\"https:\/\/www.whitehouse.gov\/fact-sheets\/2025\/07\/fact-sheet-president-donald-j-trump-is-protecting-the-united-states-national-security-and-economy-by-suspending-the-de-minimis-exemption-for-commercial-shipments-globally\/\" target=\"_blank\" rel=\"noreferrer noopener\">Fact Sheet<\/a>.<\/p>\n\n\n\n<p>Em caso de d\u00favidas, contate a equipe de Com\u00e9rcio Exterior: Patr\u00edcia Pedrosa &#8211; patricia@abit.org.br (11) 98455-8676.<\/p>\n","protected":false},"excerpt":{"rendered":"<p>Na \u00faltima quarta-feira, 30 de julho, foi publicada nos Estados Unidos uma&nbsp;Ordem Executiva&nbsp;que elimina o benef\u00edcio tarif\u00e1rio conhecido como \u201cde minimis\u201d, que permitia que importa\u00e7\u00f5es de at\u00e9 US$800 enviadas via courrier ou rede postal ficassem isentas do pagamento de imposto de importa\u00e7\u00e3o ao entrar em territ\u00f3rio norte-americano. H\u00e1 alguns meses os Estados Unidos j\u00e1 havia [&hellip;]<\/p>\n","protected":false},"author":7,"featured_media":8766,"comment_status":"open","ping_status":"open","sticky":false,"template":"","format":"standard","meta":{"footnotes":""},"categories":[472,56,16],"tags":[],"class_list":["post-8765","post","type-post","status-publish","format-standard","has-post-thumbnail","hentry","category-conteudo-para-associados","category-destaques","category-noticias"],"yoast_head":"<!-- This site is optimized with the Yoast SEO plugin v22.8 - https:\/\/yoast.com\/wordpress\/plugins\/seo\/ -->\n<title>Estados Unidos acaba com isen\u00e7\u00e3o tarif\u00e1ria para pequenos pacotes - Sindit\u00eaxtil-SP<\/title>\n<meta name=\"robots\" content=\"index, follow, max-snippet:-1, max-image-preview:large, max-video-preview:-1\" \/>\n<link rel=\"canonical\" href=\"https:\/\/sinditextilsp.org.br\/home\/2025\/07\/estados-unidos-acaba-com-isencao-tarifaria-para-pequenos-pacotes\/\" \/>\n<meta property=\"og:locale\" content=\"pt_BR\" \/>\n<meta property=\"og:type\" content=\"article\" \/>\n<meta property=\"og:title\" content=\"Estados Unidos acaba com isen\u00e7\u00e3o tarif\u00e1ria para pequenos pacotes - Sindit\u00eaxtil-SP\" \/>\n<meta property=\"og:description\" content=\"Na \u00faltima quarta-feira, 30 de julho, foi publicada nos Estados Unidos uma&nbsp;Ordem Executiva&nbsp;que elimina o benef\u00edcio tarif\u00e1rio conhecido como \u201cde minimis\u201d, que permitia que importa\u00e7\u00f5es de at\u00e9 US$800 enviadas via courrier ou rede postal ficassem isentas do pagamento de imposto de importa\u00e7\u00e3o ao entrar em territ\u00f3rio norte-americano. H\u00e1 alguns meses os Estados Unidos j\u00e1 havia [&hellip;]\" \/>\n<meta property=\"og:url\" content=\"https:\/\/sinditextilsp.org.br\/home\/2025\/07\/estados-unidos-acaba-com-isencao-tarifaria-para-pequenos-pacotes\/\" \/>\n<meta property=\"og:site_name\" content=\"Sindit\u00eaxtil-SP\" \/>\n<meta property=\"article:publisher\" content=\"https:\/\/www.facebook.com\/sinditextilsp\" \/>\n<meta property=\"article:published_time\" content=\"2025-07-31T19:33:10+00:00\" \/>\n<meta property=\"article:modified_time\" content=\"2025-07-31T19:33:11+00:00\" \/>\n<meta property=\"og:image\" content=\"https:\/\/sinditextilsp.org.br\/home\/wp-content\/uploads\/2025\/07\/A-realistic-photo-style-image-showing-a-small-international-package-at-a-U.S.-customs-checkpoint.-Th.png\" \/>\n\t<meta property=\"og:image:width\" content=\"1024\" \/>\n\t<meta property=\"og:image:height\" content=\"1024\" \/>\n\t<meta property=\"og:image:type\" content=\"image\/png\" \/>\n<meta name=\"author\" content=\"Roberto Lima\" \/>\n<meta name=\"twitter:card\" content=\"summary_large_image\" \/>\n<meta name=\"twitter:creator\" content=\"@SinditextilSP\" \/>\n<meta name=\"twitter:site\" content=\"@SinditextilSP\" \/>\n<meta name=\"twitter:label1\" content=\"Escrito por\" \/>\n\t<meta name=\"twitter:data1\" content=\"Roberto Lima\" \/>\n\t<meta name=\"twitter:label2\" content=\"Est. tempo de leitura\" \/>\n\t<meta name=\"twitter:data2\" content=\"3 minutos\" \/>\n<script type=\"application\/ld+json\" class=\"yoast-schema-graph\">{\"@context\":\"https:\/\/schema.org\",\"@graph\":[{\"@type\":\"WebPage\",\"@id\":\"https:\/\/sinditextilsp.org.br\/home\/2025\/07\/estados-unidos-acaba-com-isencao-tarifaria-para-pequenos-pacotes\/\",\"url\":\"https:\/\/sinditextilsp.org.br\/home\/2025\/07\/estados-unidos-acaba-com-isencao-tarifaria-para-pequenos-pacotes\/\",\"name\":\"Estados Unidos acaba com isen\u00e7\u00e3o tarif\u00e1ria para pequenos pacotes - Sindit\u00eaxtil-SP\",\"isPartOf\":{\"@id\":\"https:\/\/sinditextilsp.org.br\/home\/#website\"},\"primaryImageOfPage\":{\"@id\":\"https:\/\/sinditextilsp.org.br\/home\/2025\/07\/estados-unidos-acaba-com-isencao-tarifaria-para-pequenos-pacotes\/#primaryimage\"},\"image\":{\"@id\":\"https:\/\/sinditextilsp.org.br\/home\/2025\/07\/estados-unidos-acaba-com-isencao-tarifaria-para-pequenos-pacotes\/#primaryimage\"},\"thumbnailUrl\":\"https:\/\/sinditextilsp.org.br\/home\/wp-content\/uploads\/2025\/07\/A-realistic-photo-style-image-showing-a-small-international-package-at-a-U.S.-customs-checkpoint.-Th.png\",\"datePublished\":\"2025-07-31T19:33:10+00:00\",\"dateModified\":\"2025-07-31T19:33:11+00:00\",\"author\":{\"@id\":\"https:\/\/sinditextilsp.org.br\/home\/#\/schema\/person\/f2652ee75ed0db87c6a4c63cfba51dd9\"},\"breadcrumb\":{\"@id\":\"https:\/\/sinditextilsp.org.br\/home\/2025\/07\/estados-unidos-acaba-com-isencao-tarifaria-para-pequenos-pacotes\/#breadcrumb\"},\"inLanguage\":\"pt-BR\",\"potentialAction\":[{\"@type\":\"ReadAction\",\"target\":[\"https:\/\/sinditextilsp.org.br\/home\/2025\/07\/estados-unidos-acaba-com-isencao-tarifaria-para-pequenos-pacotes\/\"]}]},{\"@type\":\"ImageObject\",\"inLanguage\":\"pt-BR\",\"@id\":\"https:\/\/sinditextilsp.org.br\/home\/2025\/07\/estados-unidos-acaba-com-isencao-tarifaria-para-pequenos-pacotes\/#primaryimage\",\"url\":\"https:\/\/sinditextilsp.org.br\/home\/wp-content\/uploads\/2025\/07\/A-realistic-photo-style-image-showing-a-small-international-package-at-a-U.S.-customs-checkpoint.-Th.png\",\"contentUrl\":\"https:\/\/sinditextilsp.org.br\/home\/wp-content\/uploads\/2025\/07\/A-realistic-photo-style-image-showing-a-small-international-package-at-a-U.S.-customs-checkpoint.-Th.png\",\"width\":1024,\"height\":1024},{\"@type\":\"BreadcrumbList\",\"@id\":\"https:\/\/sinditextilsp.org.br\/home\/2025\/07\/estados-unidos-acaba-com-isencao-tarifaria-para-pequenos-pacotes\/#breadcrumb\",\"itemListElement\":[{\"@type\":\"ListItem\",\"position\":1,\"name\":\"In\u00edcio\",\"item\":\"https:\/\/sinditextilsp.org.br\/home\/\"},{\"@type\":\"ListItem\",\"position\":2,\"name\":\"Estados Unidos acaba com isen\u00e7\u00e3o tarif\u00e1ria para pequenos pacotes\"}]},{\"@type\":\"WebSite\",\"@id\":\"https:\/\/sinditextilsp.org.br\/home\/#website\",\"url\":\"https:\/\/sinditextilsp.org.br\/home\/\",\"name\":\"Sindit\u00eaxtil-SP\",\"description\":\"Sindicato T\u00eaxtil de S\u00e3o Paulo\",\"potentialAction\":[{\"@type\":\"SearchAction\",\"target\":{\"@type\":\"EntryPoint\",\"urlTemplate\":\"https:\/\/sinditextilsp.org.br\/home\/?s={search_term_string}\"},\"query-input\":\"required name=search_term_string\"}],\"inLanguage\":\"pt-BR\"},{\"@type\":\"Person\",\"@id\":\"https:\/\/sinditextilsp.org.br\/home\/#\/schema\/person\/f2652ee75ed0db87c6a4c63cfba51dd9\",\"name\":\"Roberto Lima\",\"image\":{\"@type\":\"ImageObject\",\"inLanguage\":\"pt-BR\",\"@id\":\"https:\/\/sinditextilsp.org.br\/home\/#\/schema\/person\/image\/\",\"url\":\"https:\/\/secure.gravatar.com\/avatar\/e5e9ded7ca9297005415a6263122555b6a112c409111396e3416a952302fb1bf?s=96&d=mm&r=g\",\"contentUrl\":\"https:\/\/secure.gravatar.com\/avatar\/e5e9ded7ca9297005415a6263122555b6a112c409111396e3416a952302fb1bf?s=96&d=mm&r=g\",\"caption\":\"Roberto Lima\"},\"url\":\"https:\/\/sinditextilsp.org.br\/home\/author\/roberto-lima\/\"}]}<\/script>\n<!-- \/ Yoast SEO plugin. -->","yoast_head_json":{"title":"Estados Unidos acaba com isen\u00e7\u00e3o tarif\u00e1ria para pequenos pacotes - Sindit\u00eaxtil-SP","robots":{"index":"index","follow":"follow","max-snippet":"max-snippet:-1","max-image-preview":"max-image-preview:large","max-video-preview":"max-video-preview:-1"},"canonical":"https:\/\/sinditextilsp.org.br\/home\/2025\/07\/estados-unidos-acaba-com-isencao-tarifaria-para-pequenos-pacotes\/","og_locale":"pt_BR","og_type":"article","og_title":"Estados Unidos acaba com isen\u00e7\u00e3o tarif\u00e1ria para pequenos pacotes - Sindit\u00eaxtil-SP","og_description":"Na \u00faltima quarta-feira, 30 de julho, foi publicada nos Estados Unidos uma&nbsp;Ordem Executiva&nbsp;que elimina o benef\u00edcio tarif\u00e1rio conhecido como \u201cde minimis\u201d, que permitia que importa\u00e7\u00f5es de at\u00e9 US$800 enviadas via courrier ou rede postal ficassem isentas do pagamento de imposto de importa\u00e7\u00e3o ao entrar em territ\u00f3rio norte-americano. H\u00e1 alguns meses os Estados Unidos j\u00e1 havia [&hellip;]","og_url":"https:\/\/sinditextilsp.org.br\/home\/2025\/07\/estados-unidos-acaba-com-isencao-tarifaria-para-pequenos-pacotes\/","og_site_name":"Sindit\u00eaxtil-SP","article_publisher":"https:\/\/www.facebook.com\/sinditextilsp","article_published_time":"2025-07-31T19:33:10+00:00","article_modified_time":"2025-07-31T19:33:11+00:00","og_image":[{"width":1024,"height":1024,"url":"https:\/\/sinditextilsp.org.br\/home\/wp-content\/uploads\/2025\/07\/A-realistic-photo-style-image-showing-a-small-international-package-at-a-U.S.-customs-checkpoint.-Th.png","type":"image\/png"}],"author":"Roberto Lima","twitter_card":"summary_large_image","twitter_creator":"@SinditextilSP","twitter_site":"@SinditextilSP","twitter_misc":{"Escrito por":"Roberto Lima","Est. tempo de leitura":"3 minutos"},"schema":{"@context":"https:\/\/schema.org","@graph":[{"@type":"WebPage","@id":"https:\/\/sinditextilsp.org.br\/home\/2025\/07\/estados-unidos-acaba-com-isencao-tarifaria-para-pequenos-pacotes\/","url":"https:\/\/sinditextilsp.org.br\/home\/2025\/07\/estados-unidos-acaba-com-isencao-tarifaria-para-pequenos-pacotes\/","name":"Estados Unidos acaba com isen\u00e7\u00e3o tarif\u00e1ria para pequenos pacotes - Sindit\u00eaxtil-SP","isPartOf":{"@id":"https:\/\/sinditextilsp.org.br\/home\/#website"},"primaryImageOfPage":{"@id":"https:\/\/sinditextilsp.org.br\/home\/2025\/07\/estados-unidos-acaba-com-isencao-tarifaria-para-pequenos-pacotes\/#primaryimage"},"image":{"@id":"https:\/\/sinditextilsp.org.br\/home\/2025\/07\/estados-unidos-acaba-com-isencao-tarifaria-para-pequenos-pacotes\/#primaryimage"},"thumbnailUrl":"https:\/\/sinditextilsp.org.br\/home\/wp-content\/uploads\/2025\/07\/A-realistic-photo-style-image-showing-a-small-international-package-at-a-U.S.-customs-checkpoint.-Th.png","datePublished":"2025-07-31T19:33:10+00:00","dateModified":"2025-07-31T19:33:11+00:00","author":{"@id":"https:\/\/sinditextilsp.org.br\/home\/#\/schema\/person\/f2652ee75ed0db87c6a4c63cfba51dd9"},"breadcrumb":{"@id":"https:\/\/sinditextilsp.org.br\/home\/2025\/07\/estados-unidos-acaba-com-isencao-tarifaria-para-pequenos-pacotes\/#breadcrumb"},"inLanguage":"pt-BR","potentialAction":[{"@type":"ReadAction","target":["https:\/\/sinditextilsp.org.br\/home\/2025\/07\/estados-unidos-acaba-com-isencao-tarifaria-para-pequenos-pacotes\/"]}]},{"@type":"ImageObject","inLanguage":"pt-BR","@id":"https:\/\/sinditextilsp.org.br\/home\/2025\/07\/estados-unidos-acaba-com-isencao-tarifaria-para-pequenos-pacotes\/#primaryimage","url":"https:\/\/sinditextilsp.org.br\/home\/wp-content\/uploads\/2025\/07\/A-realistic-photo-style-image-showing-a-small-international-package-at-a-U.S.-customs-checkpoint.-Th.png","contentUrl":"https:\/\/sinditextilsp.org.br\/home\/wp-content\/uploads\/2025\/07\/A-realistic-photo-style-image-showing-a-small-international-package-at-a-U.S.-customs-checkpoint.-Th.png","width":1024,"height":1024},{"@type":"BreadcrumbList","@id":"https:\/\/sinditextilsp.org.br\/home\/2025\/07\/estados-unidos-acaba-com-isencao-tarifaria-para-pequenos-pacotes\/#breadcrumb","itemListElement":[{"@type":"ListItem","position":1,"name":"In\u00edcio","item":"https:\/\/sinditextilsp.org.br\/home\/"},{"@type":"ListItem","position":2,"name":"Estados Unidos acaba com isen\u00e7\u00e3o tarif\u00e1ria para pequenos pacotes"}]},{"@type":"WebSite","@id":"https:\/\/sinditextilsp.org.br\/home\/#website","url":"https:\/\/sinditextilsp.org.br\/home\/","name":"Sindit\u00eaxtil-SP","description":"Sindicato T\u00eaxtil de S\u00e3o Paulo","potentialAction":[{"@type":"SearchAction","target":{"@type":"EntryPoint","urlTemplate":"https:\/\/sinditextilsp.org.br\/home\/?s={search_term_string}"},"query-input":"required name=search_term_string"}],"inLanguage":"pt-BR"},{"@type":"Person","@id":"https:\/\/sinditextilsp.org.br\/home\/#\/schema\/person\/f2652ee75ed0db87c6a4c63cfba51dd9","name":"Roberto Lima","image":{"@type":"ImageObject","inLanguage":"pt-BR","@id":"https:\/\/sinditextilsp.org.br\/home\/#\/schema\/person\/image\/","url":"https:\/\/secure.gravatar.com\/avatar\/e5e9ded7ca9297005415a6263122555b6a112c409111396e3416a952302fb1bf?s=96&d=mm&r=g","contentUrl":"https:\/\/secure.gravatar.com\/avatar\/e5e9ded7ca9297005415a6263122555b6a112c409111396e3416a952302fb1bf?s=96&d=mm&r=g","caption":"Roberto Lima"},"url":"https:\/\/sinditextilsp.org.br\/home\/author\/roberto-lima\/"}]}},"_links":{"self":[{"href":"https:\/\/sinditextilsp.org.br\/home\/wp-json\/wp\/v2\/posts\/8765","targetHints":{"allow":["GET"]}}],"collection":[{"href":"https:\/\/sinditextilsp.org.br\/home\/wp-json\/wp\/v2\/posts"}],"about":[{"href":"https:\/\/sinditextilsp.org.br\/home\/wp-json\/wp\/v2\/types\/post"}],"author":[{"embeddable":true,"href":"https:\/\/sinditextilsp.org.br\/home\/wp-json\/wp\/v2\/users\/7"}],"replies":[{"embeddable":true,"href":"https:\/\/sinditextilsp.org.br\/home\/wp-json\/wp\/v2\/comments?post=8765"}],"version-history":[{"count":2,"href":"https:\/\/sinditextilsp.org.br\/home\/wp-json\/wp\/v2\/posts\/8765\/revisions"}],"predecessor-version":[{"id":8768,"href":"https:\/\/sinditextilsp.org.br\/home\/wp-json\/wp\/v2\/posts\/8765\/revisions\/8768"}],"wp:featuredmedia":[{"embeddable":true,"href":"https:\/\/sinditextilsp.org.br\/home\/wp-json\/wp\/v2\/media\/8766"}],"wp:attachment":[{"href":"https:\/\/sinditextilsp.org.br\/home\/wp-json\/wp\/v2\/media?parent=8765"}],"wp:term":[{"taxonomy":"category","embeddable":true,"href":"https:\/\/sinditextilsp.org.br\/home\/wp-json\/wp\/v2\/categories?post=8765"},{"taxonomy":"post_tag","embeddable":true,"href":"https:\/\/sinditextilsp.org.br\/home\/wp-json\/wp\/v2\/tags?post=8765"}],"curies":[{"name":"wp","href":"https:\/\/api.w.org\/{rel}","templated":true}]}}