{"id":902,"date":"2021-08-25T14:29:17","date_gmt":"2021-08-25T17:29:17","guid":{"rendered":"https:\/\/sinditextilsp.org.br\/home\/?p=902"},"modified":"2021-08-25T14:30:28","modified_gmt":"2021-08-25T17:30:28","slug":"projeto-investiga-fibras-biossinteticas","status":"publish","type":"post","link":"https:\/\/sinditextilsp.org.br\/home\/2021\/08\/projeto-investiga-fibras-biossinteticas\/","title":{"rendered":"Projeto investiga fibras biossint\u00e9ticas"},"content":{"rendered":"<p>A iniciativa vai investigar, testar e validar alternativas de polihidroxialcanoatos ou fibras de pol\u00edmeros PHA. Estas fibras s\u00e3o descritas pela iniciativa de moda sustent\u00e1vel como tendo o potencial para reduzir as emiss\u00f5es de carbono na cadeia de aprovisionamento da moda.<\/p>\n<p>O financiamento do projeto \u00e9 realizado pela Laudes Foundation, tendo ainda como parceiros a Bestseller, Norr\u00f8na, PVH Corp e a divis\u00e3o de tecidos da W L Gore &amp; Associates. A Bio Craft Innovation (anteriormente Biomize), a Full Cycle Bioplastics e a Newlight Technologies v\u00e3o igualmente contribuir com solu\u00e7\u00f5es para validar o seu potencial, dando informa\u00e7\u00e3o para escalar industrialmente a longo prazo. \u00abA Laudes Foundation est\u00e1 entusiasmada por apoiar este cons\u00f3rcio como um primeiro passo para reduzir a depend\u00eancia da moda de sint\u00e9ticos com base em petr\u00f3leo. Esta iniciativa \u00e9 cr\u00edtica para desbloquear o potencial de fontes renov\u00e1veis de fibras no futuro e demonstrar a sua viabilidade para a ind\u00fastria\u00bb, considera Lakshmi Poti, diretora s\u00e9nior de programas da Laudes Foundation.<\/p>\n<p>\u00abUm dos principais pilares da nossa vis\u00e3o para criar moda que \u201cnada desperdi\u00e7a e tudo aproveita\u201d \u00e9 reduzir os nossos impactos negativos a zero, com objetivo de eliminar emiss\u00f5es de carbono e inovar para a circularidade. Com iniciativas como esta, estamos a ajudar a criar uma mudan\u00e7a tang\u00edvel e significativa\u00bb, acredita Kashif Noor, diretor de inova\u00e7\u00e3o na Tommy Hilfiger, que pertence ao grupo PVH.<\/p>\n<p>Para Katrin Ley, diretora-geral da Fashion for Good \u00abh\u00e1 uma necessidade urgente de encontrar substitutos para as fibras predominantemente \u00e0 base de combust\u00edveis f\u00f3sseis na ind\u00fastria da moda atrav\u00e9s de solu\u00e7\u00f5es como os biossint\u00e9ticos de fontes renov\u00e1veis. Os pol\u00edmeros PHA representam uma solu\u00e7\u00e3o entusiasmante mas tamb\u00e9m desafiante para reduzir as emiss\u00f5es de carbono na ind\u00fastria da moda e este projeto pretende impulsionar mais inova\u00e7\u00e3o neste espa\u00e7o para as trazer para a escala industrial\u00bb.<\/p>\n<p>A ind\u00fastria da moda representa cerca de 4% das emiss\u00f5es mundiais de gases com efeito de estufa, com 38% dessas emiss\u00f5es a serem provenientes da produ\u00e7\u00e3o, prepara\u00e7\u00e3o e processamento de mat\u00e9rias-primas e 3% do fim de ciclo de vida, revela a Fashion for Good.<\/p>\n<p>A fibra de poli\u00e9ster \u00e9 uma das mais comummente usadas na ind\u00fastria da moda, representando 52% da produ\u00e7\u00e3o mundial de fibras. A produ\u00e7\u00e3o desta fibra de poli\u00e9ster com base em combust\u00edveis f\u00f3sseis \u00e9 respons\u00e1vel por um aumento das emiss\u00f5es de gases com efeito de estufa e a sua utiliza\u00e7\u00e3o resulta na liberta\u00e7\u00e3o de micropl\u00e1sticos no ambiente, salienta a Fashion for Good.<\/p>\n<p>Sob a chancela da Renewable Carbon Framework iniciada pelo Nova-Institute, os biossint\u00e9ticos obtidos de fontes renov\u00e1veis, como subprodutos agr\u00edcolas, s\u00e3o uma solu\u00e7\u00e3o para reduzir a produ\u00e7\u00e3o de pl\u00e1stico e, consequentemente, a redu\u00e7\u00e3o da pegada de carbono das marcas.<\/p>\n<p><strong>As promessas dos pol\u00edmeros PHA<\/strong><\/p>\n<p>Os pol\u00edmeros PHA fornecem uma solu\u00e7\u00e3o de base biol\u00f3gica compost\u00e1vel em meio marinho e no solo \u00e0s fibras de poli\u00e9ster derivadas de combust\u00edveis f\u00f3sseis e pode ser um poss\u00edvel \u201csanto Graal\u201d para descarbonizar a ind\u00fastria da moda.<\/p>\n<p>Os PHA s\u00e3o produzidos atrav\u00e9s de um processo de fermenta\u00e7\u00e3o usando v\u00e1rias mat\u00e9rias-primas \u00e0 base de carbono, incluindo res\u00edduos alimentares org\u00e2nicos, g\u00e1s metano e di\u00f3xido de carbono capturado. T\u00eam uma vasta gama de propriedades qu\u00edmicas, t\u00e9rmicas e mec\u00e2nicas que podem ser trabalhadas para ter caracter\u00edsticas de performance semelhantes \u00e0s fibras sint\u00e9ticas convencionais.<\/p>\n<p>Os PHA t\u00eam sido usados para fazer filmes e produtos de embalagem, mas at\u00e9 agora tem havido limites \u00e0 aplica\u00e7\u00e3o destes pol\u00edmeros. Juntamente com isso, poucas empresas produzem atualmente PHA, o que significa que a oferta \u00e9 limitada.<\/p>\n<p>&nbsp;<\/p>\n<p>A Full Cycle Bioplastics usa res\u00edduos alimentares, enquanto a Newlight Technologies utiliza uma tecnologia de capta\u00e7\u00e3o de carbono que transforma o carbono de gases com efeito de estufa em biopol\u00edmeros PHA. J\u00e1 a Bio Craft Innovation produz um comp\u00f3sito de PHA usando biomassa da produ\u00e7\u00e3o de bambu.<\/p>\n<p>As mat\u00e9rias-primas para a produ\u00e7\u00e3o de fibras ser\u00e3o fornecidas por cada um destas empresas e elas v\u00e3o demonstrar que os seus produtos podem cumprir as exig\u00eancias da ind\u00fastria da moda, tanto em qualidade como na quantidade necess\u00e1ria para a escala industrial.<\/p>\n<p><strong>Pr\u00f3ximos passos<\/strong><\/p>\n<p>Como parte do projeto, as marcas parceiras v\u00e3o ajudar a desenvolver e testar materiais, assim como fornecer o seu conhecimento t\u00e9cnico e vis\u00e3o industrial.<\/p>\n<p>Isso ir\u00e1 permitir avaliar a adequabilidade dos pol\u00edmeros PHA, acelerar o desenvolvimento e produ\u00e7\u00e3o de fibras e determinar a escalabilidade na cadeia de aprovisionamento tradicional. O uso final das fibras ser\u00e1 avaliado atrav\u00e9s de ensaios de degrada\u00e7\u00e3o e reciclabilidade por parte de terceiros, para assegurar a circularidade.<\/p>\n<p>Entretanto, a Bio Craft Innovation, a Full Cycle Bioplastics e a Newlight v\u00e3o aplicar os seus conhecimentos em biologia, qu\u00edmica e engenharia para n\u00e3o s\u00f3 produzir as fibras, mas tamb\u00e9m desenvolver mais a t\u00e9cnica de melt-spinning, um passo normalmente dif\u00edcil mas fundamental na produ\u00e7\u00e3o de PHA.<\/p>\n<p>At\u00e9 agora, os ensaios comerciais de melt-spinning n\u00e3o usaram pol\u00edmeros PHA, indica a Fashion for Good, acrescentando que, como tal, \u00e9 ainda necess\u00e1rio ultrapassar alguns desafios de produ\u00e7\u00e3o e fazer avalia\u00e7\u00f5es adicionais para comparar os diferentes pol\u00edmeros.<\/p>\n<p>&nbsp;<\/p>\n<p>Juntamente com o estudo de viabilidade, o projeto inclui v\u00e1rios ensaios de degrada\u00e7\u00e3o que ser\u00e3o realizados pela Organic Waste Systems, que vai fazer experi\u00eancias em ambientes de solo, aterro, mar e rio em meados de 2022 para avaliar as propriedades bioqu\u00edmicas das fibras e se estas se degradam nestes ambientes.<\/p>\n<p>No final do projeto, previsto para o final de 2022, os resultados ser\u00e3o publicados pela Fashion for Good e ficar\u00e3o dispon\u00edveis para consulta p\u00fablica.<\/p>\n<p>Fonte: Portugal T\u00eaxtil<\/p>\n","protected":false},"excerpt":{"rendered":"<p>A iniciativa vai investigar, testar e validar alternativas de polihidroxialcanoatos ou fibras de pol\u00edmeros PHA. Estas fibras s\u00e3o descritas pela iniciativa de moda sustent\u00e1vel como tendo o potencial para reduzir as emiss\u00f5es de carbono na cadeia de aprovisionamento da moda. O financiamento do projeto \u00e9 realizado pela Laudes Foundation, tendo ainda como parceiros a Bestseller, [&hellip;]<\/p>\n","protected":false},"author":7,"featured_media":903,"comment_status":"open","ping_status":"open","sticky":false,"template":"","format":"standard","meta":{"footnotes":""},"categories":[16,98],"tags":[],"class_list":["post-902","post","type-post","status-publish","format-standard","has-post-thumbnail","hentry","category-noticias","category-tendencias-de-mercado"],"yoast_head":"<!-- This site is optimized with the Yoast SEO plugin v22.8 - https:\/\/yoast.com\/wordpress\/plugins\/seo\/ -->\n<title>Projeto investiga fibras biossint\u00e9ticas - Sindit\u00eaxtil-SP<\/title>\n<meta name=\"robots\" content=\"index, follow, max-snippet:-1, max-image-preview:large, max-video-preview:-1\" \/>\n<link rel=\"canonical\" href=\"https:\/\/sinditextilsp.org.br\/home\/2021\/08\/projeto-investiga-fibras-biossinteticas\/\" \/>\n<meta property=\"og:locale\" content=\"pt_BR\" \/>\n<meta property=\"og:type\" content=\"article\" \/>\n<meta property=\"og:title\" content=\"Projeto investiga fibras biossint\u00e9ticas - Sindit\u00eaxtil-SP\" \/>\n<meta property=\"og:description\" content=\"A iniciativa vai investigar, testar e validar alternativas de polihidroxialcanoatos ou fibras de pol\u00edmeros PHA. Estas fibras s\u00e3o descritas pela iniciativa de moda sustent\u00e1vel como tendo o potencial para reduzir as emiss\u00f5es de carbono na cadeia de aprovisionamento da moda. O financiamento do projeto \u00e9 realizado pela Laudes Foundation, tendo ainda como parceiros a Bestseller, [&hellip;]\" \/>\n<meta property=\"og:url\" content=\"https:\/\/sinditextilsp.org.br\/home\/2021\/08\/projeto-investiga-fibras-biossinteticas\/\" \/>\n<meta property=\"og:site_name\" content=\"Sindit\u00eaxtil-SP\" \/>\n<meta property=\"article:publisher\" content=\"https:\/\/www.facebook.com\/sinditextilsp\" \/>\n<meta property=\"article:published_time\" content=\"2021-08-25T17:29:17+00:00\" \/>\n<meta property=\"article:modified_time\" content=\"2021-08-25T17:30:28+00:00\" \/>\n<meta property=\"og:image\" content=\"https:\/\/sinditextilsp.org.br\/home\/wp-content\/uploads\/2021\/08\/fibras-biossinteticas.jpg\" \/>\n\t<meta property=\"og:image:width\" content=\"640\" \/>\n\t<meta property=\"og:image:height\" content=\"421\" \/>\n\t<meta property=\"og:image:type\" content=\"image\/jpeg\" \/>\n<meta name=\"author\" content=\"Roberto Lima\" \/>\n<meta name=\"twitter:card\" content=\"summary_large_image\" \/>\n<meta name=\"twitter:creator\" content=\"@SinditextilSP\" \/>\n<meta name=\"twitter:site\" content=\"@SinditextilSP\" \/>\n<meta name=\"twitter:label1\" content=\"Escrito por\" \/>\n\t<meta name=\"twitter:data1\" content=\"Roberto Lima\" \/>\n\t<meta name=\"twitter:label2\" content=\"Est. tempo de leitura\" \/>\n\t<meta name=\"twitter:data2\" content=\"4 minutos\" \/>\n<script type=\"application\/ld+json\" class=\"yoast-schema-graph\">{\"@context\":\"https:\/\/schema.org\",\"@graph\":[{\"@type\":\"WebPage\",\"@id\":\"https:\/\/sinditextilsp.org.br\/home\/2021\/08\/projeto-investiga-fibras-biossinteticas\/\",\"url\":\"https:\/\/sinditextilsp.org.br\/home\/2021\/08\/projeto-investiga-fibras-biossinteticas\/\",\"name\":\"Projeto investiga fibras biossint\u00e9ticas - Sindit\u00eaxtil-SP\",\"isPartOf\":{\"@id\":\"https:\/\/sinditextilsp.org.br\/home\/#website\"},\"primaryImageOfPage\":{\"@id\":\"https:\/\/sinditextilsp.org.br\/home\/2021\/08\/projeto-investiga-fibras-biossinteticas\/#primaryimage\"},\"image\":{\"@id\":\"https:\/\/sinditextilsp.org.br\/home\/2021\/08\/projeto-investiga-fibras-biossinteticas\/#primaryimage\"},\"thumbnailUrl\":\"https:\/\/sinditextilsp.org.br\/home\/wp-content\/uploads\/2021\/08\/fibras-biossinteticas.jpg\",\"datePublished\":\"2021-08-25T17:29:17+00:00\",\"dateModified\":\"2021-08-25T17:30:28+00:00\",\"author\":{\"@id\":\"https:\/\/sinditextilsp.org.br\/home\/#\/schema\/person\/f2652ee75ed0db87c6a4c63cfba51dd9\"},\"breadcrumb\":{\"@id\":\"https:\/\/sinditextilsp.org.br\/home\/2021\/08\/projeto-investiga-fibras-biossinteticas\/#breadcrumb\"},\"inLanguage\":\"pt-BR\",\"potentialAction\":[{\"@type\":\"ReadAction\",\"target\":[\"https:\/\/sinditextilsp.org.br\/home\/2021\/08\/projeto-investiga-fibras-biossinteticas\/\"]}]},{\"@type\":\"ImageObject\",\"inLanguage\":\"pt-BR\",\"@id\":\"https:\/\/sinditextilsp.org.br\/home\/2021\/08\/projeto-investiga-fibras-biossinteticas\/#primaryimage\",\"url\":\"https:\/\/sinditextilsp.org.br\/home\/wp-content\/uploads\/2021\/08\/fibras-biossinteticas.jpg\",\"contentUrl\":\"https:\/\/sinditextilsp.org.br\/home\/wp-content\/uploads\/2021\/08\/fibras-biossinteticas.jpg\",\"width\":640,\"height\":421},{\"@type\":\"BreadcrumbList\",\"@id\":\"https:\/\/sinditextilsp.org.br\/home\/2021\/08\/projeto-investiga-fibras-biossinteticas\/#breadcrumb\",\"itemListElement\":[{\"@type\":\"ListItem\",\"position\":1,\"name\":\"In\u00edcio\",\"item\":\"https:\/\/sinditextilsp.org.br\/home\/\"},{\"@type\":\"ListItem\",\"position\":2,\"name\":\"Projeto investiga fibras biossint\u00e9ticas\"}]},{\"@type\":\"WebSite\",\"@id\":\"https:\/\/sinditextilsp.org.br\/home\/#website\",\"url\":\"https:\/\/sinditextilsp.org.br\/home\/\",\"name\":\"Sindit\u00eaxtil-SP\",\"description\":\"Sindicato T\u00eaxtil de S\u00e3o Paulo\",\"potentialAction\":[{\"@type\":\"SearchAction\",\"target\":{\"@type\":\"EntryPoint\",\"urlTemplate\":\"https:\/\/sinditextilsp.org.br\/home\/?s={search_term_string}\"},\"query-input\":\"required name=search_term_string\"}],\"inLanguage\":\"pt-BR\"},{\"@type\":\"Person\",\"@id\":\"https:\/\/sinditextilsp.org.br\/home\/#\/schema\/person\/f2652ee75ed0db87c6a4c63cfba51dd9\",\"name\":\"Roberto Lima\",\"image\":{\"@type\":\"ImageObject\",\"inLanguage\":\"pt-BR\",\"@id\":\"https:\/\/sinditextilsp.org.br\/home\/#\/schema\/person\/image\/\",\"url\":\"https:\/\/secure.gravatar.com\/avatar\/e5e9ded7ca9297005415a6263122555b6a112c409111396e3416a952302fb1bf?s=96&d=mm&r=g\",\"contentUrl\":\"https:\/\/secure.gravatar.com\/avatar\/e5e9ded7ca9297005415a6263122555b6a112c409111396e3416a952302fb1bf?s=96&d=mm&r=g\",\"caption\":\"Roberto Lima\"},\"url\":\"https:\/\/sinditextilsp.org.br\/home\/author\/roberto-lima\/\"}]}<\/script>\n<!-- \/ Yoast SEO plugin. -->","yoast_head_json":{"title":"Projeto investiga fibras biossint\u00e9ticas - Sindit\u00eaxtil-SP","robots":{"index":"index","follow":"follow","max-snippet":"max-snippet:-1","max-image-preview":"max-image-preview:large","max-video-preview":"max-video-preview:-1"},"canonical":"https:\/\/sinditextilsp.org.br\/home\/2021\/08\/projeto-investiga-fibras-biossinteticas\/","og_locale":"pt_BR","og_type":"article","og_title":"Projeto investiga fibras biossint\u00e9ticas - Sindit\u00eaxtil-SP","og_description":"A iniciativa vai investigar, testar e validar alternativas de polihidroxialcanoatos ou fibras de pol\u00edmeros PHA. Estas fibras s\u00e3o descritas pela iniciativa de moda sustent\u00e1vel como tendo o potencial para reduzir as emiss\u00f5es de carbono na cadeia de aprovisionamento da moda. O financiamento do projeto \u00e9 realizado pela Laudes Foundation, tendo ainda como parceiros a Bestseller, [&hellip;]","og_url":"https:\/\/sinditextilsp.org.br\/home\/2021\/08\/projeto-investiga-fibras-biossinteticas\/","og_site_name":"Sindit\u00eaxtil-SP","article_publisher":"https:\/\/www.facebook.com\/sinditextilsp","article_published_time":"2021-08-25T17:29:17+00:00","article_modified_time":"2021-08-25T17:30:28+00:00","og_image":[{"width":640,"height":421,"url":"https:\/\/sinditextilsp.org.br\/home\/wp-content\/uploads\/2021\/08\/fibras-biossinteticas.jpg","type":"image\/jpeg"}],"author":"Roberto Lima","twitter_card":"summary_large_image","twitter_creator":"@SinditextilSP","twitter_site":"@SinditextilSP","twitter_misc":{"Escrito por":"Roberto Lima","Est. tempo de leitura":"4 minutos"},"schema":{"@context":"https:\/\/schema.org","@graph":[{"@type":"WebPage","@id":"https:\/\/sinditextilsp.org.br\/home\/2021\/08\/projeto-investiga-fibras-biossinteticas\/","url":"https:\/\/sinditextilsp.org.br\/home\/2021\/08\/projeto-investiga-fibras-biossinteticas\/","name":"Projeto investiga fibras biossint\u00e9ticas - Sindit\u00eaxtil-SP","isPartOf":{"@id":"https:\/\/sinditextilsp.org.br\/home\/#website"},"primaryImageOfPage":{"@id":"https:\/\/sinditextilsp.org.br\/home\/2021\/08\/projeto-investiga-fibras-biossinteticas\/#primaryimage"},"image":{"@id":"https:\/\/sinditextilsp.org.br\/home\/2021\/08\/projeto-investiga-fibras-biossinteticas\/#primaryimage"},"thumbnailUrl":"https:\/\/sinditextilsp.org.br\/home\/wp-content\/uploads\/2021\/08\/fibras-biossinteticas.jpg","datePublished":"2021-08-25T17:29:17+00:00","dateModified":"2021-08-25T17:30:28+00:00","author":{"@id":"https:\/\/sinditextilsp.org.br\/home\/#\/schema\/person\/f2652ee75ed0db87c6a4c63cfba51dd9"},"breadcrumb":{"@id":"https:\/\/sinditextilsp.org.br\/home\/2021\/08\/projeto-investiga-fibras-biossinteticas\/#breadcrumb"},"inLanguage":"pt-BR","potentialAction":[{"@type":"ReadAction","target":["https:\/\/sinditextilsp.org.br\/home\/2021\/08\/projeto-investiga-fibras-biossinteticas\/"]}]},{"@type":"ImageObject","inLanguage":"pt-BR","@id":"https:\/\/sinditextilsp.org.br\/home\/2021\/08\/projeto-investiga-fibras-biossinteticas\/#primaryimage","url":"https:\/\/sinditextilsp.org.br\/home\/wp-content\/uploads\/2021\/08\/fibras-biossinteticas.jpg","contentUrl":"https:\/\/sinditextilsp.org.br\/home\/wp-content\/uploads\/2021\/08\/fibras-biossinteticas.jpg","width":640,"height":421},{"@type":"BreadcrumbList","@id":"https:\/\/sinditextilsp.org.br\/home\/2021\/08\/projeto-investiga-fibras-biossinteticas\/#breadcrumb","itemListElement":[{"@type":"ListItem","position":1,"name":"In\u00edcio","item":"https:\/\/sinditextilsp.org.br\/home\/"},{"@type":"ListItem","position":2,"name":"Projeto investiga fibras biossint\u00e9ticas"}]},{"@type":"WebSite","@id":"https:\/\/sinditextilsp.org.br\/home\/#website","url":"https:\/\/sinditextilsp.org.br\/home\/","name":"Sindit\u00eaxtil-SP","description":"Sindicato T\u00eaxtil de S\u00e3o Paulo","potentialAction":[{"@type":"SearchAction","target":{"@type":"EntryPoint","urlTemplate":"https:\/\/sinditextilsp.org.br\/home\/?s={search_term_string}"},"query-input":"required name=search_term_string"}],"inLanguage":"pt-BR"},{"@type":"Person","@id":"https:\/\/sinditextilsp.org.br\/home\/#\/schema\/person\/f2652ee75ed0db87c6a4c63cfba51dd9","name":"Roberto Lima","image":{"@type":"ImageObject","inLanguage":"pt-BR","@id":"https:\/\/sinditextilsp.org.br\/home\/#\/schema\/person\/image\/","url":"https:\/\/secure.gravatar.com\/avatar\/e5e9ded7ca9297005415a6263122555b6a112c409111396e3416a952302fb1bf?s=96&d=mm&r=g","contentUrl":"https:\/\/secure.gravatar.com\/avatar\/e5e9ded7ca9297005415a6263122555b6a112c409111396e3416a952302fb1bf?s=96&d=mm&r=g","caption":"Roberto Lima"},"url":"https:\/\/sinditextilsp.org.br\/home\/author\/roberto-lima\/"}]}},"_links":{"self":[{"href":"https:\/\/sinditextilsp.org.br\/home\/wp-json\/wp\/v2\/posts\/902","targetHints":{"allow":["GET"]}}],"collection":[{"href":"https:\/\/sinditextilsp.org.br\/home\/wp-json\/wp\/v2\/posts"}],"about":[{"href":"https:\/\/sinditextilsp.org.br\/home\/wp-json\/wp\/v2\/types\/post"}],"author":[{"embeddable":true,"href":"https:\/\/sinditextilsp.org.br\/home\/wp-json\/wp\/v2\/users\/7"}],"replies":[{"embeddable":true,"href":"https:\/\/sinditextilsp.org.br\/home\/wp-json\/wp\/v2\/comments?post=902"}],"version-history":[{"count":1,"href":"https:\/\/sinditextilsp.org.br\/home\/wp-json\/wp\/v2\/posts\/902\/revisions"}],"predecessor-version":[{"id":904,"href":"https:\/\/sinditextilsp.org.br\/home\/wp-json\/wp\/v2\/posts\/902\/revisions\/904"}],"wp:featuredmedia":[{"embeddable":true,"href":"https:\/\/sinditextilsp.org.br\/home\/wp-json\/wp\/v2\/media\/903"}],"wp:attachment":[{"href":"https:\/\/sinditextilsp.org.br\/home\/wp-json\/wp\/v2\/media?parent=902"}],"wp:term":[{"taxonomy":"category","embeddable":true,"href":"https:\/\/sinditextilsp.org.br\/home\/wp-json\/wp\/v2\/categories?post=902"},{"taxonomy":"post_tag","embeddable":true,"href":"https:\/\/sinditextilsp.org.br\/home\/wp-json\/wp\/v2\/tags?post=902"}],"curies":[{"name":"wp","href":"https:\/\/api.w.org\/{rel}","templated":true}]}}