{"id":9660,"date":"2026-01-09T10:05:04","date_gmt":"2026-01-09T13:05:04","guid":{"rendered":"https:\/\/sinditextilsp.org.br\/home\/?p=9660"},"modified":"2026-02-03T10:08:35","modified_gmt":"2026-02-03T13:08:35","slug":"inflacao-fecha-ano-abaixo-de-45-pela-1a-vez-desde-2019","status":"publish","type":"post","link":"https:\/\/sinditextilsp.org.br\/home\/2026\/01\/inflacao-fecha-ano-abaixo-de-45-pela-1a-vez-desde-2019\/","title":{"rendered":"Infla\u00e7\u00e3o fecha ano abaixo de 4,5% pela 1\u00aa vez desde 2019, mostra pesquisa"},"content":{"rendered":"\n<p>Em dezembro de 2025, o \u00cdndice Nacional de Pre\u00e7os ao Consumidor Amplo (IPCA) foi de 0,33%, tendo ficado acima da taxa de novembro (0,18%), mas abaixo da taxa registrada em dezembro de 2024 (0,52%). Esse foi o menor resultado para um m\u00eas de dezembro desde 2018 (0,15%), de acordo com dados divulgados nesta sexta-feira (9) pelo IBGE (Instituto Brasileiro de Geografia e Estat\u00edstica).<\/p>\n\n\n\n<p>Desse modo, o <a href=\"https:\/\/agenciadenoticias.ibge.gov.br\/agencia-noticias\/2012-agencia-de-noticias\/noticias\/45613-ipca-em-dezembro-vai-a-0-33-e-acumula-4-26-em-2025\">\u00edndice oficial de infla\u00e7\u00e3o do pa\u00eds fechou o ano com alta de 4,26%<\/a> &#8211; 0,57 ponto percentual (p.p.) abaixo do IPCA de 2024 (4,83%) e do teto da meta (4,5%) de infla\u00e7\u00e3o estabelecida pelo Conselho Monet\u00e1rio Nacional (CMN). O n\u00famero \u00e9 o menor acumulado para o ano desde 2018 (3,75%).<\/p>\n\n\n\n<p>O resultado foi influenciado principalmente pelo grupo Habita\u00e7\u00e3o, que acelerou de 3,06% em 2024 para 6,79%, o maior impacto (1,02 p.p.) no acumulado do ano. No ano anterior, o impacto havia sido de 0,47 p.p. Na sequ\u00eancia, as maiores varia\u00e7\u00f5es vieram de Educa\u00e7\u00e3o (6,22% e 0,37 p.p.), Despesas pessoais (5,87% e 0,60 p.p.) e Sa\u00fade e cuidados pessoais (5,59% e 0,75 p.p.). Os quatro grupos juntos responderam por, aproximadamente, 64% do resultado do ano.<\/p>\n\n\n\n<p><\/p>\n","protected":false},"excerpt":{"rendered":"<p>Em dezembro de 2025, o \u00cdndice Nacional de Pre\u00e7os ao Consumidor Amplo (IPCA) foi de 0,33%, tendo ficado acima da taxa de novembro (0,18%), mas abaixo da taxa registrada em dezembro de 2024 (0,52%). Esse foi o menor resultado para um m\u00eas de dezembro desde 2018 (0,15%), de acordo com dados divulgados nesta sexta-feira (9) [&hellip;]<\/p>\n","protected":false},"author":22,"featured_media":9150,"comment_status":"open","ping_status":"open","sticky":false,"template":"","format":"standard","meta":{"footnotes":""},"categories":[98],"tags":[],"class_list":["post-9660","post","type-post","status-publish","format-standard","has-post-thumbnail","hentry","category-tendencias-de-mercado"],"yoast_head":"<!-- This site is optimized with the Yoast SEO plugin v22.8 - https:\/\/yoast.com\/wordpress\/plugins\/seo\/ -->\n<title>Infla\u00e7\u00e3o fecha ano abaixo de 4,5% pela 1\u00aa vez desde 2019, mostra pesquisa - Sindit\u00eaxtil-SP<\/title>\n<meta name=\"robots\" content=\"index, follow, max-snippet:-1, max-image-preview:large, max-video-preview:-1\" \/>\n<link rel=\"canonical\" href=\"https:\/\/sinditextilsp.org.br\/home\/2026\/01\/inflacao-fecha-ano-abaixo-de-45-pela-1a-vez-desde-2019\/\" \/>\n<meta property=\"og:locale\" content=\"pt_BR\" \/>\n<meta property=\"og:type\" content=\"article\" \/>\n<meta property=\"og:title\" content=\"Infla\u00e7\u00e3o fecha ano abaixo de 4,5% pela 1\u00aa vez desde 2019, mostra pesquisa - Sindit\u00eaxtil-SP\" \/>\n<meta property=\"og:description\" content=\"Em dezembro de 2025, o \u00cdndice Nacional de Pre\u00e7os ao Consumidor Amplo (IPCA) foi de 0,33%, tendo ficado acima da taxa de novembro (0,18%), mas abaixo da taxa registrada em dezembro de 2024 (0,52%). Esse foi o menor resultado para um m\u00eas de dezembro desde 2018 (0,15%), de acordo com dados divulgados nesta sexta-feira (9) [&hellip;]\" \/>\n<meta property=\"og:url\" content=\"https:\/\/sinditextilsp.org.br\/home\/2026\/01\/inflacao-fecha-ano-abaixo-de-45-pela-1a-vez-desde-2019\/\" \/>\n<meta property=\"og:site_name\" content=\"Sindit\u00eaxtil-SP\" \/>\n<meta property=\"article:publisher\" content=\"https:\/\/www.facebook.com\/sinditextilsp\" \/>\n<meta property=\"article:published_time\" content=\"2026-01-09T13:05:04+00:00\" \/>\n<meta property=\"article:modified_time\" content=\"2026-02-03T13:08:35+00:00\" \/>\n<meta property=\"og:image\" content=\"https:\/\/sinditextilsp.org.br\/home\/wp-content\/uploads\/2025\/09\/economia.jpg\" \/>\n\t<meta property=\"og:image:width\" content=\"640\" \/>\n\t<meta property=\"og:image:height\" content=\"427\" \/>\n\t<meta property=\"og:image:type\" content=\"image\/jpeg\" \/>\n<meta name=\"author\" content=\"Luciana Elia\" \/>\n<meta name=\"twitter:card\" content=\"summary_large_image\" \/>\n<meta name=\"twitter:creator\" content=\"@SinditextilSP\" \/>\n<meta name=\"twitter:site\" content=\"@SinditextilSP\" \/>\n<meta name=\"twitter:label1\" content=\"Escrito por\" \/>\n\t<meta name=\"twitter:data1\" content=\"Luciana Elia\" \/>\n\t<meta name=\"twitter:label2\" content=\"Est. tempo de leitura\" \/>\n\t<meta name=\"twitter:data2\" content=\"2 minutos\" \/>\n<script type=\"application\/ld+json\" class=\"yoast-schema-graph\">{\"@context\":\"https:\/\/schema.org\",\"@graph\":[{\"@type\":\"WebPage\",\"@id\":\"https:\/\/sinditextilsp.org.br\/home\/2026\/01\/inflacao-fecha-ano-abaixo-de-45-pela-1a-vez-desde-2019\/\",\"url\":\"https:\/\/sinditextilsp.org.br\/home\/2026\/01\/inflacao-fecha-ano-abaixo-de-45-pela-1a-vez-desde-2019\/\",\"name\":\"Infla\u00e7\u00e3o fecha ano abaixo de 4,5% pela 1\u00aa vez desde 2019, mostra pesquisa - Sindit\u00eaxtil-SP\",\"isPartOf\":{\"@id\":\"https:\/\/sinditextilsp.org.br\/home\/#website\"},\"primaryImageOfPage\":{\"@id\":\"https:\/\/sinditextilsp.org.br\/home\/2026\/01\/inflacao-fecha-ano-abaixo-de-45-pela-1a-vez-desde-2019\/#primaryimage\"},\"image\":{\"@id\":\"https:\/\/sinditextilsp.org.br\/home\/2026\/01\/inflacao-fecha-ano-abaixo-de-45-pela-1a-vez-desde-2019\/#primaryimage\"},\"thumbnailUrl\":\"https:\/\/sinditextilsp.org.br\/home\/wp-content\/uploads\/2025\/09\/economia.jpg\",\"datePublished\":\"2026-01-09T13:05:04+00:00\",\"dateModified\":\"2026-02-03T13:08:35+00:00\",\"author\":{\"@id\":\"https:\/\/sinditextilsp.org.br\/home\/#\/schema\/person\/4164031b7de0e4c770f34055b129f847\"},\"breadcrumb\":{\"@id\":\"https:\/\/sinditextilsp.org.br\/home\/2026\/01\/inflacao-fecha-ano-abaixo-de-45-pela-1a-vez-desde-2019\/#breadcrumb\"},\"inLanguage\":\"pt-BR\",\"potentialAction\":[{\"@type\":\"ReadAction\",\"target\":[\"https:\/\/sinditextilsp.org.br\/home\/2026\/01\/inflacao-fecha-ano-abaixo-de-45-pela-1a-vez-desde-2019\/\"]}]},{\"@type\":\"ImageObject\",\"inLanguage\":\"pt-BR\",\"@id\":\"https:\/\/sinditextilsp.org.br\/home\/2026\/01\/inflacao-fecha-ano-abaixo-de-45-pela-1a-vez-desde-2019\/#primaryimage\",\"url\":\"https:\/\/sinditextilsp.org.br\/home\/wp-content\/uploads\/2025\/09\/economia.jpg\",\"contentUrl\":\"https:\/\/sinditextilsp.org.br\/home\/wp-content\/uploads\/2025\/09\/economia.jpg\",\"width\":640,\"height\":427,\"caption\":\"Money - Brazilian Coins - Several\"},{\"@type\":\"BreadcrumbList\",\"@id\":\"https:\/\/sinditextilsp.org.br\/home\/2026\/01\/inflacao-fecha-ano-abaixo-de-45-pela-1a-vez-desde-2019\/#breadcrumb\",\"itemListElement\":[{\"@type\":\"ListItem\",\"position\":1,\"name\":\"In\u00edcio\",\"item\":\"https:\/\/sinditextilsp.org.br\/home\/\"},{\"@type\":\"ListItem\",\"position\":2,\"name\":\"Infla\u00e7\u00e3o fecha ano abaixo de 4,5% pela 1\u00aa vez desde 2019, mostra pesquisa\"}]},{\"@type\":\"WebSite\",\"@id\":\"https:\/\/sinditextilsp.org.br\/home\/#website\",\"url\":\"https:\/\/sinditextilsp.org.br\/home\/\",\"name\":\"Sindit\u00eaxtil-SP\",\"description\":\"Sindicato T\u00eaxtil de S\u00e3o Paulo\",\"potentialAction\":[{\"@type\":\"SearchAction\",\"target\":{\"@type\":\"EntryPoint\",\"urlTemplate\":\"https:\/\/sinditextilsp.org.br\/home\/?s={search_term_string}\"},\"query-input\":\"required name=search_term_string\"}],\"inLanguage\":\"pt-BR\"},{\"@type\":\"Person\",\"@id\":\"https:\/\/sinditextilsp.org.br\/home\/#\/schema\/person\/4164031b7de0e4c770f34055b129f847\",\"name\":\"Luciana Elia\",\"image\":{\"@type\":\"ImageObject\",\"inLanguage\":\"pt-BR\",\"@id\":\"https:\/\/sinditextilsp.org.br\/home\/#\/schema\/person\/image\/\",\"url\":\"https:\/\/secure.gravatar.com\/avatar\/4d98001e650f9ba042f28aac5faa934b8ce0d21bfd29f26941eb2cef732ef8fa?s=96&d=mm&r=g\",\"contentUrl\":\"https:\/\/secure.gravatar.com\/avatar\/4d98001e650f9ba042f28aac5faa934b8ce0d21bfd29f26941eb2cef732ef8fa?s=96&d=mm&r=g\",\"caption\":\"Luciana Elia\"},\"url\":\"https:\/\/sinditextilsp.org.br\/home\/author\/luciana-elia\/\"}]}<\/script>\n<!-- \/ Yoast SEO plugin. -->","yoast_head_json":{"title":"Infla\u00e7\u00e3o fecha ano abaixo de 4,5% pela 1\u00aa vez desde 2019, mostra pesquisa - Sindit\u00eaxtil-SP","robots":{"index":"index","follow":"follow","max-snippet":"max-snippet:-1","max-image-preview":"max-image-preview:large","max-video-preview":"max-video-preview:-1"},"canonical":"https:\/\/sinditextilsp.org.br\/home\/2026\/01\/inflacao-fecha-ano-abaixo-de-45-pela-1a-vez-desde-2019\/","og_locale":"pt_BR","og_type":"article","og_title":"Infla\u00e7\u00e3o fecha ano abaixo de 4,5% pela 1\u00aa vez desde 2019, mostra pesquisa - Sindit\u00eaxtil-SP","og_description":"Em dezembro de 2025, o \u00cdndice Nacional de Pre\u00e7os ao Consumidor Amplo (IPCA) foi de 0,33%, tendo ficado acima da taxa de novembro (0,18%), mas abaixo da taxa registrada em dezembro de 2024 (0,52%). Esse foi o menor resultado para um m\u00eas de dezembro desde 2018 (0,15%), de acordo com dados divulgados nesta sexta-feira (9) [&hellip;]","og_url":"https:\/\/sinditextilsp.org.br\/home\/2026\/01\/inflacao-fecha-ano-abaixo-de-45-pela-1a-vez-desde-2019\/","og_site_name":"Sindit\u00eaxtil-SP","article_publisher":"https:\/\/www.facebook.com\/sinditextilsp","article_published_time":"2026-01-09T13:05:04+00:00","article_modified_time":"2026-02-03T13:08:35+00:00","og_image":[{"width":640,"height":427,"url":"https:\/\/sinditextilsp.org.br\/home\/wp-content\/uploads\/2025\/09\/economia.jpg","type":"image\/jpeg"}],"author":"Luciana Elia","twitter_card":"summary_large_image","twitter_creator":"@SinditextilSP","twitter_site":"@SinditextilSP","twitter_misc":{"Escrito por":"Luciana Elia","Est. tempo de leitura":"2 minutos"},"schema":{"@context":"https:\/\/schema.org","@graph":[{"@type":"WebPage","@id":"https:\/\/sinditextilsp.org.br\/home\/2026\/01\/inflacao-fecha-ano-abaixo-de-45-pela-1a-vez-desde-2019\/","url":"https:\/\/sinditextilsp.org.br\/home\/2026\/01\/inflacao-fecha-ano-abaixo-de-45-pela-1a-vez-desde-2019\/","name":"Infla\u00e7\u00e3o fecha ano abaixo de 4,5% pela 1\u00aa vez desde 2019, mostra pesquisa - Sindit\u00eaxtil-SP","isPartOf":{"@id":"https:\/\/sinditextilsp.org.br\/home\/#website"},"primaryImageOfPage":{"@id":"https:\/\/sinditextilsp.org.br\/home\/2026\/01\/inflacao-fecha-ano-abaixo-de-45-pela-1a-vez-desde-2019\/#primaryimage"},"image":{"@id":"https:\/\/sinditextilsp.org.br\/home\/2026\/01\/inflacao-fecha-ano-abaixo-de-45-pela-1a-vez-desde-2019\/#primaryimage"},"thumbnailUrl":"https:\/\/sinditextilsp.org.br\/home\/wp-content\/uploads\/2025\/09\/economia.jpg","datePublished":"2026-01-09T13:05:04+00:00","dateModified":"2026-02-03T13:08:35+00:00","author":{"@id":"https:\/\/sinditextilsp.org.br\/home\/#\/schema\/person\/4164031b7de0e4c770f34055b129f847"},"breadcrumb":{"@id":"https:\/\/sinditextilsp.org.br\/home\/2026\/01\/inflacao-fecha-ano-abaixo-de-45-pela-1a-vez-desde-2019\/#breadcrumb"},"inLanguage":"pt-BR","potentialAction":[{"@type":"ReadAction","target":["https:\/\/sinditextilsp.org.br\/home\/2026\/01\/inflacao-fecha-ano-abaixo-de-45-pela-1a-vez-desde-2019\/"]}]},{"@type":"ImageObject","inLanguage":"pt-BR","@id":"https:\/\/sinditextilsp.org.br\/home\/2026\/01\/inflacao-fecha-ano-abaixo-de-45-pela-1a-vez-desde-2019\/#primaryimage","url":"https:\/\/sinditextilsp.org.br\/home\/wp-content\/uploads\/2025\/09\/economia.jpg","contentUrl":"https:\/\/sinditextilsp.org.br\/home\/wp-content\/uploads\/2025\/09\/economia.jpg","width":640,"height":427,"caption":"Money - Brazilian Coins - Several"},{"@type":"BreadcrumbList","@id":"https:\/\/sinditextilsp.org.br\/home\/2026\/01\/inflacao-fecha-ano-abaixo-de-45-pela-1a-vez-desde-2019\/#breadcrumb","itemListElement":[{"@type":"ListItem","position":1,"name":"In\u00edcio","item":"https:\/\/sinditextilsp.org.br\/home\/"},{"@type":"ListItem","position":2,"name":"Infla\u00e7\u00e3o fecha ano abaixo de 4,5% pela 1\u00aa vez desde 2019, mostra pesquisa"}]},{"@type":"WebSite","@id":"https:\/\/sinditextilsp.org.br\/home\/#website","url":"https:\/\/sinditextilsp.org.br\/home\/","name":"Sindit\u00eaxtil-SP","description":"Sindicato T\u00eaxtil de S\u00e3o Paulo","potentialAction":[{"@type":"SearchAction","target":{"@type":"EntryPoint","urlTemplate":"https:\/\/sinditextilsp.org.br\/home\/?s={search_term_string}"},"query-input":"required name=search_term_string"}],"inLanguage":"pt-BR"},{"@type":"Person","@id":"https:\/\/sinditextilsp.org.br\/home\/#\/schema\/person\/4164031b7de0e4c770f34055b129f847","name":"Luciana Elia","image":{"@type":"ImageObject","inLanguage":"pt-BR","@id":"https:\/\/sinditextilsp.org.br\/home\/#\/schema\/person\/image\/","url":"https:\/\/secure.gravatar.com\/avatar\/4d98001e650f9ba042f28aac5faa934b8ce0d21bfd29f26941eb2cef732ef8fa?s=96&d=mm&r=g","contentUrl":"https:\/\/secure.gravatar.com\/avatar\/4d98001e650f9ba042f28aac5faa934b8ce0d21bfd29f26941eb2cef732ef8fa?s=96&d=mm&r=g","caption":"Luciana Elia"},"url":"https:\/\/sinditextilsp.org.br\/home\/author\/luciana-elia\/"}]}},"_links":{"self":[{"href":"https:\/\/sinditextilsp.org.br\/home\/wp-json\/wp\/v2\/posts\/9660","targetHints":{"allow":["GET"]}}],"collection":[{"href":"https:\/\/sinditextilsp.org.br\/home\/wp-json\/wp\/v2\/posts"}],"about":[{"href":"https:\/\/sinditextilsp.org.br\/home\/wp-json\/wp\/v2\/types\/post"}],"author":[{"embeddable":true,"href":"https:\/\/sinditextilsp.org.br\/home\/wp-json\/wp\/v2\/users\/22"}],"replies":[{"embeddable":true,"href":"https:\/\/sinditextilsp.org.br\/home\/wp-json\/wp\/v2\/comments?post=9660"}],"version-history":[{"count":4,"href":"https:\/\/sinditextilsp.org.br\/home\/wp-json\/wp\/v2\/posts\/9660\/revisions"}],"predecessor-version":[{"id":9875,"href":"https:\/\/sinditextilsp.org.br\/home\/wp-json\/wp\/v2\/posts\/9660\/revisions\/9875"}],"wp:featuredmedia":[{"embeddable":true,"href":"https:\/\/sinditextilsp.org.br\/home\/wp-json\/wp\/v2\/media\/9150"}],"wp:attachment":[{"href":"https:\/\/sinditextilsp.org.br\/home\/wp-json\/wp\/v2\/media?parent=9660"}],"wp:term":[{"taxonomy":"category","embeddable":true,"href":"https:\/\/sinditextilsp.org.br\/home\/wp-json\/wp\/v2\/categories?post=9660"},{"taxonomy":"post_tag","embeddable":true,"href":"https:\/\/sinditextilsp.org.br\/home\/wp-json\/wp\/v2\/tags?post=9660"}],"curies":[{"name":"wp","href":"https:\/\/api.w.org\/{rel}","templated":true}]}}